{"id":2823,"date":"2016-12-09T12:02:59","date_gmt":"2016-12-09T17:02:59","guid":{"rendered":"http:\/\/bottesetvelo.com\/blog\/?p=2823"},"modified":"2016-12-09T12:02:59","modified_gmt":"2016-12-09T17:02:59","slug":"de-la-gratitude-quitter-le-touriste-en-soi","status":"publish","type":"post","link":"https:\/\/bottesetvelo.com\/blog\/2016\/12\/09\/de-la-gratitude-quitter-le-touriste-en-soi\/","title":{"rendered":"De la gratitude. Quitter le touriste en soi."},"content":{"rendered":"<h6 style=\"text-align: right;\"><em>La gratitude peut transformer votre routine en jours de f\u00eate.<\/em><br \/>\n<em>William Arthur Ward<\/em><\/h6>\n<h5 style=\"text-align: justify;\"><span style=\"color: #003366;\">Savons-nous accueillir avec gratitude les bonnes choses de la vie? Avons-nous tendance \u00e0 ne plus les voir? Sommes-nous capable d\u2019\u00e9merveillement, de spontan\u00e9it\u00e9, de gestes gratuits? Savons-nous encore nous r\u00e9jouir de ce qui nous est offert? Si la r\u00e9ponse est non, peut-\u00eatre aurions-nous besoin de quitter le touriste en nous pour entrer davantage dans la gratitude du p\u00e8lerin\u2026<\/span><\/h5>\n<p style=\"text-align: justify;\"><img data-recalc-dims=\"1\" loading=\"lazy\" decoding=\"async\" data-attachment-id=\"2840\" data-permalink=\"https:\/\/bottesetvelo.com\/blog\/2016\/12\/09\/de-la-gratitude-quitter-le-touriste-en-soi\/img_7665\/\" data-orig-file=\"https:\/\/i0.wp.com\/bottesetvelo.com\/blog\/wp-content\/uploads\/2016\/12\/IMG_7665.jpg?fit=3146%2C2509&amp;ssl=1\" data-orig-size=\"3146,2509\" data-comments-opened=\"1\" data-image-meta=\"{&quot;aperture&quot;:&quot;5&quot;,&quot;credit&quot;:&quot;&quot;,&quot;camera&quot;:&quot;Canon PowerShot SD890 IS&quot;,&quot;caption&quot;:&quot;&quot;,&quot;created_timestamp&quot;:&quot;1436711184&quot;,&quot;copyright&quot;:&quot;&quot;,&quot;focal_length&quot;:&quot;20.423&quot;,&quot;iso&quot;:&quot;80&quot;,&quot;shutter_speed&quot;:&quot;0.002&quot;,&quot;title&quot;:&quot;&quot;,&quot;orientation&quot;:&quot;1&quot;}\" data-image-title=\"Bottes et V\u00e9lo\" data-image-description=\"\" data-image-caption=\"\" data-large-file=\"https:\/\/i0.wp.com\/bottesetvelo.com\/blog\/wp-content\/uploads\/2016\/12\/IMG_7665.jpg?fit=1024%2C817&amp;ssl=1\" class=\"wp-image-2840 alignleft\" src=\"https:\/\/i0.wp.com\/bottesetvelo.com\/blog\/wp-content\/uploads\/2016\/12\/IMG_7665.jpg?resize=200%2C160&#038;ssl=1\" alt=\"Bottes et V\u00e9lo\" width=\"200\" height=\"160\" srcset=\"https:\/\/i0.wp.com\/bottesetvelo.com\/blog\/wp-content\/uploads\/2016\/12\/IMG_7665.jpg?resize=500%2C399&amp;ssl=1 500w, https:\/\/i0.wp.com\/bottesetvelo.com\/blog\/wp-content\/uploads\/2016\/12\/IMG_7665.jpg?resize=768%2C612&amp;ssl=1 768w, https:\/\/i0.wp.com\/bottesetvelo.com\/blog\/wp-content\/uploads\/2016\/12\/IMG_7665.jpg?resize=1024%2C817&amp;ssl=1 1024w, https:\/\/i0.wp.com\/bottesetvelo.com\/blog\/wp-content\/uploads\/2016\/12\/IMG_7665.jpg?w=2340&amp;ssl=1 2340w\" sizes=\"auto, (max-width: 200px) 100vw, 200px\" \/>Je me souviens de cette affiche au babillard d\u2019une auberge sur le chemin du Puy\u00a0: <strong><span style=\"color: #003366;\">\u00ab\u00a0Le touriste exige, le p\u00e8lerin re\u00e7oit avec gratitude.\u00a0\u00bb<\/span><\/strong> Cette m\u00eame affiche se retrouvait dans plusieurs auberges espagnoles. La n\u00e9cessit\u00e9 d\u2019exposer un tel message nous dit combien l\u2019\u00e9tat p\u00e8lerin n\u2019est pas inn\u00e9, il se choisit.<img data-recalc-dims=\"1\" loading=\"lazy\" decoding=\"async\" data-attachment-id=\"2514\" data-permalink=\"https:\/\/bottesetvelo.com\/blog\/2016\/04\/08\/le-vrai-pelerin\/img_1213879258a9b54441978b7cd044183dab09\/\" data-orig-file=\"https:\/\/i0.wp.com\/bottesetvelo.com\/blog\/wp-content\/uploads\/2016\/04\/IMG_1213%40879258a9b54441978b7cd044183dab09.jpg?fit=2592%2C1936&amp;ssl=1\" data-orig-size=\"2592,1936\" data-comments-opened=\"1\" data-image-meta=\"{&quot;aperture&quot;:&quot;2.8&quot;,&quot;credit&quot;:&quot;&quot;,&quot;camera&quot;:&quot;iPhone 4&quot;,&quot;caption&quot;:&quot;&quot;,&quot;created_timestamp&quot;:&quot;1374320695&quot;,&quot;copyright&quot;:&quot;&quot;,&quot;focal_length&quot;:&quot;3.85&quot;,&quot;iso&quot;:&quot;80&quot;,&quot;shutter_speed&quot;:&quot;0.00106044538706&quot;,&quot;title&quot;:&quot;&quot;,&quot;orientation&quot;:&quot;1&quot;}\" data-image-title=\"IMG_1213@879258a9b54441978b7cd044183dab09\" data-image-description=\"\" data-image-caption=\"\" data-large-file=\"https:\/\/i0.wp.com\/bottesetvelo.com\/blog\/wp-content\/uploads\/2016\/04\/IMG_1213%40879258a9b54441978b7cd044183dab09.jpg?fit=1024%2C765&amp;ssl=1\" class=\"alignright wp-image-2514\" src=\"https:\/\/i0.wp.com\/bottesetvelo.com\/blog\/wp-content\/uploads\/2016\/04\/IMG_1213%40879258a9b54441978b7cd044183dab09.jpg?resize=200%2C149&#038;ssl=1\" width=\"200\" height=\"149\" srcset=\"https:\/\/i0.wp.com\/bottesetvelo.com\/blog\/wp-content\/uploads\/2016\/04\/IMG_1213%40879258a9b54441978b7cd044183dab09.jpg?resize=500%2C373&amp;ssl=1 500w, https:\/\/i0.wp.com\/bottesetvelo.com\/blog\/wp-content\/uploads\/2016\/04\/IMG_1213%40879258a9b54441978b7cd044183dab09.jpg?resize=768%2C574&amp;ssl=1 768w, https:\/\/i0.wp.com\/bottesetvelo.com\/blog\/wp-content\/uploads\/2016\/04\/IMG_1213%40879258a9b54441978b7cd044183dab09.jpg?resize=1024%2C765&amp;ssl=1 1024w, https:\/\/i0.wp.com\/bottesetvelo.com\/blog\/wp-content\/uploads\/2016\/04\/IMG_1213%40879258a9b54441978b7cd044183dab09.jpg?w=2340&amp;ssl=1 2340w\" sizes=\"auto, (max-width: 200px) 100vw, 200px\" \/><\/p>\n<p style=\"text-align: justify;\">Lorsque le p\u00e8lerin franchit l\u2019\u00e9tape du 10<sup>i\u00e8me<\/sup> jour, que le chemin l\u2019a rassur\u00e9; qu\u2019il a laiss\u00e9 tomber ses pr\u00e9occupations pass\u00e9es; qu\u2019il a cess\u00e9 de se battre avec lui-m\u00eame; qu\u2019il ne cherche plus \u00e0 faire le chemin, mais \u00e0 le vivre; il entre dans cet espace o\u00f9 l\u2019exp\u00e9rience devient gratitude. Il quitte le touriste en lui, sort de l\u2019action contr\u00f4l\u00e9e, performante, pleine d\u2019exigences et d\u2019attentes pour l\u00e2cher prise sur ce qu\u2019il veut et accueillir ce qui est.<img data-recalc-dims=\"1\" loading=\"lazy\" decoding=\"async\" data-attachment-id=\"2826\" data-permalink=\"https:\/\/bottesetvelo.com\/blog\/2016\/12\/09\/de-la-gratitude-quitter-le-touriste-en-soi\/2015-07-04-07-35-31\/\" data-orig-file=\"https:\/\/i0.wp.com\/bottesetvelo.com\/blog\/wp-content\/uploads\/2016\/12\/2015-07-04-07.35.31.jpg?fit=3264%2C2448&amp;ssl=1\" data-orig-size=\"3264,2448\" data-comments-opened=\"1\" data-image-meta=\"{&quot;aperture&quot;:&quot;2.6&quot;,&quot;credit&quot;:&quot;&quot;,&quot;camera&quot;:&quot;SGH-I747M&quot;,&quot;caption&quot;:&quot;&quot;,&quot;created_timestamp&quot;:&quot;1435995331&quot;,&quot;copyright&quot;:&quot;&quot;,&quot;focal_length&quot;:&quot;3.7&quot;,&quot;iso&quot;:&quot;50&quot;,&quot;shutter_speed&quot;:&quot;0.00420168067227&quot;,&quot;title&quot;:&quot;&quot;,&quot;orientation&quot;:&quot;1&quot;}\" data-image-title=\"Bottes et V\u00e9lo\" data-image-description=\"\" data-image-caption=\"\" data-large-file=\"https:\/\/i0.wp.com\/bottesetvelo.com\/blog\/wp-content\/uploads\/2016\/12\/2015-07-04-07.35.31.jpg?fit=1024%2C768&amp;ssl=1\" class=\"wp-image-2826 alignleft\" src=\"https:\/\/i0.wp.com\/bottesetvelo.com\/blog\/wp-content\/uploads\/2016\/12\/2015-07-04-07.35.31.jpg?resize=200%2C150&#038;ssl=1\" alt=\"Bottes et V\u00e9lo\" width=\"200\" height=\"150\" srcset=\"https:\/\/i0.wp.com\/bottesetvelo.com\/blog\/wp-content\/uploads\/2016\/12\/2015-07-04-07.35.31.jpg?resize=500%2C375&amp;ssl=1 500w, https:\/\/i0.wp.com\/bottesetvelo.com\/blog\/wp-content\/uploads\/2016\/12\/2015-07-04-07.35.31.jpg?resize=768%2C576&amp;ssl=1 768w, https:\/\/i0.wp.com\/bottesetvelo.com\/blog\/wp-content\/uploads\/2016\/12\/2015-07-04-07.35.31.jpg?resize=1024%2C768&amp;ssl=1 1024w, https:\/\/i0.wp.com\/bottesetvelo.com\/blog\/wp-content\/uploads\/2016\/12\/2015-07-04-07.35.31.jpg?w=2340&amp;ssl=1 2340w\" sizes=\"auto, (max-width: 200px) 100vw, 200px\" \/><\/p>\n<p style=\"text-align: justify;\"><img data-recalc-dims=\"1\" loading=\"lazy\" decoding=\"async\" data-attachment-id=\"2827\" data-permalink=\"https:\/\/bottesetvelo.com\/blog\/2016\/12\/09\/de-la-gratitude-quitter-le-touriste-en-soi\/2015-07-05-08-23-42-3\/\" data-orig-file=\"https:\/\/i0.wp.com\/bottesetvelo.com\/blog\/wp-content\/uploads\/2016\/12\/2015-07-05-08.23.42.jpg?fit=1280%2C960&amp;ssl=1\" data-orig-size=\"1280,960\" data-comments-opened=\"1\" data-image-meta=\"{&quot;aperture&quot;:&quot;2.8&quot;,&quot;credit&quot;:&quot;&quot;,&quot;camera&quot;:&quot;SGH-I747M&quot;,&quot;caption&quot;:&quot;&quot;,&quot;created_timestamp&quot;:&quot;1436084622&quot;,&quot;copyright&quot;:&quot;&quot;,&quot;focal_length&quot;:&quot;2.7&quot;,&quot;iso&quot;:&quot;300&quot;,&quot;shutter_speed&quot;:&quot;0.0714285714286&quot;,&quot;title&quot;:&quot;&quot;,&quot;orientation&quot;:&quot;1&quot;}\" data-image-title=\"Bottes et V\u00e9lo\" data-image-description=\"\" data-image-caption=\"\" data-large-file=\"https:\/\/i0.wp.com\/bottesetvelo.com\/blog\/wp-content\/uploads\/2016\/12\/2015-07-05-08.23.42.jpg?fit=1024%2C768&amp;ssl=1\" class=\"alignright wp-image-2827\" src=\"https:\/\/i0.wp.com\/bottesetvelo.com\/blog\/wp-content\/uploads\/2016\/12\/2015-07-05-08.23.42.jpg?resize=200%2C150&#038;ssl=1\" alt=\"Bottes et V\u00e9lo\" width=\"200\" height=\"150\" srcset=\"https:\/\/i0.wp.com\/bottesetvelo.com\/blog\/wp-content\/uploads\/2016\/12\/2015-07-05-08.23.42.jpg?resize=500%2C375&amp;ssl=1 500w, https:\/\/i0.wp.com\/bottesetvelo.com\/blog\/wp-content\/uploads\/2016\/12\/2015-07-05-08.23.42.jpg?resize=768%2C576&amp;ssl=1 768w, https:\/\/i0.wp.com\/bottesetvelo.com\/blog\/wp-content\/uploads\/2016\/12\/2015-07-05-08.23.42.jpg?resize=1024%2C768&amp;ssl=1 1024w, https:\/\/i0.wp.com\/bottesetvelo.com\/blog\/wp-content\/uploads\/2016\/12\/2015-07-05-08.23.42.jpg?w=1280&amp;ssl=1 1280w\" sizes=\"auto, (max-width: 200px) 100vw, 200px\" \/>Nous d\u00e9butons tous touristes sur le chemin de p\u00e8lerinage et <strong><span style=\"color: #003366;\">c\u2019est <\/span><\/strong><strong><span style=\"color: #003366;\">en cheminant que l\u2019on devient p\u00e8lerin<\/span><\/strong>. Ceci dit, \u00eatre touriste n\u2019est pas mauvais en soi. Le touriste en nous donne le go\u00fbt de la d\u00e9couverte, aiguise la curiosit\u00e9. Gr\u00e2ce \u00e0 cet \u00e9tat de touriste, tous nos sens se mettent en \u00e9veil. Nous d\u00e9couvrons et savourons avec \u00e9merveillement. Ce n\u2019est qu\u2019au fil de nos pas touristiques, que nous nous m\u00e9tamorphoserons en p\u00e8lerin.<\/p>\n<p style=\"text-align: justify;\"><img data-recalc-dims=\"1\" loading=\"lazy\" decoding=\"async\" data-attachment-id=\"2828\" data-permalink=\"https:\/\/bottesetvelo.com\/blog\/2016\/12\/09\/de-la-gratitude-quitter-le-touriste-en-soi\/2015-07-06-07-50-25-2\/\" data-orig-file=\"https:\/\/i0.wp.com\/bottesetvelo.com\/blog\/wp-content\/uploads\/2016\/12\/2015-07-06-07.50.25.jpg?fit=1280%2C960&amp;ssl=1\" data-orig-size=\"1280,960\" data-comments-opened=\"1\" data-image-meta=\"{&quot;aperture&quot;:&quot;2.8&quot;,&quot;credit&quot;:&quot;&quot;,&quot;camera&quot;:&quot;SGH-I747M&quot;,&quot;caption&quot;:&quot;&quot;,&quot;created_timestamp&quot;:&quot;1436169025&quot;,&quot;copyright&quot;:&quot;&quot;,&quot;focal_length&quot;:&quot;2.7&quot;,&quot;iso&quot;:&quot;100&quot;,&quot;shutter_speed&quot;:&quot;0.00048007681229&quot;,&quot;title&quot;:&quot;&quot;,&quot;orientation&quot;:&quot;1&quot;}\" data-image-title=\"Bottes et V\u00e9lo\" data-image-description=\"\" data-image-caption=\"\" data-large-file=\"https:\/\/i0.wp.com\/bottesetvelo.com\/blog\/wp-content\/uploads\/2016\/12\/2015-07-06-07.50.25.jpg?fit=1024%2C768&amp;ssl=1\" class=\"wp-image-2828 alignleft\" src=\"https:\/\/i0.wp.com\/bottesetvelo.com\/blog\/wp-content\/uploads\/2016\/12\/2015-07-06-07.50.25.jpg?resize=200%2C150&#038;ssl=1\" alt=\"Bottes et V\u00e9lo\" width=\"200\" height=\"150\" srcset=\"https:\/\/i0.wp.com\/bottesetvelo.com\/blog\/wp-content\/uploads\/2016\/12\/2015-07-06-07.50.25.jpg?resize=500%2C375&amp;ssl=1 500w, https:\/\/i0.wp.com\/bottesetvelo.com\/blog\/wp-content\/uploads\/2016\/12\/2015-07-06-07.50.25.jpg?resize=768%2C576&amp;ssl=1 768w, https:\/\/i0.wp.com\/bottesetvelo.com\/blog\/wp-content\/uploads\/2016\/12\/2015-07-06-07.50.25.jpg?resize=1024%2C768&amp;ssl=1 1024w, https:\/\/i0.wp.com\/bottesetvelo.com\/blog\/wp-content\/uploads\/2016\/12\/2015-07-06-07.50.25.jpg?w=1280&amp;ssl=1 1280w\" sizes=\"auto, (max-width: 200px) 100vw, 200px\" \/><strong><span style=\"color: #003366;\">Mais qu\u2019est-ce qui vient \u00e0 bout du touriste en nous?<\/span><\/strong><\/p>\n<p style=\"text-align: justify;\">Le temps du touriste n\u2019est pas le m\u00eame que celui du p\u00e8lerin. \u00catre touriste est une exp\u00e9rience de courte dur\u00e9e dans un contexte bien organis\u00e9. Le touriste quitte en ayant l\u2019assurance qu\u2019il reviendra l\u00e0 o\u00f9 il en \u00e9tait dans sa vie. <img data-recalc-dims=\"1\" loading=\"lazy\" decoding=\"async\" data-attachment-id=\"2844\" data-permalink=\"https:\/\/bottesetvelo.com\/blog\/2016\/12\/09\/de-la-gratitude-quitter-le-touriste-en-soi\/img_20150706_131755-2\/\" data-orig-file=\"https:\/\/i0.wp.com\/bottesetvelo.com\/blog\/wp-content\/uploads\/2016\/12\/IMG_20150706_131755.jpg?fit=2687%2C1834&amp;ssl=1\" data-orig-size=\"2687,1834\" data-comments-opened=\"1\" data-image-meta=\"{&quot;aperture&quot;:&quot;2.65&quot;,&quot;credit&quot;:&quot;&quot;,&quot;camera&quot;:&quot;Nexus 4&quot;,&quot;caption&quot;:&quot;&quot;,&quot;created_timestamp&quot;:&quot;1436188676&quot;,&quot;copyright&quot;:&quot;&quot;,&quot;focal_length&quot;:&quot;4.6&quot;,&quot;iso&quot;:&quot;100&quot;,&quot;shutter_speed&quot;:&quot;0.0048309178744&quot;,&quot;title&quot;:&quot;&quot;,&quot;orientation&quot;:&quot;1&quot;}\" data-image-title=\"Bottes et V\u00e9lo\" data-image-description=\"\" data-image-caption=\"\" data-large-file=\"https:\/\/i0.wp.com\/bottesetvelo.com\/blog\/wp-content\/uploads\/2016\/12\/IMG_20150706_131755.jpg?fit=1024%2C699&amp;ssl=1\" class=\"alignright wp-image-2844\" src=\"https:\/\/i0.wp.com\/bottesetvelo.com\/blog\/wp-content\/uploads\/2016\/12\/IMG_20150706_131755.jpg?resize=200%2C137&#038;ssl=1\" alt=\"Bottes et V\u00e9lo\" width=\"200\" height=\"137\" srcset=\"https:\/\/i0.wp.com\/bottesetvelo.com\/blog\/wp-content\/uploads\/2016\/12\/IMG_20150706_131755.jpg?resize=500%2C341&amp;ssl=1 500w, https:\/\/i0.wp.com\/bottesetvelo.com\/blog\/wp-content\/uploads\/2016\/12\/IMG_20150706_131755.jpg?resize=768%2C524&amp;ssl=1 768w, https:\/\/i0.wp.com\/bottesetvelo.com\/blog\/wp-content\/uploads\/2016\/12\/IMG_20150706_131755.jpg?resize=1024%2C699&amp;ssl=1 1024w, https:\/\/i0.wp.com\/bottesetvelo.com\/blog\/wp-content\/uploads\/2016\/12\/IMG_20150706_131755.jpg?w=2340&amp;ssl=1 2340w\" sizes=\"auto, (max-width: 200px) 100vw, 200px\" \/>Il a besoin de cet ancrage. Le voyage n\u2019est qu\u2019une courte parenth\u00e8se dans sa vie. Elle ne d\u00e9passera gu\u00e8re les une ou deux semaines. Le p\u00e8lerin quitte pour un long voyage, plusieurs semaines, dans le d\u00e9sir de se laisser d\u00e9placer. Il avance pour \u00eatre transform\u00e9. Ses pas le portent vers un ailleurs meilleur, qui r\u00e9sonne en lui et fait vibrer le meilleur de lui-m\u00eame. Le touriste ne fait qu\u2019un bref envol \u00e0 l\u2019ext\u00e9rieur de sa cage, mais y revient toujours. <img data-recalc-dims=\"1\" loading=\"lazy\" decoding=\"async\" data-attachment-id=\"2847\" data-permalink=\"https:\/\/bottesetvelo.com\/blog\/2016\/12\/09\/de-la-gratitude-quitter-le-touriste-en-soi\/2016-06-18-20-39-08\/\" data-orig-file=\"https:\/\/i0.wp.com\/bottesetvelo.com\/blog\/wp-content\/uploads\/2016\/12\/2016-06-18-20.39.08.jpg?fit=2560%2C1440&amp;ssl=1\" data-orig-size=\"2560,1440\" data-comments-opened=\"1\" data-image-meta=\"{&quot;aperture&quot;:&quot;2.2&quot;,&quot;credit&quot;:&quot;&quot;,&quot;camera&quot;:&quot;SM-A500W&quot;,&quot;caption&quot;:&quot;&quot;,&quot;created_timestamp&quot;:&quot;1466282348&quot;,&quot;copyright&quot;:&quot;&quot;,&quot;focal_length&quot;:&quot;1.92&quot;,&quot;iso&quot;:&quot;150&quot;,&quot;shutter_speed&quot;:&quot;0.04&quot;,&quot;title&quot;:&quot;&quot;,&quot;orientation&quot;:&quot;1&quot;}\" data-image-title=\"Bottes et V\u00e9lo\" data-image-description=\"\" data-image-caption=\"\" data-large-file=\"https:\/\/i0.wp.com\/bottesetvelo.com\/blog\/wp-content\/uploads\/2016\/12\/2016-06-18-20.39.08.jpg?fit=1024%2C576&amp;ssl=1\" class=\"alignleft wp-image-2847\" src=\"https:\/\/i0.wp.com\/bottesetvelo.com\/blog\/wp-content\/uploads\/2016\/12\/2016-06-18-20.39.08.jpg?resize=200%2C113&#038;ssl=1\" width=\"200\" height=\"113\" srcset=\"https:\/\/i0.wp.com\/bottesetvelo.com\/blog\/wp-content\/uploads\/2016\/12\/2016-06-18-20.39.08.jpg?resize=500%2C281&amp;ssl=1 500w, https:\/\/i0.wp.com\/bottesetvelo.com\/blog\/wp-content\/uploads\/2016\/12\/2016-06-18-20.39.08.jpg?resize=768%2C432&amp;ssl=1 768w, https:\/\/i0.wp.com\/bottesetvelo.com\/blog\/wp-content\/uploads\/2016\/12\/2016-06-18-20.39.08.jpg?resize=1024%2C576&amp;ssl=1 1024w, https:\/\/i0.wp.com\/bottesetvelo.com\/blog\/wp-content\/uploads\/2016\/12\/2016-06-18-20.39.08.jpg?w=2340&amp;ssl=1 2340w\" sizes=\"auto, (max-width: 200px) 100vw, 200px\" \/>Le p\u00e8lerin br\u00fble les ponts derri\u00e8re lui, sans cesse il avance.<\/p>\n<p style=\"text-align: justify;\">En vivant la transition du p\u00e8lerinage, le p\u00e8lerin est bouscul\u00e9 dans ses rep\u00e8res. Certains se laissent bousculer ais\u00e9ment, d\u2019autres offrent plus de r\u00e9sistance.\u00a0<strong><span style=\"color: #003366;\">Perdre ses rep\u00e8res, c\u2019est un peu perdre le nord\u00a0: on ne s\u2019y reconna\u00eet plus.<\/span><\/strong> <img data-recalc-dims=\"1\" loading=\"lazy\" decoding=\"async\" data-attachment-id=\"2830\" data-permalink=\"https:\/\/bottesetvelo.com\/blog\/2016\/12\/09\/de-la-gratitude-quitter-le-touriste-en-soi\/2015-07-07-14-32-36-2\/\" data-orig-file=\"https:\/\/i0.wp.com\/bottesetvelo.com\/blog\/wp-content\/uploads\/2016\/12\/2015-07-07-14.32.36.jpg?fit=1244%2C910&amp;ssl=1\" data-orig-size=\"1244,910\" data-comments-opened=\"1\" data-image-meta=\"{&quot;aperture&quot;:&quot;2.8&quot;,&quot;credit&quot;:&quot;&quot;,&quot;camera&quot;:&quot;SGH-I747M&quot;,&quot;caption&quot;:&quot;&quot;,&quot;created_timestamp&quot;:&quot;1436279556&quot;,&quot;copyright&quot;:&quot;&quot;,&quot;focal_length&quot;:&quot;2.7&quot;,&quot;iso&quot;:&quot;100&quot;,&quot;shutter_speed&quot;:&quot;0.000370096225019&quot;,&quot;title&quot;:&quot;&quot;,&quot;orientation&quot;:&quot;1&quot;}\" data-image-title=\"Bottes et V\u00e9lo\" data-image-description=\"\" data-image-caption=\"\" data-large-file=\"https:\/\/i0.wp.com\/bottesetvelo.com\/blog\/wp-content\/uploads\/2016\/12\/2015-07-07-14.32.36.jpg?fit=1024%2C749&amp;ssl=1\" class=\"alignright wp-image-2830\" src=\"https:\/\/i0.wp.com\/bottesetvelo.com\/blog\/wp-content\/uploads\/2016\/12\/2015-07-07-14.32.36.jpg?resize=200%2C146&#038;ssl=1\" alt=\"Bottes et V\u00e9lo\" width=\"200\" height=\"146\" srcset=\"https:\/\/i0.wp.com\/bottesetvelo.com\/blog\/wp-content\/uploads\/2016\/12\/2015-07-07-14.32.36.jpg?resize=500%2C366&amp;ssl=1 500w, https:\/\/i0.wp.com\/bottesetvelo.com\/blog\/wp-content\/uploads\/2016\/12\/2015-07-07-14.32.36.jpg?resize=768%2C562&amp;ssl=1 768w, https:\/\/i0.wp.com\/bottesetvelo.com\/blog\/wp-content\/uploads\/2016\/12\/2015-07-07-14.32.36.jpg?resize=1024%2C749&amp;ssl=1 1024w, https:\/\/i0.wp.com\/bottesetvelo.com\/blog\/wp-content\/uploads\/2016\/12\/2015-07-07-14.32.36.jpg?w=1244&amp;ssl=1 1244w\" sizes=\"auto, (max-width: 200px) 100vw, 200px\" \/>Face \u00e0 cette perte de sens, celle qui m\u2019\u00e9loigne du sens usuel et routinier du cours de ma vie, je peux paniquer et choisir de me fermer \u00e0 l\u2019exp\u00e9rience. Mais si j\u2019ai pu m\u2019ouvrir \u00e0 l\u2019exp\u00e9rience du chemin, y grandir en confiance, je serai en mesure de faire le passage vers l\u2019\u00e9tat p\u00e8lerin. De touriste \u00e0 p\u00e8lerin, il y a cet espace b\u00e9ant dans lequel je dois plonger, m\u2019abandonner. Autrement, je demeure touriste. <img data-recalc-dims=\"1\" loading=\"lazy\" decoding=\"async\" data-attachment-id=\"2833\" data-permalink=\"https:\/\/bottesetvelo.com\/blog\/2016\/12\/09\/de-la-gratitude-quitter-le-touriste-en-soi\/2015-07-10-07-55-40-2\/\" data-orig-file=\"https:\/\/i0.wp.com\/bottesetvelo.com\/blog\/wp-content\/uploads\/2016\/12\/2015-07-10-07.55.40.jpg?fit=1280%2C960&amp;ssl=1\" data-orig-size=\"1280,960\" data-comments-opened=\"1\" data-image-meta=\"{&quot;aperture&quot;:&quot;2.8&quot;,&quot;credit&quot;:&quot;&quot;,&quot;camera&quot;:&quot;SGH-I747M&quot;,&quot;caption&quot;:&quot;&quot;,&quot;created_timestamp&quot;:&quot;1436514940&quot;,&quot;copyright&quot;:&quot;&quot;,&quot;focal_length&quot;:&quot;2.7&quot;,&quot;iso&quot;:&quot;100&quot;,&quot;shutter_speed&quot;:&quot;0.0018018018018&quot;,&quot;title&quot;:&quot;&quot;,&quot;orientation&quot;:&quot;1&quot;}\" data-image-title=\"Bottes et V\u00e9lo\" data-image-description=\"\" data-image-caption=\"\" data-large-file=\"https:\/\/i0.wp.com\/bottesetvelo.com\/blog\/wp-content\/uploads\/2016\/12\/2015-07-10-07.55.40.jpg?fit=1024%2C768&amp;ssl=1\" class=\"wp-image-2833 alignleft\" src=\"https:\/\/i0.wp.com\/bottesetvelo.com\/blog\/wp-content\/uploads\/2016\/12\/2015-07-10-07.55.40.jpg?resize=200%2C150&#038;ssl=1\" alt=\"Bottes et V\u00e9lo\" width=\"200\" height=\"150\" srcset=\"https:\/\/i0.wp.com\/bottesetvelo.com\/blog\/wp-content\/uploads\/2016\/12\/2015-07-10-07.55.40.jpg?resize=500%2C375&amp;ssl=1 500w, https:\/\/i0.wp.com\/bottesetvelo.com\/blog\/wp-content\/uploads\/2016\/12\/2015-07-10-07.55.40.jpg?resize=768%2C576&amp;ssl=1 768w, https:\/\/i0.wp.com\/bottesetvelo.com\/blog\/wp-content\/uploads\/2016\/12\/2015-07-10-07.55.40.jpg?resize=1024%2C768&amp;ssl=1 1024w, https:\/\/i0.wp.com\/bottesetvelo.com\/blog\/wp-content\/uploads\/2016\/12\/2015-07-10-07.55.40.jpg?w=1280&amp;ssl=1 1280w\" sizes=\"auto, (max-width: 200px) 100vw, 200px\" \/>Je pr\u00e9f\u00e8re alors le statu quo de mes enfermements, plut\u00f4t que d\u2019apprivoiser de nouveaux rep\u00e8res. Cette r\u00e9sistance peut venir d\u2019une chose aussi simple que\u00a0: \u00ab\u00a0Si ce n\u2019est pas mon lit, c\u2019est inconfortable.\u00a0\u00bb; \u00ab\u00a0Mon beurre d\u2019arachide au petit-d\u00e9jeuner me manque.\u00a0\u00bb; ou plus intense \u00ab Ce n\u2019est pas propre comme je le souhaiterais.\u00a0\u00bb; \u00ab\u00a0Je n\u2019aime pas cette nourriture.\u00a0\u00bb; \u00ab\u00a0Ils ont de ces mani\u00e8res!\u00a0\u00bb; \u00ab\u00a0Je paie donc j\u2019ai droit.\u00a0\u00bb; etc. <img data-recalc-dims=\"1\" loading=\"lazy\" decoding=\"async\" data-attachment-id=\"2849\" data-permalink=\"https:\/\/bottesetvelo.com\/blog\/2016\/12\/09\/de-la-gratitude-quitter-le-touriste-en-soi\/2016-05-28-08-37-37\/\" data-orig-file=\"https:\/\/i0.wp.com\/bottesetvelo.com\/blog\/wp-content\/uploads\/2016\/12\/2016-05-28-08.37.37.jpg?fit=2753%2C1549&amp;ssl=1\" data-orig-size=\"2753,1549\" data-comments-opened=\"1\" data-image-meta=\"{&quot;aperture&quot;:&quot;2&quot;,&quot;credit&quot;:&quot;&quot;,&quot;camera&quot;:&quot;SM-A500W&quot;,&quot;caption&quot;:&quot;&quot;,&quot;created_timestamp&quot;:&quot;1464424657&quot;,&quot;copyright&quot;:&quot;&quot;,&quot;focal_length&quot;:&quot;3.69&quot;,&quot;iso&quot;:&quot;50&quot;,&quot;shutter_speed&quot;:&quot;0.000376931775349&quot;,&quot;title&quot;:&quot;&quot;,&quot;orientation&quot;:&quot;1&quot;}\" data-image-title=\"Bottes et V\u00e9lo\" data-image-description=\"\" data-image-caption=\"\" data-large-file=\"https:\/\/i0.wp.com\/bottesetvelo.com\/blog\/wp-content\/uploads\/2016\/12\/2016-05-28-08.37.37.jpg?fit=1024%2C576&amp;ssl=1\" class=\"wp-image-2849 alignright\" src=\"https:\/\/i0.wp.com\/bottesetvelo.com\/blog\/wp-content\/uploads\/2016\/12\/2016-05-28-08.37.37.jpg?resize=200%2C113&#038;ssl=1\" alt=\"Bottes et V\u00e9lo\" width=\"200\" height=\"113\" srcset=\"https:\/\/i0.wp.com\/bottesetvelo.com\/blog\/wp-content\/uploads\/2016\/12\/2016-05-28-08.37.37.jpg?resize=500%2C281&amp;ssl=1 500w, https:\/\/i0.wp.com\/bottesetvelo.com\/blog\/wp-content\/uploads\/2016\/12\/2016-05-28-08.37.37.jpg?resize=768%2C432&amp;ssl=1 768w, https:\/\/i0.wp.com\/bottesetvelo.com\/blog\/wp-content\/uploads\/2016\/12\/2016-05-28-08.37.37.jpg?resize=1024%2C576&amp;ssl=1 1024w, https:\/\/i0.wp.com\/bottesetvelo.com\/blog\/wp-content\/uploads\/2016\/12\/2016-05-28-08.37.37.jpg?w=2340&amp;ssl=1 2340w\" sizes=\"auto, (max-width: 200px) 100vw, 200px\" \/>Tous ces d\u00e9tails me tirent en arri\u00e8re et m\u2019emp\u00eachent d\u2019avancer. En me laissant aller \u00e0 ces exigences qui veulent refonder le monde selon mes perceptions, mon inconfort peut alors s\u2019\u00e9riger en barricade et bloquer toute possibilit\u00e9 de transition vers l\u2019\u00e9tat p\u00e8lerin. <strong><span style=\"color: #003366;\">L\u2019\u00e9tat de touriste qui se prolonge devient alors m\u00e9fiant et susceptible.<\/span><\/strong> <img data-recalc-dims=\"1\" loading=\"lazy\" decoding=\"async\" data-attachment-id=\"2832\" data-permalink=\"https:\/\/bottesetvelo.com\/blog\/2016\/12\/09\/de-la-gratitude-quitter-le-touriste-en-soi\/2015-07-09-17-26-58-2\/\" data-orig-file=\"https:\/\/i0.wp.com\/bottesetvelo.com\/blog\/wp-content\/uploads\/2016\/12\/2015-07-09-17.26.58.jpg?fit=2685%2C1719&amp;ssl=1\" data-orig-size=\"2685,1719\" data-comments-opened=\"1\" data-image-meta=\"{&quot;aperture&quot;:&quot;2.6&quot;,&quot;credit&quot;:&quot;&quot;,&quot;camera&quot;:&quot;SGH-I747M&quot;,&quot;caption&quot;:&quot;&quot;,&quot;created_timestamp&quot;:&quot;1436462818&quot;,&quot;copyright&quot;:&quot;&quot;,&quot;focal_length&quot;:&quot;3.7&quot;,&quot;iso&quot;:&quot;50&quot;,&quot;shutter_speed&quot;:&quot;0.00129533678756&quot;,&quot;title&quot;:&quot;&quot;,&quot;orientation&quot;:&quot;1&quot;}\" data-image-title=\"Bottes et V\u00e9lo\" data-image-description=\"\" data-image-caption=\"\" data-large-file=\"https:\/\/i0.wp.com\/bottesetvelo.com\/blog\/wp-content\/uploads\/2016\/12\/2015-07-09-17.26.58.jpg?fit=1024%2C656&amp;ssl=1\" class=\"alignleft wp-image-2832\" src=\"https:\/\/i0.wp.com\/bottesetvelo.com\/blog\/wp-content\/uploads\/2016\/12\/2015-07-09-17.26.58.jpg?resize=200%2C128&#038;ssl=1\" alt=\"Bottes et V\u00e9lo\" width=\"200\" height=\"128\" srcset=\"https:\/\/i0.wp.com\/bottesetvelo.com\/blog\/wp-content\/uploads\/2016\/12\/2015-07-09-17.26.58.jpg?resize=500%2C320&amp;ssl=1 500w, https:\/\/i0.wp.com\/bottesetvelo.com\/blog\/wp-content\/uploads\/2016\/12\/2015-07-09-17.26.58.jpg?resize=768%2C492&amp;ssl=1 768w, https:\/\/i0.wp.com\/bottesetvelo.com\/blog\/wp-content\/uploads\/2016\/12\/2015-07-09-17.26.58.jpg?resize=1024%2C656&amp;ssl=1 1024w, https:\/\/i0.wp.com\/bottesetvelo.com\/blog\/wp-content\/uploads\/2016\/12\/2015-07-09-17.26.58.jpg?w=2340&amp;ssl=1 2340w\" sizes=\"auto, (max-width: 200px) 100vw, 200px\" \/>Il ne se situe plus dans le mouvement qui l\u2019a vu quitter sa demeure, mais au niveau des peurs et des craintes. <img data-recalc-dims=\"1\" loading=\"lazy\" decoding=\"async\" data-attachment-id=\"2837\" data-permalink=\"https:\/\/bottesetvelo.com\/blog\/2016\/12\/09\/de-la-gratitude-quitter-le-touriste-en-soi\/2015-07-15-08-08-19-2\/\" data-orig-file=\"https:\/\/i0.wp.com\/bottesetvelo.com\/blog\/wp-content\/uploads\/2016\/12\/2015-07-15-08.08.19.jpg?fit=1280%2C960&amp;ssl=1\" data-orig-size=\"1280,960\" data-comments-opened=\"1\" data-image-meta=\"{&quot;aperture&quot;:&quot;2.8&quot;,&quot;credit&quot;:&quot;&quot;,&quot;camera&quot;:&quot;SGH-I747M&quot;,&quot;caption&quot;:&quot;&quot;,&quot;created_timestamp&quot;:&quot;1436947699&quot;,&quot;copyright&quot;:&quot;&quot;,&quot;focal_length&quot;:&quot;2.7&quot;,&quot;iso&quot;:&quot;100&quot;,&quot;shutter_speed&quot;:&quot;0.00833333333333&quot;,&quot;title&quot;:&quot;&quot;,&quot;orientation&quot;:&quot;1&quot;}\" data-image-title=\"Bottes et V\u00e9lo\" data-image-description=\"\" data-image-caption=\"\" data-large-file=\"https:\/\/i0.wp.com\/bottesetvelo.com\/blog\/wp-content\/uploads\/2016\/12\/2015-07-15-08.08.19.jpg?fit=1024%2C768&amp;ssl=1\" class=\"alignright wp-image-2837\" src=\"https:\/\/i0.wp.com\/bottesetvelo.com\/blog\/wp-content\/uploads\/2016\/12\/2015-07-15-08.08.19.jpg?resize=200%2C150&#038;ssl=1\" alt=\"Bottes et V\u00e9lo\" width=\"200\" height=\"150\" srcset=\"https:\/\/i0.wp.com\/bottesetvelo.com\/blog\/wp-content\/uploads\/2016\/12\/2015-07-15-08.08.19.jpg?resize=500%2C375&amp;ssl=1 500w, https:\/\/i0.wp.com\/bottesetvelo.com\/blog\/wp-content\/uploads\/2016\/12\/2015-07-15-08.08.19.jpg?resize=768%2C576&amp;ssl=1 768w, https:\/\/i0.wp.com\/bottesetvelo.com\/blog\/wp-content\/uploads\/2016\/12\/2015-07-15-08.08.19.jpg?resize=1024%2C768&amp;ssl=1 1024w, https:\/\/i0.wp.com\/bottesetvelo.com\/blog\/wp-content\/uploads\/2016\/12\/2015-07-15-08.08.19.jpg?w=1280&amp;ssl=1 1280w\" sizes=\"auto, (max-width: 200px) 100vw, 200px\" \/>Le touriste qui perdure exige un retour au plan statique de sa vie routini\u00e8re.<\/p>\n<p style=\"text-align: justify;\">Incrust\u00e9 dans ses peurs et ses craintes, il ne parvient pas \u00e0 s\u2019affranchir de cet instinct de m\u00e9fiance. Il demeure centr\u00e9 sur ses manques et ses souffrances, s\u2019apitoyant sur son sort. L\u2019autre, le monde nouveau, ne lui donne pas ce qu\u2019il veut et devient symbole de la barri\u00e8re entre lui et son bonheur. Ses relations s\u2019inscrivent alors dans un art de la manipulation pour obtenir davantage. <img data-recalc-dims=\"1\" loading=\"lazy\" decoding=\"async\" data-attachment-id=\"2848\" data-permalink=\"https:\/\/bottesetvelo.com\/blog\/2016\/12\/09\/de-la-gratitude-quitter-le-touriste-en-soi\/dscn1296\/\" data-orig-file=\"https:\/\/i0.wp.com\/bottesetvelo.com\/blog\/wp-content\/uploads\/2016\/12\/DSCN1296.jpg?fit=4608%2C3456&amp;ssl=1\" data-orig-size=\"4608,3456\" data-comments-opened=\"1\" data-image-meta=\"{&quot;aperture&quot;:&quot;4&quot;,&quot;credit&quot;:&quot;&quot;,&quot;camera&quot;:&quot;COOLPIX S9900&quot;,&quot;caption&quot;:&quot;&quot;,&quot;created_timestamp&quot;:&quot;1474211437&quot;,&quot;copyright&quot;:&quot;&quot;,&quot;focal_length&quot;:&quot;6.4&quot;,&quot;iso&quot;:&quot;125&quot;,&quot;shutter_speed&quot;:&quot;0.00125&quot;,&quot;title&quot;:&quot;&quot;,&quot;orientation&quot;:&quot;1&quot;}\" data-image-title=\"Bottes et V\u00e9lo\" data-image-description=\"\" data-image-caption=\"\" data-large-file=\"https:\/\/i0.wp.com\/bottesetvelo.com\/blog\/wp-content\/uploads\/2016\/12\/DSCN1296.jpg?fit=1024%2C768&amp;ssl=1\" class=\"wp-image-2848 alignleft\" src=\"https:\/\/i0.wp.com\/bottesetvelo.com\/blog\/wp-content\/uploads\/2016\/12\/DSCN1296.jpg?resize=200%2C150&#038;ssl=1\" alt=\"Bottes et V\u00e9lo\" width=\"200\" height=\"150\" srcset=\"https:\/\/i0.wp.com\/bottesetvelo.com\/blog\/wp-content\/uploads\/2016\/12\/DSCN1296.jpg?resize=500%2C375&amp;ssl=1 500w, https:\/\/i0.wp.com\/bottesetvelo.com\/blog\/wp-content\/uploads\/2016\/12\/DSCN1296.jpg?resize=768%2C576&amp;ssl=1 768w, https:\/\/i0.wp.com\/bottesetvelo.com\/blog\/wp-content\/uploads\/2016\/12\/DSCN1296.jpg?resize=1024%2C768&amp;ssl=1 1024w, https:\/\/i0.wp.com\/bottesetvelo.com\/blog\/wp-content\/uploads\/2016\/12\/DSCN1296.jpg?w=2340&amp;ssl=1 2340w, https:\/\/i0.wp.com\/bottesetvelo.com\/blog\/wp-content\/uploads\/2016\/12\/DSCN1296.jpg?w=3510&amp;ssl=1 3510w\" sizes=\"auto, (max-width: 200px) 100vw, 200px\" \/>En se comportant ainsi, il maintient une posture de touriste qui le situe et le maintient \u00e0 l\u2019int\u00e9rieur d\u2019une culture de consommation et de marchandage. Il a des attentes. Il s\u2019attend \u00e0 recevoir un service de qualit\u00e9, rapide et courtois. <img data-recalc-dims=\"1\" loading=\"lazy\" decoding=\"async\" data-attachment-id=\"2838\" data-permalink=\"https:\/\/bottesetvelo.com\/blog\/2016\/12\/09\/de-la-gratitude-quitter-le-touriste-en-soi\/2015-07-16-10-24-02-4\/\" data-orig-file=\"https:\/\/i0.wp.com\/bottesetvelo.com\/blog\/wp-content\/uploads\/2016\/12\/2015-07-16-10.24.02.jpg?fit=2177%2C1632&amp;ssl=1\" data-orig-size=\"2177,1632\" data-comments-opened=\"1\" data-image-meta=\"{&quot;aperture&quot;:&quot;2.6&quot;,&quot;credit&quot;:&quot;&quot;,&quot;camera&quot;:&quot;SGH-I747M&quot;,&quot;caption&quot;:&quot;&quot;,&quot;created_timestamp&quot;:&quot;1437042242&quot;,&quot;copyright&quot;:&quot;&quot;,&quot;focal_length&quot;:&quot;3.7&quot;,&quot;iso&quot;:&quot;50&quot;,&quot;shutter_speed&quot;:&quot;0.000865051903114&quot;,&quot;title&quot;:&quot;&quot;,&quot;orientation&quot;:&quot;1&quot;}\" data-image-title=\"Bottes et V\u00e9lo\" data-image-description=\"\" data-image-caption=\"\" data-large-file=\"https:\/\/i0.wp.com\/bottesetvelo.com\/blog\/wp-content\/uploads\/2016\/12\/2015-07-16-10.24.02.jpg?fit=1024%2C768&amp;ssl=1\" class=\"wp-image-2838 alignright\" src=\"https:\/\/i0.wp.com\/bottesetvelo.com\/blog\/wp-content\/uploads\/2016\/12\/2015-07-16-10.24.02.jpg?resize=200%2C150&#038;ssl=1\" alt=\"Bottes et V\u00e9lo\" width=\"200\" height=\"150\" srcset=\"https:\/\/i0.wp.com\/bottesetvelo.com\/blog\/wp-content\/uploads\/2016\/12\/2015-07-16-10.24.02.jpg?resize=500%2C375&amp;ssl=1 500w, https:\/\/i0.wp.com\/bottesetvelo.com\/blog\/wp-content\/uploads\/2016\/12\/2015-07-16-10.24.02.jpg?resize=768%2C576&amp;ssl=1 768w, https:\/\/i0.wp.com\/bottesetvelo.com\/blog\/wp-content\/uploads\/2016\/12\/2015-07-16-10.24.02.jpg?resize=1024%2C768&amp;ssl=1 1024w\" sizes=\"auto, (max-width: 200px) 100vw, 200px\" \/>Car, selon son cadre de r\u00e9f\u00e9rence, il le m\u00e9rite bien. C\u2019est pour \u00e7a qu\u2019il se paie des vacances apr\u00e8s tout! Le touriste au long cours cultive son ego. Il n\u2019est plus dans le mouvement du voyage. Voyager, partir en p\u00e8lerinage, implique de quitter sa demeure (ses habitudes) pour se d\u00e9couvrir autrement, en relation avec un monde tout autre.<\/p>\n<p style=\"text-align: justify;\"><img data-recalc-dims=\"1\" loading=\"lazy\" decoding=\"async\" data-attachment-id=\"2834\" data-permalink=\"https:\/\/bottesetvelo.com\/blog\/2016\/12\/09\/de-la-gratitude-quitter-le-touriste-en-soi\/2015-07-11-12-12-20\/\" data-orig-file=\"https:\/\/i0.wp.com\/bottesetvelo.com\/blog\/wp-content\/uploads\/2016\/12\/2015-07-11-12.12.20.jpg?fit=3228%2C2400&amp;ssl=1\" data-orig-size=\"3228,2400\" data-comments-opened=\"1\" data-image-meta=\"{&quot;aperture&quot;:&quot;2.6&quot;,&quot;credit&quot;:&quot;&quot;,&quot;camera&quot;:&quot;SGH-I747M&quot;,&quot;caption&quot;:&quot;&quot;,&quot;created_timestamp&quot;:&quot;1436616740&quot;,&quot;copyright&quot;:&quot;&quot;,&quot;focal_length&quot;:&quot;3.7&quot;,&quot;iso&quot;:&quot;50&quot;,&quot;shutter_speed&quot;:&quot;0.00149700598802&quot;,&quot;title&quot;:&quot;&quot;,&quot;orientation&quot;:&quot;1&quot;}\" data-image-title=\"Bottes et V\u00e9lo\" data-image-description=\"\" data-image-caption=\"\" data-large-file=\"https:\/\/i0.wp.com\/bottesetvelo.com\/blog\/wp-content\/uploads\/2016\/12\/2015-07-11-12.12.20.jpg?fit=1024%2C761&amp;ssl=1\" class=\"wp-image-2834 alignleft\" src=\"https:\/\/i0.wp.com\/bottesetvelo.com\/blog\/wp-content\/uploads\/2016\/12\/2015-07-11-12.12.20.jpg?resize=200%2C149&#038;ssl=1\" alt=\"Bottes et V\u00e9lo\" width=\"200\" height=\"149\" srcset=\"https:\/\/i0.wp.com\/bottesetvelo.com\/blog\/wp-content\/uploads\/2016\/12\/2015-07-11-12.12.20.jpg?resize=500%2C372&amp;ssl=1 500w, https:\/\/i0.wp.com\/bottesetvelo.com\/blog\/wp-content\/uploads\/2016\/12\/2015-07-11-12.12.20.jpg?resize=768%2C571&amp;ssl=1 768w, https:\/\/i0.wp.com\/bottesetvelo.com\/blog\/wp-content\/uploads\/2016\/12\/2015-07-11-12.12.20.jpg?resize=1024%2C761&amp;ssl=1 1024w, https:\/\/i0.wp.com\/bottesetvelo.com\/blog\/wp-content\/uploads\/2016\/12\/2015-07-11-12.12.20.jpg?w=2340&amp;ssl=1 2340w\" sizes=\"auto, (max-width: 200px) 100vw, 200px\" \/>La dynamique p\u00e8lerine se situe \u00e0 l\u2019oppos\u00e9 de cette culture de consommation. Elle se situe du c\u00f4t\u00e9 de la gratuit\u00e9, du don, de la reconnaissance. <strong><span style=\"color: #003366;\">Adopter une posture p\u00e8lerine, nous positionne hors de ce culte de l\u2019ego et nous place dans un relationnel plein de gratitude.<\/span> <\/strong><img data-recalc-dims=\"1\" loading=\"lazy\" decoding=\"async\" data-attachment-id=\"2843\" data-permalink=\"https:\/\/bottesetvelo.com\/blog\/2016\/12\/09\/de-la-gratitude-quitter-le-touriste-en-soi\/2015-07-19-10-37-27-2\/\" data-orig-file=\"https:\/\/i0.wp.com\/bottesetvelo.com\/blog\/wp-content\/uploads\/2016\/12\/2015-07-19-10.37.27.jpg?fit=1280%2C960&amp;ssl=1\" data-orig-size=\"1280,960\" data-comments-opened=\"1\" data-image-meta=\"{&quot;aperture&quot;:&quot;2.8&quot;,&quot;credit&quot;:&quot;&quot;,&quot;camera&quot;:&quot;SGH-I747M&quot;,&quot;caption&quot;:&quot;&quot;,&quot;created_timestamp&quot;:&quot;1437302247&quot;,&quot;copyright&quot;:&quot;&quot;,&quot;focal_length&quot;:&quot;2.7&quot;,&quot;iso&quot;:&quot;100&quot;,&quot;shutter_speed&quot;:&quot;0.00411522633745&quot;,&quot;title&quot;:&quot;&quot;,&quot;orientation&quot;:&quot;1&quot;}\" data-image-title=\"Bottes et V\u00e9lo\" data-image-description=\"\" data-image-caption=\"\" data-large-file=\"https:\/\/i0.wp.com\/bottesetvelo.com\/blog\/wp-content\/uploads\/2016\/12\/2015-07-19-10.37.27.jpg?fit=1024%2C768&amp;ssl=1\" class=\"wp-image-2843 alignright\" src=\"https:\/\/i0.wp.com\/bottesetvelo.com\/blog\/wp-content\/uploads\/2016\/12\/2015-07-19-10.37.27.jpg?resize=200%2C150&#038;ssl=1\" alt=\"Bottes et V\u00e9lo\" width=\"200\" height=\"150\" srcset=\"https:\/\/i0.wp.com\/bottesetvelo.com\/blog\/wp-content\/uploads\/2016\/12\/2015-07-19-10.37.27.jpg?resize=500%2C375&amp;ssl=1 500w, https:\/\/i0.wp.com\/bottesetvelo.com\/blog\/wp-content\/uploads\/2016\/12\/2015-07-19-10.37.27.jpg?resize=768%2C576&amp;ssl=1 768w, https:\/\/i0.wp.com\/bottesetvelo.com\/blog\/wp-content\/uploads\/2016\/12\/2015-07-19-10.37.27.jpg?resize=1024%2C768&amp;ssl=1 1024w, https:\/\/i0.wp.com\/bottesetvelo.com\/blog\/wp-content\/uploads\/2016\/12\/2015-07-19-10.37.27.jpg?w=1280&amp;ssl=1 1280w\" sizes=\"auto, (max-width: 200px) 100vw, 200px\" \/>Le p\u00e8lerin s\u2019offre \u00e0 l\u2019exp\u00e9rience, se laisse fa\u00e7onner par elle. Le touriste veut la poss\u00e9der, en avoir pour son argent, souligne le n\u00e9gatif, ce qui est diff\u00e9rent de chez lui, combien c\u2019est meilleur chez lui, combien les gens le d\u00e9rangent. Le p\u00e8lerin se r\u00e9jouit d\u2019une journ\u00e9e de pluie, d\u2019avoir dormi \u00e0 la belle \u00e9toile, d\u2019une erreur de parcours, de la vie communautaire du chemin.<\/p>\n<p style=\"text-align: justify;\"><img data-recalc-dims=\"1\" loading=\"lazy\" decoding=\"async\" data-attachment-id=\"2825\" data-permalink=\"https:\/\/bottesetvelo.com\/blog\/2016\/12\/09\/de-la-gratitude-quitter-le-touriste-en-soi\/2014-07-29-06-44-07-2\/\" data-orig-file=\"https:\/\/i0.wp.com\/bottesetvelo.com\/blog\/wp-content\/uploads\/2016\/12\/2014-07-29-06.44.07.jpg?fit=3264%2C2448&amp;ssl=1\" data-orig-size=\"3264,2448\" data-comments-opened=\"1\" data-image-meta=\"{&quot;aperture&quot;:&quot;2.6&quot;,&quot;credit&quot;:&quot;&quot;,&quot;camera&quot;:&quot;SGH-I747M&quot;,&quot;caption&quot;:&quot;&quot;,&quot;created_timestamp&quot;:&quot;1406616247&quot;,&quot;copyright&quot;:&quot;&quot;,&quot;focal_length&quot;:&quot;3.7&quot;,&quot;iso&quot;:&quot;50&quot;,&quot;shutter_speed&quot;:&quot;0.000919117647059&quot;,&quot;title&quot;:&quot;&quot;,&quot;orientation&quot;:&quot;1&quot;}\" data-image-title=\"Bottes et V\u00e9lo &amp;#8211; Arc-en-ciel &amp;#8211; Sainte-Anne-des-Monts\" data-image-description=\"\" data-image-caption=\"\" data-large-file=\"https:\/\/i0.wp.com\/bottesetvelo.com\/blog\/wp-content\/uploads\/2016\/12\/2014-07-29-06.44.07.jpg?fit=1024%2C768&amp;ssl=1\" class=\"wp-image-2825 alignleft\" src=\"https:\/\/i0.wp.com\/bottesetvelo.com\/blog\/wp-content\/uploads\/2016\/12\/2014-07-29-06.44.07.jpg?resize=200%2C150&#038;ssl=1\" alt=\"Bottes et V\u00e9lo - Arc-en-ciel - Sainte-Anne-des-Monts\" width=\"200\" height=\"150\" srcset=\"https:\/\/i0.wp.com\/bottesetvelo.com\/blog\/wp-content\/uploads\/2016\/12\/2014-07-29-06.44.07.jpg?resize=500%2C375&amp;ssl=1 500w, https:\/\/i0.wp.com\/bottesetvelo.com\/blog\/wp-content\/uploads\/2016\/12\/2014-07-29-06.44.07.jpg?resize=768%2C576&amp;ssl=1 768w, https:\/\/i0.wp.com\/bottesetvelo.com\/blog\/wp-content\/uploads\/2016\/12\/2014-07-29-06.44.07.jpg?resize=1024%2C768&amp;ssl=1 1024w, https:\/\/i0.wp.com\/bottesetvelo.com\/blog\/wp-content\/uploads\/2016\/12\/2014-07-29-06.44.07.jpg?w=2340&amp;ssl=1 2340w\" sizes=\"auto, (max-width: 200px) 100vw, 200px\" \/>Entrer dans l\u2019exp\u00e9rience p\u00e8lerine nous fait sortir de cette m\u00e9fiance consommatrice, celle qui bouffe son prochain, se nourrit de l\u2019autre, pour avancer vers sa source avec confiance et discernement. Et si j\u2019\u00e9tais moins touriste dans ma vie de tous les jours et davantage p\u00e8lerin? Et si je cultivais la gratitude p\u00e8lerine?<\/p>\n<p style=\"text-align: justify;\"><img data-recalc-dims=\"1\" loading=\"lazy\" decoding=\"async\" data-attachment-id=\"14\" data-permalink=\"https:\/\/bottesetvelo.com\/blog\/bottes-et-velo-le-blog\/bottes-et-velo-embleme\/\" data-orig-file=\"https:\/\/i0.wp.com\/bottesetvelo.com\/blog\/wp-content\/uploads\/2014\/01\/Bottes-et-V%C3%A9lo-Embl%C3%AAme-e1454083414631.jpg?fit=100%2C79&amp;ssl=1\" data-orig-size=\"100,79\" data-comments-opened=\"1\" data-image-meta=\"{&quot;aperture&quot;:&quot;0&quot;,&quot;credit&quot;:&quot;&quot;,&quot;camera&quot;:&quot;&quot;,&quot;caption&quot;:&quot;&quot;,&quot;created_timestamp&quot;:&quot;0&quot;,&quot;copyright&quot;:&quot;&quot;,&quot;focal_length&quot;:&quot;0&quot;,&quot;iso&quot;:&quot;0&quot;,&quot;shutter_speed&quot;:&quot;0&quot;,&quot;title&quot;:&quot;&quot;}\" data-image-title=\"Bottes et V\u00e9lo &amp;#8211; Embl\u00eame\" data-image-description=\"\" data-image-caption=\"\" data-large-file=\"https:\/\/i0.wp.com\/bottesetvelo.com\/blog\/wp-content\/uploads\/2014\/01\/Bottes-et-V%C3%A9lo-Embl%C3%AAme-e1454083414631.jpg?fit=100%2C79&amp;ssl=1\" class=\"wp-image-14 alignright\" src=\"https:\/\/i0.wp.com\/bottesetvelo.com\/blog\/wp-content\/uploads\/2014\/01\/Bottes-et-V%C3%A9lo-Embl%C3%AAme.jpg?resize=75%2C59&#038;ssl=1\" alt=\"Bottes et V\u00e9lo - Embl\u00eame\" width=\"75\" height=\"59\" \/><\/p>\n<p style=\"text-align: justify;\">Merci \u00e0 vous tous qui avez crois\u00e9 nos pas de p\u00e8lerins!<\/p>\n<p style=\"text-align: left;\">\u00c9ric Lalibert\u00e9<\/p>\n<p style=\"text-align: justify;\">\n","protected":false},"excerpt":{"rendered":"<p>La gratitude peut transformer votre routine en jours de f\u00eate. William Arthur Ward Savons-nous accueillir avec gratitude les bonnes choses de la vie? Avons-nous tendance \u00e0 ne plus les voir? Sommes-nous capable d\u2019\u00e9merveillement, de spontan\u00e9it\u00e9, de gestes gratuits? Savons-nous encore nous r\u00e9jouir de ce qui nous est offert? Si la r\u00e9ponse est non, peut-\u00eatre aurions-nous&hellip;<\/p>\n","protected":false},"author":3,"featured_media":0,"comment_status":"open","ping_status":"open","sticky":false,"template":"","format":"standard","meta":{"jetpack_post_was_ever_published":false,"_jetpack_newsletter_access":"","_jetpack_dont_email_post_to_subs":false,"_jetpack_newsletter_tier_id":0,"_jetpack_memberships_contains_paywalled_content":false,"_jetpack_memberships_contains_paid_content":false,"footnotes":"","jetpack_publicize_message":"","jetpack_publicize_feature_enabled":true,"jetpack_social_post_already_shared":true,"jetpack_social_options":{"image_generator_settings":{"template":"highway","default_image_id":0,"font":"","enabled":false},"version":2}},"categories":[50,379,345,166,171,37],"tags":[214,433,435,399,434,296,13,436,413],"class_list":["post-2823","post","type-post","status-publish","format-standard","hentry","category-art-de-vivre","category-chemin-de-transformation","category-culture-de-consommation","category-demarche-du-pelerin","category-pelerinage","category-spiritualite-2","tag-affronter-ses-peurs","tag-cheminement","tag-culture-de-consommation","tag-experience","tag-gratitude","tag-pelerin","tag-pelerinage","tag-societe-de-consommation","tag-touriste"],"jetpack_publicize_connections":[],"jetpack_featured_media_url":"","jetpack_shortlink":"https:\/\/wp.me\/p4eY6z-Jx","jetpack_sharing_enabled":true,"jetpack_likes_enabled":true,"jetpack-related-posts":[],"_links":{"self":[{"href":"https:\/\/bottesetvelo.com\/blog\/wp-json\/wp\/v2\/posts\/2823","targetHints":{"allow":["GET"]}}],"collection":[{"href":"https:\/\/bottesetvelo.com\/blog\/wp-json\/wp\/v2\/posts"}],"about":[{"href":"https:\/\/bottesetvelo.com\/blog\/wp-json\/wp\/v2\/types\/post"}],"author":[{"embeddable":true,"href":"https:\/\/bottesetvelo.com\/blog\/wp-json\/wp\/v2\/users\/3"}],"replies":[{"embeddable":true,"href":"https:\/\/bottesetvelo.com\/blog\/wp-json\/wp\/v2\/comments?post=2823"}],"version-history":[{"count":3,"href":"https:\/\/bottesetvelo.com\/blog\/wp-json\/wp\/v2\/posts\/2823\/revisions"}],"predecessor-version":[{"id":2846,"href":"https:\/\/bottesetvelo.com\/blog\/wp-json\/wp\/v2\/posts\/2823\/revisions\/2846"}],"wp:attachment":[{"href":"https:\/\/bottesetvelo.com\/blog\/wp-json\/wp\/v2\/media?parent=2823"}],"wp:term":[{"taxonomy":"category","embeddable":true,"href":"https:\/\/bottesetvelo.com\/blog\/wp-json\/wp\/v2\/categories?post=2823"},{"taxonomy":"post_tag","embeddable":true,"href":"https:\/\/bottesetvelo.com\/blog\/wp-json\/wp\/v2\/tags?post=2823"}],"curies":[{"name":"wp","href":"https:\/\/api.w.org\/{rel}","templated":true}]}}