{"id":2815,"date":"2016-12-02T16:03:46","date_gmt":"2016-12-02T21:03:46","guid":{"rendered":"http:\/\/bottesetvelo.com\/blog\/?p=2815"},"modified":"2016-12-02T16:03:46","modified_gmt":"2016-12-02T21:03:46","slug":"ce-qui-freine-ma-marche","status":"publish","type":"post","link":"https:\/\/bottesetvelo.com\/blog\/2016\/12\/02\/ce-qui-freine-ma-marche\/","title":{"rendered":"Ce qui freine ma marche"},"content":{"rendered":"<h5 style=\"text-align: right;\"><em>La seule chose que nous ayons \u00e0 craindre est la crainte elle-m\u00eame.<\/em><br \/>\n<em>Franklin Roosevelt<\/em><\/h5>\n<h5 style=\"text-align: justify;\"><span style=\"color: #003366;\"><strong>La capacit\u00e9 d\u2019adaptation d\u00e9pend grandement de la souplesse d\u2019esprit et de l\u2019ouverture que nous avons \u00e0 accepter le changement. Voyager, c\u2019est mettre \u00e0 l\u2019\u00e9preuve cette aptitude. C\u2019est choisir de sortir de ses habitudes pour aller d\u00e9couvrir un ailleurs et un autrement. C\u2019est se rendre disponible \u00e0 apprendre, \u00e0 apprivoiser et parfois m\u00eame \u00e0 adopter la diff\u00e9rence et la nouveaut\u00e9. C\u2019est gr\u00e2ce \u00e0 ce d\u00e9placement ext\u00e9rieur que je peux mettre en lumi\u00e8re mes r\u00e9sistances int\u00e9rieures, que je peux questionner mes limites et mes enfermements. Qu\u2019est-ce qui m\u2019emp\u00eache d\u2019avancer? Quels sont mes freins? Ont-ils leur raison d\u2019\u00eatre?<\/strong><\/span><\/h5>\n<p style=\"text-align: justify;\"><img data-recalc-dims=\"1\" loading=\"lazy\" decoding=\"async\" data-attachment-id=\"2818\" data-permalink=\"https:\/\/bottesetvelo.com\/blog\/2016\/12\/02\/ce-qui-freine-ma-marche\/bower-1594801_1920\/\" data-orig-file=\"https:\/\/i0.wp.com\/bottesetvelo.com\/blog\/wp-content\/uploads\/2016\/12\/bower-1594801_1920.jpg?fit=1920%2C1280&amp;ssl=1\" data-orig-size=\"1920,1280\" data-comments-opened=\"1\" data-image-meta=\"{&quot;aperture&quot;:&quot;5.6&quot;,&quot;credit&quot;:&quot;&quot;,&quot;camera&quot;:&quot;Canon EOS 1100D&quot;,&quot;caption&quot;:&quot;&quot;,&quot;created_timestamp&quot;:&quot;0&quot;,&quot;copyright&quot;:&quot;&quot;,&quot;focal_length&quot;:&quot;18&quot;,&quot;iso&quot;:&quot;200&quot;,&quot;shutter_speed&quot;:&quot;0.0333333333333&quot;,&quot;title&quot;:&quot;&quot;,&quot;orientation&quot;:&quot;0&quot;}\" data-image-title=\"chemin cl\u00f4tur\u00e9\" data-image-description=\"\" data-image-caption=\"\" data-large-file=\"https:\/\/i0.wp.com\/bottesetvelo.com\/blog\/wp-content\/uploads\/2016\/12\/bower-1594801_1920.jpg?fit=1024%2C683&amp;ssl=1\" class=\"alignright wp-image-2818\" src=\"https:\/\/i0.wp.com\/bottesetvelo.com\/blog\/wp-content\/uploads\/2016\/12\/bower-1594801_1920.jpg?resize=300%2C200&#038;ssl=1\" alt=\"chemin cl\u00f4tur\u00e9\" width=\"300\" height=\"200\" srcset=\"https:\/\/i0.wp.com\/bottesetvelo.com\/blog\/wp-content\/uploads\/2016\/12\/bower-1594801_1920.jpg?resize=500%2C333&amp;ssl=1 500w, https:\/\/i0.wp.com\/bottesetvelo.com\/blog\/wp-content\/uploads\/2016\/12\/bower-1594801_1920.jpg?resize=768%2C512&amp;ssl=1 768w, https:\/\/i0.wp.com\/bottesetvelo.com\/blog\/wp-content\/uploads\/2016\/12\/bower-1594801_1920.jpg?resize=1024%2C683&amp;ssl=1 1024w, https:\/\/i0.wp.com\/bottesetvelo.com\/blog\/wp-content\/uploads\/2016\/12\/bower-1594801_1920.jpg?w=1920&amp;ssl=1 1920w\" sizes=\"auto, (max-width: 300px) 100vw, 300px\" \/>Comme l\u2019adolescent qui \u00e9largit son territoire d\u2019exploration en allant chez des amis, et qui, conscient que les r\u00e8gles peuvent \u00eatre discut\u00e9es, questionne le fait que l\u2019autre a des droits et des privil\u00e8ges qu\u2019il n\u2019a pas, le voyageur d\u00e9couvre de nouvelles fa\u00e7ons de faire et de vivre qui viennent \u00e9branler la base de ses propres pr\u00e9misses. Celui qui a grandi dans un pays \u00ab\u00a0surd\u00e9velopp\u00e9\u00a0\u00bb a \u00e9t\u00e9 fa\u00e7onn\u00e9 par une multitude de r\u00e8gles, de conventions, de codes, de lois et d\u2019encadrements de toutes sortes venant baliser le chemin et la voie \u00e0 suivre. <strong><span style=\"color: #003366;\">Cet exosquelette est tellement fort et tellement pr\u00e9sent que toute initiative prise par l\u2019individu pour en sortir est per\u00e7ue comme de la d\u00e9linquance, voire m\u00eame de la folie.<\/span><\/strong> On dira de celui qui, se sentant trop \u00a0\u00e0 l\u2019\u00e9troit dans ce moule, se permet de sortir de cette route s\u00e9curitaire toute trac\u00e9e pour vivre plus de libert\u00e9, que c\u2019est un marginal; simplement parce qu\u2019il vit en marge de ce que la soci\u00e9t\u00e9 environnante pr\u00f4ne. Et paradoxalement, ce qui peut para\u00eetre \u00e9touffant pour certains est per\u00e7u comme s\u00e9curisant par d\u2019autres. Chaque famille, chaque parent, instaure des r\u00e8gles dans le but d\u2019offrir ce qu\u2019il y a de mieux \u00e0 ses enfants, pour qu\u2019ils ne manquent de rien, pour leur assurer un bel avenir. Le cadre est l\u00e0 pour prot\u00e9ger. C\u2019est le casque de v\u00e9lo, la cl\u00f4ture du jardin, la ceinture de s\u00e9curit\u00e9, la veste de flottaison. Mais m\u00e8re disait\u00a0:\u00a0\u00ab\u00a0Trop d\u2019une chose n\u2019est jamais bon\u00a0\u00bb. Alors je vous le demande\u00a0: quel adulte devenons-nous lorsque tout autour de nous est pens\u00e9 et pr\u00e9vu pour \u00e9viter de se faire mal?<\/p>\n<p><strong><span style=\"color: #003366;\"><img data-recalc-dims=\"1\" loading=\"lazy\" decoding=\"async\" data-attachment-id=\"2819\" data-permalink=\"https:\/\/bottesetvelo.com\/blog\/2016\/12\/02\/ce-qui-freine-ma-marche\/dscn1589\/\" data-orig-file=\"https:\/\/i0.wp.com\/bottesetvelo.com\/blog\/wp-content\/uploads\/2016\/12\/DSCN1589.jpg?fit=4175%2C2232&amp;ssl=1\" data-orig-size=\"4175,2232\" data-comments-opened=\"1\" data-image-meta=\"{&quot;aperture&quot;:&quot;6&quot;,&quot;credit&quot;:&quot;&quot;,&quot;camera&quot;:&quot;COOLPIX S9900&quot;,&quot;caption&quot;:&quot;&quot;,&quot;created_timestamp&quot;:&quot;1480152208&quot;,&quot;copyright&quot;:&quot;&quot;,&quot;focal_length&quot;:&quot;24.7&quot;,&quot;iso&quot;:&quot;125&quot;,&quot;shutter_speed&quot;:&quot;0.005&quot;,&quot;title&quot;:&quot;&quot;,&quot;orientation&quot;:&quot;1&quot;}\" data-image-title=\"Bottes et V\u00e9lo\" data-image-description=\"\" data-image-caption=\"\" data-large-file=\"https:\/\/i0.wp.com\/bottesetvelo.com\/blog\/wp-content\/uploads\/2016\/12\/DSCN1589.jpg?fit=1024%2C547&amp;ssl=1\" class=\"size-medium wp-image-2819 alignleft\" src=\"https:\/\/i0.wp.com\/bottesetvelo.com\/blog\/wp-content\/uploads\/2016\/12\/DSCN1589.jpg?resize=500%2C267&#038;ssl=1\" alt=\"Bottes et V\u00e9lo\" width=\"500\" height=\"267\" srcset=\"https:\/\/i0.wp.com\/bottesetvelo.com\/blog\/wp-content\/uploads\/2016\/12\/DSCN1589.jpg?resize=500%2C267&amp;ssl=1 500w, https:\/\/i0.wp.com\/bottesetvelo.com\/blog\/wp-content\/uploads\/2016\/12\/DSCN1589.jpg?resize=768%2C411&amp;ssl=1 768w, https:\/\/i0.wp.com\/bottesetvelo.com\/blog\/wp-content\/uploads\/2016\/12\/DSCN1589.jpg?resize=1024%2C547&amp;ssl=1 1024w, https:\/\/i0.wp.com\/bottesetvelo.com\/blog\/wp-content\/uploads\/2016\/12\/DSCN1589.jpg?w=2340&amp;ssl=1 2340w, https:\/\/i0.wp.com\/bottesetvelo.com\/blog\/wp-content\/uploads\/2016\/12\/DSCN1589.jpg?w=3510&amp;ssl=1 3510w\" sizes=\"auto, (max-width: 500px) 100vw, 500px\" \/>Voyager, c\u2019est s\u2019exposer \u00e0 vivre, \u00e0 ressentir le d\u00e9s\u00e9quilibre et l\u2019inconfort de l\u2019exp\u00e9rience nouvelle.<\/span><\/strong> C\u2019est se mettre en situation d\u2019ouverture face \u00e0 l\u2019inconnu et au changement. Pourtant, r\u00e9cemment, dans un h\u00f4tel de Cuba, j\u2019entendais une touriste qu\u00e9b\u00e9coise qui refusait fermement qu\u2019on lui serve son caf\u00e9 dans un verre. Elle exigeait de l\u2019avoir dans une tasse. Pourquoi cette rigidit\u00e9? D\u2019o\u00f9 origine cet enfermement? Chaque pays a son cadre de vie. Prendre le temps de l\u2019observer et de le comprendre nous permet de r\u00e9aliser que faire autrement est possible et acceptable. Certains peuples mangent avec des ustensiles, d\u2019autres avec des baguettes tandis que d\u2019autres mangent avec leurs mains, en se servant de feuilles de laitue ou de galettes de pain. Certains pays boivent le vin chaud, d\u2019autres l\u2019aiment frais. Tout comme certains boivent la bi\u00e8re ti\u00e8de alors que d\u2019autres la pr\u00e9f\u00e8rent glac\u00e9e. Chez nous, il y a un panneau d\u2019arr\u00eat obligatoire \u00e0 presque tous les coins de rue, alors que dans certains pays, on ne trouve aucun feu de circulation, et m\u00eame aucune ligne sur la route. Selon notre code d\u2019\u00e9thique, finir son assiette est un signe de politesse, alors que dans d\u2019autres pays il faut en laisser une bouch\u00e9e pour signifier que c\u2019\u00e9tait tr\u00e8s bon mais qu\u2019on est maintenant rassasi\u00e9.<\/p>\n<p style=\"text-align: justify;\"><img data-recalc-dims=\"1\" loading=\"lazy\" decoding=\"async\" data-attachment-id=\"2817\" data-permalink=\"https:\/\/bottesetvelo.com\/blog\/2016\/12\/02\/ce-qui-freine-ma-marche\/realite-convenue\/\" data-orig-file=\"https:\/\/i0.wp.com\/bottesetvelo.com\/blog\/wp-content\/uploads\/2016\/12\/R%C3%89ALIT%C3%89-CONVENUE.jpg?fit=1920%2C1280&amp;ssl=1\" data-orig-size=\"1920,1280\" data-comments-opened=\"1\" data-image-meta=\"{&quot;aperture&quot;:&quot;3.5&quot;,&quot;credit&quot;:&quot;&quot;,&quot;camera&quot;:&quot;Canon EOS 5D Mark III&quot;,&quot;caption&quot;:&quot;&quot;,&quot;created_timestamp&quot;:&quot;0&quot;,&quot;copyright&quot;:&quot;&quot;,&quot;focal_length&quot;:&quot;135&quot;,&quot;iso&quot;:&quot;100&quot;,&quot;shutter_speed&quot;:&quot;0.003125&quot;,&quot;title&quot;:&quot;&quot;,&quot;orientation&quot;:&quot;0&quot;}\" data-image-title=\"realite-convenue\" data-image-description=\"\" data-image-caption=\"\" data-large-file=\"https:\/\/i0.wp.com\/bottesetvelo.com\/blog\/wp-content\/uploads\/2016\/12\/R%C3%89ALIT%C3%89-CONVENUE.jpg?fit=1024%2C683&amp;ssl=1\" class=\"alignright wp-image-2817\" src=\"https:\/\/i0.wp.com\/bottesetvelo.com\/blog\/wp-content\/uploads\/2016\/12\/R%C3%89ALIT%C3%89-CONVENUE.jpg?resize=300%2C200&#038;ssl=1\" alt=\"realite-convenue\" width=\"300\" height=\"200\" srcset=\"https:\/\/i0.wp.com\/bottesetvelo.com\/blog\/wp-content\/uploads\/2016\/12\/R%C3%89ALIT%C3%89-CONVENUE.jpg?resize=500%2C333&amp;ssl=1 500w, https:\/\/i0.wp.com\/bottesetvelo.com\/blog\/wp-content\/uploads\/2016\/12\/R%C3%89ALIT%C3%89-CONVENUE.jpg?resize=768%2C512&amp;ssl=1 768w, https:\/\/i0.wp.com\/bottesetvelo.com\/blog\/wp-content\/uploads\/2016\/12\/R%C3%89ALIT%C3%89-CONVENUE.jpg?resize=1024%2C683&amp;ssl=1 1024w, https:\/\/i0.wp.com\/bottesetvelo.com\/blog\/wp-content\/uploads\/2016\/12\/R%C3%89ALIT%C3%89-CONVENUE.jpg?w=1920&amp;ssl=1 1920w\" sizes=\"auto, (max-width: 300px) 100vw, 300px\" \/>Tous ces encadrements ne sont que des r\u00e8gles invent\u00e9es et convenues par les hommes. Mais elles sont si nombreuses et si pr\u00e9sentes qu\u2019on ne les remarque plus. Elles font partie de notre r\u00e9alit\u00e9 convenue. Rarement nous les remettons en question. Ann\u00e9e apr\u00e8s ann\u00e9e, pr\u00e9sent\u00e9es par diff\u00e9rents agents de confiance, parents, amis, enseignants, nous apprenons \u00e0 les int\u00e9grer. Elles font maintenant partie de nous et contribuent \u00e0 orienter nos d\u00e9cisions lors de d\u00e9bats int\u00e9rieurs. Comme elles sont nombreuses et qu\u2019elles ont souvent de l\u2019anciennet\u00e9, elles ont un grand pouvoir d\u2019influence sur ce que nous conviendrons de faire, sur les actions que nous choisirons d\u2019entreprendre. Parfois aidantes, elles peuvent cependant aussi devenir un frein au changement. Elles peuvent \u00eatre limitantes, contraignantes, et m\u00eame alimenter le jugement que nous avons de nous-m\u00eames. Elles en viennent parfois m\u00eame \u00e0 <strong><span style=\"color: #003366;\">\u00e9clipser notre jugement<\/span><\/strong> en regard de la situation, nous obligeant \u00e0 faire abstraction de notre \u00e9lan int\u00e9rieur et des sentiments qui nous habitent, de notre d\u00e9sir profond.<\/p>\n<p style=\"text-align: justify;\">En sortant de chez soi pour aller vers l\u2019autre, c\u2019est tout un univers de possibilit\u00e9s et de mod\u00e8les de vie qui s\u2019offre \u00e0 soi. Tous ces gens que je rencontre sont des \u00ab\u00a0moi\u00a0\u00bb potentiels. Si une version m\u2019attire, qu\u2019est-ce qui m\u2019emp\u00eache d\u2019aller vers elle et de la faire mienne? Si un changement m\u2019interpelle, pourquoi ne pas le vivre? Qu\u2019est-ce qui me fait dire que ce n\u2019est pas possible? Bien que le frein soit tr\u00e8s utile sur un v\u00e9hicule, il faut savoir le retirer pour pouvoir avancer. Sur la route au volant de ma vie, je suis le moteur et le frein. Il n\u2019en tient donc qu\u2019\u00e0 moi pour avancer.<img data-recalc-dims=\"1\" loading=\"lazy\" decoding=\"async\" data-attachment-id=\"14\" data-permalink=\"https:\/\/bottesetvelo.com\/blog\/bottes-et-velo-le-blog\/bottes-et-velo-embleme\/\" data-orig-file=\"https:\/\/i0.wp.com\/bottesetvelo.com\/blog\/wp-content\/uploads\/2014\/01\/Bottes-et-V%C3%A9lo-Embl%C3%AAme-e1454083414631.jpg?fit=100%2C79&amp;ssl=1\" data-orig-size=\"100,79\" data-comments-opened=\"1\" data-image-meta=\"{&quot;aperture&quot;:&quot;0&quot;,&quot;credit&quot;:&quot;&quot;,&quot;camera&quot;:&quot;&quot;,&quot;caption&quot;:&quot;&quot;,&quot;created_timestamp&quot;:&quot;0&quot;,&quot;copyright&quot;:&quot;&quot;,&quot;focal_length&quot;:&quot;0&quot;,&quot;iso&quot;:&quot;0&quot;,&quot;shutter_speed&quot;:&quot;0&quot;,&quot;title&quot;:&quot;&quot;}\" data-image-title=\"Bottes et V\u00e9lo &amp;#8211; Embl\u00eame\" data-image-description=\"\" data-image-caption=\"\" data-large-file=\"https:\/\/i0.wp.com\/bottesetvelo.com\/blog\/wp-content\/uploads\/2014\/01\/Bottes-et-V%C3%A9lo-Embl%C3%AAme-e1454083414631.jpg?fit=100%2C79&amp;ssl=1\" class=\"wp-image-14 alignright\" src=\"https:\/\/i0.wp.com\/bottesetvelo.com\/blog\/wp-content\/uploads\/2014\/01\/Bottes-et-V%C3%A9lo-Embl%C3%AAme.jpg?resize=62%2C48&#038;ssl=1\" alt=\"Bottes et V\u00e9lo - Embl\u00eame\" width=\"62\" height=\"48\" \/><\/p>\n<p style=\"text-align: justify;\">Brigitte Harouni<\/p>\n","protected":false},"excerpt":{"rendered":"<p>La seule chose que nous ayons \u00e0 craindre est la crainte elle-m\u00eame. Franklin Roosevelt La capacit\u00e9 d\u2019adaptation d\u00e9pend grandement de la souplesse d\u2019esprit et de l\u2019ouverture que nous avons \u00e0 accepter le changement. Voyager, c\u2019est mettre \u00e0 l\u2019\u00e9preuve cette aptitude. C\u2019est choisir de sortir de ses habitudes pour aller d\u00e9couvrir un ailleurs et un autrement.&hellip;<\/p>\n","protected":false},"author":2,"featured_media":0,"comment_status":"open","ping_status":"open","sticky":false,"template":"","format":"standard","meta":{"jetpack_post_was_ever_published":false,"_jetpack_newsletter_access":"","_jetpack_dont_email_post_to_subs":false,"_jetpack_newsletter_tier_id":0,"_jetpack_memberships_contains_paywalled_content":false,"_jetpack_memberships_contains_paid_content":false,"footnotes":"","jetpack_publicize_message":"","jetpack_publicize_feature_enabled":true,"jetpack_social_post_already_shared":true,"jetpack_social_options":{"image_generator_settings":{"template":"highway","default_image_id":0,"font":"","enabled":false},"version":2}},"categories":[52,50,379,380,39,3,381],"tags":[275,103,40,43,285,273,96,38,197,121],"class_list":["post-2815","post","type-post","status-publish","format-standard","hentry","category-alternatives-de-vie","category-art-de-vivre","category-chemin-de-transformation","category-conscientisation","category-croissance-personnelle","category-reflexions","category-transformation","tag-art-de-vivre","tag-bien-etre","tag-croissance-personnelle-2","tag-faire-confiance-a-la-vie","tag-gout-de-vivre","tag-gouter-la-vie","tag-qualite-de-vie","tag-reflexion","tag-transition","tag-zone-de-confort"],"jetpack_publicize_connections":[],"jetpack_featured_media_url":"","jetpack_shortlink":"https:\/\/wp.me\/p4eY6z-Jp","jetpack_sharing_enabled":true,"jetpack_likes_enabled":true,"jetpack-related-posts":[],"_links":{"self":[{"href":"https:\/\/bottesetvelo.com\/blog\/wp-json\/wp\/v2\/posts\/2815","targetHints":{"allow":["GET"]}}],"collection":[{"href":"https:\/\/bottesetvelo.com\/blog\/wp-json\/wp\/v2\/posts"}],"about":[{"href":"https:\/\/bottesetvelo.com\/blog\/wp-json\/wp\/v2\/types\/post"}],"author":[{"embeddable":true,"href":"https:\/\/bottesetvelo.com\/blog\/wp-json\/wp\/v2\/users\/2"}],"replies":[{"embeddable":true,"href":"https:\/\/bottesetvelo.com\/blog\/wp-json\/wp\/v2\/comments?post=2815"}],"version-history":[{"count":4,"href":"https:\/\/bottesetvelo.com\/blog\/wp-json\/wp\/v2\/posts\/2815\/revisions"}],"predecessor-version":[{"id":2822,"href":"https:\/\/bottesetvelo.com\/blog\/wp-json\/wp\/v2\/posts\/2815\/revisions\/2822"}],"wp:attachment":[{"href":"https:\/\/bottesetvelo.com\/blog\/wp-json\/wp\/v2\/media?parent=2815"}],"wp:term":[{"taxonomy":"category","embeddable":true,"href":"https:\/\/bottesetvelo.com\/blog\/wp-json\/wp\/v2\/categories?post=2815"},{"taxonomy":"post_tag","embeddable":true,"href":"https:\/\/bottesetvelo.com\/blog\/wp-json\/wp\/v2\/tags?post=2815"}],"curies":[{"name":"wp","href":"https:\/\/api.w.org\/{rel}","templated":true}]}}