{"id":2804,"date":"2016-11-25T12:00:59","date_gmt":"2016-11-25T17:00:59","guid":{"rendered":"http:\/\/bottesetvelo.com\/blog\/?p=2804"},"modified":"2016-11-23T20:38:31","modified_gmt":"2016-11-24T01:38:31","slug":"un-escargot-sur-lautoroute-de-la-vie","status":"publish","type":"post","link":"https:\/\/bottesetvelo.com\/blog\/2016\/11\/25\/un-escargot-sur-lautoroute-de-la-vie\/","title":{"rendered":"Un escargot sur l\u2019autoroute de la vie."},"content":{"rendered":"<h5 style=\"text-align: justify;\"><span style=\"color: #003366;\"><strong>Le p\u00e8lerin, tout comme l\u2019escargot, porte sur lui un point d\u2019interrogation. <\/strong>Au c\u0153ur de notre 21<sup>i\u00e8me<\/sup> si\u00e8cle, sa lente pr\u00e9sence nous d\u00e9concerte. Auto-stoppeur? Itin\u00e9rant? Marchand ambulant? Pourquoi? Surtout, pourquoi? Le p\u00e8lerin est une interrogation pour notre \u00e9poque.<\/span><\/h5>\n<p style=\"text-align: justify;\"><img data-recalc-dims=\"1\" loading=\"lazy\" decoding=\"async\" data-attachment-id=\"2806\" data-permalink=\"https:\/\/bottesetvelo.com\/blog\/2016\/11\/25\/un-escargot-sur-lautoroute-de-la-vie\/snail-1290807_1920\/\" data-orig-file=\"https:\/\/i0.wp.com\/bottesetvelo.com\/blog\/wp-content\/uploads\/2016\/11\/snail-1290807_1920.jpg?fit=1920%2C686&amp;ssl=1\" data-orig-size=\"1920,686\" data-comments-opened=\"1\" data-image-meta=\"{&quot;aperture&quot;:&quot;0&quot;,&quot;credit&quot;:&quot;&quot;,&quot;camera&quot;:&quot;&quot;,&quot;caption&quot;:&quot;&quot;,&quot;created_timestamp&quot;:&quot;0&quot;,&quot;copyright&quot;:&quot;&quot;,&quot;focal_length&quot;:&quot;0&quot;,&quot;iso&quot;:&quot;0&quot;,&quot;shutter_speed&quot;:&quot;0&quot;,&quot;title&quot;:&quot;&quot;,&quot;orientation&quot;:&quot;0&quot;}\" data-image-title=\"escargots\" data-image-description=\"\" data-image-caption=\"\" data-large-file=\"https:\/\/i0.wp.com\/bottesetvelo.com\/blog\/wp-content\/uploads\/2016\/11\/snail-1290807_1920.jpg?fit=1024%2C366&amp;ssl=1\" class=\"alignright wp-image-2806 size-full\" src=\"https:\/\/i0.wp.com\/bottesetvelo.com\/blog\/wp-content\/uploads\/2016\/11\/snail-1290807_1920.jpg?resize=1170%2C418&#038;ssl=1\" alt=\"escargots\" width=\"1170\" height=\"418\" srcset=\"https:\/\/i0.wp.com\/bottesetvelo.com\/blog\/wp-content\/uploads\/2016\/11\/snail-1290807_1920.jpg?w=1920&amp;ssl=1 1920w, https:\/\/i0.wp.com\/bottesetvelo.com\/blog\/wp-content\/uploads\/2016\/11\/snail-1290807_1920.jpg?resize=500%2C179&amp;ssl=1 500w, https:\/\/i0.wp.com\/bottesetvelo.com\/blog\/wp-content\/uploads\/2016\/11\/snail-1290807_1920.jpg?resize=768%2C274&amp;ssl=1 768w, https:\/\/i0.wp.com\/bottesetvelo.com\/blog\/wp-content\/uploads\/2016\/11\/snail-1290807_1920.jpg?resize=1024%2C366&amp;ssl=1 1024w\" sizes=\"auto, (max-width: 1170px) 100vw, 1170px\" \/>Lorsqu\u2019il passe le p\u00e8lerin, il met du temps \u00e0 traverser nos vies. Alors que sa route s\u2019\u00e9tire, on le croisera plus d\u2019une fois. Passant et repassant devant lui, chaque rencontre devient provocation. En nous rendant \u00e0 l\u2019\u00e9picerie, on l\u2019aper\u00e7oit, d\u00e9sinvolte, appuy\u00e9 sur ses b\u00e2tons, il attend patiemment de traverser la rue. \u00c0 l\u2019heure du lunch, c\u2019est dans le parc que nous l\u2019apercevons. Allong\u00e9 au pied d\u2019un arbre, il fait la sieste, pendant que nous, nous devons retourner au boulot. Le lendemain matin, en nous pressant d\u2019aller d\u00e9poser les enfants \u00e0 la garderie, nous le croisons de nouveau. Cette fois, c\u2019est tout le village voisin qu\u2019il d\u00e9fie de son pas joyeux et de ses yeux rieurs. Sa nonchalance nous nargue. Son petit air satisfait nous irrite. Et voil\u00e0 qu\u2019on le croise partout! Le p\u00e8lerin, de par sa lenteur, nous semble soudainement omnipr\u00e9sent.<\/p>\n<p style=\"text-align: justify;\"><img data-recalc-dims=\"1\" loading=\"lazy\" decoding=\"async\" data-attachment-id=\"2807\" data-permalink=\"https:\/\/bottesetvelo.com\/blog\/2016\/11\/25\/un-escargot-sur-lautoroute-de-la-vie\/nap-1412845_1280\/\" data-orig-file=\"https:\/\/i0.wp.com\/bottesetvelo.com\/blog\/wp-content\/uploads\/2016\/11\/nap-1412845_1280.jpg?fit=1280%2C853&amp;ssl=1\" data-orig-size=\"1280,853\" data-comments-opened=\"1\" data-image-meta=\"{&quot;aperture&quot;:&quot;0&quot;,&quot;credit&quot;:&quot;&quot;,&quot;camera&quot;:&quot;&quot;,&quot;caption&quot;:&quot;&quot;,&quot;created_timestamp&quot;:&quot;0&quot;,&quot;copyright&quot;:&quot;&quot;,&quot;focal_length&quot;:&quot;0&quot;,&quot;iso&quot;:&quot;0&quot;,&quot;shutter_speed&quot;:&quot;0&quot;,&quot;title&quot;:&quot;&quot;,&quot;orientation&quot;:&quot;0&quot;}\" data-image-title=\"sieste\" data-image-description=\"\" data-image-caption=\"\" data-large-file=\"https:\/\/i0.wp.com\/bottesetvelo.com\/blog\/wp-content\/uploads\/2016\/11\/nap-1412845_1280.jpg?fit=1024%2C682&amp;ssl=1\" class=\"alignright wp-image-2807\" src=\"https:\/\/i0.wp.com\/bottesetvelo.com\/blog\/wp-content\/uploads\/2016\/11\/nap-1412845_1280.jpg?resize=400%2C267&#038;ssl=1\" alt=\"sieste\" width=\"400\" height=\"267\" srcset=\"https:\/\/i0.wp.com\/bottesetvelo.com\/blog\/wp-content\/uploads\/2016\/11\/nap-1412845_1280.jpg?resize=500%2C333&amp;ssl=1 500w, https:\/\/i0.wp.com\/bottesetvelo.com\/blog\/wp-content\/uploads\/2016\/11\/nap-1412845_1280.jpg?resize=768%2C512&amp;ssl=1 768w, https:\/\/i0.wp.com\/bottesetvelo.com\/blog\/wp-content\/uploads\/2016\/11\/nap-1412845_1280.jpg?resize=1024%2C682&amp;ssl=1 1024w, https:\/\/i0.wp.com\/bottesetvelo.com\/blog\/wp-content\/uploads\/2016\/11\/nap-1412845_1280.jpg?w=1280&amp;ssl=1 1280w\" sizes=\"auto, (max-width: 400px) 100vw, 400px\" \/>Malgr\u00e9 la constance de son pas, il met du temps le p\u00e8lerin. Il en met du temps pour arriver jusqu\u2019\u00e0 nous, pour traverser nos vies. Et son passage provoque. Il questionne notre mode de vie. Lorsqu\u2019il s\u2019arr\u00eate et que nous avons enfin la chance de l\u2019interroger, c\u2019est toute sa vie que nous scrutons \u00e0 travers nos questions\u00a0: d\u2019o\u00f9 viens-tu? O\u00f9 vas-tu? Pourquoi? Croyant nous soulager par cet interrogatoire, il nous entra\u00eene encore plus loin dans nos tourments. Par ses r\u00e9ponses, c\u2019est toute notre vie qu\u2019il nous force \u00e0 examiner. Secou\u00e9s par cette rencontre, nous le quittons lentement, comme s\u2019il nous avait communiqu\u00e9 une part de sa lenteur. Dans nos urgences, on en vient souvent \u00e0 manquer l\u2019essentiel\u2026<\/p>\n<p style=\"text-align: justify;\">Pourquoi? M\u00eame si on la lui pose souvent cette question, sa r\u00e9ponse n\u2019est jamais la m\u00eame. Elle \u00e9volue. Sans cesse, il la refa\u00e7onne, la retourne, la polit. Sa r\u00e9ponse est en cheminement, tout comme il l\u2019est physiquement. D\u00e9gag\u00e9 des contraintes inutiles, il n\u2019a qu\u2019\u00e0 vivre. Tout son \u00eatre chemine, grignotant des bouts de chemin, des bouts de vie \u2013 non pour les poss\u00e9der, mais pour se laisser prendre, vivre en eux, avec eux. Le p\u00e8lerin se laisse traverser par le mouvement vivant du chemin, l\u2019appel du sanctuaire qui vibre en lui; et, au fond de nous-m\u00eames, cette audace nous attire et nous exasp\u00e8re. Tiraill\u00e9 entre esclavage et libert\u00e9, elle nous refl\u00e8te ce dont nous n\u2019avons pas le courage. Elle renvoie \u00e0 un vivre autrement dont l\u2019inconnu inqui\u00e8te le consommateur boulimique que nous sommes devenus. Elle nous renvoie \u00e0 une innocente confiance en la Vie. Une innocence que nous avons perdue\u2026 <img data-recalc-dims=\"1\" loading=\"lazy\" decoding=\"async\" data-attachment-id=\"2809\" data-permalink=\"https:\/\/bottesetvelo.com\/blog\/2016\/11\/25\/un-escargot-sur-lautoroute-de-la-vie\/trekking-245311_640\/\" data-orig-file=\"https:\/\/i0.wp.com\/bottesetvelo.com\/blog\/wp-content\/uploads\/2016\/11\/trekking-245311_640.jpg?fit=640%2C480&amp;ssl=1\" data-orig-size=\"640,480\" data-comments-opened=\"1\" data-image-meta=\"{&quot;aperture&quot;:&quot;0&quot;,&quot;credit&quot;:&quot;&quot;,&quot;camera&quot;:&quot;&quot;,&quot;caption&quot;:&quot;&quot;,&quot;created_timestamp&quot;:&quot;0&quot;,&quot;copyright&quot;:&quot;&quot;,&quot;focal_length&quot;:&quot;0&quot;,&quot;iso&quot;:&quot;0&quot;,&quot;shutter_speed&quot;:&quot;0&quot;,&quot;title&quot;:&quot;&quot;,&quot;orientation&quot;:&quot;0&quot;}\" data-image-title=\"trekking-245311_640\" data-image-description=\"\" data-image-caption=\"\" data-large-file=\"https:\/\/i0.wp.com\/bottesetvelo.com\/blog\/wp-content\/uploads\/2016\/11\/trekking-245311_640.jpg?fit=640%2C480&amp;ssl=1\" class=\"alignright wp-image-2809\" src=\"https:\/\/i0.wp.com\/bottesetvelo.com\/blog\/wp-content\/uploads\/2016\/11\/trekking-245311_640.jpg?resize=400%2C300&#038;ssl=1\" alt=\"trekking-245311_640\" width=\"400\" height=\"300\" srcset=\"https:\/\/i0.wp.com\/bottesetvelo.com\/blog\/wp-content\/uploads\/2016\/11\/trekking-245311_640.jpg?resize=500%2C375&amp;ssl=1 500w, https:\/\/i0.wp.com\/bottesetvelo.com\/blog\/wp-content\/uploads\/2016\/11\/trekking-245311_640.jpg?w=640&amp;ssl=1 640w\" sizes=\"auto, (max-width: 400px) 100vw, 400px\" \/>Le p\u00e8lerin avance, confiant. Il n\u2019attend rien, surtout pas qu\u2019on prenne sa vie en main. Il fait son chemin et en repr\u00e9cise la destination chaque jour. Il marche en qu\u00eate de v\u00e9rit\u00e9, en qu\u00eate d\u2019une vie vraie, sans artifice. Alors que nos vies d\u00e9bordent d\u2019exigences jusque dans nos pauvret\u00e9s.<\/p>\n<p style=\"text-align: justify;\">Regarder un p\u00e8lerin passer, c\u2019est comme s\u2019arr\u00eater pour regarder l\u2019escargot traverser le chemin\u00a0: le temps semble se fixer. Pourtant, il n\u2019en n\u2019est rien. Plus d\u00e9tendu, moins stress\u00e9, le p\u00e8lerin avance autrement. Il n\u2019\u00e9tait pas comme \u00e7a avant. C\u2019est l\u2019exp\u00e9rience qui l\u2019a transform\u00e9, qui l\u2019a fa\u00e7onn\u00e9 de l\u2019int\u00e9rieur. Une puissance invisible, instinctive, qui l\u2019attire et le d\u00e9fait de lui-m\u00eame. Le p\u00e8lerin a un impact social ind\u00e9niable. Tout en douceur, il en provoque plus d\u2019un sur son passage. C\u2019est un r\u00e9volutionnaire tranquille.<img data-recalc-dims=\"1\" loading=\"lazy\" decoding=\"async\" data-attachment-id=\"14\" data-permalink=\"https:\/\/bottesetvelo.com\/blog\/bottes-et-velo-le-blog\/bottes-et-velo-embleme\/\" data-orig-file=\"https:\/\/i0.wp.com\/bottesetvelo.com\/blog\/wp-content\/uploads\/2014\/01\/Bottes-et-V%C3%A9lo-Embl%C3%AAme-e1454083414631.jpg?fit=100%2C79&amp;ssl=1\" data-orig-size=\"100,79\" data-comments-opened=\"1\" data-image-meta=\"{&quot;aperture&quot;:&quot;0&quot;,&quot;credit&quot;:&quot;&quot;,&quot;camera&quot;:&quot;&quot;,&quot;caption&quot;:&quot;&quot;,&quot;created_timestamp&quot;:&quot;0&quot;,&quot;copyright&quot;:&quot;&quot;,&quot;focal_length&quot;:&quot;0&quot;,&quot;iso&quot;:&quot;0&quot;,&quot;shutter_speed&quot;:&quot;0&quot;,&quot;title&quot;:&quot;&quot;}\" data-image-title=\"Bottes et V\u00e9lo &amp;#8211; Embl\u00eame\" data-image-description=\"\" data-image-caption=\"\" data-large-file=\"https:\/\/i0.wp.com\/bottesetvelo.com\/blog\/wp-content\/uploads\/2014\/01\/Bottes-et-V%C3%A9lo-Embl%C3%AAme-e1454083414631.jpg?fit=100%2C79&amp;ssl=1\" class=\"alignright wp-image-14 \" src=\"https:\/\/i0.wp.com\/bottesetvelo.com\/blog\/wp-content\/uploads\/2014\/01\/Bottes-et-V%C3%A9lo-Embl%C3%AAme.jpg?resize=89%2C70&#038;ssl=1\" width=\"89\" height=\"70\" \/><\/p>\n<p style=\"text-align: justify;\">\u00c9ric Lalibert\u00e9<\/p>\n","protected":false},"excerpt":{"rendered":"<p>Le p\u00e8lerin, tout comme l\u2019escargot, porte sur lui un point d\u2019interrogation. Au c\u0153ur de notre 21i\u00e8me si\u00e8cle, sa lente pr\u00e9sence nous d\u00e9concerte. Auto-stoppeur? Itin\u00e9rant? Marchand ambulant? Pourquoi? Surtout, pourquoi? Le p\u00e8lerin est une interrogation pour notre \u00e9poque. Lorsqu\u2019il passe le p\u00e8lerin, il met du temps \u00e0 traverser nos vies. Alors que sa route s\u2019\u00e9tire, on&hellip;<\/p>\n","protected":false},"author":3,"featured_media":0,"comment_status":"open","ping_status":"open","sticky":false,"template":"","format":"standard","meta":{"jetpack_post_was_ever_published":false,"_jetpack_newsletter_access":"","_jetpack_dont_email_post_to_subs":false,"_jetpack_newsletter_tier_id":0,"_jetpack_memberships_contains_paywalled_content":false,"_jetpack_memberships_contains_paid_content":false,"footnotes":"","jetpack_publicize_message":"","jetpack_publicize_feature_enabled":true,"jetpack_social_post_already_shared":true,"jetpack_social_options":{"image_generator_settings":{"template":"highway","default_image_id":0,"font":"","enabled":false},"version":2}},"categories":[52,50,379,345,171],"tags":[275,103,433,168,431,432,13,429,430],"class_list":["post-2804","post","type-post","status-publish","format-standard","hentry","category-alternatives-de-vie","category-art-de-vivre","category-chemin-de-transformation","category-culture-de-consommation","category-pelerinage","tag-art-de-vivre","tag-bien-etre","tag-cheminement","tag-demarche-du-pelerin","tag-escargot","tag-impact","tag-pelerinage","tag-revolutionnaire","tag-tranquillite"],"jetpack_publicize_connections":[],"jetpack_featured_media_url":"","jetpack_shortlink":"https:\/\/wp.me\/p4eY6z-Je","jetpack_sharing_enabled":true,"jetpack_likes_enabled":true,"jetpack-related-posts":[],"_links":{"self":[{"href":"https:\/\/bottesetvelo.com\/blog\/wp-json\/wp\/v2\/posts\/2804","targetHints":{"allow":["GET"]}}],"collection":[{"href":"https:\/\/bottesetvelo.com\/blog\/wp-json\/wp\/v2\/posts"}],"about":[{"href":"https:\/\/bottesetvelo.com\/blog\/wp-json\/wp\/v2\/types\/post"}],"author":[{"embeddable":true,"href":"https:\/\/bottesetvelo.com\/blog\/wp-json\/wp\/v2\/users\/3"}],"replies":[{"embeddable":true,"href":"https:\/\/bottesetvelo.com\/blog\/wp-json\/wp\/v2\/comments?post=2804"}],"version-history":[{"count":4,"href":"https:\/\/bottesetvelo.com\/blog\/wp-json\/wp\/v2\/posts\/2804\/revisions"}],"predecessor-version":[{"id":2813,"href":"https:\/\/bottesetvelo.com\/blog\/wp-json\/wp\/v2\/posts\/2804\/revisions\/2813"}],"wp:attachment":[{"href":"https:\/\/bottesetvelo.com\/blog\/wp-json\/wp\/v2\/media?parent=2804"}],"wp:term":[{"taxonomy":"category","embeddable":true,"href":"https:\/\/bottesetvelo.com\/blog\/wp-json\/wp\/v2\/categories?post=2804"},{"taxonomy":"post_tag","embeddable":true,"href":"https:\/\/bottesetvelo.com\/blog\/wp-json\/wp\/v2\/tags?post=2804"}],"curies":[{"name":"wp","href":"https:\/\/api.w.org\/{rel}","templated":true}]}}