{"id":28,"date":"2014-01-12T14:08:38","date_gmt":"2014-01-12T14:08:38","guid":{"rendered":"http:\/\/bottesetvelo.com\/blog\/?p=28"},"modified":"2014-01-18T09:03:23","modified_gmt":"2014-01-18T14:03:23","slug":"bottes-et-velo-le-blog","status":"publish","type":"post","link":"https:\/\/bottesetvelo.com\/blog\/2014\/01\/12\/bottes-et-velo-le-blog\/","title":{"rendered":"Bottes et V\u00e9lo : LE BLOG!"},"content":{"rendered":"<p style=\"text-align: right;\"><span style=\"font-size: 8.0pt; mso-bidi-font-size: 12.0pt;\">\u00ab\u00a0Lorsque l&rsquo;eau est au repos et sans vie, elle devient am\u00e8re et pleine de vase, l&rsquo;eau qui court comme un torrent rugissant demeure pure et claire; de m\u00eame l&rsquo;\u00e2me du s\u00e9dentaire est faite de vase dans laquelle fermentent les regrets \u00e9ternellement rem\u00e2ch\u00e9s. Seule l&rsquo;\u00e2me du voyageur fait jaillir comme des torrents d&rsquo;eau claire les id\u00e9es nouvelles et les actes impr\u00e9vus.\u00a0\u00bb Mohammad Hassada<\/span><\/p>\n<p class=\"MsoNormal\" style=\"text-align: justify;\"><span style=\"font-size: 11.0pt; mso-bidi-font-size: 12.0pt;\">Chaque p\u00e8lerinage que nous entreprenons a un impact sur notre physique et sur notre psychique. Loin du confort douillet de notre petit nid bien am\u00e9nag\u00e9, loin de la routine s\u00e9curisante de notre vie r\u00e9gl\u00e9e \u00e0 la seconde pr\u00e8s et loin des services qui r\u00e9pondent aux besoins que l\u2019on n\u2019a m\u00eame pas encore formul\u00e9s, on apprend \u00e0 se conna\u00eetre et \u00e0 se red\u00e9finir. Une page blanche s\u2019ouvre.<span style=\"mso-spacerun: yes;\">\u00a0 <\/span>On se revoit, on se repense, on se redessine.<span style=\"mso-spacerun: yes;\">\u00a0 <\/span>Sur le chemin, on se d\u00e9couvre tel qu\u2019on est r\u00e9ellement.<span style=\"mso-spacerun: yes;\">\u00a0 <\/span>Sans nos costumes de sc\u00e8ne, sans \u00e9tiquette, tombent les masques.<span style=\"mso-spacerun: yes;\">\u00a0 <\/span>Une renaissance commence \u00e0 jaillir.<span style=\"mso-spacerun: yes;\">\u00a0 <\/span>Le tourbillon de questions nous soul\u00e8ve.<span style=\"mso-spacerun: yes;\">\u00a0 <\/span>Nos r\u00eaves oubli\u00e9s refont surface.<span style=\"mso-spacerun: yes;\">\u00a0 <\/span>Plus les kilom\u00e8tres passent et plus un nouveau moi se fa\u00e7onne.<span style=\"mso-spacerun: yes;\">\u00a0 <\/span>Celui que je veux r\u00e9ellement \u00eatre, la vie que je d\u00e9sire pleinement vivre, les qualit\u00e9s que je veux d\u00e9sormais voir s\u2019\u00e9panouir.<span style=\"mso-spacerun: yes;\">\u00a0 <\/span>La liste des r\u00e9solutions est longue! Et elle est tr\u00e8s certainement la pl<\/span><span style=\"font-size: 8.0pt; mso-bidi-font-size: 12.0pt;\"><a href=\"https:\/\/i0.wp.com\/bottesetvelo.com\/blog\/wp-content\/uploads\/2014\/01\/2009-Compostelle-et-Barcelone-011-02.jpg?ssl=1\"><img data-recalc-dims=\"1\" loading=\"lazy\" decoding=\"async\" data-attachment-id=\"24\" data-permalink=\"https:\/\/bottesetvelo.com\/blog\/bottes-et-velo-le-blog\/2009-compostelle-et-barcelone-011-02\/\" data-orig-file=\"https:\/\/i0.wp.com\/bottesetvelo.com\/blog\/wp-content\/uploads\/2014\/01\/2009-Compostelle-et-Barcelone-011-02.jpg?fit=2208%2C2840&amp;ssl=1\" data-orig-size=\"2208,2840\" data-comments-opened=\"1\" data-image-meta=\"{&quot;aperture&quot;:&quot;3.2&quot;,&quot;credit&quot;:&quot;&quot;,&quot;camera&quot;:&quot;Canon PowerShot SD890 IS&quot;,&quot;caption&quot;:&quot;&quot;,&quot;created_timestamp&quot;:&quot;1251030896&quot;,&quot;copyright&quot;:&quot;&quot;,&quot;focal_length&quot;:&quot;6.6&quot;,&quot;iso&quot;:&quot;80&quot;,&quot;shutter_speed&quot;:&quot;0.003125&quot;,&quot;title&quot;:&quot;&quot;}\" data-image-title=\"2009 &amp;#8211; Compostelle et Barcelone 011-02\" data-image-description=\"\" data-image-caption=\"\" data-large-file=\"https:\/\/i0.wp.com\/bottesetvelo.com\/blog\/wp-content\/uploads\/2014\/01\/2009-Compostelle-et-Barcelone-011-02.jpg?fit=796%2C1024&amp;ssl=1\" class=\"size-medium wp-image-24 alignright\" alt=\"2009 - Compostelle et Barcelone 011-02\" src=\"https:\/\/i0.wp.com\/bottesetvelo.com\/blog\/wp-content\/uploads\/2014\/01\/2009-Compostelle-et-Barcelone-011-02.jpg?resize=233%2C300&#038;ssl=1\" width=\"233\" height=\"300\" srcset=\"https:\/\/i0.wp.com\/bottesetvelo.com\/blog\/wp-content\/uploads\/2014\/01\/2009-Compostelle-et-Barcelone-011-02.jpg?resize=233%2C300&amp;ssl=1 233w, https:\/\/i0.wp.com\/bottesetvelo.com\/blog\/wp-content\/uploads\/2014\/01\/2009-Compostelle-et-Barcelone-011-02.jpg?resize=796%2C1024&amp;ssl=1 796w, https:\/\/i0.wp.com\/bottesetvelo.com\/blog\/wp-content\/uploads\/2014\/01\/2009-Compostelle-et-Barcelone-011-02.jpg?resize=624%2C802&amp;ssl=1 624w\" sizes=\"auto, (max-width: 233px) 100vw, 233px\" \/><\/a><\/span><span style=\"font-size: 11.0pt; mso-bidi-font-size: 12.0pt;\">us authentique qui vous soit donn\u00e9e d\u2019\u00e9laborer.<span style=\"mso-spacerun: yes;\">\u00a0 <\/span>Mais au moment du retour&#8230; tout cela nous parait quasi irr\u00e9alisable.<span style=\"mso-spacerun: yes;\">\u00a0 <\/span>Nous revenons dans un train qui file \u00e0 vive allure.<span style=\"mso-spacerun: yes;\">\u00a0 <\/span>Le temps nous glisse entre les doigts et le temps de prendre soin de nous est vite envol\u00e9 en fum\u00e9e. Pourtant, si je ne prends pas le temps d\u2019\u00eatre moi, qui le fera? <\/span><\/p>\n<p class=\"MsoNormal\" style=\"text-align: justify;\"><span style=\"font-size: 11.0pt; mso-bidi-font-size: 12.0pt;\">Tous ces apprentissages que nous avons faits en chemin doivent demeurer vivants \u00e0 notre retour.<span style=\"mso-spacerun: yes;\">\u00a0 <\/span>Ils doivent trouver une place pour s\u2019actualiser dans notre vie.<span style=\"mso-spacerun: yes;\">\u00a0 <\/span>Il nous faut la remodeler. Il suffit d\u2019un pas pour avancer. <span style=\"mso-spacerun: yes;\">\u00a0<\/span>Un petit pas \u00e0 la fois.<span style=\"mso-spacerun: yes;\">\u00a0 <\/span>Un petit changement ici, puis un autre l\u00e0.<span style=\"mso-spacerun: yes;\">\u00a0 <\/span>Graduellement, notre projection prendra forme. Mais pour y parvenir, il faut y croire, croire en soi.<span style=\"mso-spacerun: yes;\">\u00a0 <\/span>Martin Luther King a dit\u00a0: \u00ab\u00a0Avoir la foi, c&rsquo;est monter la premi\u00e8re marche, m\u00eame quand on ne voit pas tout l&rsquo;escalier\u00a0\u00bb.<\/span><\/p>\n<p class=\"MsoNormal\" style=\"text-align: justify;\"><span style=\"font-size: 11.0pt; mso-bidi-font-size: 12.0pt;\">Si vivre un p\u00e8lerinage c\u2019est marcher vers soi et apprendre \u00e0 mieux se conna\u00eetre, cr\u00e9er un blog c\u2019est aller vers l\u2019autre et partager qui on est pour vivre ensemble en harmonie. <span style=\"mso-spacerun: yes;\">\u00a0\u00a0<\/span>C\u2019est un des nombreux petits pas que nous avons choisi de faire pour vivre en accord avec nos valeurs, avec notre monde int\u00e9rieur.<span style=\"mso-spacerun: yes;\">\u00a0 <\/span><span style=\"mso-spacerun: yes;\">\u00a0<\/span>Cette fen\u00eatre virtuelle est un lieu de partage d\u2019expertises et d\u2019exp\u00e9riences, venant tant de vous que de nous.<span style=\"mso-spacerun: yes;\">\u00a0 <\/span>C\u2019est une invitation \u00e0 venir d\u00e9couvrir un mode de vie qui nous passionne durant le voyage et qui transforme notre r\u00e9alit\u00e9 une fois de retour \u00e0 la maison.<span style=\"mso-spacerun: yes;\">\u00a0 <\/span>C\u2019est une main qui se tend pour offrir de l\u2019accompagnement pour passer au travers de tous les \u00e9tats du p\u00e8lerin.<\/span><\/p>\n<p class=\"MsoNormal\" style=\"text-align: justify;\"><span style=\"font-size: 11.0pt; mso-bidi-font-size: 12.0pt;\">Pour faire un changement il faut passer \u00e0 l\u2019action.<span style=\"mso-spacerun: yes;\">\u00a0 <\/span>Pour nous cr\u00e9er ce blog c\u2019est vous entrainer avec nous dans ce mouvement vers un mieux-\u00eatre.<span style=\"mso-spacerun: yes;\">\u00a0 <\/span><\/span><\/p>\n<p>Brigitte Harouni<a href=\"https:\/\/i0.wp.com\/bottesetvelo.com\/blog\/wp-content\/uploads\/2014\/01\/Bottes-et-V%C3%A9lo-Embl%C3%AAme.jpg?ssl=1\"><img data-recalc-dims=\"1\" loading=\"lazy\" decoding=\"async\" data-attachment-id=\"14\" data-permalink=\"https:\/\/bottesetvelo.com\/blog\/bottes-et-velo-le-blog\/bottes-et-velo-embleme\/\" data-orig-file=\"https:\/\/i0.wp.com\/bottesetvelo.com\/blog\/wp-content\/uploads\/2014\/01\/Bottes-et-V%C3%A9lo-Embl%C3%AAme-e1454083414631.jpg?fit=100%2C79&amp;ssl=1\" data-orig-size=\"100,79\" data-comments-opened=\"1\" data-image-meta=\"{&quot;aperture&quot;:&quot;0&quot;,&quot;credit&quot;:&quot;&quot;,&quot;camera&quot;:&quot;&quot;,&quot;caption&quot;:&quot;&quot;,&quot;created_timestamp&quot;:&quot;0&quot;,&quot;copyright&quot;:&quot;&quot;,&quot;focal_length&quot;:&quot;0&quot;,&quot;iso&quot;:&quot;0&quot;,&quot;shutter_speed&quot;:&quot;0&quot;,&quot;title&quot;:&quot;&quot;}\" data-image-title=\"Bottes et V\u00e9lo &amp;#8211; Embl\u00eame\" data-image-description=\"\" data-image-caption=\"\" data-large-file=\"https:\/\/i0.wp.com\/bottesetvelo.com\/blog\/wp-content\/uploads\/2014\/01\/Bottes-et-V%C3%A9lo-Embl%C3%AAme-e1454083414631.jpg?fit=100%2C79&amp;ssl=1\" class=\"wp-image-14 alignright\" alt=\"Bottes et V\u00e9lo - Embl\u00eame\" src=\"https:\/\/i0.wp.com\/bottesetvelo.com\/blog\/wp-content\/uploads\/2014\/01\/Bottes-et-V%C3%A9lo-Embl%C3%AAme.jpg?resize=70%2C55&#038;ssl=1\" width=\"70\" height=\"55\" \/><\/a><\/p>\n","protected":false},"excerpt":{"rendered":"<p>\u00ab\u00a0Lorsque l&rsquo;eau est au repos et sans vie, elle devient am\u00e8re et pleine de vase, l&rsquo;eau qui court comme un torrent rugissant demeure pure et claire; de m\u00eame l&rsquo;\u00e2me du s\u00e9dentaire est faite de vase dans laquelle fermentent les regrets \u00e9ternellement rem\u00e2ch\u00e9s. Seule l&rsquo;\u00e2me du voyageur fait jaillir comme des torrents d&rsquo;eau claire les id\u00e9es&hellip;<\/p>\n","protected":false},"author":2,"featured_media":0,"comment_status":"open","ping_status":"open","sticky":false,"template":"","format":"standard","meta":{"jetpack_post_was_ever_published":false,"_jetpack_newsletter_access":"","_jetpack_dont_email_post_to_subs":false,"_jetpack_newsletter_tier_id":0,"_jetpack_memberships_contains_paywalled_content":false,"_jetpack_memberships_contains_paid_content":false,"footnotes":"","jetpack_publicize_message":"Bottes et V\u00e9lo : LE BLOG!\r\n\r\nLe blog de Bottes et V\u00e9lo entre en activit\u00e9 aujourd'hui: bottesetvelo.com\/blog","jetpack_publicize_feature_enabled":true,"jetpack_social_post_already_shared":true,"jetpack_social_options":{"image_generator_settings":{"template":"highway","default_image_id":0,"font":"","enabled":false},"version":2}},"categories":[3],"tags":[17,18,14,13,16,19,20,15],"class_list":["post-28","post","type-post","status-publish","format-standard","hentry","category-reflexions","tag-amerique-du-nord","tag-bottes-et-velo","tag-marche","tag-pelerinage","tag-quebec","tag-randonnee","tag-spiritualite","tag-velo"],"jetpack_publicize_connections":[],"jetpack_featured_media_url":"","jetpack_shortlink":"https:\/\/wp.me\/p4eY6z-s","jetpack_sharing_enabled":true,"jetpack_likes_enabled":true,"jetpack-related-posts":[],"_links":{"self":[{"href":"https:\/\/bottesetvelo.com\/blog\/wp-json\/wp\/v2\/posts\/28","targetHints":{"allow":["GET"]}}],"collection":[{"href":"https:\/\/bottesetvelo.com\/blog\/wp-json\/wp\/v2\/posts"}],"about":[{"href":"https:\/\/bottesetvelo.com\/blog\/wp-json\/wp\/v2\/types\/post"}],"author":[{"embeddable":true,"href":"https:\/\/bottesetvelo.com\/blog\/wp-json\/wp\/v2\/users\/2"}],"replies":[{"embeddable":true,"href":"https:\/\/bottesetvelo.com\/blog\/wp-json\/wp\/v2\/comments?post=28"}],"version-history":[{"count":3,"href":"https:\/\/bottesetvelo.com\/blog\/wp-json\/wp\/v2\/posts\/28\/revisions"}],"predecessor-version":[{"id":31,"href":"https:\/\/bottesetvelo.com\/blog\/wp-json\/wp\/v2\/posts\/28\/revisions\/31"}],"wp:attachment":[{"href":"https:\/\/bottesetvelo.com\/blog\/wp-json\/wp\/v2\/media?parent=28"}],"wp:term":[{"taxonomy":"category","embeddable":true,"href":"https:\/\/bottesetvelo.com\/blog\/wp-json\/wp\/v2\/categories?post=28"},{"taxonomy":"post_tag","embeddable":true,"href":"https:\/\/bottesetvelo.com\/blog\/wp-json\/wp\/v2\/tags?post=28"}],"curies":[{"name":"wp","href":"https:\/\/api.w.org\/{rel}","templated":true}]}}