{"id":2796,"date":"2016-11-18T15:38:02","date_gmt":"2016-11-18T20:38:02","guid":{"rendered":"http:\/\/bottesetvelo.com\/blog\/?p=2796"},"modified":"2016-11-18T18:47:56","modified_gmt":"2016-11-18T23:47:56","slug":"quel-est-ce-reve-qui-meveille-a-la-vie","status":"publish","type":"post","link":"https:\/\/bottesetvelo.com\/blog\/2016\/11\/18\/quel-est-ce-reve-qui-meveille-a-la-vie\/","title":{"rendered":"Quel est ce r\u00eave qui m\u2019\u00e9veille \u00e0 la vie?"},"content":{"rendered":"<h5 style=\"text-align: right;\"><strong><em>Fais de ta vie un r\u00eave, et d&rsquo;un r\u00eave, une r\u00e9alit\u00e9.<\/em><\/strong><br \/>\n<strong><em>Antoine de Saint-Exup\u00e9ry<\/em><\/strong><\/h5>\n<h5 style=\"text-align: justify;\"><span style=\"color: #003366;\"><img data-recalc-dims=\"1\" loading=\"lazy\" decoding=\"async\" data-attachment-id=\"2798\" data-permalink=\"https:\/\/bottesetvelo.com\/blog\/2016\/11\/18\/quel-est-ce-reve-qui-meveille-a-la-vie\/reve-2\/\" data-orig-file=\"https:\/\/i0.wp.com\/bottesetvelo.com\/blog\/wp-content\/uploads\/2016\/11\/r%C3%AAve-2.jpg?fit=1920%2C1173&amp;ssl=1\" data-orig-size=\"1920,1173\" data-comments-opened=\"1\" data-image-meta=\"{&quot;aperture&quot;:&quot;0&quot;,&quot;credit&quot;:&quot;&quot;,&quot;camera&quot;:&quot;&quot;,&quot;caption&quot;:&quot;&quot;,&quot;created_timestamp&quot;:&quot;0&quot;,&quot;copyright&quot;:&quot;&quot;,&quot;focal_length&quot;:&quot;0&quot;,&quot;iso&quot;:&quot;0&quot;,&quot;shutter_speed&quot;:&quot;0&quot;,&quot;title&quot;:&quot;&quot;,&quot;orientation&quot;:&quot;0&quot;}\" data-image-title=\"reve-2\" data-image-description=\"\" data-image-caption=\"\" data-large-file=\"https:\/\/i0.wp.com\/bottesetvelo.com\/blog\/wp-content\/uploads\/2016\/11\/r%C3%AAve-2.jpg?fit=1024%2C626&amp;ssl=1\" class=\"alignright wp-image-2798\" src=\"https:\/\/i0.wp.com\/bottesetvelo.com\/blog\/wp-content\/uploads\/2016\/11\/r%C3%AAve-2.jpg?resize=300%2C183&#038;ssl=1\" alt=\"reve-2\" width=\"300\" height=\"183\" srcset=\"https:\/\/i0.wp.com\/bottesetvelo.com\/blog\/wp-content\/uploads\/2016\/11\/r%C3%AAve-2.jpg?resize=500%2C305&amp;ssl=1 500w, https:\/\/i0.wp.com\/bottesetvelo.com\/blog\/wp-content\/uploads\/2016\/11\/r%C3%AAve-2.jpg?resize=768%2C469&amp;ssl=1 768w, https:\/\/i0.wp.com\/bottesetvelo.com\/blog\/wp-content\/uploads\/2016\/11\/r%C3%AAve-2.jpg?resize=1024%2C626&amp;ssl=1 1024w, https:\/\/i0.wp.com\/bottesetvelo.com\/blog\/wp-content\/uploads\/2016\/11\/r%C3%AAve-2.jpg?w=1920&amp;ssl=1 1920w\" sizes=\"auto, (max-width: 300px) 100vw, 300px\" \/>Quand on est jeune, notre univers d\u00e9borde de r\u00eaves de toutes sortes. Les yeux ferm\u00e9s, le soir dans notre lit, notre esprit cr\u00e9atif et imaginatif vivote, d\u2019un savoureux d\u00e9sir \u00e0 un autre. Avoir un petit chien, danser avec ce beau gar\u00e7on de la classe voisine auquel on n\u2019ose pas parler, vivre une aventure tr\u00e9pidante dans un d\u00e9cor rocambolesque avec notre meilleure amie. Puis, la vie de jeune adulte nous rattrape et nos r\u00eaves prennent une tournure souvent plus r\u00e9aliste\u00a0: partir en appartement avec son amoureux, vivre un mariage des plus romantiques, avoir des enfants, petits anges cornus adorables. Pass\u00e9 les vingt ans, les r\u00eaves deviennent des projets de vie r\u00e9fl\u00e9chis\u00a0: avoir une maison avec un beau jardin, trouver un travail dans le domaine d\u2019\u00e9tude, \u00e9lever trois enfants et voyager.Et souvent, les contes de f\u00e9es s\u2019arr\u00eatent l\u00e0\u00a0: ils se mari\u00e8rent, eurent beaucoup d\u2019enfants et v\u00e9curent heureux jusqu\u2019\u00e0 la fin des temps. On ne nous raconte jamais la suite de l\u2019histoire. Comme si apr\u00e8s toutes ces p\u00e9rip\u00e9ties de jeunesse, la vie prenait une vitesse de croisi\u00e8re et filait le parfait bonheur jusqu\u2019\u00e0 la fin. Pourtant, la r\u00e9alit\u00e9 est tout autre. Cette vitesse de croisi\u00e8re peut m\u00eame plut\u00f4t nous donner le sentiment d\u2019\u00eatre \u00e0 l\u2019arr\u00eat, sur le neutre. Alors je vous le demande\u00a0: \u00e0 quoi r\u00eave-t-on quand les enfants sont grands, que la maison est r\u00e9nov\u00e9e, que la carri\u00e8re est \u00e9tablie et que la routine est bien install\u00e9e? Sylvain Leli\u00e8vre a-t-il raison lorsqu\u2019il dit qu\u2019\u00a0\u00ab\u00a0en prenant de l\u2019\u00e2ge, on d\u00e9serte son propre c\u0153ur?<\/span><\/h5>\n<p style=\"text-align: justify;\"><img data-recalc-dims=\"1\" loading=\"lazy\" decoding=\"async\" data-attachment-id=\"2800\" data-permalink=\"https:\/\/bottesetvelo.com\/blog\/2016\/11\/18\/quel-est-ce-reve-qui-meveille-a-la-vie\/voyageur-bord-de-route\/\" data-orig-file=\"https:\/\/i0.wp.com\/bottesetvelo.com\/blog\/wp-content\/uploads\/2016\/11\/voyageur-bord-de-route.jpg?fit=1920%2C1241&amp;ssl=1\" data-orig-size=\"1920,1241\" data-comments-opened=\"1\" data-image-meta=\"{&quot;aperture&quot;:&quot;8&quot;,&quot;credit&quot;:&quot;&quot;,&quot;camera&quot;:&quot;ILCE-6000&quot;,&quot;caption&quot;:&quot;&quot;,&quot;created_timestamp&quot;:&quot;0&quot;,&quot;copyright&quot;:&quot;&quot;,&quot;focal_length&quot;:&quot;35&quot;,&quot;iso&quot;:&quot;250&quot;,&quot;shutter_speed&quot;:&quot;0.0166666666667&quot;,&quot;title&quot;:&quot;&quot;,&quot;orientation&quot;:&quot;0&quot;}\" data-image-title=\"voyageur-bord-de-route\" data-image-description=\"\" data-image-caption=\"\" data-large-file=\"https:\/\/i0.wp.com\/bottesetvelo.com\/blog\/wp-content\/uploads\/2016\/11\/voyageur-bord-de-route.jpg?fit=1024%2C662&amp;ssl=1\" class=\"wp-image-2800 alignleft\" src=\"https:\/\/i0.wp.com\/bottesetvelo.com\/blog\/wp-content\/uploads\/2016\/11\/voyageur-bord-de-route.jpg?resize=300%2C194&#038;ssl=1\" alt=\"voyageur-bord-de-route\" width=\"300\" height=\"194\" srcset=\"https:\/\/i0.wp.com\/bottesetvelo.com\/blog\/wp-content\/uploads\/2016\/11\/voyageur-bord-de-route.jpg?resize=500%2C323&amp;ssl=1 500w, https:\/\/i0.wp.com\/bottesetvelo.com\/blog\/wp-content\/uploads\/2016\/11\/voyageur-bord-de-route.jpg?resize=768%2C496&amp;ssl=1 768w, https:\/\/i0.wp.com\/bottesetvelo.com\/blog\/wp-content\/uploads\/2016\/11\/voyageur-bord-de-route.jpg?resize=1024%2C662&amp;ssl=1 1024w, https:\/\/i0.wp.com\/bottesetvelo.com\/blog\/wp-content\/uploads\/2016\/11\/voyageur-bord-de-route.jpg?w=1920&amp;ssl=1 1920w\" sizes=\"auto, (max-width: 300px) 100vw, 300px\" \/>C\u2019est souvent \u00e0 ce moment charni\u00e8re de notre vie que le d\u00e9sir de changer se fera sentir avec intensit\u00e9. Un sentiment d\u2019incompl\u00e9tude commence \u00e0 na\u00eetre que rien ne semble combler, ni le voyage dans un tout inclus \u00e0 Cuba, ni l\u2019escapade amoureuse dans un centre de massoth\u00e9rapie. Tous ces \u00ab\u00a0avoirs\u00a0\u00bb ne rassasient que temporairement et superficiellement. <strong><span style=\"color: #003366;\">C\u2019est un manque d\u2019\u00a0\u00ab\u00a0\u00eatre\u00a0\u00bb que l\u2019on ressent.<\/span><\/strong> Alors comment r\u00e9pondre \u00e0 ce qui cherche \u00e0 s\u2019exprimer? Maintenant adulte, nous n\u2019avons plus l\u2019\u00e2ge d\u2019apprendre \u00e0 patiner ou \u00e0 faire de la bicyclette. On a trop peur de tomber et de se faire mal. Notre parcours de vie, \u00e0 travers les moments difficiles et souffrants, en a \u00e9chaud\u00e9 plus d\u2019un. Combiner cette crainte acquise \u00e0 ce que notre monde moderne nous a conditionn\u00e9 \u00e0 faire\u00a0: planifier, organiser, pr\u00e9voir m\u00eame l\u2019impr\u00e9visible afin de le pr\u00e9venir, et vous obtenez un adulte fig\u00e9 sur le bord du chemin de la vie.<\/p>\n<p style=\"text-align: justify;\"><img data-recalc-dims=\"1\" loading=\"lazy\" decoding=\"async\" data-attachment-id=\"2799\" data-permalink=\"https:\/\/bottesetvelo.com\/blog\/2016\/11\/18\/quel-est-ce-reve-qui-meveille-a-la-vie\/reve-3\/\" data-orig-file=\"https:\/\/i0.wp.com\/bottesetvelo.com\/blog\/wp-content\/uploads\/2016\/11\/r%C3%AAve-3.jpg?fit=1920%2C1280&amp;ssl=1\" data-orig-size=\"1920,1280\" data-comments-opened=\"1\" data-image-meta=\"{&quot;aperture&quot;:&quot;0&quot;,&quot;credit&quot;:&quot;&quot;,&quot;camera&quot;:&quot;&quot;,&quot;caption&quot;:&quot;&quot;,&quot;created_timestamp&quot;:&quot;0&quot;,&quot;copyright&quot;:&quot;&quot;,&quot;focal_length&quot;:&quot;0&quot;,&quot;iso&quot;:&quot;0&quot;,&quot;shutter_speed&quot;:&quot;0&quot;,&quot;title&quot;:&quot;&quot;,&quot;orientation&quot;:&quot;0&quot;}\" data-image-title=\"reve-3\" data-image-description=\"\" data-image-caption=\"\" data-large-file=\"https:\/\/i0.wp.com\/bottesetvelo.com\/blog\/wp-content\/uploads\/2016\/11\/r%C3%AAve-3.jpg?fit=1024%2C683&amp;ssl=1\" class=\"alignright wp-image-2799\" src=\"https:\/\/i0.wp.com\/bottesetvelo.com\/blog\/wp-content\/uploads\/2016\/11\/r%C3%AAve-3.jpg?resize=300%2C200&#038;ssl=1\" alt=\"reve-3\" width=\"300\" height=\"200\" srcset=\"https:\/\/i0.wp.com\/bottesetvelo.com\/blog\/wp-content\/uploads\/2016\/11\/r%C3%AAve-3.jpg?resize=500%2C333&amp;ssl=1 500w, https:\/\/i0.wp.com\/bottesetvelo.com\/blog\/wp-content\/uploads\/2016\/11\/r%C3%AAve-3.jpg?resize=768%2C512&amp;ssl=1 768w, https:\/\/i0.wp.com\/bottesetvelo.com\/blog\/wp-content\/uploads\/2016\/11\/r%C3%AAve-3.jpg?resize=1024%2C683&amp;ssl=1 1024w, https:\/\/i0.wp.com\/bottesetvelo.com\/blog\/wp-content\/uploads\/2016\/11\/r%C3%AAve-3.jpg?w=1920&amp;ssl=1 1920w\" sizes=\"auto, (max-width: 300px) 100vw, 300px\" \/>Souvent conscient de ce qui nous appelle int\u00e9rieurement \u00a0et de ce que nous souhaitons vivre, on se retrouve coinc\u00e9 dans un conflit moral entre \u00ab\u00a0ce que je veux\u00a0\u00bb, les \u00ab\u00a0il faut\u00a0\u00bb et les \u00ab\u00a0qu&rsquo;en dira-t-on\u00a0\u00bb. Dans cette temp\u00eate int\u00e9rieure, le combat est souvent injuste car \u00ab\u00a0ce que je veux\u00a0\u00bb est encore bien jeune. Il a souvent grandit \u00e9touff\u00e9 par les \u00ab\u00a0il faut\u00a0\u00bb et les \u00ab\u00a0quand dira-t-on\u00a0\u00bb. L\u2019issue de la bataille n\u2019est pas d\u2019en sortir un gagnant, mais bien d\u2019arriver \u00e0 <strong><span style=\"color: #003366;\">une solution qui fasse consensus<\/span><\/strong>, une proposition qui tienne compte du point de vue de ces trois personnages et avec laquelle JE est pr\u00eat \u00e0 vivre.<\/p>\n<p style=\"text-align: justify;\">On a beau vouloir maintenir notre vie dans un \u00e9quilibre statique parfait et confortable, l\u2019omnipr\u00e9sence du changement dans tous les aspects de ce qui nous entoure rend cet objectif compl\u00e8tement utopique. Accepter le changement, c\u2019est \u00eatre conscient de la r\u00e9alit\u00e9 dans laquelle on chemine tant \u00e0 l\u2019ext\u00e9rieur qu\u2019\u00e0 l\u2019int\u00e9rieur. Certains changements sont tr\u00e8s accessibles et r\u00e9alisables. Ce sont de petits pas vers notre r\u00eave lequel se d\u00e9finira et prendra forme au fil des \u00e9tapes du parcours. Mais d\u2019autres changements peuvent s\u2019av\u00e9rer plus fous et inqui\u00e9tants pour nous et aux yeux de ceux qui nous entourent, eux qui g\u00e9n\u00e9ralement souhaitent rester dans un monde connu et s\u00e9curisant. De tels changements sont souvent signe que le d\u00e9sir est en gestation depuis bien longtemps dans notre esprit et qu\u2019ils sont plus que m\u00fbrs pour voir le jour. Jean-Pierre Ferland nous chante\u00a0po\u00e9tiquement: \u00ab\u00a0je veux mourir ma vie, et non vivre ma mort\u00a0\u00bb. Si l\u2019appel est si grand, il continuera de r\u00e9sonner et nous rappellera r\u00e9guli\u00e8rement. Alors <strong><span style=\"color: #003366;\">chacun \u00e0 son rythme, un pas \u00e0 la fois, on d\u00e9coupe le parcours pour le vivre \u00e0 travers des \u00e9tapes raisonnables qui correspondent \u00e0 ce qu\u2019on est pr\u00eat \u00e0 vivre<\/span><\/strong> sans se blesser et sans causer trop de d\u00e9g\u00e2ts autour de soi. Rien ne presse. C\u2019est un vrai p\u00e8lerinage qui commence, celui de <u>ma<\/u> vie!<img data-recalc-dims=\"1\" loading=\"lazy\" decoding=\"async\" data-attachment-id=\"14\" data-permalink=\"https:\/\/bottesetvelo.com\/blog\/bottes-et-velo-le-blog\/bottes-et-velo-embleme\/\" data-orig-file=\"https:\/\/i0.wp.com\/bottesetvelo.com\/blog\/wp-content\/uploads\/2014\/01\/Bottes-et-V%C3%A9lo-Embl%C3%AAme-e1454083414631.jpg?fit=100%2C79&amp;ssl=1\" data-orig-size=\"100,79\" data-comments-opened=\"1\" data-image-meta=\"{&quot;aperture&quot;:&quot;0&quot;,&quot;credit&quot;:&quot;&quot;,&quot;camera&quot;:&quot;&quot;,&quot;caption&quot;:&quot;&quot;,&quot;created_timestamp&quot;:&quot;0&quot;,&quot;copyright&quot;:&quot;&quot;,&quot;focal_length&quot;:&quot;0&quot;,&quot;iso&quot;:&quot;0&quot;,&quot;shutter_speed&quot;:&quot;0&quot;,&quot;title&quot;:&quot;&quot;}\" data-image-title=\"Bottes et V\u00e9lo &amp;#8211; Embl\u00eame\" data-image-description=\"\" data-image-caption=\"\" data-large-file=\"https:\/\/i0.wp.com\/bottesetvelo.com\/blog\/wp-content\/uploads\/2014\/01\/Bottes-et-V%C3%A9lo-Embl%C3%AAme-e1454083414631.jpg?fit=100%2C79&amp;ssl=1\" class=\"alignright wp-image-14\" src=\"https:\/\/i0.wp.com\/bottesetvelo.com\/blog\/wp-content\/uploads\/2014\/01\/Bottes-et-V%C3%A9lo-Embl%C3%AAme.jpg?resize=50%2C39&#038;ssl=1\" alt=\"Bottes et V\u00e9lo - Embl\u00eame\" width=\"50\" height=\"39\" \/><\/p>\n<p style=\"text-align: justify;\">Brigitte Harouni<\/p>\n","protected":false},"excerpt":{"rendered":"<p>Fais de ta vie un r\u00eave, et d&rsquo;un r\u00eave, une r\u00e9alit\u00e9. Antoine de Saint-Exup\u00e9ry Quand on est jeune, notre univers d\u00e9borde de r\u00eaves de toutes sortes. Les yeux ferm\u00e9s, le soir dans notre lit, notre esprit cr\u00e9atif et imaginatif vivote, d\u2019un savoureux d\u00e9sir \u00e0 un autre. Avoir un petit chien, danser avec ce beau gar\u00e7on&hellip;<\/p>\n","protected":false},"author":2,"featured_media":0,"comment_status":"open","ping_status":"open","sticky":false,"template":"","format":"standard","meta":{"jetpack_post_was_ever_published":false,"_jetpack_newsletter_access":"","_jetpack_dont_email_post_to_subs":true,"_jetpack_newsletter_tier_id":0,"_jetpack_memberships_contains_paywalled_content":false,"_jetpack_memberships_contains_paid_content":false,"footnotes":"","jetpack_publicize_message":"","jetpack_publicize_feature_enabled":true,"jetpack_social_post_already_shared":true,"jetpack_social_options":{"image_generator_settings":{"template":"highway","default_image_id":0,"font":"","enabled":false},"version":2}},"categories":[50,379,380,39,3,381],"tags":[275,285,13,192,197,121],"class_list":["post-2796","post","type-post","status-publish","format-standard","hentry","category-art-de-vivre","category-chemin-de-transformation","category-conscientisation","category-croissance-personnelle","category-reflexions","category-transformation","tag-art-de-vivre","tag-gout-de-vivre","tag-pelerinage","tag-quete-spirituelle","tag-transition","tag-zone-de-confort"],"jetpack_publicize_connections":[],"jetpack_featured_media_url":"","jetpack_shortlink":"https:\/\/wp.me\/p4eY6z-J6","jetpack_sharing_enabled":true,"jetpack_likes_enabled":true,"jetpack-related-posts":[],"_links":{"self":[{"href":"https:\/\/bottesetvelo.com\/blog\/wp-json\/wp\/v2\/posts\/2796","targetHints":{"allow":["GET"]}}],"collection":[{"href":"https:\/\/bottesetvelo.com\/blog\/wp-json\/wp\/v2\/posts"}],"about":[{"href":"https:\/\/bottesetvelo.com\/blog\/wp-json\/wp\/v2\/types\/post"}],"author":[{"embeddable":true,"href":"https:\/\/bottesetvelo.com\/blog\/wp-json\/wp\/v2\/users\/2"}],"replies":[{"embeddable":true,"href":"https:\/\/bottesetvelo.com\/blog\/wp-json\/wp\/v2\/comments?post=2796"}],"version-history":[{"count":3,"href":"https:\/\/bottesetvelo.com\/blog\/wp-json\/wp\/v2\/posts\/2796\/revisions"}],"predecessor-version":[{"id":2802,"href":"https:\/\/bottesetvelo.com\/blog\/wp-json\/wp\/v2\/posts\/2796\/revisions\/2802"}],"wp:attachment":[{"href":"https:\/\/bottesetvelo.com\/blog\/wp-json\/wp\/v2\/media?parent=2796"}],"wp:term":[{"taxonomy":"category","embeddable":true,"href":"https:\/\/bottesetvelo.com\/blog\/wp-json\/wp\/v2\/categories?post=2796"},{"taxonomy":"post_tag","embeddable":true,"href":"https:\/\/bottesetvelo.com\/blog\/wp-json\/wp\/v2\/tags?post=2796"}],"curies":[{"name":"wp","href":"https:\/\/api.w.org\/{rel}","templated":true}]}}