{"id":2778,"date":"2016-11-04T11:35:19","date_gmt":"2016-11-04T15:35:19","guid":{"rendered":"http:\/\/bottesetvelo.com\/blog\/?p=2778"},"modified":"2016-11-04T11:35:19","modified_gmt":"2016-11-04T15:35:19","slug":"le-choc-du-retour","status":"publish","type":"post","link":"https:\/\/bottesetvelo.com\/blog\/2016\/11\/04\/le-choc-du-retour\/","title":{"rendered":"Le choc du retour"},"content":{"rendered":"<h5 style=\"text-align: right;\"><em>L\u2019herbe est toujours plus verte ailleurs<\/em><br \/>\n<em>Proverbe fran\u00e7ais<\/em><\/h5>\n<h5 style=\"text-align: justify;\"><span style=\"color: #003366;\">Peu importe le voyage que nous entreprenons, que ce soit pour vacances, pour un d\u00e9fi sportif ou pour du ressourcement, nous partons \u00e0 la d\u00e9couverte d\u2019un ailleurs et d\u2019un autrement. Celui qui part en p\u00e8lerinage, n\u2019est pas bien diff\u00e9rent du voyageur. Il quitte son quotidien pour se donner un espace et un temps pour vivre une exp\u00e9rience, qu\u2019il esp\u00e8re lui fera du bien.<\/span><\/h5>\n<p style=\"text-align: justify;\">Tout voyage est un temps pass\u00e9 en marge de notre quotidien. La destination que nous choisissons et l\u2019objectif de notre voyage parlent de nous et de ce que nous attendons de notre vie. Partir, c\u2019est se donner l\u2019espace pour vivre autrement, vivre dans un contexte qui se rapproche davantage de mes valeurs et de ce que je souhaite vivre. Partir vers cet ailleurs, c\u2019est <img data-recalc-dims=\"1\" loading=\"lazy\" decoding=\"async\" data-attachment-id=\"2781\" data-permalink=\"https:\/\/bottesetvelo.com\/blog\/2016\/11\/04\/le-choc-du-retour\/img_0987-3\/\" data-orig-file=\"https:\/\/i0.wp.com\/bottesetvelo.com\/blog\/wp-content\/uploads\/2016\/11\/IMG_0987.jpg?fit=2592%2C1936&amp;ssl=1\" data-orig-size=\"2592,1936\" data-comments-opened=\"1\" data-image-meta=\"{&quot;aperture&quot;:&quot;2.8&quot;,&quot;credit&quot;:&quot;&quot;,&quot;camera&quot;:&quot;iPhone 4&quot;,&quot;caption&quot;:&quot;&quot;,&quot;created_timestamp&quot;:&quot;1373208533&quot;,&quot;copyright&quot;:&quot;&quot;,&quot;focal_length&quot;:&quot;3.85&quot;,&quot;iso&quot;:&quot;80&quot;,&quot;shutter_speed&quot;:&quot;0.000431034482759&quot;,&quot;title&quot;:&quot;&quot;,&quot;orientation&quot;:&quot;1&quot;}\" data-image-title=\"Bottes et V\u00e9lo &amp;#8211; Compostelle\" data-image-description=\"\" data-image-caption=\"\" data-large-file=\"https:\/\/i0.wp.com\/bottesetvelo.com\/blog\/wp-content\/uploads\/2016\/11\/IMG_0987.jpg?fit=1024%2C765&amp;ssl=1\" class=\"wp-image-2781 alignleft\" src=\"https:\/\/i0.wp.com\/bottesetvelo.com\/blog\/wp-content\/uploads\/2016\/11\/IMG_0987.jpg?resize=300%2C224&#038;ssl=1\" alt=\"Bottes et V\u00e9lo - Compostelle\" width=\"300\" height=\"224\" srcset=\"https:\/\/i0.wp.com\/bottesetvelo.com\/blog\/wp-content\/uploads\/2016\/11\/IMG_0987.jpg?resize=500%2C373&amp;ssl=1 500w, https:\/\/i0.wp.com\/bottesetvelo.com\/blog\/wp-content\/uploads\/2016\/11\/IMG_0987.jpg?resize=768%2C574&amp;ssl=1 768w, https:\/\/i0.wp.com\/bottesetvelo.com\/blog\/wp-content\/uploads\/2016\/11\/IMG_0987.jpg?resize=1024%2C765&amp;ssl=1 1024w, https:\/\/i0.wp.com\/bottesetvelo.com\/blog\/wp-content\/uploads\/2016\/11\/IMG_0987.jpg?w=2340&amp;ssl=1 2340w\" sizes=\"auto, (max-width: 300px) 100vw, 300px\" \/>croire que la r\u00e9ponse n\u2019existe pas ici, c\u2019est croire qu\u2019elle ne peut \u00eatre r\u00e9alis\u00e9e avec les param\u00e8tres de ma vie actuelle.<\/p>\n<p style=\"text-align: justify;\">Comme tout voyageur, le p\u00e8lerin rapporte des souvenirs et des anecdotes m\u00e9morables de ce temps d\u2019exil. Mais qu\u2019a-t-il r\u00e9ellement aim\u00e9 sur le chemin de Compostelle? Que disent ces souvenirs? Comment parlent-ils du p\u00e8lerin et de ce qu\u2019il aime de la vie? On croit souvent que les souvenirs sont sur les photos ou dans cet objet que l\u2019on a achet\u00e9. Ils sont souvent bien plus dans les \u00e9motions que nous avons v\u00e9cues sur le chemin\u00a0: les rires et les \u00e9changes sympathiques autour d\u2019un repas pris avec des personnes que l\u2019on ne connaissait pourtant pas, le plaisir des rencontres et des amiti\u00e9s sans lendemain et sans attaches, les gestes de g\u00e9n\u00e9rosit\u00e9 toute gratuite que l\u2019on observe \u00e0 tout moment de la route, le partage, l\u2019entraide, les bonjours et les sourires entre inconnus, le plaisir du silence dans sa t\u00eate, le plaisir des longs moments de douce solitude, le plaisir du d\u00e9placement et du nomadisme\u2026 <strong><span style=\"color: #003366;\">Tous ces moments de vie que le p\u00e8lerin a savour\u00e9s chemin faisant parlent de lui et de ce qu\u2019il aimerait vivre dans son quotidien.<\/span><\/strong><\/p>\n<p style=\"text-align: justify;\"><img data-recalc-dims=\"1\" loading=\"lazy\" decoding=\"async\" data-attachment-id=\"2783\" data-permalink=\"https:\/\/bottesetvelo.com\/blog\/2016\/11\/04\/le-choc-du-retour\/2015-02-22-13-03-10-2\/\" data-orig-file=\"https:\/\/i0.wp.com\/bottesetvelo.com\/blog\/wp-content\/uploads\/2016\/11\/2015-02-22-13.03.10.jpg?fit=3264%2C2448&amp;ssl=1\" data-orig-size=\"3264,2448\" data-comments-opened=\"1\" data-image-meta=\"{&quot;aperture&quot;:&quot;2.6&quot;,&quot;credit&quot;:&quot;&quot;,&quot;camera&quot;:&quot;SGH-I747M&quot;,&quot;caption&quot;:&quot;&quot;,&quot;created_timestamp&quot;:&quot;1424610190&quot;,&quot;copyright&quot;:&quot;&quot;,&quot;focal_length&quot;:&quot;3.7&quot;,&quot;iso&quot;:&quot;50&quot;,&quot;shutter_speed&quot;:&quot;0.000247524752475&quot;,&quot;title&quot;:&quot;&quot;,&quot;orientation&quot;:&quot;1&quot;}\" data-image-title=\"Bottes et V\u00e9lo\" data-image-description=\"\" data-image-caption=\"\" data-large-file=\"https:\/\/i0.wp.com\/bottesetvelo.com\/blog\/wp-content\/uploads\/2016\/11\/2015-02-22-13.03.10.jpg?fit=1024%2C768&amp;ssl=1\" class=\"wp-image-2783 alignright\" src=\"https:\/\/i0.wp.com\/bottesetvelo.com\/blog\/wp-content\/uploads\/2016\/11\/2015-02-22-13.03.10.jpg?resize=300%2C225&#038;ssl=1\" alt=\"Bottes et V\u00e9lo\" width=\"300\" height=\"225\" srcset=\"https:\/\/i0.wp.com\/bottesetvelo.com\/blog\/wp-content\/uploads\/2016\/11\/2015-02-22-13.03.10.jpg?resize=500%2C375&amp;ssl=1 500w, https:\/\/i0.wp.com\/bottesetvelo.com\/blog\/wp-content\/uploads\/2016\/11\/2015-02-22-13.03.10.jpg?resize=768%2C576&amp;ssl=1 768w, https:\/\/i0.wp.com\/bottesetvelo.com\/blog\/wp-content\/uploads\/2016\/11\/2015-02-22-13.03.10.jpg?resize=1024%2C768&amp;ssl=1 1024w, https:\/\/i0.wp.com\/bottesetvelo.com\/blog\/wp-content\/uploads\/2016\/11\/2015-02-22-13.03.10.jpg?w=2340&amp;ssl=1 2340w\" sizes=\"auto, (max-width: 300px) 100vw, 300px\" \/>Pour plusieurs, le retour de p\u00e8lerinage est difficile et ne se fait pas sans douleur, ni sans heurt. Le d\u00e9calage entre ce qui \u00e9tait v\u00e9cu sur le chemin et les attentes face \u00e0 la vie quotidienne dans laquelle le p\u00e8lerin revient peut \u00eatre tr\u00e8s significatif et faire en sorte que le p\u00e8lerin en revienne d\u00e9stabilis\u00e9 et d\u00e9boussol\u00e9. Maintenant conscient qu\u2019il lui est possible de ressentir la vie autrement, il lui est difficile d\u2019accepter de recommencer \u00e0 vivre certains aspects de sa vie \u00ab\u00a0habituelle\u00a0\u00bb. Certains p\u00e8lerins, ceux qui s\u2019\u00e9taient laiss\u00e9s toucher et transformer par l\u2019exp\u00e9rience de vie p\u00e8lerine, ceux qui se l\u2019\u00e9taient appropri\u00e9e car elle correspondait en plusieurs points \u00e0 ce qu\u2019ils attendent de leur vie, pour ceux-l\u00e0, le retour risque d\u2019entra\u00eener des changements marqu\u00e9s dans leur environnement de vie. <span style=\"color: #003366;\"><strong>Plus l\u2019\u00e9cart entre l\u2019exp\u00e9rience p\u00e8lerine v\u00e9cue et le quotidien de la vie r\u00e9elle est prononc\u00e9, plus le choc du retour se fera sentir.<\/strong><\/span> Ce choc met en \u00e9vidence les incoh\u00e9rences que vit le p\u00e8lerin entre son environnement de vie et ses valeurs profondes. \u00c0 son retour, le p\u00e8lerin doit \u00eatre \u00e0 l\u2019\u00e9coute des \u00e9motions qui le traversent pour en cerner le sens. D\u00e8s lors qu\u2019il en prend conscience, son d\u00e9fi sera alors de voir comment r\u00e9am\u00e9nager son quotidien pour l\u2019adapter et le rendre conforme \u00e0 ce qu\u2019il d\u00e9sire vivre r\u00e9ellement. C\u2019est donc dire qu\u2019il tentera de mettre en lumi\u00e8re ce qu\u2019il a aim\u00e9 vivre ailleurs, pour l\u2019appliquer et l\u2019adapter \u00e0 la r\u00e9alit\u00e9 de sa vie quotidienne.<\/p>\n<p style=\"text-align: justify;\"><img data-recalc-dims=\"1\" loading=\"lazy\" decoding=\"async\" data-attachment-id=\"2784\" data-permalink=\"https:\/\/bottesetvelo.com\/blog\/2016\/11\/04\/le-choc-du-retour\/ete-2009-231-3\/\" data-orig-file=\"https:\/\/i0.wp.com\/bottesetvelo.com\/blog\/wp-content\/uploads\/2016\/11\/%C3%89t%C3%A9-2009-231.jpg?fit=2486%2C1818&amp;ssl=1\" data-orig-size=\"2486,1818\" data-comments-opened=\"1\" data-image-meta=\"{&quot;aperture&quot;:&quot;5.6&quot;,&quot;credit&quot;:&quot;&quot;,&quot;camera&quot;:&quot;DMC-LZ2&quot;,&quot;caption&quot;:&quot;&quot;,&quot;created_timestamp&quot;:&quot;1249126542&quot;,&quot;copyright&quot;:&quot;&quot;,&quot;focal_length&quot;:&quot;6.1&quot;,&quot;iso&quot;:&quot;80&quot;,&quot;shutter_speed&quot;:&quot;0.0025&quot;,&quot;title&quot;:&quot;&quot;,&quot;orientation&quot;:&quot;1&quot;}\" data-image-title=\"Bottes et V\u00e9lo\" data-image-description=\"\" data-image-caption=\"\" data-large-file=\"https:\/\/i0.wp.com\/bottesetvelo.com\/blog\/wp-content\/uploads\/2016\/11\/%C3%89t%C3%A9-2009-231.jpg?fit=1024%2C749&amp;ssl=1\" class=\"alignright wp-image-2784\" src=\"https:\/\/i0.wp.com\/bottesetvelo.com\/blog\/wp-content\/uploads\/2016\/11\/%C3%89t%C3%A9-2009-231.jpg?resize=300%2C219&#038;ssl=1\" alt=\"Bottes et V\u00e9lo \" width=\"300\" height=\"219\" srcset=\"https:\/\/i0.wp.com\/bottesetvelo.com\/blog\/wp-content\/uploads\/2016\/11\/%C3%89t%C3%A9-2009-231.jpg?resize=500%2C366&amp;ssl=1 500w, https:\/\/i0.wp.com\/bottesetvelo.com\/blog\/wp-content\/uploads\/2016\/11\/%C3%89t%C3%A9-2009-231.jpg?resize=768%2C562&amp;ssl=1 768w, https:\/\/i0.wp.com\/bottesetvelo.com\/blog\/wp-content\/uploads\/2016\/11\/%C3%89t%C3%A9-2009-231.jpg?resize=1024%2C749&amp;ssl=1 1024w, https:\/\/i0.wp.com\/bottesetvelo.com\/blog\/wp-content\/uploads\/2016\/11\/%C3%89t%C3%A9-2009-231.jpg?w=2340&amp;ssl=1 2340w\" sizes=\"auto, (max-width: 300px) 100vw, 300px\" \/>Nous avons tendance \u00e0 \u00eatre p\u00e8lerin, touriste, ou vacancier, ailleurs, pensant que c\u2019est le d\u00e9paysement qui fait nous du bien. Et pourtant, on voit r\u00e9guli\u00e8rement des \u00e9trangers venir chez nous et s\u2019\u00e9merveiller de nos richesses et de l\u2019accueil chaleureux qu\u2019ils y re\u00e7oivent. <strong><span style=\"color: #003366;\">La question qu\u2019il faut donc se poser c\u2019est \u00ab\u00a0qu\u2019est-ce que je cherche?\u00a0\u00bb<\/span><\/strong>\u00a0: du temps? du changement? du d\u00e9passement? des relations simples et agr\u00e9ables? de la libert\u00e9?&#8230; Le voyage, de par son caract\u00e8re en marge de la r\u00e9alit\u00e9, offre la distance et le recul n\u00e9cessaire pour identifier ou faire \u00e9merger l\u2019inconfort, l\u2019insatisfaction, que le voyageur cherche \u00e0 combler. Le voyage ou le p\u00e8lerinage sont des moyens pour satisfaire temporairement sentiment d&rsquo;incompl\u00e9tude, qui plus est de mani\u00e8re illusoire. La r\u00e9ponse recherch\u00e9e, celle qui aura un effet durable, celle parfois difficile \u00e0 entendre, est souvent en soi. S&rsquo;arr\u00eater, cesser de s&rsquo;agiter, c&rsquo;est s&rsquo;accorder de l&rsquo;attention et de l&rsquo;\u00e9couter face \u00e0 ce qui cherche \u00e0 se dire en moi.<\/p>\n<p style=\"text-align: justify;\">Le p\u00e8lerinage est historiquement un chemin de foi. Le p\u00e8lerin d\u2019aujourd\u2019hui ne doit pas faire abstraction de aspect du p\u00e8lerinage qui est l&rsquo;essence m\u00eame du chemin, celle qui lui conf\u00e8re son pouvoir notoire. Avoir la foi, que l\u2019on parle de religion ou non, c\u2019est croire. Et croire, c\u2019est voir que l\u2019herbe peut aussi \u00eatre verte ici.<\/p>\n<p style=\"text-align: justify;\">Brigitte Harouni<img data-recalc-dims=\"1\" loading=\"lazy\" decoding=\"async\" data-attachment-id=\"14\" data-permalink=\"https:\/\/bottesetvelo.com\/blog\/bottes-et-velo-le-blog\/bottes-et-velo-embleme\/\" data-orig-file=\"https:\/\/i0.wp.com\/bottesetvelo.com\/blog\/wp-content\/uploads\/2014\/01\/Bottes-et-V%C3%A9lo-Embl%C3%AAme-e1454083414631.jpg?fit=100%2C79&amp;ssl=1\" data-orig-size=\"100,79\" data-comments-opened=\"1\" data-image-meta=\"{&quot;aperture&quot;:&quot;0&quot;,&quot;credit&quot;:&quot;&quot;,&quot;camera&quot;:&quot;&quot;,&quot;caption&quot;:&quot;&quot;,&quot;created_timestamp&quot;:&quot;0&quot;,&quot;copyright&quot;:&quot;&quot;,&quot;focal_length&quot;:&quot;0&quot;,&quot;iso&quot;:&quot;0&quot;,&quot;shutter_speed&quot;:&quot;0&quot;,&quot;title&quot;:&quot;&quot;}\" data-image-title=\"Bottes et V\u00e9lo &amp;#8211; Embl\u00eame\" data-image-description=\"\" data-image-caption=\"\" data-large-file=\"https:\/\/i0.wp.com\/bottesetvelo.com\/blog\/wp-content\/uploads\/2014\/01\/Bottes-et-V%C3%A9lo-Embl%C3%AAme-e1454083414631.jpg?fit=100%2C79&amp;ssl=1\" class=\"alignright wp-image-14\" src=\"https:\/\/i0.wp.com\/bottesetvelo.com\/blog\/wp-content\/uploads\/2014\/01\/Bottes-et-V%C3%A9lo-Embl%C3%AAme.jpg?resize=50%2C39&#038;ssl=1\" alt=\"Bottes et V\u00e9lo - Embl\u00eame\" width=\"50\" height=\"39\" \/><\/p>\n","protected":false},"excerpt":{"rendered":"<p>L\u2019herbe est toujours plus verte ailleurs Proverbe fran\u00e7ais Peu importe le voyage que nous entreprenons, que ce soit pour vacances, pour un d\u00e9fi sportif ou pour du ressourcement, nous partons \u00e0 la d\u00e9couverte d\u2019un ailleurs et d\u2019un autrement. Celui qui part en p\u00e8lerinage, n\u2019est pas bien diff\u00e9rent du voyageur. Il quitte son quotidien pour se&hellip;<\/p>\n","protected":false},"author":2,"featured_media":0,"comment_status":"open","ping_status":"open","sticky":false,"template":"","format":"standard","meta":{"jetpack_post_was_ever_published":false,"_jetpack_newsletter_access":"","_jetpack_dont_email_post_to_subs":false,"_jetpack_newsletter_tier_id":0,"_jetpack_memberships_contains_paywalled_content":false,"_jetpack_memberships_contains_paid_content":false,"footnotes":"","jetpack_publicize_message":"","jetpack_publicize_feature_enabled":true,"jetpack_social_post_already_shared":true,"jetpack_social_options":{"image_generator_settings":{"template":"highway","default_image_id":0,"font":"","enabled":false},"version":2}},"categories":[50,379,380,171,3,37,381,1],"tags":[275,103,109,80,168,285,273,13,96,38,94],"class_list":["post-2778","post","type-post","status-publish","format-standard","hentry","category-art-de-vivre","category-chemin-de-transformation","category-conscientisation","category-pelerinage","category-reflexions","category-spiritualite-2","category-transformation","category-uncategorized","tag-art-de-vivre","tag-bien-etre","tag-bonheur","tag-compostelle","tag-demarche-du-pelerin","tag-gout-de-vivre","tag-gouter-la-vie","tag-pelerinage","tag-qualite-de-vie","tag-reflexion","tag-vivre-simplement"],"jetpack_publicize_connections":[],"jetpack_featured_media_url":"","jetpack_shortlink":"https:\/\/wp.me\/p4eY6z-IO","jetpack_sharing_enabled":true,"jetpack_likes_enabled":true,"jetpack-related-posts":[],"_links":{"self":[{"href":"https:\/\/bottesetvelo.com\/blog\/wp-json\/wp\/v2\/posts\/2778","targetHints":{"allow":["GET"]}}],"collection":[{"href":"https:\/\/bottesetvelo.com\/blog\/wp-json\/wp\/v2\/posts"}],"about":[{"href":"https:\/\/bottesetvelo.com\/blog\/wp-json\/wp\/v2\/types\/post"}],"author":[{"embeddable":true,"href":"https:\/\/bottesetvelo.com\/blog\/wp-json\/wp\/v2\/users\/2"}],"replies":[{"embeddable":true,"href":"https:\/\/bottesetvelo.com\/blog\/wp-json\/wp\/v2\/comments?post=2778"}],"version-history":[{"count":4,"href":"https:\/\/bottesetvelo.com\/blog\/wp-json\/wp\/v2\/posts\/2778\/revisions"}],"predecessor-version":[{"id":2785,"href":"https:\/\/bottesetvelo.com\/blog\/wp-json\/wp\/v2\/posts\/2778\/revisions\/2785"}],"wp:attachment":[{"href":"https:\/\/bottesetvelo.com\/blog\/wp-json\/wp\/v2\/media?parent=2778"}],"wp:term":[{"taxonomy":"category","embeddable":true,"href":"https:\/\/bottesetvelo.com\/blog\/wp-json\/wp\/v2\/categories?post=2778"},{"taxonomy":"post_tag","embeddable":true,"href":"https:\/\/bottesetvelo.com\/blog\/wp-json\/wp\/v2\/tags?post=2778"}],"curies":[{"name":"wp","href":"https:\/\/api.w.org\/{rel}","templated":true}]}}