{"id":2752,"date":"2016-10-14T16:17:15","date_gmt":"2016-10-14T20:17:15","guid":{"rendered":"http:\/\/bottesetvelo.com\/blog\/?p=2752"},"modified":"2016-10-14T16:17:15","modified_gmt":"2016-10-14T20:17:15","slug":"laccompagnement-du-pelerin-randonneur","status":"publish","type":"post","link":"https:\/\/bottesetvelo.com\/blog\/2016\/10\/14\/laccompagnement-du-pelerin-randonneur\/","title":{"rendered":"L\u2019accompagnement du p\u00e8lerin-randonneur"},"content":{"rendered":"<h6 style=\"text-align: right;\">Accompagner quelqu\u2019un, c\u2019est se placer ni devant, ni derri\u00e8re, ni \u00e0 la place. C\u2019est \u00eatre \u00e0 c\u00f4t\u00e9.<br \/>\nJoseph Templier<\/h6>\n<h5 style=\"text-align: justify;\"><span style=\"color: #003366;\">Certaines personnes voient dans Bottes et V\u00e9lo une forme d\u2019agence de voyages ou un groupe religieux. <span style=\"color: #000000;\"><em>D\u00e9trompez-vous tout de suite, ce n\u2019est pas le cas! <\/em><\/span>Le p\u00e8lerinage de longue randonn\u00e9e s\u2019est affranchit d\u2019un religieux explicite depuis plusieurs ann\u00e9es pour entrer dans une d\u00e9marche spirituelle plus universelle. C\u2019est tout le sens de sa vie que questionne le p\u00e8lerin \u00e0 travers cette exp\u00e9rience. Si \u00ab\u00a0Bottes et V\u00e9lo \u2013\u00a0Le p\u00e8lerin dans tous \u00e9tats\u00a0\u00bb a vu le jour, c\u2019est pour r\u00e9pondre \u00e0 ce constat\u00a0: hors d\u2019un soutien logistique et mat\u00e9riel, il n\u2019existe aucun accompagnement pour soutenir le p\u00e8lerin dans cette d\u00e9marche qui l\u2019interpelle jusque dans ses fondements.<\/span><\/h5>\n<p style=\"text-align: justify;\"><img data-recalc-dims=\"1\" loading=\"lazy\" decoding=\"async\" data-attachment-id=\"1983\" data-permalink=\"https:\/\/bottesetvelo.com\/blog\/2015\/08\/09\/inscriptions-derniers-sejours-ressourcement-et-pelerinage-pour-la-saison-2015\/2015-05-30-15-54-50-2\/\" data-orig-file=\"https:\/\/i0.wp.com\/bottesetvelo.com\/blog\/wp-content\/uploads\/2015\/08\/2015-05-30-15.54.50.jpg?fit=2592%2C1936&amp;ssl=1\" data-orig-size=\"2592,1936\" data-comments-opened=\"1\" data-image-meta=\"{&quot;aperture&quot;:&quot;2.8&quot;,&quot;credit&quot;:&quot;&quot;,&quot;camera&quot;:&quot;iPhone 4&quot;,&quot;caption&quot;:&quot;&quot;,&quot;created_timestamp&quot;:&quot;1433001290&quot;,&quot;copyright&quot;:&quot;&quot;,&quot;focal_length&quot;:&quot;3.85&quot;,&quot;iso&quot;:&quot;80&quot;,&quot;shutter_speed&quot;:&quot;0.00390625&quot;,&quot;title&quot;:&quot;&quot;,&quot;orientation&quot;:&quot;1&quot;}\" data-image-title=\"Les bottes du p\u00e8lerin\" data-image-description=\"\" data-image-caption=\"\" data-large-file=\"https:\/\/i0.wp.com\/bottesetvelo.com\/blog\/wp-content\/uploads\/2015\/08\/2015-05-30-15.54.50.jpg?fit=1024%2C765&amp;ssl=1\" class=\"alignright wp-image-1983\" src=\"https:\/\/i0.wp.com\/bottesetvelo.com\/blog\/wp-content\/uploads\/2015\/08\/2015-05-30-15.54.50.jpg?resize=300%2C224&#038;ssl=1\" alt=\"Accompagnement du p\u00e8lerin-randonneur\" width=\"300\" height=\"224\" srcset=\"https:\/\/i0.wp.com\/bottesetvelo.com\/blog\/wp-content\/uploads\/2015\/08\/2015-05-30-15.54.50.jpg?resize=500%2C373&amp;ssl=1 500w, https:\/\/i0.wp.com\/bottesetvelo.com\/blog\/wp-content\/uploads\/2015\/08\/2015-05-30-15.54.50.jpg?resize=1024%2C765&amp;ssl=1 1024w, https:\/\/i0.wp.com\/bottesetvelo.com\/blog\/wp-content\/uploads\/2015\/08\/2015-05-30-15.54.50.jpg?w=2340&amp;ssl=1 2340w\" sizes=\"auto, (max-width: 300px) 100vw, 300px\" \/>Bon nombre de gens se lancent dans l\u2019exp\u00e9rience p\u00e8lerine en s\u2019outillant \u00e0 la fine pointe de la technologie alors que l\u2019exp\u00e9rience ne se joue pas au plan mat\u00e9riel. Ils passent des heures \u00e0 s\u2019entra\u00eener, alors que l\u2019exp\u00e9rience ne se situe pas dans la performance. C\u2019est bien au-del\u00e0 de la logistique que l\u2019aventure p\u00e8lerine se joue. Ce n\u2019est pas le sac \u00e0 dos, ni les bottes ou le fait d\u2019avoir respect\u00e9 toutes les consignes de pr\u00e9parations qui rendront le p\u00e8lerin plus aguerri. Ce n\u2019est pas parce qu\u2019il sera capable de marcher 30 km par jour d\u00e8s le d\u00e9part qu\u2019il sera mieux pr\u00e9par\u00e9 pour entrer dans l\u2019univers p\u00e8lerin. On ne peut pas se pr\u00e9parer \u00e0 vivre un p\u00e8lerinage! Et on en revient toujours difficilement.<\/p>\n<p style=\"text-align: justify;\">Peu importe le chemin, le p\u00e8lerinage provoque le p\u00e8lerin jusque dans ses retranchements les plus intimes. Car tous les chemins sont bons. M\u00eame celui que vous prenez pour aller travailler! Pas besoin d\u2019exotisme pour se laisser provoquer quand sa vie manque de Vie, quand sa vie est \u00e9teinte. Le p\u00e8lerin se met en route d\u00e8s l\u2019instant o\u00f9 il se sent appel\u00e9. Et la route commence l\u00e0 o\u00f9 il est.<\/p>\n<p style=\"text-align: justify;\">Depuis trois ans, Bottes et V\u00e9lo poursuit sa route comme projet de recherche universitaire. \u00c0 travers nos recherches, nous persistons \u00e0 d\u00e9velopper et pr\u00e9ciser un processus p\u00e9dagogique \u00e0 l\u2019accompagnement du p\u00e8lerin. <img data-recalc-dims=\"1\" loading=\"lazy\" decoding=\"async\" data-attachment-id=\"2626\" data-permalink=\"https:\/\/bottesetvelo.com\/blog\/2016\/06\/10\/etes-vous-contenant-ou-contenu\/dscn0306\/\" data-orig-file=\"https:\/\/i0.wp.com\/bottesetvelo.com\/blog\/wp-content\/uploads\/2016\/06\/DSCN0306.jpg?fit=4361%2C2304&amp;ssl=1\" data-orig-size=\"4361,2304\" data-comments-opened=\"1\" data-image-meta=\"{&quot;aperture&quot;:&quot;3.7&quot;,&quot;credit&quot;:&quot;&quot;,&quot;camera&quot;:&quot;COOLPIX S9900&quot;,&quot;caption&quot;:&quot;&quot;,&quot;created_timestamp&quot;:&quot;1464510471&quot;,&quot;copyright&quot;:&quot;&quot;,&quot;focal_length&quot;:&quot;4.5&quot;,&quot;iso&quot;:&quot;125&quot;,&quot;shutter_speed&quot;:&quot;0.0025&quot;,&quot;title&quot;:&quot;&quot;,&quot;orientation&quot;:&quot;1&quot;}\" data-image-title=\"p\u00e8lerins\" data-image-description=\"\" data-image-caption=\"\" data-large-file=\"https:\/\/i0.wp.com\/bottesetvelo.com\/blog\/wp-content\/uploads\/2016\/06\/DSCN0306.jpg?fit=1024%2C541&amp;ssl=1\" class=\"alignright wp-image-2626\" src=\"https:\/\/i0.wp.com\/bottesetvelo.com\/blog\/wp-content\/uploads\/2016\/06\/DSCN0306.jpg?resize=300%2C158&#038;ssl=1\" alt=\"p\u00e8lerins\" width=\"300\" height=\"158\" srcset=\"https:\/\/i0.wp.com\/bottesetvelo.com\/blog\/wp-content\/uploads\/2016\/06\/DSCN0306.jpg?resize=500%2C264&amp;ssl=1 500w, https:\/\/i0.wp.com\/bottesetvelo.com\/blog\/wp-content\/uploads\/2016\/06\/DSCN0306.jpg?resize=768%2C406&amp;ssl=1 768w, https:\/\/i0.wp.com\/bottesetvelo.com\/blog\/wp-content\/uploads\/2016\/06\/DSCN0306.jpg?resize=1024%2C541&amp;ssl=1 1024w, https:\/\/i0.wp.com\/bottesetvelo.com\/blog\/wp-content\/uploads\/2016\/06\/DSCN0306.jpg?w=2340&amp;ssl=1 2340w, https:\/\/i0.wp.com\/bottesetvelo.com\/blog\/wp-content\/uploads\/2016\/06\/DSCN0306.jpg?w=3510&amp;ssl=1 3510w\" sizes=\"auto, (max-width: 300px) 100vw, 300px\" \/>Notre travail permet d\u00e9j\u00e0 de proposer un parcours d\u2019accompagnement visant \u00e0 ce que le p\u00e8lerin puisse s\u2019approprier son exp\u00e9rience et l\u2019int\u00e9grer. Qu\u2019il trouve en elle un tremplin pour sa vie. Que ce soit au quotidien, ou sur un chemin de p\u00e8lerinage, Bottes et V\u00e9lo accompagne le p\u00e8lerin dans sa r\u00e9ponse \u00e0 l\u2019appel qu\u2019il sent monter en lui. Bottes et V\u00e9lo accompagne le p\u00e8lerin dans sa qu\u00eate d\u2019une vie meilleure, dans son d\u00e9sir de rallumer une flamme bien vivante en lui.<\/p>\n<p style=\"text-align: justify;\">Ce n\u2019est donc pas l\u2019\u00e9quipement qui fera le p\u00e8lerin \u00a0mais bien sa mani\u00e8re de vivre l\u2019exp\u00e9rience p\u00e8lerine, son ouverture \u00e0 se laisser toucher. Car il s\u2019agit d\u2019abord et avant tout d\u2019\u00eatre touch\u00e9 jusque dans ses entrailles. L\u2019exp\u00e9rience est bouleversante, mais pourquoi? Peu de p\u00e8lerins prennent le temps de formuler le\u00a0\u00ab\u00a0pourquoi?\u00a0\u00bb ils sont partis. Quels d\u00e9sirs portaient-ils \u00e0 travers cette exp\u00e9rience et quelles r\u00e9ponses ont-ils trouv\u00e9es? Qu\u2019en ont-ils fait \u00e0 leur retour?<\/p>\n<p style=\"text-align: justify;\">Fuir sa vie, ou une mani\u00e8re de vivre, ne changera rien. Laissez votre maison en d\u00e9sordre et le m\u00e9nage sera toujours \u00e0 faire lorsque vous y reviendrez. R\u00e9am\u00e9nager votre vie ne r\u00e9sout rien non plus. <img data-recalc-dims=\"1\" loading=\"lazy\" decoding=\"async\" data-attachment-id=\"2601\" data-permalink=\"https:\/\/bottesetvelo.com\/blog\/2016\/05\/20\/mise-en-garde-risque-de-deplacement-interieur\/2015-06-13-12-51-30\/\" data-orig-file=\"https:\/\/i0.wp.com\/bottesetvelo.com\/blog\/wp-content\/uploads\/2016\/05\/2015-06-13-12.51.30.jpg?fit=1890%2C1511&amp;ssl=1\" data-orig-size=\"1890,1511\" data-comments-opened=\"1\" data-image-meta=\"{&quot;aperture&quot;:&quot;5.7&quot;,&quot;credit&quot;:&quot;&quot;,&quot;camera&quot;:&quot;Canon PowerShot SD890 IS&quot;,&quot;caption&quot;:&quot;&quot;,&quot;created_timestamp&quot;:&quot;1434199890&quot;,&quot;copyright&quot;:&quot;&quot;,&quot;focal_length&quot;:&quot;33&quot;,&quot;iso&quot;:&quot;80&quot;,&quot;shutter_speed&quot;:&quot;0.003125&quot;,&quot;title&quot;:&quot;&quot;,&quot;orientation&quot;:&quot;1&quot;}\" data-image-title=\"Chemin Kamouraska\" data-image-description=\"\" data-image-caption=\"\" data-large-file=\"https:\/\/i0.wp.com\/bottesetvelo.com\/blog\/wp-content\/uploads\/2016\/05\/2015-06-13-12.51.30.jpg?fit=1024%2C819&amp;ssl=1\" class=\"alignright wp-image-2601\" src=\"https:\/\/i0.wp.com\/bottesetvelo.com\/blog\/wp-content\/uploads\/2016\/05\/2015-06-13-12.51.30.jpg?resize=300%2C240&#038;ssl=1\" alt=\"Chemin Kamouraska\" width=\"300\" height=\"240\" srcset=\"https:\/\/i0.wp.com\/bottesetvelo.com\/blog\/wp-content\/uploads\/2016\/05\/2015-06-13-12.51.30.jpg?resize=500%2C400&amp;ssl=1 500w, https:\/\/i0.wp.com\/bottesetvelo.com\/blog\/wp-content\/uploads\/2016\/05\/2015-06-13-12.51.30.jpg?resize=768%2C614&amp;ssl=1 768w, https:\/\/i0.wp.com\/bottesetvelo.com\/blog\/wp-content\/uploads\/2016\/05\/2015-06-13-12.51.30.jpg?resize=1024%2C819&amp;ssl=1 1024w, https:\/\/i0.wp.com\/bottesetvelo.com\/blog\/wp-content\/uploads\/2016\/05\/2015-06-13-12.51.30.jpg?w=1890&amp;ssl=1 1890w\" sizes=\"auto, (max-width: 300px) 100vw, 300px\" \/>Cela \u00e9quivaut \u00e0 d\u00e9placer les meubles de la maison. Tout est encore l\u00e0 et vous donne seulement l\u2019illusion d\u2019\u00eatre diff\u00e9rent. Mais \u00e7a ne dure qu\u2019un temps! Quand il y a trop de choses, il faut se d\u00e9partir de certaines, et les plus encombrantes sont souvent int\u00e9rieures \u00e0 soi-m\u00eame. Elles nous suivent partout.<\/p>\n<p style=\"text-align: justify;\">L\u2019exp\u00e9rience p\u00e8lerine nous d\u00e9fait du nos superflus, de nos d\u00e9nis, de l\u2019agitation de nos vies, pour nous mettre face \u00e0 nous-m\u00eames. Saurons-nous nous regarder et nous reconna\u00eetre? Saurons-nous distinguer les influences qui ont marqu\u00e9 notre parcours de vie, de ce qui est r\u00e9ellement nous-m\u00eame?<\/p>\n<p style=\"text-align: justify;\">L\u2019accompagnement de Bottes et V\u00e9lo veut soutenir le p\u00e8lerin dans sa d\u00e9marche afin qu\u2019il per\u00e7oive mieux cette musique qui le fait vibrer, celle qui donne du go\u00fbt \u00e0 sa vie. Car ce n\u2019est pas le chemin qui fait le p\u00e8lerin, mais bien toute l\u2019exp\u00e9rience p\u00e8lerine. Croire que le chemin est la seule r\u00e9ponse nous inscrit dans la fuite. Si nous sommes attentifs \u00e0 ce que nous vivons, tous les chemins peuvent nous r\u00e9v\u00e9ler \u00e0 nous-m\u00eames. C\u2019est \u00e0 ce niveau que Bottes et V\u00e9lo veut intervenir comme centre de formation et d\u2019accompagnement du p\u00e8lerin-randonneur.<img data-recalc-dims=\"1\" loading=\"lazy\" decoding=\"async\" data-attachment-id=\"2566\" data-permalink=\"https:\/\/bottesetvelo.com\/blog\/2016\/04\/24\/dejeuner-causerie-ou-soiree-pelerine\/dscn0224\/\" data-orig-file=\"https:\/\/i0.wp.com\/bottesetvelo.com\/blog\/wp-content\/uploads\/2016\/04\/DSCN0224.jpg?fit=1440%2C1080&amp;ssl=1\" data-orig-size=\"1440,1080\" data-comments-opened=\"1\" data-image-meta=\"{&quot;aperture&quot;:&quot;0&quot;,&quot;credit&quot;:&quot;&quot;,&quot;camera&quot;:&quot;COOLPIX S9900&quot;,&quot;caption&quot;:&quot;&quot;,&quot;created_timestamp&quot;:&quot;0&quot;,&quot;copyright&quot;:&quot;&quot;,&quot;focal_length&quot;:&quot;4.5&quot;,&quot;iso&quot;:&quot;0&quot;,&quot;shutter_speed&quot;:&quot;0&quot;,&quot;title&quot;:&quot;&quot;,&quot;orientation&quot;:&quot;1&quot;}\" data-image-title=\"Bottes et V\u00e9lo &amp;#8211; D\u00e9jeuner-causerie\" data-image-description=\"\" data-image-caption=\"\" data-large-file=\"https:\/\/i0.wp.com\/bottesetvelo.com\/blog\/wp-content\/uploads\/2016\/04\/DSCN0224.jpg?fit=1024%2C768&amp;ssl=1\" class=\"alignright wp-image-2566\" src=\"https:\/\/i0.wp.com\/bottesetvelo.com\/blog\/wp-content\/uploads\/2016\/04\/DSCN0224.jpg?resize=300%2C225&#038;ssl=1\" alt=\"Bottes et V\u00e9lo - D\u00e9jeuner-causerie\" width=\"300\" height=\"225\" srcset=\"https:\/\/i0.wp.com\/bottesetvelo.com\/blog\/wp-content\/uploads\/2016\/04\/DSCN0224.jpg?resize=500%2C375&amp;ssl=1 500w, https:\/\/i0.wp.com\/bottesetvelo.com\/blog\/wp-content\/uploads\/2016\/04\/DSCN0224.jpg?resize=768%2C576&amp;ssl=1 768w, https:\/\/i0.wp.com\/bottesetvelo.com\/blog\/wp-content\/uploads\/2016\/04\/DSCN0224.jpg?resize=1024%2C768&amp;ssl=1 1024w, https:\/\/i0.wp.com\/bottesetvelo.com\/blog\/wp-content\/uploads\/2016\/04\/DSCN0224.jpg?w=1440&amp;ssl=1 1440w\" sizes=\"auto, (max-width: 300px) 100vw, 300px\" \/><\/p>\n<p style=\"text-align: justify;\">Si vous d\u00e9sirez approfondir l\u2019exp\u00e9rience, avec ou sans marche, diff\u00e9rentes formules sont disponibles pour entreprendre la d\u00e9marche mise sur pied par Bottes et V\u00e9lo. Que ce soit \u00e0 travers les \u00ab\u00a0Ateliers du P\u00e8lerin\u00a0\u00bb, les retraites en \u00ab\u00a0Weekends P\u00e8lerins\u00a0\u00bb ou encore les fin de semaine de marche \u00ab\u00a0Ressourcement et P\u00e8lerinage\u00a0\u00bb, vous trouverez une occasion d\u2019approfondir la d\u00e9marche p\u00e8lerine.<\/p>\n<p style=\"text-align: justify;\">Derni\u00e8rement, nous vous avons fait parvenir un sondage. Celui-ci voulait nous aider \u00e0 mieux cerner vos int\u00e9r\u00eats \u00e0 vivre l\u2019exp\u00e9rience sur plusieurs jours de marche et \u00e0 travers diff\u00e9rentes destinations. Si vous ne l\u2019avez pas compl\u00e9t\u00e9, il est toujours disponible \u00e0 l\u2019adresse suivante\u00a0: <a href=\"https:\/\/goo.gl\/forms\/uLv2ajubBCuYq2it1\">https:\/\/goo.gl\/forms\/uLv2ajubBCuYq2it1<\/a>. N\u2019h\u00e9sitez pas \u00e0 nous faire part de vos suggestions. Le but de ce sondage \u00e9tant d\u2019offrir des espaces pour vivre l\u2019exp\u00e9rience p\u00e8lerine dans un environnement qui vous plairait.<\/p>\n<p style=\"text-align: justify;\">\u00c9ric Lalibert\u00e9,<img data-recalc-dims=\"1\" loading=\"lazy\" decoding=\"async\" data-attachment-id=\"14\" data-permalink=\"https:\/\/bottesetvelo.com\/blog\/bottes-et-velo-le-blog\/bottes-et-velo-embleme\/\" data-orig-file=\"https:\/\/i0.wp.com\/bottesetvelo.com\/blog\/wp-content\/uploads\/2014\/01\/Bottes-et-V%C3%A9lo-Embl%C3%AAme-e1454083414631.jpg?fit=100%2C79&amp;ssl=1\" data-orig-size=\"100,79\" data-comments-opened=\"1\" data-image-meta=\"{&quot;aperture&quot;:&quot;0&quot;,&quot;credit&quot;:&quot;&quot;,&quot;camera&quot;:&quot;&quot;,&quot;caption&quot;:&quot;&quot;,&quot;created_timestamp&quot;:&quot;0&quot;,&quot;copyright&quot;:&quot;&quot;,&quot;focal_length&quot;:&quot;0&quot;,&quot;iso&quot;:&quot;0&quot;,&quot;shutter_speed&quot;:&quot;0&quot;,&quot;title&quot;:&quot;&quot;}\" data-image-title=\"Bottes et V\u00e9lo &amp;#8211; Embl\u00eame\" data-image-description=\"\" data-image-caption=\"\" data-large-file=\"https:\/\/i0.wp.com\/bottesetvelo.com\/blog\/wp-content\/uploads\/2014\/01\/Bottes-et-V%C3%A9lo-Embl%C3%AAme-e1454083414631.jpg?fit=100%2C79&amp;ssl=1\" class=\"alignright wp-image-14\" src=\"https:\/\/i0.wp.com\/bottesetvelo.com\/blog\/wp-content\/uploads\/2014\/01\/Bottes-et-V%C3%A9lo-Embl%C3%AAme.jpg?resize=96%2C76&#038;ssl=1\" alt=\"Bottes et V\u00e9lo - Embl\u00eame\" width=\"96\" height=\"76\" \/><br \/>\ndoctorant en th\u00e9ologie,<br \/>\nsp\u00e9cialis\u00e9 en accompagnement du p\u00e8lerin-randonneur,<br \/>\nUniversit\u00e9 Laval.<\/p>\n","protected":false},"excerpt":{"rendered":"<p>Accompagner quelqu\u2019un, c\u2019est se placer ni devant, ni derri\u00e8re, ni \u00e0 la place. C\u2019est \u00eatre \u00e0 c\u00f4t\u00e9. Joseph Templier Certaines personnes voient dans Bottes et V\u00e9lo une forme d\u2019agence de voyages ou un groupe religieux. D\u00e9trompez-vous tout de suite, ce n\u2019est pas le cas! Le p\u00e8lerinage de longue randonn\u00e9e s\u2019est affranchit d\u2019un religieux explicite depuis&hellip;<\/p>\n","protected":false},"author":3,"featured_media":0,"comment_status":"open","ping_status":"open","sticky":false,"template":"","format":"standard","meta":{"jetpack_post_was_ever_published":false,"_jetpack_newsletter_access":"","_jetpack_dont_email_post_to_subs":false,"_jetpack_newsletter_tier_id":0,"_jetpack_memberships_contains_paywalled_content":false,"_jetpack_memberships_contains_paid_content":false,"footnotes":"","jetpack_publicize_message":"","jetpack_publicize_feature_enabled":true,"jetpack_social_post_already_shared":true,"jetpack_social_options":{"image_generator_settings":{"template":"highway","default_image_id":0,"font":"","enabled":false},"version":2}},"categories":[422,6,143,171,415],"tags":[354,168,129,41,13,416,424,423],"class_list":["post-2752","post","type-post","status-publish","format-standard","hentry","category-accompagnement","category-formations","category-information","category-pelerinage","category-preparation","tag-accompagnement","tag-demarche-du-pelerin","tag-entraide","tag-formation","tag-pelerinage","tag-preparation","tag-presence","tag-soutien"],"jetpack_publicize_connections":[],"jetpack_featured_media_url":"","jetpack_shortlink":"https:\/\/wp.me\/p4eY6z-Io","jetpack_sharing_enabled":true,"jetpack_likes_enabled":true,"jetpack-related-posts":[],"_links":{"self":[{"href":"https:\/\/bottesetvelo.com\/blog\/wp-json\/wp\/v2\/posts\/2752","targetHints":{"allow":["GET"]}}],"collection":[{"href":"https:\/\/bottesetvelo.com\/blog\/wp-json\/wp\/v2\/posts"}],"about":[{"href":"https:\/\/bottesetvelo.com\/blog\/wp-json\/wp\/v2\/types\/post"}],"author":[{"embeddable":true,"href":"https:\/\/bottesetvelo.com\/blog\/wp-json\/wp\/v2\/users\/3"}],"replies":[{"embeddable":true,"href":"https:\/\/bottesetvelo.com\/blog\/wp-json\/wp\/v2\/comments?post=2752"}],"version-history":[{"count":3,"href":"https:\/\/bottesetvelo.com\/blog\/wp-json\/wp\/v2\/posts\/2752\/revisions"}],"predecessor-version":[{"id":2756,"href":"https:\/\/bottesetvelo.com\/blog\/wp-json\/wp\/v2\/posts\/2752\/revisions\/2756"}],"wp:attachment":[{"href":"https:\/\/bottesetvelo.com\/blog\/wp-json\/wp\/v2\/media?parent=2752"}],"wp:term":[{"taxonomy":"category","embeddable":true,"href":"https:\/\/bottesetvelo.com\/blog\/wp-json\/wp\/v2\/categories?post=2752"},{"taxonomy":"post_tag","embeddable":true,"href":"https:\/\/bottesetvelo.com\/blog\/wp-json\/wp\/v2\/tags?post=2752"}],"curies":[{"name":"wp","href":"https:\/\/api.w.org\/{rel}","templated":true}]}}