{"id":2741,"date":"2016-10-07T15:50:50","date_gmt":"2016-10-07T19:50:50","guid":{"rendered":"http:\/\/bottesetvelo.com\/blog\/?p=2741"},"modified":"2016-10-07T15:50:50","modified_gmt":"2016-10-07T19:50:50","slug":"marcher-en-pleine-conscience","status":"publish","type":"post","link":"https:\/\/bottesetvelo.com\/blog\/2016\/10\/07\/marcher-en-pleine-conscience\/","title":{"rendered":"Marcher en pleine conscience"},"content":{"rendered":"<h6 style=\"text-align: right;\">Ne cherchez pas le pass\u00e9, ne cherchez pas le futur;<br \/>\nle pass\u00e9 est \u00e9vanoui, le futur n\u2019est pas encore advenu.<br \/>\nMais observez ici cet objet qui est maintenant.<br \/>\nBouddha<\/h6>\n<h5 style=\"text-align: justify;\"><span style=\"color: #003366;\"><em>Quand je marche, je d\u00e9couvre le monde sous un jour diff\u00e9rent. Trop habitu\u00e9e de me d\u00e9placer rapidement, souvent en voiture, la t\u00eate oscillant entre le bilan de ce que je viens de faire et la planification de ce que je me pr\u00e9pare \u00e0 vivre, je r\u00e9alise souvent que la route s\u2019est pass\u00e9e sans que je ne la remarque. Je cours d\u2019une activit\u00e9 \u00e0 l\u2019autre motiv\u00e9e par celle qui se promet d\u2019\u00eatre des plus agr\u00e9ables. Je m\u2019\u00e9puise entre travail, cours et rendez-vous durant la semaine avec la h\u00e2te de voir arriver la fin de semaine. Mon agenda annuel est rempli d\u2019obligations et de devoirs et je compte les dodos qu\u2019il reste avant mes vacances. Je conserve un emploi et des responsabilit\u00e9s en r\u00eavant de ce jour o\u00f9 ma retraite sera enfin arriv\u00e9e pour me permettre de faire ce qui m\u2019habite vraiment. Mon comportement au quotidien me fait oublier le plaisir de vivre la route et le d\u00e9placement, obnubil\u00e9e par l\u2019urgence d\u2019arriver, incapable d\u2019arr\u00eater de m\u2019agiter. Alors que pourtant, cette route, c\u2019est ma vie.<\/em><\/span><\/h5>\n<p style=\"text-align: justify;\"><strong><span style=\"color: #003366;\"><img data-recalc-dims=\"1\" loading=\"lazy\" decoding=\"async\" data-attachment-id=\"2747\" data-permalink=\"https:\/\/bottesetvelo.com\/blog\/2016\/10\/07\/marcher-en-pleine-conscience\/dscn1201\/\" data-orig-file=\"https:\/\/i0.wp.com\/bottesetvelo.com\/blog\/wp-content\/uploads\/2016\/10\/DSCN1201.jpg?fit=4463%2C2338&amp;ssl=1\" data-orig-size=\"4463,2338\" data-comments-opened=\"1\" data-image-meta=\"{&quot;aperture&quot;:&quot;3.7&quot;,&quot;credit&quot;:&quot;&quot;,&quot;camera&quot;:&quot;COOLPIX S9900&quot;,&quot;caption&quot;:&quot;&quot;,&quot;created_timestamp&quot;:&quot;1474104361&quot;,&quot;copyright&quot;:&quot;&quot;,&quot;focal_length&quot;:&quot;4.5&quot;,&quot;iso&quot;:&quot;125&quot;,&quot;shutter_speed&quot;:&quot;0.000625&quot;,&quot;title&quot;:&quot;&quot;,&quot;orientation&quot;:&quot;1&quot;}\" data-image-title=\"Bottes et V\u00e9lo\" data-image-description=\"\" data-image-caption=\"\" data-large-file=\"https:\/\/i0.wp.com\/bottesetvelo.com\/blog\/wp-content\/uploads\/2016\/10\/DSCN1201.jpg?fit=1024%2C536&amp;ssl=1\" class=\"alignright wp-image-2747 \" src=\"https:\/\/i0.wp.com\/bottesetvelo.com\/blog\/wp-content\/uploads\/2016\/10\/DSCN1201.jpg?resize=300%2C157&#038;ssl=1\" alt=\"Bottes et V\u00e9lo\" width=\"300\" height=\"157\" srcset=\"https:\/\/i0.wp.com\/bottesetvelo.com\/blog\/wp-content\/uploads\/2016\/10\/DSCN1201.jpg?resize=500%2C262&amp;ssl=1 500w, https:\/\/i0.wp.com\/bottesetvelo.com\/blog\/wp-content\/uploads\/2016\/10\/DSCN1201.jpg?resize=768%2C402&amp;ssl=1 768w, https:\/\/i0.wp.com\/bottesetvelo.com\/blog\/wp-content\/uploads\/2016\/10\/DSCN1201.jpg?resize=1024%2C536&amp;ssl=1 1024w, https:\/\/i0.wp.com\/bottesetvelo.com\/blog\/wp-content\/uploads\/2016\/10\/DSCN1201.jpg?w=2340&amp;ssl=1 2340w, https:\/\/i0.wp.com\/bottesetvelo.com\/blog\/wp-content\/uploads\/2016\/10\/DSCN1201.jpg?w=3510&amp;ssl=1 3510w\" sizes=\"auto, (max-width: 300px) 100vw, 300px\" \/><\/span><\/strong>P\u00e8lerine, \u00ab\u00a0promeneuse du dimanche\u00a0\u00bb, l\u2019esprit plus l\u00e9ger, l\u2019agenda vierge d\u2019obligations, je d\u00e9couvre rapidement le plaisir de marcher en symbiose avec ce qui m\u2019entoure. Marcher en pleine conscience, c\u2019est \u00eatre pleinement pr\u00e9sent \u00e0 ce qui se vit autour de soi et en soi. C\u2019est capter toutes les informations que me transmettent mes sens et ressentir l\u2019\u00e9motion et les sensations que cela me procure. Est-ce que je \u00ab\u00a0marche\u00a0en pleine conscience\u00bb dans mon quotidien?<\/p>\n<p style=\"text-align: justify;\">Dans les premiers jours de marche, beaucoup de mon attention est occup\u00e9e par mes sensations corporelles. Marcher en pleine conscience me permet d\u2019<strong><span style=\"color: #003366;\">\u00eatre \u00e0 l\u2019\u00e9coute de mon corps<\/span><\/strong>, des d\u00e9fis qu\u2019il rencontre et des demandes qu\u2019il me fait. Ajuster une courroie du sac, m\u2019arr\u00eater, prendre une gorg\u00e9e d\u2019eau, resserrer un lacet, enlever ma veste, ralentir le pas, faire une pause. Pour le p\u00e8lerin, prendre soin de son corps est essentiel et \u00e9vident s\u2019il d\u00e9sire bien profiter de sa route. Et que je sois p\u00e8lerine ou pas, cette relation avec le corps est indissociable. Est-ce que je prends le temps de l\u2019\u00e9couter lorsqu\u2019il me dit que j\u2019ai assez mang\u00e9, assez bu, que je devrais diner, que je devrais soigner mon dos, mon genou, aller me coucher, rester \u00e0 la maison et me soigner au lieu d\u2019aller travailler? Suis-je \u00e0 l\u2019\u00e9coute de ce qui se dit \u00e0 l\u2019int\u00e9rieur?<\/p>\n<p style=\"text-align: justify;\">Quand j\u2019ai acquis cette capacit\u00e9 \u00e0 marcher en respect et en harmonie avec mon corps, j\u2019atteins un autre palier de conscience. Je m\u2019ouvre \u00e0 <img data-recalc-dims=\"1\" loading=\"lazy\" decoding=\"async\" data-attachment-id=\"2749\" data-permalink=\"https:\/\/bottesetvelo.com\/blog\/2016\/10\/07\/marcher-en-pleine-conscience\/2009-2010-377\/\" data-orig-file=\"https:\/\/i0.wp.com\/bottesetvelo.com\/blog\/wp-content\/uploads\/2016\/10\/2009-2010-377.jpg?fit=3648%2C2736&amp;ssl=1\" data-orig-size=\"3648,2736\" data-comments-opened=\"1\" data-image-meta=\"{&quot;aperture&quot;:&quot;3.2&quot;,&quot;credit&quot;:&quot;&quot;,&quot;camera&quot;:&quot;Canon PowerShot SD890 IS&quot;,&quot;caption&quot;:&quot;&quot;,&quot;created_timestamp&quot;:&quot;1267562020&quot;,&quot;copyright&quot;:&quot;&quot;,&quot;focal_length&quot;:&quot;6.6&quot;,&quot;iso&quot;:&quot;80&quot;,&quot;shutter_speed&quot;:&quot;0.00625&quot;,&quot;title&quot;:&quot;&quot;,&quot;orientation&quot;:&quot;1&quot;}\" data-image-title=\"Bottes et V\u00e9lo &amp;#8211; Hawa\u00ef\" data-image-description=\"\" data-image-caption=\"\" data-large-file=\"https:\/\/i0.wp.com\/bottesetvelo.com\/blog\/wp-content\/uploads\/2016\/10\/2009-2010-377.jpg?fit=1024%2C768&amp;ssl=1\" class=\"alignright wp-image-2749\" src=\"https:\/\/i0.wp.com\/bottesetvelo.com\/blog\/wp-content\/uploads\/2016\/10\/2009-2010-377.jpg?resize=300%2C225&#038;ssl=1\" alt=\"Bottes et V\u00e9lo - Hawa\u00ef\" width=\"300\" height=\"225\" srcset=\"https:\/\/i0.wp.com\/bottesetvelo.com\/blog\/wp-content\/uploads\/2016\/10\/2009-2010-377.jpg?resize=500%2C375&amp;ssl=1 500w, https:\/\/i0.wp.com\/bottesetvelo.com\/blog\/wp-content\/uploads\/2016\/10\/2009-2010-377.jpg?resize=768%2C576&amp;ssl=1 768w, https:\/\/i0.wp.com\/bottesetvelo.com\/blog\/wp-content\/uploads\/2016\/10\/2009-2010-377.jpg?resize=1024%2C768&amp;ssl=1 1024w, https:\/\/i0.wp.com\/bottesetvelo.com\/blog\/wp-content\/uploads\/2016\/10\/2009-2010-377.jpg?w=2340&amp;ssl=1 2340w, https:\/\/i0.wp.com\/bottesetvelo.com\/blog\/wp-content\/uploads\/2016\/10\/2009-2010-377.jpg?w=3510&amp;ssl=1 3510w\" sizes=\"auto, (max-width: 300px) 100vw, 300px\" \/>tout ce qui m\u2019entoure, \u00e0 chaque pas. Les odeurs bonnes ou moins bonnes me semblent plus pr\u00e9sentes. Elles me font voyager \u00e0 travers mes souvenirs. Elles allument d\u2019autres lumi\u00e8res int\u00e9rieures, me font parfois saliver, me font r\u00eaver, font jaillir des images. Les bruits m\u2019accompagnent le long de ma route, signes de l\u2019omnipr\u00e9sence de la vie autour de moi. Bruit du vent, de la cascade, des gens qui bavardent, les voitures qui filent, un chien qui jappe, le tracteur qui travaille dans le champ, les cigales qui ont chaud. Je m\u2019enivre du regard. Les couleurs, les paysages, la nature que je traverse, l\u2019architecture des maisons, le d\u00e9cor dans lequel j\u2019avance. Ma peau frissonne sous la caresse du vent qui joue dans mes cheveux, se d\u00e9tend \u00e0 la chaleur d\u2019un rayon de soleil et se laisse envelopper par la fra\u00eecheur d\u2019une journ\u00e9e bruineuse. En pleine conscience, je fais partie du tout qui m&rsquo;entoure. <span style=\"color: #003366;\"><strong>J&rsquo;y vibre en harmonie.<\/strong><\/span><\/p>\n<p style=\"text-align: justify;\">Quand je marche en pleine conscience, je go\u00fbte la vie par tous les pores de ma peau. Je r\u00e9alise que <strong><span style=\"color: #003366;\">pour bien go\u00fbter, je dois ralentir<\/span><\/strong>. P<img data-recalc-dims=\"1\" loading=\"lazy\" decoding=\"async\" data-attachment-id=\"2748\" data-permalink=\"https:\/\/bottesetvelo.com\/blog\/2016\/10\/07\/marcher-en-pleine-conscience\/papa-et-bebe\/\" data-orig-file=\"https:\/\/i0.wp.com\/bottesetvelo.com\/blog\/wp-content\/uploads\/2016\/10\/papa-et-b%C3%A9b%C3%A9.jpg?fit=270%2C180&amp;ssl=1\" data-orig-size=\"270,180\" data-comments-opened=\"1\" data-image-meta=\"{&quot;aperture&quot;:&quot;0&quot;,&quot;credit&quot;:&quot;&quot;,&quot;camera&quot;:&quot;&quot;,&quot;caption&quot;:&quot;&quot;,&quot;created_timestamp&quot;:&quot;0&quot;,&quot;copyright&quot;:&quot;&quot;,&quot;focal_length&quot;:&quot;0&quot;,&quot;iso&quot;:&quot;0&quot;,&quot;shutter_speed&quot;:&quot;0&quot;,&quot;title&quot;:&quot;&quot;,&quot;orientation&quot;:&quot;0&quot;}\" data-image-title=\"papa-et-bebe\" data-image-description=\"\" data-image-caption=\"\" data-large-file=\"https:\/\/i0.wp.com\/bottesetvelo.com\/blog\/wp-content\/uploads\/2016\/10\/papa-et-b%C3%A9b%C3%A9.jpg?fit=270%2C180&amp;ssl=1\" class=\"wp-image-2748 alignleft\" src=\"https:\/\/i0.wp.com\/bottesetvelo.com\/blog\/wp-content\/uploads\/2016\/10\/papa-et-b%C3%A9b%C3%A9.jpg?resize=300%2C200&#038;ssl=1\" alt=\"papa-et-bebe\" width=\"300\" height=\"200\" \/>arfois m\u00eame, je m\u2019arr\u00eate pour bien m\u2019impr\u00e9gner de ce que je vis qui go\u00fbte si bon pour moi et qui me fait tant de bien int\u00e9rieurement. Je prends alors conscience du c\u00f4t\u00e9 \u00e9ph\u00e9m\u00e8re de ces petits moments de bonheur. Tout est mouvement, rien ne demeure \u00e9ternellement. Chaque instant que je tente de retenir me file entre les doigts. Un coucher de soleil, la brume du matin, un vol d\u2019oies blanches, l&rsquo;expression dans les yeux amoureux de mon homme, les s\u00e9ances de chatouilles avec mes enfants, l&rsquo;\u00e9motion v\u00e9cue le jour du mariage de ma fille, l&rsquo;odeur du b\u00e9b\u00e9 blottit dans le creux de mes bras. Ma m\u00e8re disait\u00a0:\u00a0\u00ab\u00a0toute bonne chose a une fin.\u00a0\u00bb Alors quand c&rsquo;est beau et que c&rsquo;est bon, je ralentis et je me remplis de tout ce qui me fait du bien, qui \u00e9nergise ma vie int\u00e9rieure.<\/p>\n<p style=\"text-align: justify;\">Apr\u00e8s plusieurs p\u00e8lerinages, je rapporte maintenant dans mon bagage cet apprentissage\u00a0: <strong><span style=\"color: #003366;\">je marche ma vie en\u00a0pleine conscience<\/span><\/strong>. Sur ma route de vie, je prends le temps de ralentir, et de m\u2019arr\u00eater pour savourer chaque petit bonheur que je rencontre car j\u2019ai compris. J\u2019ai compris qu\u2019\u00e0 trop remettre \u00e0 plus tard sans savoir ce que plus tard nous r\u00e9serve vraiment, on passe \u00e0 c\u00f4t\u00e9 de maintenant qui est un pr\u00e9sent qui ne reviendra pas. J\u2019ai compris que mon bonheur, mon sentiment int\u00e9rieur de pl\u00e9nitude, d\u00e9pend de moi et du temps que je choisis de lui accorder \u00e0 chaque pas de ma vie. Et cet espace-temps \u00e9ph\u00e9m\u00e8re est toujours ici-maintenant.<\/p>\n<h5 style=\"text-align: right;\"><img data-recalc-dims=\"1\" loading=\"lazy\" decoding=\"async\" data-attachment-id=\"14\" data-permalink=\"https:\/\/bottesetvelo.com\/blog\/bottes-et-velo-le-blog\/bottes-et-velo-embleme\/\" data-orig-file=\"https:\/\/i0.wp.com\/bottesetvelo.com\/blog\/wp-content\/uploads\/2014\/01\/Bottes-et-V%C3%A9lo-Embl%C3%AAme-e1454083414631.jpg?fit=100%2C79&amp;ssl=1\" data-orig-size=\"100,79\" data-comments-opened=\"1\" data-image-meta=\"{&quot;aperture&quot;:&quot;0&quot;,&quot;credit&quot;:&quot;&quot;,&quot;camera&quot;:&quot;&quot;,&quot;caption&quot;:&quot;&quot;,&quot;created_timestamp&quot;:&quot;0&quot;,&quot;copyright&quot;:&quot;&quot;,&quot;focal_length&quot;:&quot;0&quot;,&quot;iso&quot;:&quot;0&quot;,&quot;shutter_speed&quot;:&quot;0&quot;,&quot;title&quot;:&quot;&quot;}\" data-image-title=\"Bottes et V\u00e9lo &amp;#8211; Embl\u00eame\" data-image-description=\"\" data-image-caption=\"\" data-large-file=\"https:\/\/i0.wp.com\/bottesetvelo.com\/blog\/wp-content\/uploads\/2014\/01\/Bottes-et-V%C3%A9lo-Embl%C3%AAme-e1454083414631.jpg?fit=100%2C79&amp;ssl=1\" class=\"alignright wp-image-14\" src=\"https:\/\/i0.wp.com\/bottesetvelo.com\/blog\/wp-content\/uploads\/2014\/01\/Bottes-et-V%C3%A9lo-Embl%C3%AAme.jpg?resize=50%2C39&#038;ssl=1\" alt=\"Bottes et V\u00e9lo - Embl\u00eame\" width=\"50\" height=\"39\" \/><\/h5>\n<p style=\"text-align: justify;\">Brigitte Harouni<\/p>\n","protected":false},"excerpt":{"rendered":"<p>Ne cherchez pas le pass\u00e9, ne cherchez pas le futur; le pass\u00e9 est \u00e9vanoui, le futur n\u2019est pas encore advenu. Mais observez ici cet objet qui est maintenant. Bouddha Quand je marche, je d\u00e9couvre le monde sous un jour diff\u00e9rent. Trop habitu\u00e9e de me d\u00e9placer rapidement, souvent en voiture, la t\u00eate oscillant entre le bilan&hellip;<\/p>\n","protected":false},"author":2,"featured_media":0,"comment_status":"open","ping_status":"open","sticky":false,"template":"","format":"standard","meta":{"jetpack_post_was_ever_published":false,"_jetpack_newsletter_access":"","_jetpack_dont_email_post_to_subs":false,"_jetpack_newsletter_tier_id":0,"_jetpack_memberships_contains_paywalled_content":false,"_jetpack_memberships_contains_paid_content":false,"footnotes":"","jetpack_publicize_message":"","jetpack_publicize_feature_enabled":true,"jetpack_social_post_already_shared":true,"jetpack_social_options":{"image_generator_settings":{"template":"highway","default_image_id":0,"font":"","enabled":false},"version":2}},"categories":[50,11,379,380,39,3,381],"tags":[275,103,109,40,168,285,273,14,13,38,94],"class_list":["post-2741","post","type-post","status-publish","format-standard","hentry","category-art-de-vivre","category-bien-etre-physique","category-chemin-de-transformation","category-conscientisation","category-croissance-personnelle","category-reflexions","category-transformation","tag-art-de-vivre","tag-bien-etre","tag-bonheur","tag-croissance-personnelle-2","tag-demarche-du-pelerin","tag-gout-de-vivre","tag-gouter-la-vie","tag-marche","tag-pelerinage","tag-reflexion","tag-vivre-simplement"],"jetpack_publicize_connections":[],"jetpack_featured_media_url":"","jetpack_shortlink":"https:\/\/wp.me\/p4eY6z-Id","jetpack_sharing_enabled":true,"jetpack_likes_enabled":true,"jetpack-related-posts":[],"_links":{"self":[{"href":"https:\/\/bottesetvelo.com\/blog\/wp-json\/wp\/v2\/posts\/2741","targetHints":{"allow":["GET"]}}],"collection":[{"href":"https:\/\/bottesetvelo.com\/blog\/wp-json\/wp\/v2\/posts"}],"about":[{"href":"https:\/\/bottesetvelo.com\/blog\/wp-json\/wp\/v2\/types\/post"}],"author":[{"embeddable":true,"href":"https:\/\/bottesetvelo.com\/blog\/wp-json\/wp\/v2\/users\/2"}],"replies":[{"embeddable":true,"href":"https:\/\/bottesetvelo.com\/blog\/wp-json\/wp\/v2\/comments?post=2741"}],"version-history":[{"count":6,"href":"https:\/\/bottesetvelo.com\/blog\/wp-json\/wp\/v2\/posts\/2741\/revisions"}],"predecessor-version":[{"id":2750,"href":"https:\/\/bottesetvelo.com\/blog\/wp-json\/wp\/v2\/posts\/2741\/revisions\/2750"}],"wp:attachment":[{"href":"https:\/\/bottesetvelo.com\/blog\/wp-json\/wp\/v2\/media?parent=2741"}],"wp:term":[{"taxonomy":"category","embeddable":true,"href":"https:\/\/bottesetvelo.com\/blog\/wp-json\/wp\/v2\/categories?post=2741"},{"taxonomy":"post_tag","embeddable":true,"href":"https:\/\/bottesetvelo.com\/blog\/wp-json\/wp\/v2\/tags?post=2741"}],"curies":[{"name":"wp","href":"https:\/\/api.w.org\/{rel}","templated":true}]}}