{"id":2731,"date":"2016-09-30T17:36:07","date_gmt":"2016-09-30T21:36:07","guid":{"rendered":"http:\/\/bottesetvelo.com\/blog\/?p=2731"},"modified":"2016-09-30T17:36:07","modified_gmt":"2016-09-30T21:36:07","slug":"a-trop-se-preparer-on-finit-par-oublier-lessentiel","status":"publish","type":"post","link":"https:\/\/bottesetvelo.com\/blog\/2016\/09\/30\/a-trop-se-preparer-on-finit-par-oublier-lessentiel\/","title":{"rendered":"\u00c0 trop se pr\u00e9parer &#8211; on finit par oublier l&rsquo;essentiel!"},"content":{"rendered":"<h6 style=\"text-align: right;\"><em>La vie c\u2019est-ce qui se passe pendant qu\u2019on est occup\u00e9 \u00e0 planifier autre chose.<\/em><br \/>\n<em>John Lennon.<\/em><\/h6>\n<h5 style=\"text-align: justify;\"><span style=\"color: #003366;\">Quoi de plus normal que d\u2019\u00eatre bien pr\u00e9par\u00e9 pour passer un examen ou \u00eatre re\u00e7u en entrevue? Rien de plus l\u00e9gitime que de vouloir visiter la maison avant de l\u2019acheter, n\u2019est-ce pas? Se pr\u00e9parer \u00e0 vivre un changement, \u00e0 vivre dans un contexte diff\u00e9rent\u00a0: faire un voyage, changer d\u2019emploi, d\u00e9m\u00e9nager ou prendre sa retraite, demande une certaine pr\u00e9paration. Mais serions-nous trop pr\u00e9voyant? Aurions-nous peur des hasards de la vie?<\/span><\/h5>\n<p style=\"text-align: justify;\">Tous ces r\u00e9am\u00e9nagements de vie, qu\u2019ils soient de courtes ou de longues dur\u00e9es, nous am\u00e8nent \u00e0 nous questionner\u00a0: O\u00f9 irai-je et quand? Que ferai-je? Comment m\u2019y prendrai-je? Avec quoi? Avec qui?<img data-recalc-dims=\"1\" loading=\"lazy\" decoding=\"async\" data-attachment-id=\"2735\" data-permalink=\"https:\/\/bottesetvelo.com\/blog\/2016\/09\/30\/a-trop-se-preparer-on-finit-par-oublier-lessentiel\/outdoor-1611925_1920\/\" data-orig-file=\"https:\/\/i0.wp.com\/bottesetvelo.com\/blog\/wp-content\/uploads\/2016\/09\/outdoor-1611925_1920.jpg?fit=1920%2C1440&amp;ssl=1\" data-orig-size=\"1920,1440\" data-comments-opened=\"1\" data-image-meta=\"{&quot;aperture&quot;:&quot;7.1&quot;,&quot;credit&quot;:&quot;&quot;,&quot;camera&quot;:&quot;E-400&quot;,&quot;caption&quot;:&quot;&quot;,&quot;created_timestamp&quot;:&quot;0&quot;,&quot;copyright&quot;:&quot;&quot;,&quot;focal_length&quot;:&quot;40&quot;,&quot;iso&quot;:&quot;100&quot;,&quot;shutter_speed&quot;:&quot;0.004&quot;,&quot;title&quot;:&quot;&quot;,&quot;orientation&quot;:&quot;0&quot;}\" data-image-title=\"Bottes et V\u00e9lo\" data-image-description=\"\" data-image-caption=\"\" data-large-file=\"https:\/\/i0.wp.com\/bottesetvelo.com\/blog\/wp-content\/uploads\/2016\/09\/outdoor-1611925_1920.jpg?fit=1024%2C768&amp;ssl=1\" class=\"alignright wp-image-2735\" src=\"https:\/\/i0.wp.com\/bottesetvelo.com\/blog\/wp-content\/uploads\/2016\/09\/outdoor-1611925_1920.jpg?resize=300%2C225&#038;ssl=1\" alt=\"Bottes et V\u00e9lo\" width=\"300\" height=\"225\" srcset=\"https:\/\/i0.wp.com\/bottesetvelo.com\/blog\/wp-content\/uploads\/2016\/09\/outdoor-1611925_1920.jpg?resize=500%2C375&amp;ssl=1 500w, https:\/\/i0.wp.com\/bottesetvelo.com\/blog\/wp-content\/uploads\/2016\/09\/outdoor-1611925_1920.jpg?resize=768%2C576&amp;ssl=1 768w, https:\/\/i0.wp.com\/bottesetvelo.com\/blog\/wp-content\/uploads\/2016\/09\/outdoor-1611925_1920.jpg?resize=1024%2C768&amp;ssl=1 1024w, https:\/\/i0.wp.com\/bottesetvelo.com\/blog\/wp-content\/uploads\/2016\/09\/outdoor-1611925_1920.jpg?w=1920&amp;ssl=1 1920w\" sizes=\"auto, (max-width: 300px) 100vw, 300px\" \/> Il est sain de vouloir se pr\u00e9parer \u00e0 affronter l\u2019inconnu. Mais, l\u2019inconnu, demeurera toujours inconnu tant et aussi longtemps que nous n\u2019y serons pas et que nous ne l\u2019aurons pas v\u00e9cu. Notre mani\u00e8re de nous y pr\u00e9parer parlera de nos ins\u00e9curit\u00e9s\u2026 ou de nos insouciances. Sombrez dans l\u2019insouciance extr\u00eame et vous risquez de vous retrouver en bermudas au p\u00f4le nord! N\u00e9anmoins, <strong><span style=\"color: #003366;\">\u00e0 trop se pr\u00e9parer, \u00e0 vouloir tout pr\u00e9voir \u2013 m\u00eame l\u2019impr\u00e9visible \u2013 <\/span><\/strong><span style=\"color: #333333;\">on finit par passer \u00e0 c\u00f4t\u00e9 de quelque chose\u00a0:<\/span><strong> <span style=\"color: #003366;\"><strong>on finit par enlever toute save<\/strong>ur \u00e0 la vie.<\/span><\/strong><\/p>\n<p style=\"text-align: justify;\">Pourtant ce qui nous attirait au d\u00e9part, c\u2019\u00e9tait le go\u00fbt de la d\u00e9couverte, de l\u2019aventure, de se laisser \u00e9merveiller, de quitter son chez soi pour entrer dans l\u2019inconnu. Il y a quelque chose en moi qui d\u00e9sire s\u2019ouvrir \u00e0 un espace neuf, une culture et des coutumes diff\u00e9rentes, de nouvelles saveurs, de nouvelles odeurs. Quelque chose qui est pr\u00eat \u00e0 se laisser d\u00e9placer hors de son confort et de son monde connu, et abandonner pour quelques temps son pot de beurre d\u2019arachides. Pr\u00eat \u00e0 entrer dans l\u2019inconfort de la nouveaut\u00e9\u2026<\/p>\n<p style=\"text-align: justify;\"><img data-recalc-dims=\"1\" loading=\"lazy\" decoding=\"async\" data-attachment-id=\"2736\" data-permalink=\"https:\/\/bottesetvelo.com\/blog\/2016\/09\/30\/a-trop-se-preparer-on-finit-par-oublier-lessentiel\/img_7255\/\" data-orig-file=\"https:\/\/i0.wp.com\/bottesetvelo.com\/blog\/wp-content\/uploads\/2016\/09\/IMG_7255.jpg?fit=2705%2C1824&amp;ssl=1\" data-orig-size=\"2705,1824\" data-comments-opened=\"1\" data-image-meta=\"{&quot;aperture&quot;:&quot;13&quot;,&quot;credit&quot;:&quot;&quot;,&quot;camera&quot;:&quot;Canon PowerShot SD890 IS&quot;,&quot;caption&quot;:&quot;&quot;,&quot;created_timestamp&quot;:&quot;1436182502&quot;,&quot;copyright&quot;:&quot;&quot;,&quot;focal_length&quot;:&quot;15.434&quot;,&quot;iso&quot;:&quot;80&quot;,&quot;shutter_speed&quot;:&quot;0.00625&quot;,&quot;title&quot;:&quot;&quot;,&quot;orientation&quot;:&quot;1&quot;}\" data-image-title=\"Bottes et V\u00e9lo &amp;#8211; La Voie du St-Laurent\" data-image-description=\"\" data-image-caption=\"\" data-large-file=\"https:\/\/i0.wp.com\/bottesetvelo.com\/blog\/wp-content\/uploads\/2016\/09\/IMG_7255.jpg?fit=1024%2C690&amp;ssl=1\" class=\"alignright wp-image-2736\" src=\"https:\/\/i0.wp.com\/bottesetvelo.com\/blog\/wp-content\/uploads\/2016\/09\/IMG_7255.jpg?resize=301%2C203&#038;ssl=1\" alt=\"Bottes et V\u00e9lo - La Voie du St-Laurent\" width=\"301\" height=\"203\" srcset=\"https:\/\/i0.wp.com\/bottesetvelo.com\/blog\/wp-content\/uploads\/2016\/09\/IMG_7255.jpg?resize=500%2C337&amp;ssl=1 500w, https:\/\/i0.wp.com\/bottesetvelo.com\/blog\/wp-content\/uploads\/2016\/09\/IMG_7255.jpg?resize=768%2C518&amp;ssl=1 768w, https:\/\/i0.wp.com\/bottesetvelo.com\/blog\/wp-content\/uploads\/2016\/09\/IMG_7255.jpg?resize=1024%2C690&amp;ssl=1 1024w, https:\/\/i0.wp.com\/bottesetvelo.com\/blog\/wp-content\/uploads\/2016\/09\/IMG_7255.jpg?w=2340&amp;ssl=1 2340w\" sizes=\"auto, (max-width: 301px) 100vw, 301px\" \/>L\u2019enseignement du voyage se situe hors du pr\u00e9vu, hors des sentiers connus.\u00a0Le choc du voyage est n\u00e9cessaire pour un r\u00e9el apprentissage, pour une r\u00e9elle transformation. Tous les p\u00e8lerins-randonneurs vous le diront\u00a0: <span style=\"color: #003366;\"><strong>c\u2019est dans l\u2019impr\u00e9visible que la vie est la plus g\u00e9n\u00e9reuse. <\/strong><\/span>Mais, comment entrer dans l\u2019impr\u00e9visible sans tomber dans l\u2019insouciance? Comment pr\u00e9voir sans devenir pusillanime, sans manquer d\u2019audace?<\/p>\n<p style=\"text-align: justify;\">Voyager sous le couvert d\u2019une armure, d\u2019une assurance tout-risque; en conservant toutes ses petites habitudes de vie, en refusant le moindre inconfort, c\u2019est un peu voyager en regardant la t\u00e9l\u00e9\u00a0: aucun contact avec la r\u00e9alit\u00e9, prot\u00e9g\u00e9 de tout. C\u2019est regarder le canal D\u00e9couverte bien install\u00e9 dans le confort de son salon, un pot de beurre d\u2019arachide \u00e0 porter de main. <strong><span style=\"color: #003366;\">Quand on y songe, voyager dans la pr\u00e9voyance, c\u2019est un peu refuser de se laisser toucher, d\u00e9ranger, provoquer par la vie.<\/span><\/strong> C\u2019est mener sa vie comme on g\u00e8re un sc\u00e9nario de film\u00a0: chaque sc\u00e8ne y est pr\u00e9vue. La d\u00e9ception du voyageur viendra souvent de cette mani\u00e8re de voyager, son s\u00e9jour ne correspondra que tr\u00e8s rarement au sc\u00e9nario qu\u2019il avait planifi\u00e9. Pendant que je pr\u00e9vois l\u2019impr\u00e9visible, la vie se poursuit sans se soucier que je puisse croire la contr\u00f4ler\u2026 Et c\u2019est l\u00e0 que le plus important se joue!<\/p>\n<p style=\"text-align: justify;\"><strong><span style=\"color: #003366;\">Le p\u00e8lerin voyage mieux le c\u0153ur l\u00e9ger, sans attente.<\/span> <\/strong>Et s\u2019il en a, il les abandonnera rapidement. Sinon, c\u2019est qu\u2019il n\u2019est jamais devenu p\u00e8lerin. Il n\u2019est jamais devenu l\u2019instrument qui se laisse traverser par l\u2019exp\u00e9rience du p\u00e8lerinage, l\u2019appel du sanctuaire.<\/p>\n<p style=\"text-align: justify;\"><span style=\"color: #003366;\"><strong>Le p\u00e8lerin bien pr\u00e9par\u00e9, partira tel qu\u2019il est, selon ce qu\u2019il croit juste.<\/strong><\/span><img data-recalc-dims=\"1\" loading=\"lazy\" decoding=\"async\" data-attachment-id=\"2737\" data-permalink=\"https:\/\/bottesetvelo.com\/blog\/2016\/09\/30\/a-trop-se-preparer-on-finit-par-oublier-lessentiel\/jump-1663169_1920\/\" data-orig-file=\"https:\/\/i0.wp.com\/bottesetvelo.com\/blog\/wp-content\/uploads\/2016\/09\/jump-1663169_1920.jpg?fit=1920%2C1281&amp;ssl=1\" data-orig-size=\"1920,1281\" data-comments-opened=\"1\" data-image-meta=\"{&quot;aperture&quot;:&quot;2&quot;,&quot;credit&quot;:&quot;&quot;,&quot;camera&quot;:&quot;NIKON D610&quot;,&quot;caption&quot;:&quot;&quot;,&quot;created_timestamp&quot;:&quot;0&quot;,&quot;copyright&quot;:&quot;&quot;,&quot;focal_length&quot;:&quot;50&quot;,&quot;iso&quot;:&quot;100&quot;,&quot;shutter_speed&quot;:&quot;0.00025&quot;,&quot;title&quot;:&quot;&quot;,&quot;orientation&quot;:&quot;0&quot;}\" data-image-title=\"Bottes et V\u00e9lo\" data-image-description=\"\" data-image-caption=\"\" data-large-file=\"https:\/\/i0.wp.com\/bottesetvelo.com\/blog\/wp-content\/uploads\/2016\/09\/jump-1663169_1920.jpg?fit=1024%2C683&amp;ssl=1\" class=\"alignright wp-image-2737\" src=\"https:\/\/i0.wp.com\/bottesetvelo.com\/blog\/wp-content\/uploads\/2016\/09\/jump-1663169_1920.jpg?resize=300%2C200&#038;ssl=1\" alt=\"Bottes et V\u00e9lo\" width=\"300\" height=\"200\" srcset=\"https:\/\/i0.wp.com\/bottesetvelo.com\/blog\/wp-content\/uploads\/2016\/09\/jump-1663169_1920.jpg?resize=500%2C334&amp;ssl=1 500w, https:\/\/i0.wp.com\/bottesetvelo.com\/blog\/wp-content\/uploads\/2016\/09\/jump-1663169_1920.jpg?resize=768%2C512&amp;ssl=1 768w, https:\/\/i0.wp.com\/bottesetvelo.com\/blog\/wp-content\/uploads\/2016\/09\/jump-1663169_1920.jpg?resize=1024%2C683&amp;ssl=1 1024w, https:\/\/i0.wp.com\/bottesetvelo.com\/blog\/wp-content\/uploads\/2016\/09\/jump-1663169_1920.jpg?w=1920&amp;ssl=1 1920w\" sizes=\"auto, (max-width: 300px) 100vw, 300px\" \/> Par l\u2019exp\u00e9rience du chemin, il se laissera d\u00e9pouiller de ses surplus et de ses ins\u00e9curit\u00e9s. Cependant, c\u2019est parce qu\u2019il aura eu ce surplus dans son sac \u00e0 dos qu\u2019il aura pu apprendre sur lui-m\u00eame. Qu\u2019il aura pu questionner le trop-plein de sa vie, ses attachements, ses peurs et ses ins\u00e9curit\u00e9s. C\u2019est parce qu\u2019il aura, peut-\u00eatre\u2026, fait des ampoules aux pieds qu\u2019il aura pu r\u00e9fl\u00e9chir sur sa mani\u00e8re d\u2019\u00eatre \u00e0 la vie, de s\u2019y presser, d&rsquo;y vivre toujours dans l\u2019urgence.\u00a0 <strong><span style=\"color: #003366;\">Celui qui est parti en pr\u00e9voyant m\u00eame l\u2019impr\u00e9visible, passe \u00e0 c\u00f4t\u00e9 de tous ces enseignements.<\/span> <\/strong>Il passe \u00e0 c\u00f4t\u00e9 de belles occasions de s\u2019observer et de s\u2019ouvrir \u00e0 la vie. \u00c0 agir ainsi, il n&rsquo;est peut-\u00eatre jamais parti en r\u00e9alit\u00e9. Voyageur immobile&#8230;<\/p>\n<p style=\"text-align: justify;\">Moli\u00e8re \u00e9crivait : \u00ab\u00a0Je hais ces c\u0153urs pusillanimes qui, pour trop pr\u00e9voir les suites des choses, n&rsquo;osent rien entreprendre.\u00a0\u00bb Celui qui se lance avec authenticit\u00e9 dans l\u2019aventure du p\u00e8lerinage, qui se laisse d\u00e9placer int\u00e9rieurement, celui-l\u00e0 aura \u00e0 tout le moins <strong><span style=\"color: #003366;\">l\u2019audace de vivre<\/span><\/strong>.<img data-recalc-dims=\"1\" loading=\"lazy\" decoding=\"async\" data-attachment-id=\"14\" data-permalink=\"https:\/\/bottesetvelo.com\/blog\/bottes-et-velo-le-blog\/bottes-et-velo-embleme\/\" data-orig-file=\"https:\/\/i0.wp.com\/bottesetvelo.com\/blog\/wp-content\/uploads\/2014\/01\/Bottes-et-V%C3%A9lo-Embl%C3%AAme-e1454083414631.jpg?fit=100%2C79&amp;ssl=1\" data-orig-size=\"100,79\" data-comments-opened=\"1\" data-image-meta=\"{&quot;aperture&quot;:&quot;0&quot;,&quot;credit&quot;:&quot;&quot;,&quot;camera&quot;:&quot;&quot;,&quot;caption&quot;:&quot;&quot;,&quot;created_timestamp&quot;:&quot;0&quot;,&quot;copyright&quot;:&quot;&quot;,&quot;focal_length&quot;:&quot;0&quot;,&quot;iso&quot;:&quot;0&quot;,&quot;shutter_speed&quot;:&quot;0&quot;,&quot;title&quot;:&quot;&quot;}\" data-image-title=\"Bottes et V\u00e9lo &amp;#8211; Embl\u00eame\" data-image-description=\"\" data-image-caption=\"\" data-large-file=\"https:\/\/i0.wp.com\/bottesetvelo.com\/blog\/wp-content\/uploads\/2014\/01\/Bottes-et-V%C3%A9lo-Embl%C3%AAme-e1454083414631.jpg?fit=100%2C79&amp;ssl=1\" class=\"alignright wp-image-14\" src=\"https:\/\/i0.wp.com\/bottesetvelo.com\/blog\/wp-content\/uploads\/2014\/01\/Bottes-et-V%C3%A9lo-Embl%C3%AAme.jpg?resize=69%2C55&#038;ssl=1\" alt=\"Bottes et V\u00e9lo - Embl\u00eame\" width=\"69\" height=\"55\" \/><\/p>\n<p style=\"text-align: justify;\">\u00c9ric Lalibert\u00e9<\/p>\n","protected":false},"excerpt":{"rendered":"<p>La vie c\u2019est-ce qui se passe pendant qu\u2019on est occup\u00e9 \u00e0 planifier autre chose. John Lennon. Quoi de plus normal que d\u2019\u00eatre bien pr\u00e9par\u00e9 pour passer un examen ou \u00eatre re\u00e7u en entrevue? Rien de plus l\u00e9gitime que de vouloir visiter la maison avant de l\u2019acheter, n\u2019est-ce pas? Se pr\u00e9parer \u00e0 vivre un changement, \u00e0&hellip;<\/p>\n","protected":false},"author":3,"featured_media":0,"comment_status":"open","ping_status":"open","sticky":false,"template":"","format":"standard","meta":{"jetpack_post_was_ever_published":false,"_jetpack_newsletter_access":"","_jetpack_dont_email_post_to_subs":false,"_jetpack_newsletter_tier_id":0,"_jetpack_memberships_contains_paywalled_content":false,"_jetpack_memberships_contains_paid_content":false,"footnotes":"","jetpack_publicize_message":"","jetpack_publicize_feature_enabled":true,"jetpack_social_post_already_shared":true,"jetpack_social_options":{"image_generator_settings":{"template":"highway","default_image_id":0,"font":"","enabled":false},"version":2}},"categories":[50,282,379,380,166,415,3,37],"tags":[421,420,169,399,419,417,13,416,418,121],"class_list":["post-2731","post","type-post","status-publish","format-standard","hentry","category-art-de-vivre","category-ateliers-du-pelerin","category-chemin-de-transformation","category-conscientisation","category-demarche-du-pelerin","category-preparation","category-reflexions","category-spiritualite-2","tag-abandon","tag-audace-de-vivre","tag-changement","tag-experience","tag-inconnu","tag-inquietude","tag-pelerinage","tag-preparation","tag-prevoyance","tag-zone-de-confort"],"jetpack_publicize_connections":[],"jetpack_featured_media_url":"","jetpack_shortlink":"https:\/\/wp.me\/p4eY6z-I3","jetpack_sharing_enabled":true,"jetpack_likes_enabled":true,"jetpack-related-posts":[],"_links":{"self":[{"href":"https:\/\/bottesetvelo.com\/blog\/wp-json\/wp\/v2\/posts\/2731","targetHints":{"allow":["GET"]}}],"collection":[{"href":"https:\/\/bottesetvelo.com\/blog\/wp-json\/wp\/v2\/posts"}],"about":[{"href":"https:\/\/bottesetvelo.com\/blog\/wp-json\/wp\/v2\/types\/post"}],"author":[{"embeddable":true,"href":"https:\/\/bottesetvelo.com\/blog\/wp-json\/wp\/v2\/users\/3"}],"replies":[{"embeddable":true,"href":"https:\/\/bottesetvelo.com\/blog\/wp-json\/wp\/v2\/comments?post=2731"}],"version-history":[{"count":5,"href":"https:\/\/bottesetvelo.com\/blog\/wp-json\/wp\/v2\/posts\/2731\/revisions"}],"predecessor-version":[{"id":2739,"href":"https:\/\/bottesetvelo.com\/blog\/wp-json\/wp\/v2\/posts\/2731\/revisions\/2739"}],"wp:attachment":[{"href":"https:\/\/bottesetvelo.com\/blog\/wp-json\/wp\/v2\/media?parent=2731"}],"wp:term":[{"taxonomy":"category","embeddable":true,"href":"https:\/\/bottesetvelo.com\/blog\/wp-json\/wp\/v2\/categories?post=2731"},{"taxonomy":"post_tag","embeddable":true,"href":"https:\/\/bottesetvelo.com\/blog\/wp-json\/wp\/v2\/tags?post=2731"}],"curies":[{"name":"wp","href":"https:\/\/api.w.org\/{rel}","templated":true}]}}