{"id":2724,"date":"2016-09-23T18:00:18","date_gmt":"2016-09-23T22:00:18","guid":{"rendered":"http:\/\/bottesetvelo.com\/blog\/?p=2724"},"modified":"2016-09-23T18:00:18","modified_gmt":"2016-09-23T22:00:18","slug":"mon-chapeau-de-pelerin","status":"publish","type":"post","link":"https:\/\/bottesetvelo.com\/blog\/2016\/09\/23\/mon-chapeau-de-pelerin\/","title":{"rendered":"Mon chapeau de p\u00e8lerin"},"content":{"rendered":"<h5 style=\"text-align: right;\"><em>Pour la marche, le plus beau chapeau du monde ne vaut pas une bonne paire de chaussures.<\/em><br \/>\n<em>Pierre Dac<\/em><\/h5>\n<h5><span style=\"color: #003366;\">Elle me fait sourire cette citation, parce qu\u2019avec humour et sans le savoir, elle r\u00e9sume tr\u00e8s bien l\u2019id\u00e9e principale de mon texte\u00a0: en p\u00e8lerinage, on n\u2019a pas besoin de porter de chapeau. Je m\u2019explique.<\/span><\/h5>\n<p style=\"text-align: justify;\"><img data-recalc-dims=\"1\" loading=\"lazy\" decoding=\"async\" data-attachment-id=\"2725\" data-permalink=\"https:\/\/bottesetvelo.com\/blog\/2016\/09\/23\/mon-chapeau-de-pelerin\/dscn0508\/\" data-orig-file=\"https:\/\/i0.wp.com\/bottesetvelo.com\/blog\/wp-content\/uploads\/2016\/09\/DSCN0508.jpg?fit=4608%2C3456&amp;ssl=1\" data-orig-size=\"4608,3456\" data-comments-opened=\"1\" data-image-meta=\"{&quot;aperture&quot;:&quot;6.3&quot;,&quot;credit&quot;:&quot;&quot;,&quot;camera&quot;:&quot;COOLPIX S9900&quot;,&quot;caption&quot;:&quot;&quot;,&quot;created_timestamp&quot;:&quot;1466327472&quot;,&quot;copyright&quot;:&quot;&quot;,&quot;focal_length&quot;:&quot;48.4&quot;,&quot;iso&quot;:&quot;125&quot;,&quot;shutter_speed&quot;:&quot;0.0015625&quot;,&quot;title&quot;:&quot;&quot;,&quot;orientation&quot;:&quot;1&quot;}\" data-image-title=\"Bottes et V\u00e9lo\" data-image-description=\"\" data-image-caption=\"\" data-large-file=\"https:\/\/i0.wp.com\/bottesetvelo.com\/blog\/wp-content\/uploads\/2016\/09\/DSCN0508.jpg?fit=1024%2C768&amp;ssl=1\" class=\"alignright wp-image-2725\" src=\"https:\/\/i0.wp.com\/bottesetvelo.com\/blog\/wp-content\/uploads\/2016\/09\/DSCN0508.jpg?resize=300%2C225&#038;ssl=1\" alt=\"Bottes et V\u00e9lo\" width=\"300\" height=\"225\" srcset=\"https:\/\/i0.wp.com\/bottesetvelo.com\/blog\/wp-content\/uploads\/2016\/09\/DSCN0508.jpg?resize=500%2C375&amp;ssl=1 500w, https:\/\/i0.wp.com\/bottesetvelo.com\/blog\/wp-content\/uploads\/2016\/09\/DSCN0508.jpg?resize=768%2C576&amp;ssl=1 768w, https:\/\/i0.wp.com\/bottesetvelo.com\/blog\/wp-content\/uploads\/2016\/09\/DSCN0508.jpg?resize=1024%2C768&amp;ssl=1 1024w, https:\/\/i0.wp.com\/bottesetvelo.com\/blog\/wp-content\/uploads\/2016\/09\/DSCN0508.jpg?w=2340&amp;ssl=1 2340w, https:\/\/i0.wp.com\/bottesetvelo.com\/blog\/wp-content\/uploads\/2016\/09\/DSCN0508.jpg?w=3510&amp;ssl=1 3510w\" sizes=\"auto, (max-width: 300px) 100vw, 300px\" \/>Depuis notre jeune enfance, en passant par l\u2019adolescence, pour arriver enfin \u00e0 l\u2019\u00e2ge adulte, chacun de nous porte en alternance diff\u00e9rents chapeaux. \u00c9tudiante s\u00e9rieuse, bouffon de la classe, sportif t\u00e9m\u00e9raire. Ou plus tard\u00a0: maman attentionn\u00e9e, employ\u00e9 efficace et professionnelle, amie toujours disponible, parent g\u00e9n\u00e9reux toujours de service. Tous ces chapeaux que je porte, symboles identitaires de l\u2019image que je souhaite projeter de moi ou identit\u00e9 dont mon entourage m\u2019a affubl\u00e9 et que j\u2019endosse un peu malgr\u00e9 moi, tous ces chapeaux se sont confectionn\u00e9s au fil du temps \u00a0\u00e0 travers les rapports que j\u2019entretiens avec mon milieu de vie. Et bien que souvent j\u2019aie choisi de les porter, parfois m\u00eame fi\u00e8rement, j\u2019en suis sournoisement devenue esclave. Subtilement, ils guident mes agissements et mes d\u00e9cisions. Sous le couvert de ces chapeaux, je m\u2019oblige et m\u2019impose des r\u00f4les que parfois je ne d\u00e9sire plus jouer. Mais un \u00e9quilibre \u00e9tant depuis longtemps \u00e9tablit avec mon environnement ext\u00e9rieur, il m\u2019est souvent bien difficile de sortir de cette routine comportementale pour vivre tel que je le souhaiterais maintenant.<\/p>\n<p style=\"text-align: justify;\"><img data-recalc-dims=\"1\" loading=\"lazy\" decoding=\"async\" data-attachment-id=\"2726\" data-permalink=\"https:\/\/bottesetvelo.com\/blog\/2016\/09\/23\/mon-chapeau-de-pelerin\/2015-06-14-08-32-19-2\/\" data-orig-file=\"https:\/\/i0.wp.com\/bottesetvelo.com\/blog\/wp-content\/uploads\/2016\/09\/2015-06-14-08.32.19.jpg?fit=3264%2C1729&amp;ssl=1\" data-orig-size=\"3264,1729\" data-comments-opened=\"1\" data-image-meta=\"{&quot;aperture&quot;:&quot;2.6&quot;,&quot;credit&quot;:&quot;&quot;,&quot;camera&quot;:&quot;SGH-I747M&quot;,&quot;caption&quot;:&quot;&quot;,&quot;created_timestamp&quot;:&quot;1434270739&quot;,&quot;copyright&quot;:&quot;&quot;,&quot;focal_length&quot;:&quot;3.7&quot;,&quot;iso&quot;:&quot;50&quot;,&quot;shutter_speed&quot;:&quot;0.000726744186047&quot;,&quot;title&quot;:&quot;&quot;,&quot;orientation&quot;:&quot;1&quot;}\" data-image-title=\"Bottes et V\u00e9lo\" data-image-description=\"\" data-image-caption=\"\" data-large-file=\"https:\/\/i0.wp.com\/bottesetvelo.com\/blog\/wp-content\/uploads\/2016\/09\/2015-06-14-08.32.19.jpg?fit=1024%2C542&amp;ssl=1\" class=\"wp-image-2726 alignleft\" src=\"https:\/\/i0.wp.com\/bottesetvelo.com\/blog\/wp-content\/uploads\/2016\/09\/2015-06-14-08.32.19.jpg?resize=300%2C159&#038;ssl=1\" alt=\"Bottes et V\u00e9lo\" width=\"300\" height=\"159\" srcset=\"https:\/\/i0.wp.com\/bottesetvelo.com\/blog\/wp-content\/uploads\/2016\/09\/2015-06-14-08.32.19.jpg?resize=500%2C265&amp;ssl=1 500w, https:\/\/i0.wp.com\/bottesetvelo.com\/blog\/wp-content\/uploads\/2016\/09\/2015-06-14-08.32.19.jpg?resize=768%2C407&amp;ssl=1 768w, https:\/\/i0.wp.com\/bottesetvelo.com\/blog\/wp-content\/uploads\/2016\/09\/2015-06-14-08.32.19.jpg?resize=1024%2C542&amp;ssl=1 1024w, https:\/\/i0.wp.com\/bottesetvelo.com\/blog\/wp-content\/uploads\/2016\/09\/2015-06-14-08.32.19.jpg?w=2340&amp;ssl=1 2340w\" sizes=\"auto, (max-width: 300px) 100vw, 300px\" \/>Un des grands bienfaits du chemin de p\u00e8lerinage est l\u2019anonymat. Sur le chemin, \u00e9tant sortie de mon cadre relationnel habituel, tous ces chapeaux n\u2019ont plus l\u2019obligation d\u2019exister. Mon chapeau de p\u00e8lerin est vierge. Libre \u00e0 moi de le porter comme je veux. Il me permet d\u2019avancer dans un monde en \u00e9tant libre d\u2019\u00eatre tout simplement moi. Libre de tout jugement ext\u00e9rieur, libre de toute critique, libre de toute pression d\u2019\u00eatre autrement que ce que je souhaite \u00eatre. Sur le chemin, je suis confortablement moi. Par contre, je dois avouer qu\u2019au d\u00e9but, il n\u2019est pas toujours facile d\u2019\u00eatre ainsi nue, sans personnage pour se camoufler un peu, pour se donner une contenance. Certains chapeaux sont encore pr\u00e9sents au d\u00e9but, surtout ceux que je m\u2019enfon\u00e7ais jusqu\u2019aux oreilles. Mais avec le temps, la marche, et la nouveaut\u00e9 qui m\u2019entoure, c\u2019est sans difficult\u00e9 que j\u2019ose \u00eatre pleinement moi. Dans ce nouveau groupe qui m\u2019entoure et m\u2019accepte telle quelle, je d\u00e9couvre le bon go\u00fbt de me sentir appr\u00e9ci\u00e9e dans l\u2019essence m\u00eame de mon \u00eatre. Je me sens libre d\u2019afficher ma vraie couleur, sans \u00eatre jug\u00e9e et sans me juger.<img data-recalc-dims=\"1\" loading=\"lazy\" decoding=\"async\" data-attachment-id=\"2727\" data-permalink=\"https:\/\/bottesetvelo.com\/blog\/2016\/09\/23\/mon-chapeau-de-pelerin\/dscn0327\/\" data-orig-file=\"https:\/\/i0.wp.com\/bottesetvelo.com\/blog\/wp-content\/uploads\/2016\/09\/DSCN0327.jpg?fit=4270%2C2953&amp;ssl=1\" data-orig-size=\"4270,2953\" data-comments-opened=\"1\" data-image-meta=\"{&quot;aperture&quot;:&quot;6.3&quot;,&quot;credit&quot;:&quot;&quot;,&quot;camera&quot;:&quot;COOLPIX S9900&quot;,&quot;caption&quot;:&quot;&quot;,&quot;created_timestamp&quot;:&quot;1464521254&quot;,&quot;copyright&quot;:&quot;&quot;,&quot;focal_length&quot;:&quot;40.9&quot;,&quot;iso&quot;:&quot;125&quot;,&quot;shutter_speed&quot;:&quot;0.01&quot;,&quot;title&quot;:&quot;&quot;,&quot;orientation&quot;:&quot;1&quot;}\" data-image-title=\"Bottes et V\u00e9lo\" data-image-description=\"\" data-image-caption=\"\" data-large-file=\"https:\/\/i0.wp.com\/bottesetvelo.com\/blog\/wp-content\/uploads\/2016\/09\/DSCN0327.jpg?fit=1024%2C708&amp;ssl=1\" class=\"alignright wp-image-2727\" src=\"https:\/\/i0.wp.com\/bottesetvelo.com\/blog\/wp-content\/uploads\/2016\/09\/DSCN0327.jpg?resize=300%2C207&#038;ssl=1\" alt=\"Bottes et V\u00e9lo\" width=\"300\" height=\"207\" srcset=\"https:\/\/i0.wp.com\/bottesetvelo.com\/blog\/wp-content\/uploads\/2016\/09\/DSCN0327.jpg?resize=500%2C346&amp;ssl=1 500w, https:\/\/i0.wp.com\/bottesetvelo.com\/blog\/wp-content\/uploads\/2016\/09\/DSCN0327.jpg?resize=768%2C531&amp;ssl=1 768w, https:\/\/i0.wp.com\/bottesetvelo.com\/blog\/wp-content\/uploads\/2016\/09\/DSCN0327.jpg?resize=1024%2C708&amp;ssl=1 1024w, https:\/\/i0.wp.com\/bottesetvelo.com\/blog\/wp-content\/uploads\/2016\/09\/DSCN0327.jpg?w=2340&amp;ssl=1 2340w, https:\/\/i0.wp.com\/bottesetvelo.com\/blog\/wp-content\/uploads\/2016\/09\/DSCN0327.jpg?w=3510&amp;ssl=1 3510w\" sizes=\"auto, (max-width: 300px) 100vw, 300px\" \/><\/p>\n<p style=\"text-align: justify;\">Comme le dit la citation, en p\u00e8lerinage, le chapeau importe peu. Nous sommes tous p\u00e8lerins. Chacun porte son bagage avec lui. Chacun fait sa route. Chacun a son histoire. Il y a un respect des r\u00e9alit\u00e9s de chacun que l\u2019on croise sur sa route. Et c\u2019est ce respect de soi et de l\u2019autre qui permet l\u2019\u00e9mergence de ce ressenti si apaisant\u00a0: se sentir faire partie d\u2019un groupe, tout en demeurant soi-m\u00eame. Appartenir et s\u2019appartenir. Un \u00e9quilibre avec lequel il fait bon avancer.<\/p>\n<p>Brigitte Harouni<img data-recalc-dims=\"1\" loading=\"lazy\" decoding=\"async\" data-attachment-id=\"14\" data-permalink=\"https:\/\/bottesetvelo.com\/blog\/bottes-et-velo-le-blog\/bottes-et-velo-embleme\/\" data-orig-file=\"https:\/\/i0.wp.com\/bottesetvelo.com\/blog\/wp-content\/uploads\/2014\/01\/Bottes-et-V%C3%A9lo-Embl%C3%AAme-e1454083414631.jpg?fit=100%2C79&amp;ssl=1\" data-orig-size=\"100,79\" data-comments-opened=\"1\" data-image-meta=\"{&quot;aperture&quot;:&quot;0&quot;,&quot;credit&quot;:&quot;&quot;,&quot;camera&quot;:&quot;&quot;,&quot;caption&quot;:&quot;&quot;,&quot;created_timestamp&quot;:&quot;0&quot;,&quot;copyright&quot;:&quot;&quot;,&quot;focal_length&quot;:&quot;0&quot;,&quot;iso&quot;:&quot;0&quot;,&quot;shutter_speed&quot;:&quot;0&quot;,&quot;title&quot;:&quot;&quot;}\" data-image-title=\"Bottes et V\u00e9lo &amp;#8211; Embl\u00eame\" data-image-description=\"\" data-image-caption=\"\" data-large-file=\"https:\/\/i0.wp.com\/bottesetvelo.com\/blog\/wp-content\/uploads\/2014\/01\/Bottes-et-V%C3%A9lo-Embl%C3%AAme-e1454083414631.jpg?fit=100%2C79&amp;ssl=1\" class=\"alignright wp-image-14\" src=\"https:\/\/i0.wp.com\/bottesetvelo.com\/blog\/wp-content\/uploads\/2014\/01\/Bottes-et-V%C3%A9lo-Embl%C3%AAme.jpg?resize=50%2C39&#038;ssl=1\" alt=\"Bottes et V\u00e9lo - Embl\u00eame\" width=\"50\" height=\"39\" \/><\/p>\n","protected":false},"excerpt":{"rendered":"<p>Pour la marche, le plus beau chapeau du monde ne vaut pas une bonne paire de chaussures. Pierre Dac Elle me fait sourire cette citation, parce qu\u2019avec humour et sans le savoir, elle r\u00e9sume tr\u00e8s bien l\u2019id\u00e9e principale de mon texte\u00a0: en p\u00e8lerinage, on n\u2019a pas besoin de porter de chapeau. Je m\u2019explique. Depuis notre&hellip;<\/p>\n","protected":false},"author":2,"featured_media":0,"comment_status":"open","ping_status":"open","sticky":false,"template":"","format":"standard","meta":{"jetpack_post_was_ever_published":false,"_jetpack_newsletter_access":"","_jetpack_dont_email_post_to_subs":false,"_jetpack_newsletter_tier_id":0,"_jetpack_memberships_contains_paywalled_content":false,"_jetpack_memberships_contains_paid_content":false,"footnotes":"","jetpack_publicize_message":"","jetpack_publicize_feature_enabled":true,"jetpack_social_post_already_shared":true,"jetpack_social_options":{"image_generator_settings":{"template":"highway","default_image_id":0,"font":"","enabled":false},"version":2}},"categories":[52,50,379,380,3,381,1],"tags":[275,103,109,40,168,273,99,94,121],"class_list":["post-2724","post","type-post","status-publish","format-standard","hentry","category-alternatives-de-vie","category-art-de-vivre","category-chemin-de-transformation","category-conscientisation","category-reflexions","category-transformation","category-uncategorized","tag-art-de-vivre","tag-bien-etre","tag-bonheur","tag-croissance-personnelle-2","tag-demarche-du-pelerin","tag-gouter-la-vie","tag-simplicite-volontaire","tag-vivre-simplement","tag-zone-de-confort"],"jetpack_publicize_connections":[],"jetpack_featured_media_url":"","jetpack_shortlink":"https:\/\/wp.me\/p4eY6z-HW","jetpack_sharing_enabled":true,"jetpack_likes_enabled":true,"jetpack-related-posts":[],"_links":{"self":[{"href":"https:\/\/bottesetvelo.com\/blog\/wp-json\/wp\/v2\/posts\/2724","targetHints":{"allow":["GET"]}}],"collection":[{"href":"https:\/\/bottesetvelo.com\/blog\/wp-json\/wp\/v2\/posts"}],"about":[{"href":"https:\/\/bottesetvelo.com\/blog\/wp-json\/wp\/v2\/types\/post"}],"author":[{"embeddable":true,"href":"https:\/\/bottesetvelo.com\/blog\/wp-json\/wp\/v2\/users\/2"}],"replies":[{"embeddable":true,"href":"https:\/\/bottesetvelo.com\/blog\/wp-json\/wp\/v2\/comments?post=2724"}],"version-history":[{"count":2,"href":"https:\/\/bottesetvelo.com\/blog\/wp-json\/wp\/v2\/posts\/2724\/revisions"}],"predecessor-version":[{"id":2729,"href":"https:\/\/bottesetvelo.com\/blog\/wp-json\/wp\/v2\/posts\/2724\/revisions\/2729"}],"wp:attachment":[{"href":"https:\/\/bottesetvelo.com\/blog\/wp-json\/wp\/v2\/media?parent=2724"}],"wp:term":[{"taxonomy":"category","embeddable":true,"href":"https:\/\/bottesetvelo.com\/blog\/wp-json\/wp\/v2\/categories?post=2724"},{"taxonomy":"post_tag","embeddable":true,"href":"https:\/\/bottesetvelo.com\/blog\/wp-json\/wp\/v2\/tags?post=2724"}],"curies":[{"name":"wp","href":"https:\/\/api.w.org\/{rel}","templated":true}]}}