{"id":2711,"date":"2016-09-16T12:31:54","date_gmt":"2016-09-16T16:31:54","guid":{"rendered":"http:\/\/bottesetvelo.com\/blog\/?p=2711"},"modified":"2016-09-16T12:31:54","modified_gmt":"2016-09-16T16:31:54","slug":"la-famille-du-chemin","status":"publish","type":"post","link":"https:\/\/bottesetvelo.com\/blog\/2016\/09\/16\/la-famille-du-chemin\/","title":{"rendered":"La famille du chemin"},"content":{"rendered":"<h6 style=\"text-align: right;\"><strong><em>Ce n&rsquo;est pas tant le chant qui est sacr\u00e9, c&rsquo;est le lien qu&rsquo;il cr\u00e9e entre les \u00eatres.<\/em><\/strong><br \/>\n<strong>Philippe Barraqu\u00e9<\/strong><\/h6>\n<h5 style=\"text-align: justify;\"><span style=\"color: #003366;\">Je me rappelle ce p\u00e8lerin allemand avec qui j\u2019ai march\u00e9 en 2009. C\u2019\u00e9tait sur le chemin du Puy-en-Velay. Il s\u2019appelait Reinhald. Il portait un t-shirt sur lequel on pouvait lire l\u2019\u00e9pitaphe de Kazantzakis\u00a0: <em>\u00ab\u00a0Je n\u2019esp\u00e8re rien. Je ne crains rien. Je suis libre.\u00a0\u00bb<\/em> Je l\u2019ai aim\u00e9 tout de suite. Il parlait peu,\u00a0 souriait beaucoup et s\u2019accommodait de tout. Nous pouvions marcher des heures ensemble sans dire un mot et nous \u00e9tions bien comme \u00e7a.<\/span><\/h5>\n<p style=\"text-align: justify;\"><img data-recalc-dims=\"1\" loading=\"lazy\" decoding=\"async\" data-attachment-id=\"2718\" data-permalink=\"https:\/\/bottesetvelo.com\/blog\/2016\/09\/16\/la-famille-du-chemin\/dscn0470-3\/\" data-orig-file=\"https:\/\/i0.wp.com\/bottesetvelo.com\/blog\/wp-content\/uploads\/2016\/09\/DSCN0470-3.jpg?fit=4608%2C3456&amp;ssl=1\" data-orig-size=\"4608,3456\" data-comments-opened=\"1\" data-image-meta=\"{&quot;aperture&quot;:&quot;4.2&quot;,&quot;credit&quot;:&quot;&quot;,&quot;camera&quot;:&quot;COOLPIX S9900&quot;,&quot;caption&quot;:&quot;&quot;,&quot;created_timestamp&quot;:&quot;1466282272&quot;,&quot;copyright&quot;:&quot;&quot;,&quot;focal_length&quot;:&quot;7.6&quot;,&quot;iso&quot;:&quot;125&quot;,&quot;shutter_speed&quot;:&quot;0.0166666666667&quot;,&quot;title&quot;:&quot;&quot;,&quot;orientation&quot;:&quot;1&quot;}\" data-image-title=\"Chemin Kamouraska &amp;#8211; 2016\" data-image-description=\"\" data-image-caption=\"\" data-large-file=\"https:\/\/i0.wp.com\/bottesetvelo.com\/blog\/wp-content\/uploads\/2016\/09\/DSCN0470-3.jpg?fit=1024%2C768&amp;ssl=1\" class=\"alignright wp-image-2718\" src=\"https:\/\/i0.wp.com\/bottesetvelo.com\/blog\/wp-content\/uploads\/2016\/09\/DSCN0470-3.jpg?resize=300%2C225&#038;ssl=1\" alt=\"Chemin Kamouraska - 2016\" width=\"300\" height=\"225\" srcset=\"https:\/\/i0.wp.com\/bottesetvelo.com\/blog\/wp-content\/uploads\/2016\/09\/DSCN0470-3.jpg?resize=500%2C375&amp;ssl=1 500w, https:\/\/i0.wp.com\/bottesetvelo.com\/blog\/wp-content\/uploads\/2016\/09\/DSCN0470-3.jpg?resize=768%2C576&amp;ssl=1 768w, https:\/\/i0.wp.com\/bottesetvelo.com\/blog\/wp-content\/uploads\/2016\/09\/DSCN0470-3.jpg?resize=1024%2C768&amp;ssl=1 1024w, https:\/\/i0.wp.com\/bottesetvelo.com\/blog\/wp-content\/uploads\/2016\/09\/DSCN0470-3.jpg?w=2340&amp;ssl=1 2340w, https:\/\/i0.wp.com\/bottesetvelo.com\/blog\/wp-content\/uploads\/2016\/09\/DSCN0470-3.jpg?w=3510&amp;ssl=1 3510w\" sizes=\"auto, (max-width: 300px) 100vw, 300px\" \/>Sur ce chemin, nous formions un petit groupe. Nous \u00e9tions sept et nous nous retrouvions r\u00e9guli\u00e8rement sur la route. Parfois pour parler, souvent en silence, ou simplement pour \u00e9changer quelques regards complices. <strong><span style=\"color: #003366;\">Comme il \u00e9tait bon, en cette terre \u00e9trang\u00e8re, de partager la pr\u00e9sence amicale et rassurante de l\u2019autre.<\/span><\/strong><\/p>\n<p style=\"text-align: justify;\">Apr\u00e8s quelques jours de marche,\u00a0 ces visages crois\u00e9s chaque jour nous devenaient familier. On se connaissait \u00e0 peine et nous pouvions compter les uns sur les autres. Une pr\u00e9sence qui allait bien au-del\u00e0 des mots. On marchait c\u00f4te-\u00e0-c\u00f4te, parfois avec distance, mais on finissait toujours par s\u2019attendre \u00e0 un croisement, \u00e0 l\u2019entr\u00e9e d\u2019un village. Quand certains jours \u00e9taient plus moroses, on faisait route avec celui ou celle qui avait le moral \u00e0 plat. S\u2019il nous manquait quelque chose, il y avait toujours quelqu\u2019un pour nous tendre la main. <span style=\"color: #003366;\"><strong>Ainsi r\u00e9unis, nous grandissions en confiance.<\/strong><\/span><\/p>\n<p style=\"text-align: justify;\">Les jours passaient et une certaine intimit\u00e9 s\u2019installait. Vint un moment o\u00f9, en fin de journ\u00e9e, nous prenions soin de nos pieds mutuellement, nous faisions la lessive ensemble et nous pr\u00e9parions nos repas en commun. Cette familiarit\u00e9, cette aisance, tout cela en quelques jours \u00e0 peine, et entre de purs \u00e9trangers. Il y avait de quoi s\u2019\u00e9tonner!<\/p>\n<p style=\"text-align: justify;\"><img data-recalc-dims=\"1\" loading=\"lazy\" decoding=\"async\" data-attachment-id=\"2714\" data-permalink=\"https:\/\/bottesetvelo.com\/blog\/2016\/09\/16\/la-famille-du-chemin\/2009-compostelle-et-barcelone-070-3\/\" data-orig-file=\"https:\/\/i0.wp.com\/bottesetvelo.com\/blog\/wp-content\/uploads\/2016\/09\/2009-Compostelle-et-Barcelone-070-3.jpg?fit=1532%2C1197&amp;ssl=1\" data-orig-size=\"1532,1197\" data-comments-opened=\"1\" data-image-meta=\"{&quot;aperture&quot;:&quot;3.2&quot;,&quot;credit&quot;:&quot;&quot;,&quot;camera&quot;:&quot;Canon PowerShot SD890 IS&quot;,&quot;caption&quot;:&quot;&quot;,&quot;created_timestamp&quot;:&quot;1251318870&quot;,&quot;copyright&quot;:&quot;&quot;,&quot;focal_length&quot;:&quot;6.6&quot;,&quot;iso&quot;:&quot;200&quot;,&quot;shutter_speed&quot;:&quot;0.0166666666667&quot;,&quot;title&quot;:&quot;&quot;,&quot;orientation&quot;:&quot;1&quot;}\" data-image-title=\"Reinhald &amp;#8211; Chemin du Puy-en-Velay &amp;#8211; 2009\" data-image-description=\"\" data-image-caption=\"\" data-large-file=\"https:\/\/i0.wp.com\/bottesetvelo.com\/blog\/wp-content\/uploads\/2016\/09\/2009-Compostelle-et-Barcelone-070-3.jpg?fit=1024%2C800&amp;ssl=1\" class=\"alignright wp-image-2714\" src=\"https:\/\/i0.wp.com\/bottesetvelo.com\/blog\/wp-content\/uploads\/2016\/09\/2009-Compostelle-et-Barcelone-070-3.jpg?resize=300%2C234&#038;ssl=1\" alt=\"Reinhald - Chemin du Puy-en-Velay - 2009\" width=\"300\" height=\"234\" srcset=\"https:\/\/i0.wp.com\/bottesetvelo.com\/blog\/wp-content\/uploads\/2016\/09\/2009-Compostelle-et-Barcelone-070-3.jpg?resize=500%2C391&amp;ssl=1 500w, https:\/\/i0.wp.com\/bottesetvelo.com\/blog\/wp-content\/uploads\/2016\/09\/2009-Compostelle-et-Barcelone-070-3.jpg?resize=768%2C600&amp;ssl=1 768w, https:\/\/i0.wp.com\/bottesetvelo.com\/blog\/wp-content\/uploads\/2016\/09\/2009-Compostelle-et-Barcelone-070-3.jpg?resize=1024%2C800&amp;ssl=1 1024w, https:\/\/i0.wp.com\/bottesetvelo.com\/blog\/wp-content\/uploads\/2016\/09\/2009-Compostelle-et-Barcelone-070-3.jpg?w=1532&amp;ssl=1 1532w\" sizes=\"auto, (max-width: 300px) 100vw, 300px\" \/>Le soir, rassembl\u00e9s autour de la table, nous sirotions un dernier verre de vin en nous racontant nos vies, nos r\u00eaves et nos d\u00e9sespoirs. <strong><span style=\"color: #003366;\">C\u2019est l\u00e0 que Reinhald nous rappelait en souriant: \u00ab\u00a0La famille du chemin!\u00a0\u00bb<\/span><\/strong> Il pronon\u00e7ait ces paroles en nous touchant du regard les uns apr\u00e8s les autres. Comme s\u2019il voulait marquer l\u2019instant, le lien. Surtout la force du lien.<\/p>\n<p style=\"text-align: justify;\">La famille du chemin\u2026\u00a0<strong><span style=\"color: #003366;\">En si peu de temps les liens cr\u00e9\u00e9s \u00e9taient si fort que c\u2019en \u00e9tait d\u00e9concertant.<\/span> <\/strong>Des liens solides se b\u00e2tissaient m\u00eame au-del\u00e0 des barri\u00e8res de la langue. Apr\u00e8s quelques jours, on parlait de famille \u00e9largie tellement nous \u00e9tions nombreux \u00e0 nous reconna\u00eetre. On avait l\u2019impression d\u2019un village entier qui migrait. Un village aux allures gauloises, avec sa bonhomie, ses rires et ses \u00e9clats, ses col\u00e8res et ses emportements. Il y avait de tout sur ce chemin, du simple p\u00e8lerin-randonneur \u00e0 l\u2019illumin\u00e9. Toutefois, tout le monde y trouvait sa place et s\u2019y sentait accueilli. Et c\u2019est tr\u00e8s certainement l\u00e0 toute la puissance des caminos de ce monde! \u00a0Ils sont des routes sans fronti\u00e8res, sans barri\u00e8res, sans exigences; en marge d\u2019un monde de r\u00e8gles et de convenances. Sur ce chemin, nous marchions librement et ensemble.<\/p>\n<p style=\"text-align: justify;\"><strong><span style=\"color: #003366;\">Le chemin de p\u00e8lerinage n\u2019attend rien de nous.<\/span> <\/strong>Il est un lieu o\u00f9 l\u2019on trouve la possibilit\u00e9 d\u2019\u00eatre soi-m\u00eame, sans artifice. <strong><span style=\"color: #003366;\"><img data-recalc-dims=\"1\" loading=\"lazy\" decoding=\"async\" data-attachment-id=\"2716\" data-permalink=\"https:\/\/bottesetvelo.com\/blog\/2016\/09\/16\/la-famille-du-chemin\/img_1078-3\/\" data-orig-file=\"https:\/\/i0.wp.com\/bottesetvelo.com\/blog\/wp-content\/uploads\/2016\/09\/IMG_1078.jpg?fit=2298%2C1368&amp;ssl=1\" data-orig-size=\"2298,1368\" data-comments-opened=\"1\" data-image-meta=\"{&quot;aperture&quot;:&quot;2.8&quot;,&quot;credit&quot;:&quot;&quot;,&quot;camera&quot;:&quot;iPhone 4&quot;,&quot;caption&quot;:&quot;&quot;,&quot;created_timestamp&quot;:&quot;1373572357&quot;,&quot;copyright&quot;:&quot;&quot;,&quot;focal_length&quot;:&quot;3.85&quot;,&quot;iso&quot;:&quot;100&quot;,&quot;shutter_speed&quot;:&quot;0.00833333333333&quot;,&quot;title&quot;:&quot;&quot;,&quot;orientation&quot;:&quot;1&quot;}\" data-image-title=\"Camino Frances &amp;#8211; 2013\" data-image-description=\"\" data-image-caption=\"\" data-large-file=\"https:\/\/i0.wp.com\/bottesetvelo.com\/blog\/wp-content\/uploads\/2016\/09\/IMG_1078.jpg?fit=1024%2C610&amp;ssl=1\" class=\"alignright wp-image-2716\" src=\"https:\/\/i0.wp.com\/bottesetvelo.com\/blog\/wp-content\/uploads\/2016\/09\/IMG_1078.jpg?resize=300%2C179&#038;ssl=1\" alt=\"Camino Frances - 2013\" width=\"300\" height=\"179\" srcset=\"https:\/\/i0.wp.com\/bottesetvelo.com\/blog\/wp-content\/uploads\/2016\/09\/IMG_1078.jpg?resize=500%2C298&amp;ssl=1 500w, https:\/\/i0.wp.com\/bottesetvelo.com\/blog\/wp-content\/uploads\/2016\/09\/IMG_1078.jpg?resize=768%2C457&amp;ssl=1 768w, https:\/\/i0.wp.com\/bottesetvelo.com\/blog\/wp-content\/uploads\/2016\/09\/IMG_1078.jpg?resize=1024%2C610&amp;ssl=1 1024w\" sizes=\"auto, (max-width: 300px) 100vw, 300px\" \/><\/span><\/strong>Il est le plaisir d\u2019\u00eatre ensemble, de se retrouver dans un sentiment de confiance et d\u2019appartenance. <strong><span style=\"color: #003366;\">Il nous permet de retisser ces liens qui se sont effrit\u00e9s dans notre soci\u00e9t\u00e9 divis\u00e9e.<\/span> <\/strong>Le chemin de p\u00e8lerinage redonne espoir dans un monde qui peut vivre uni, malgr\u00e9 tout. Il redonne confiance en notre humanit\u00e9 et la rend plus belle.<\/p>\n<p style=\"text-align: justify;\">C\u2019est alors que le sanctuaire se dessine peu \u00e0 peu \u00e0 l\u2019horizon\u2026<img data-recalc-dims=\"1\" loading=\"lazy\" decoding=\"async\" data-attachment-id=\"14\" data-permalink=\"https:\/\/bottesetvelo.com\/blog\/bottes-et-velo-le-blog\/bottes-et-velo-embleme\/\" data-orig-file=\"https:\/\/i0.wp.com\/bottesetvelo.com\/blog\/wp-content\/uploads\/2014\/01\/Bottes-et-V%C3%A9lo-Embl%C3%AAme-e1454083414631.jpg?fit=100%2C79&amp;ssl=1\" data-orig-size=\"100,79\" data-comments-opened=\"1\" data-image-meta=\"{&quot;aperture&quot;:&quot;0&quot;,&quot;credit&quot;:&quot;&quot;,&quot;camera&quot;:&quot;&quot;,&quot;caption&quot;:&quot;&quot;,&quot;created_timestamp&quot;:&quot;0&quot;,&quot;copyright&quot;:&quot;&quot;,&quot;focal_length&quot;:&quot;0&quot;,&quot;iso&quot;:&quot;0&quot;,&quot;shutter_speed&quot;:&quot;0&quot;,&quot;title&quot;:&quot;&quot;}\" data-image-title=\"Bottes et V\u00e9lo &amp;#8211; Embl\u00eame\" data-image-description=\"\" data-image-caption=\"\" data-large-file=\"https:\/\/i0.wp.com\/bottesetvelo.com\/blog\/wp-content\/uploads\/2014\/01\/Bottes-et-V%C3%A9lo-Embl%C3%AAme-e1454083414631.jpg?fit=100%2C79&amp;ssl=1\" class=\"alignright wp-image-14\" src=\"https:\/\/i0.wp.com\/bottesetvelo.com\/blog\/wp-content\/uploads\/2014\/01\/Bottes-et-V%C3%A9lo-Embl%C3%AAme.jpg?resize=68%2C54&#038;ssl=1\" alt=\"Bottes et V\u00e9lo - Embl\u00eame\" width=\"68\" height=\"54\" \/><\/p>\n<p style=\"text-align: justify;\">\u00c9ric Lalibert\u00e9<\/p>\n","protected":false},"excerpt":{"rendered":"<p>Ce n&rsquo;est pas tant le chant qui est sacr\u00e9, c&rsquo;est le lien qu&rsquo;il cr\u00e9e entre les \u00eatres. Philippe Barraqu\u00e9 Je me rappelle ce p\u00e8lerin allemand avec qui j\u2019ai march\u00e9 en 2009. C\u2019\u00e9tait sur le chemin du Puy-en-Velay. Il s\u2019appelait Reinhald. Il portait un t-shirt sur lequel on pouvait lire l\u2019\u00e9pitaphe de Kazantzakis\u00a0: \u00ab\u00a0Je n\u2019esp\u00e8re rien.&hellip;<\/p>\n","protected":false},"author":3,"featured_media":0,"comment_status":"open","ping_status":"open","sticky":false,"template":"","format":"standard","meta":{"jetpack_post_was_ever_published":false,"_jetpack_newsletter_access":"","_jetpack_dont_email_post_to_subs":false,"_jetpack_newsletter_tier_id":0,"_jetpack_memberships_contains_paywalled_content":false,"_jetpack_memberships_contains_paid_content":false,"footnotes":"","jetpack_publicize_message":"","jetpack_publicize_feature_enabled":true,"jetpack_social_post_already_shared":true,"jetpack_social_options":{"image_generator_settings":{"template":"highway","default_image_id":0,"font":"","enabled":false},"version":2}},"categories":[50,379,3],"tags":[275,103,80,120,13,414,96,179,94],"class_list":["post-2711","post","type-post","status-publish","format-standard","hentry","category-art-de-vivre","category-chemin-de-transformation","category-reflexions","tag-art-de-vivre","tag-bien-etre","tag-compostelle","tag-famille","tag-pelerinage","tag-puy-en-velay","tag-qualite-de-vie","tag-societe","tag-vivre-simplement"],"jetpack_publicize_connections":[],"jetpack_featured_media_url":"","jetpack_shortlink":"https:\/\/wp.me\/p4eY6z-HJ","jetpack_sharing_enabled":true,"jetpack_likes_enabled":true,"jetpack-related-posts":[],"_links":{"self":[{"href":"https:\/\/bottesetvelo.com\/blog\/wp-json\/wp\/v2\/posts\/2711","targetHints":{"allow":["GET"]}}],"collection":[{"href":"https:\/\/bottesetvelo.com\/blog\/wp-json\/wp\/v2\/posts"}],"about":[{"href":"https:\/\/bottesetvelo.com\/blog\/wp-json\/wp\/v2\/types\/post"}],"author":[{"embeddable":true,"href":"https:\/\/bottesetvelo.com\/blog\/wp-json\/wp\/v2\/users\/3"}],"replies":[{"embeddable":true,"href":"https:\/\/bottesetvelo.com\/blog\/wp-json\/wp\/v2\/comments?post=2711"}],"version-history":[{"count":6,"href":"https:\/\/bottesetvelo.com\/blog\/wp-json\/wp\/v2\/posts\/2711\/revisions"}],"predecessor-version":[{"id":2723,"href":"https:\/\/bottesetvelo.com\/blog\/wp-json\/wp\/v2\/posts\/2711\/revisions\/2723"}],"wp:attachment":[{"href":"https:\/\/bottesetvelo.com\/blog\/wp-json\/wp\/v2\/media?parent=2711"}],"wp:term":[{"taxonomy":"category","embeddable":true,"href":"https:\/\/bottesetvelo.com\/blog\/wp-json\/wp\/v2\/categories?post=2711"},{"taxonomy":"post_tag","embeddable":true,"href":"https:\/\/bottesetvelo.com\/blog\/wp-json\/wp\/v2\/tags?post=2711"}],"curies":[{"name":"wp","href":"https:\/\/api.w.org\/{rel}","templated":true}]}}