{"id":2695,"date":"2016-09-02T18:50:45","date_gmt":"2016-09-02T22:50:45","guid":{"rendered":"http:\/\/bottesetvelo.com\/blog\/?p=2695"},"modified":"2016-09-02T18:50:45","modified_gmt":"2016-09-02T22:50:45","slug":"ou-allais-tu-en-marchant-si-longtemps","status":"publish","type":"post","link":"https:\/\/bottesetvelo.com\/blog\/2016\/09\/02\/ou-allais-tu-en-marchant-si-longtemps\/","title":{"rendered":"O\u00f9 allais-tu en marchant si longtemps?"},"content":{"rendered":"<h6 style=\"text-align: right;\"><em>Sans destination, il n&rsquo;est pas de destin\u00e9e.<\/em><br \/>\n<em>Abb\u00e9 de Ranc\u00e9<\/em><\/h6>\n<h5 style=\"text-align: justify;\"><span style=\"color: #003366;\">O\u00f9 allais-tu en marchant si longtemps? \u00c9tais-tu en qu\u00eate d\u2019espace, alors que ta vie devenait trop \u00e9troite? \u00c9tais-tu en qu\u00eate de lenteur, alors que ta vie allait trop vite? \u00c9tais-tu en qu\u00eate d\u2019exotisme, alors que ta vie manquait de saveur? \u00c9tais-tu \u00e0 la recherche d\u2019une destination, alors que ta vie n\u2019en avait plus? O\u00f9 allais-tu? Quelle \u00e9tait cette force qui appelait chacun de tes pas?<\/span><\/h5>\n<p style=\"text-align: justify;\"><img data-recalc-dims=\"1\" loading=\"lazy\" decoding=\"async\" data-attachment-id=\"2696\" data-permalink=\"https:\/\/bottesetvelo.com\/blog\/2016\/09\/02\/ou-allais-tu-en-marchant-si-longtemps\/wheat-1390016_1920\/\" data-orig-file=\"https:\/\/i0.wp.com\/bottesetvelo.com\/blog\/wp-content\/uploads\/2016\/09\/wheat-1390016_1920.jpg?fit=1920%2C1281&amp;ssl=1\" data-orig-size=\"1920,1281\" data-comments-opened=\"1\" data-image-meta=\"{&quot;aperture&quot;:&quot;14&quot;,&quot;credit&quot;:&quot;&quot;,&quot;camera&quot;:&quot;NIKON D610&quot;,&quot;caption&quot;:&quot;&quot;,&quot;created_timestamp&quot;:&quot;0&quot;,&quot;copyright&quot;:&quot;&quot;,&quot;focal_length&quot;:&quot;24&quot;,&quot;iso&quot;:&quot;160&quot;,&quot;shutter_speed&quot;:&quot;0.003125&quot;,&quot;title&quot;:&quot;&quot;,&quot;orientation&quot;:&quot;0&quot;}\" data-image-title=\"Bottes et V\u00e9lo\" data-image-description=\"\" data-image-caption=\"\" data-large-file=\"https:\/\/i0.wp.com\/bottesetvelo.com\/blog\/wp-content\/uploads\/2016\/09\/wheat-1390016_1920.jpg?fit=1024%2C683&amp;ssl=1\" class=\"alignright wp-image-2696\" src=\"https:\/\/i0.wp.com\/bottesetvelo.com\/blog\/wp-content\/uploads\/2016\/09\/wheat-1390016_1920.jpg?resize=300%2C200&#038;ssl=1\" alt=\"Bottes et V\u00e9lo\" width=\"300\" height=\"200\" srcset=\"https:\/\/i0.wp.com\/bottesetvelo.com\/blog\/wp-content\/uploads\/2016\/09\/wheat-1390016_1920.jpg?resize=500%2C334&amp;ssl=1 500w, https:\/\/i0.wp.com\/bottesetvelo.com\/blog\/wp-content\/uploads\/2016\/09\/wheat-1390016_1920.jpg?resize=768%2C512&amp;ssl=1 768w, https:\/\/i0.wp.com\/bottesetvelo.com\/blog\/wp-content\/uploads\/2016\/09\/wheat-1390016_1920.jpg?resize=1024%2C683&amp;ssl=1 1024w, https:\/\/i0.wp.com\/bottesetvelo.com\/blog\/wp-content\/uploads\/2016\/09\/wheat-1390016_1920.jpg?w=1920&amp;ssl=1 1920w\" sizes=\"auto, (max-width: 300px) 100vw, 300px\" \/>Le p\u00e8lerinage n\u2019est pas sans raison, surtout pas sans r\u00e9flexion. Sinon, il n\u2019est plus que simple randonn\u00e9e, un sport \u00e0 pratiquer. Le p\u00e8lerin de l\u2019\u00e9poque m\u00e9di\u00e9vale savait o\u00f9 il allait et pourquoi. Il marchait vers un sanctuaire dans l\u2019espoir d\u2019expier ses p\u00e9ch\u00e9s, dans l\u2019espoir d\u2019une vie meilleure. Le sanctuaire \u00e9tait sa destination. Atteindre le sanctuaire, c\u2019\u00e9tait pour une vie meilleure. Toute sa route pointait vers cet espace de saintet\u00e9. <strong><span style=\"color: #003366;\">Le sanctuaire porte en lui le d\u00e9sir du p\u00e8lerin.<\/span><\/strong><\/p>\n<p style=\"text-align: justify;\">Aujourd\u2019hui, la notion de p\u00e9ch\u00e9 n\u2019est plus tellement pr\u00e9sente dans nos vies, pas plus que celle de saintet\u00e9. Toutefois, l\u2019id\u00e9e d\u2019une vie meilleure nous parle.<span style=\"color: #003366;\"><strong> Cette vie meilleure nous la cherchons tous.<\/strong> <\/span>Il y a toujours une insatisfaction pour nous rappeler que nous aimerions que ce soit autrement. Nous aimerions avoir une plus grande maison, de plus beaux v\u00eatements, \u00a0une nouvelle voiture, partir en voyage, voir cette personne plus souvent, avoir de plus longues vacances, \u00eatre aim\u00e9 davantage, se sentir appr\u00e9ci\u00e9, perdre du poids, avoir un corps muscl\u00e9, se faire refaire le nez, changer de couleur de cheveux\u2026 <img data-recalc-dims=\"1\" loading=\"lazy\" decoding=\"async\" data-attachment-id=\"2697\" data-permalink=\"https:\/\/bottesetvelo.com\/blog\/2016\/09\/02\/ou-allais-tu-en-marchant-si-longtemps\/lord-monastery-1435549_1920\/\" data-orig-file=\"https:\/\/i0.wp.com\/bottesetvelo.com\/blog\/wp-content\/uploads\/2016\/09\/lord-monastery-1435549_1920.jpg?fit=1920%2C1077&amp;ssl=1\" data-orig-size=\"1920,1077\" data-comments-opened=\"1\" data-image-meta=\"{&quot;aperture&quot;:&quot;10&quot;,&quot;credit&quot;:&quot;&quot;,&quot;camera&quot;:&quot;ILCE-6000&quot;,&quot;caption&quot;:&quot;&quot;,&quot;created_timestamp&quot;:&quot;0&quot;,&quot;copyright&quot;:&quot;&quot;,&quot;focal_length&quot;:&quot;37&quot;,&quot;iso&quot;:&quot;100&quot;,&quot;shutter_speed&quot;:&quot;0.01&quot;,&quot;title&quot;:&quot;&quot;,&quot;orientation&quot;:&quot;0&quot;}\" data-image-title=\"Bottes et V\u00e9lo\" data-image-description=\"\" data-image-caption=\"\" data-large-file=\"https:\/\/i0.wp.com\/bottesetvelo.com\/blog\/wp-content\/uploads\/2016\/09\/lord-monastery-1435549_1920.jpg?fit=1024%2C574&amp;ssl=1\" class=\"alignright  wp-image-2697\" src=\"https:\/\/i0.wp.com\/bottesetvelo.com\/blog\/wp-content\/uploads\/2016\/09\/lord-monastery-1435549_1920.jpg?resize=300%2C168&#038;ssl=1\" alt=\"Bottes et V\u00e9lo\" width=\"300\" height=\"168\" srcset=\"https:\/\/i0.wp.com\/bottesetvelo.com\/blog\/wp-content\/uploads\/2016\/09\/lord-monastery-1435549_1920.jpg?resize=500%2C280&amp;ssl=1 500w, https:\/\/i0.wp.com\/bottesetvelo.com\/blog\/wp-content\/uploads\/2016\/09\/lord-monastery-1435549_1920.jpg?resize=768%2C431&amp;ssl=1 768w, https:\/\/i0.wp.com\/bottesetvelo.com\/blog\/wp-content\/uploads\/2016\/09\/lord-monastery-1435549_1920.jpg?resize=1024%2C574&amp;ssl=1 1024w, https:\/\/i0.wp.com\/bottesetvelo.com\/blog\/wp-content\/uploads\/2016\/09\/lord-monastery-1435549_1920.jpg?w=1920&amp;ssl=1 1920w\" sizes=\"auto, (max-width: 300px) 100vw, 300px\" \/>Toutes ces insatisfactions nous disent et redisent, de mani\u00e8re d\u00e9tourn\u00e9e, notre d\u00e9sir d\u2019une vie meilleure. Mais, \u00e9tait-ce r\u00e9ellement mon nez qui me d\u00e9rangeait ou plut\u00f4t l\u2019id\u00e9e que je me faisais d\u2019un beau nez&#8230;?<\/p>\n<p style=\"text-align: justify;\">\u00c0 travers nos insatisfactions, notre d\u00e9sir cherche \u00e0 se dire et nous pousse \u00e0 agir. Toutefois, nous agissons souvent de mani\u00e8re impulsive face \u00e0 celui-ci. Dans le brouhaha et l\u2019urgence quotidienne de nos vies, chaque malaise, insatisfaction, souffrance est combl\u00e9 rapidement. Si je grignote ces chips, est-ce r\u00e9ellement parce que j\u2019avais envie de chips, ou pour \u00e9prouver une sensation de bien-\u00eatre alors que je viens de vivre une frustration? Trop souvent, nous ne prenons pas le temps d\u2019\u00eatre attentif \u00e0 ces signaux int\u00e9rieurs, d\u2019\u00e9couter ce qu\u2019ils cherchent \u00e0 nous dire r\u00e9ellement. Ce n\u2019est que lorsqu\u2019ils se font de plus en plus pressants, qu\u2019ils ne peuvent plus \u00eatre leurr\u00e9s par un sac de chips (ou tout autres subterfuges), qu\u2019une v\u00e9ritable action devient n\u00e9cessaire. Il faut alors se mettre en marche! Il faut bouger! Et pour bouger il faudra abandonner certaines choses derri\u00e8re soi. <img data-recalc-dims=\"1\" loading=\"lazy\" decoding=\"async\" data-attachment-id=\"2698\" data-permalink=\"https:\/\/bottesetvelo.com\/blog\/2016\/09\/02\/ou-allais-tu-en-marchant-si-longtemps\/guy-690751_1280-2\/\" data-orig-file=\"https:\/\/i0.wp.com\/bottesetvelo.com\/blog\/wp-content\/uploads\/2016\/09\/guy-690751_1280.jpg?fit=1280%2C852&amp;ssl=1\" data-orig-size=\"1280,852\" data-comments-opened=\"1\" data-image-meta=\"{&quot;aperture&quot;:&quot;0&quot;,&quot;credit&quot;:&quot;&quot;,&quot;camera&quot;:&quot;&quot;,&quot;caption&quot;:&quot;&quot;,&quot;created_timestamp&quot;:&quot;0&quot;,&quot;copyright&quot;:&quot;&quot;,&quot;focal_length&quot;:&quot;0&quot;,&quot;iso&quot;:&quot;0&quot;,&quot;shutter_speed&quot;:&quot;0&quot;,&quot;title&quot;:&quot;&quot;,&quot;orientation&quot;:&quot;0&quot;}\" data-image-title=\"Bottes et V\u00e9lo\" data-image-description=\"\" data-image-caption=\"\" data-large-file=\"https:\/\/i0.wp.com\/bottesetvelo.com\/blog\/wp-content\/uploads\/2016\/09\/guy-690751_1280.jpg?fit=1024%2C682&amp;ssl=1\" class=\"alignright  wp-image-2698\" src=\"https:\/\/i0.wp.com\/bottesetvelo.com\/blog\/wp-content\/uploads\/2016\/09\/guy-690751_1280.jpg?resize=300%2C200&#038;ssl=1\" alt=\"Bottes et V\u00e9lo\" width=\"300\" height=\"200\" srcset=\"https:\/\/i0.wp.com\/bottesetvelo.com\/blog\/wp-content\/uploads\/2016\/09\/guy-690751_1280.jpg?resize=500%2C333&amp;ssl=1 500w, https:\/\/i0.wp.com\/bottesetvelo.com\/blog\/wp-content\/uploads\/2016\/09\/guy-690751_1280.jpg?resize=768%2C511&amp;ssl=1 768w, https:\/\/i0.wp.com\/bottesetvelo.com\/blog\/wp-content\/uploads\/2016\/09\/guy-690751_1280.jpg?resize=1024%2C682&amp;ssl=1 1024w, https:\/\/i0.wp.com\/bottesetvelo.com\/blog\/wp-content\/uploads\/2016\/09\/guy-690751_1280.jpg?w=1280&amp;ssl=1 1280w\" sizes=\"auto, (max-width: 300px) 100vw, 300px\" \/>On ne peut pas tout emporter! Et si ma souffrance, mon malaise, venait de ma peur de perdre? De mon attachement? <span style=\"color: #003366;\"><strong>Pour le p\u00e8lerin, l\u2019espoir est plus grand que sa souffrance. C<\/strong><\/span>\u2019est ce qui le mettra debout et en marche.<\/p>\n<p style=\"text-align: justify;\">Partir en p\u00e8lerinage. Quitter son chez soi et toutes ses habitudes. Marcher en marge du monde. Loin du bruit et de l\u2019agitation, entendre. Se mettre \u00e0 l\u2019\u00e9coute de cette destination qui murmure en nous, de cette vie meilleure qui nous appelle. <strong><span style=\"color: #003366;\">Quitter un chez soi illusoire pour se diriger vers sa v\u00e9ritable demeure.<\/span> <\/strong>Avoir le courage de vivre en coh\u00e9rence avec cet appel.<\/p>\n<p style=\"text-align: justify;\"><strong><span style=\"color: #003366;\">\u00ab\u00a0O\u00f9 allais-tu en marchant si longtemps? \u2013 Je rentrais chez moi.\u00a0\u00bb<\/span><\/strong><img data-recalc-dims=\"1\" loading=\"lazy\" decoding=\"async\" data-attachment-id=\"14\" data-permalink=\"https:\/\/bottesetvelo.com\/blog\/bottes-et-velo-le-blog\/bottes-et-velo-embleme\/\" data-orig-file=\"https:\/\/i0.wp.com\/bottesetvelo.com\/blog\/wp-content\/uploads\/2014\/01\/Bottes-et-V%C3%A9lo-Embl%C3%AAme-e1454083414631.jpg?fit=100%2C79&amp;ssl=1\" data-orig-size=\"100,79\" data-comments-opened=\"1\" data-image-meta=\"{&quot;aperture&quot;:&quot;0&quot;,&quot;credit&quot;:&quot;&quot;,&quot;camera&quot;:&quot;&quot;,&quot;caption&quot;:&quot;&quot;,&quot;created_timestamp&quot;:&quot;0&quot;,&quot;copyright&quot;:&quot;&quot;,&quot;focal_length&quot;:&quot;0&quot;,&quot;iso&quot;:&quot;0&quot;,&quot;shutter_speed&quot;:&quot;0&quot;,&quot;title&quot;:&quot;&quot;}\" data-image-title=\"Bottes et V\u00e9lo &amp;#8211; Embl\u00eame\" data-image-description=\"\" data-image-caption=\"\" data-large-file=\"https:\/\/i0.wp.com\/bottesetvelo.com\/blog\/wp-content\/uploads\/2014\/01\/Bottes-et-V%C3%A9lo-Embl%C3%AAme-e1454083414631.jpg?fit=100%2C79&amp;ssl=1\" class=\"alignright  wp-image-14\" src=\"https:\/\/i0.wp.com\/bottesetvelo.com\/blog\/wp-content\/uploads\/2014\/01\/Bottes-et-V%C3%A9lo-Embl%C3%AAme.jpg?resize=76%2C60&#038;ssl=1\" alt=\"Bottes et V\u00e9lo - Embl\u00eame\" width=\"76\" height=\"60\" \/><\/p>\n<p style=\"text-align: justify;\">\u00c9ric Lalibert\u00e9<\/p>\n","protected":false},"excerpt":{"rendered":"<p>Sans destination, il n&rsquo;est pas de destin\u00e9e. Abb\u00e9 de Ranc\u00e9 O\u00f9 allais-tu en marchant si longtemps? \u00c9tais-tu en qu\u00eate d\u2019espace, alors que ta vie devenait trop \u00e9troite? \u00c9tais-tu en qu\u00eate de lenteur, alors que ta vie allait trop vite? \u00c9tais-tu en qu\u00eate d\u2019exotisme, alors que ta vie manquait de saveur? \u00c9tais-tu \u00e0 la recherche d\u2019une&hellip;<\/p>\n","protected":false},"author":3,"featured_media":0,"comment_status":"open","ping_status":"open","sticky":false,"template":"","format":"standard","meta":{"jetpack_post_was_ever_published":false,"_jetpack_newsletter_access":"","_jetpack_dont_email_post_to_subs":false,"_jetpack_newsletter_tier_id":0,"_jetpack_memberships_contains_paywalled_content":false,"_jetpack_memberships_contains_paid_content":false,"footnotes":"","jetpack_publicize_message":"","jetpack_publicize_feature_enabled":true,"jetpack_social_post_already_shared":true,"jetpack_social_options":{"image_generator_settings":{"template":"highway","default_image_id":0,"font":"","enabled":false},"version":2}},"categories":[50,166,381],"tags":[275,103,168,198,13,96,20,197],"class_list":["post-2695","post","type-post","status-publish","format-standard","hentry","category-art-de-vivre","category-demarche-du-pelerin","category-transformation","tag-art-de-vivre","tag-bien-etre","tag-demarche-du-pelerin","tag-passage","tag-pelerinage","tag-qualite-de-vie","tag-spiritualite","tag-transition"],"jetpack_publicize_connections":[],"jetpack_featured_media_url":"","jetpack_shortlink":"https:\/\/wp.me\/p4eY6z-Ht","jetpack_sharing_enabled":true,"jetpack_likes_enabled":true,"jetpack-related-posts":[],"_links":{"self":[{"href":"https:\/\/bottesetvelo.com\/blog\/wp-json\/wp\/v2\/posts\/2695","targetHints":{"allow":["GET"]}}],"collection":[{"href":"https:\/\/bottesetvelo.com\/blog\/wp-json\/wp\/v2\/posts"}],"about":[{"href":"https:\/\/bottesetvelo.com\/blog\/wp-json\/wp\/v2\/types\/post"}],"author":[{"embeddable":true,"href":"https:\/\/bottesetvelo.com\/blog\/wp-json\/wp\/v2\/users\/3"}],"replies":[{"embeddable":true,"href":"https:\/\/bottesetvelo.com\/blog\/wp-json\/wp\/v2\/comments?post=2695"}],"version-history":[{"count":3,"href":"https:\/\/bottesetvelo.com\/blog\/wp-json\/wp\/v2\/posts\/2695\/revisions"}],"predecessor-version":[{"id":2701,"href":"https:\/\/bottesetvelo.com\/blog\/wp-json\/wp\/v2\/posts\/2695\/revisions\/2701"}],"wp:attachment":[{"href":"https:\/\/bottesetvelo.com\/blog\/wp-json\/wp\/v2\/media?parent=2695"}],"wp:term":[{"taxonomy":"category","embeddable":true,"href":"https:\/\/bottesetvelo.com\/blog\/wp-json\/wp\/v2\/categories?post=2695"},{"taxonomy":"post_tag","embeddable":true,"href":"https:\/\/bottesetvelo.com\/blog\/wp-json\/wp\/v2\/tags?post=2695"}],"curies":[{"name":"wp","href":"https:\/\/api.w.org\/{rel}","templated":true}]}}