{"id":2689,"date":"2016-08-26T19:00:56","date_gmt":"2016-08-26T23:00:56","guid":{"rendered":"http:\/\/bottesetvelo.com\/blog\/?p=2689"},"modified":"2016-08-26T11:21:41","modified_gmt":"2016-08-26T15:21:41","slug":"le-dur-chemin-du-retour","status":"publish","type":"post","link":"https:\/\/bottesetvelo.com\/blog\/2016\/08\/26\/le-dur-chemin-du-retour\/","title":{"rendered":"Le dur chemin du retour"},"content":{"rendered":"<h5 style=\"text-align: right;\"><em>\u201cLa vie est un d\u00e9part et la mort un retour.\u201d Lao-Tseu<\/em><\/h5>\n<h5 style=\"text-align: justify;\"><span style=\"color: #003366;\">Partir, se lancer sur les routes, avec pour seul bagage son sac \u00e0 dos, fait na\u00eetre int\u00e9rieurement une gamme d\u2019\u00e9motions \u00e9nergisantes. Se savoir parti \u00e0 l\u2019aventure, \u00e0 la d\u00e9couverte d\u2019un autre monde, un monde en marge du quotidien, un monde rempli d\u2019impr\u00e9vus enrichissants et de moments m\u00e9morables, nous tient en haleine comme un bon roman et nous donne le go\u00fbt de continuer d\u2019avancer. L\u2019histoire se d\u00e9voile lentement. Une page \u00e0 la fois. Un pas \u00e0 la fois, chaque journ\u00e9e nous apporte son lot de souvenirs qui marqueront \u00e0 jamais notre parcours de vie. Ils traversent tout notre \u00eatre, nous transforment. On tente de retenir ces instants savoureux. On les d\u00e9cortique pour en go\u00fbter chaque seconde. On d\u00e9sire les vivre pleinement et intens\u00e9ment, ralentir le temps, mais le temps et l\u2019espace s\u2019\u00e9coulent tout autour de nous.<\/span><\/h5>\n<p style=\"text-align: justify;\"><img data-recalc-dims=\"1\" loading=\"lazy\" decoding=\"async\" data-attachment-id=\"2690\" data-permalink=\"https:\/\/bottesetvelo.com\/blog\/2016\/08\/26\/le-dur-chemin-du-retour\/2014-08-04-09-03-12-6\/\" data-orig-file=\"https:\/\/i0.wp.com\/bottesetvelo.com\/blog\/wp-content\/uploads\/2016\/08\/2014-08-04-09.03.12.jpg?fit=4368%2C992&amp;ssl=1\" data-orig-size=\"4368,992\" data-comments-opened=\"1\" data-image-meta=\"{&quot;aperture&quot;:&quot;0&quot;,&quot;credit&quot;:&quot;&quot;,&quot;camera&quot;:&quot;SGH-I747M&quot;,&quot;caption&quot;:&quot;&quot;,&quot;created_timestamp&quot;:&quot;1407142992&quot;,&quot;copyright&quot;:&quot;&quot;,&quot;focal_length&quot;:&quot;0&quot;,&quot;iso&quot;:&quot;0&quot;,&quot;shutter_speed&quot;:&quot;0&quot;,&quot;title&quot;:&quot;&quot;,&quot;orientation&quot;:&quot;1&quot;}\" data-image-title=\"la Voie du St-Laurent\" data-image-description=\"\" data-image-caption=\"\" data-large-file=\"https:\/\/i0.wp.com\/bottesetvelo.com\/blog\/wp-content\/uploads\/2016\/08\/2014-08-04-09.03.12.jpg?fit=1024%2C233&amp;ssl=1\" class=\"alignright size-medium wp-image-2690\" src=\"https:\/\/i0.wp.com\/bottesetvelo.com\/blog\/wp-content\/uploads\/2016\/08\/2014-08-04-09.03.12.jpg?resize=500%2C114&#038;ssl=1\" alt=\"la Voie du St-Laurent\" width=\"500\" height=\"114\" srcset=\"https:\/\/i0.wp.com\/bottesetvelo.com\/blog\/wp-content\/uploads\/2016\/08\/2014-08-04-09.03.12.jpg?resize=500%2C114&amp;ssl=1 500w, https:\/\/i0.wp.com\/bottesetvelo.com\/blog\/wp-content\/uploads\/2016\/08\/2014-08-04-09.03.12.jpg?resize=768%2C174&amp;ssl=1 768w, https:\/\/i0.wp.com\/bottesetvelo.com\/blog\/wp-content\/uploads\/2016\/08\/2014-08-04-09.03.12.jpg?resize=1024%2C233&amp;ssl=1 1024w, https:\/\/i0.wp.com\/bottesetvelo.com\/blog\/wp-content\/uploads\/2016\/08\/2014-08-04-09.03.12.jpg?w=2340&amp;ssl=1 2340w, https:\/\/i0.wp.com\/bottesetvelo.com\/blog\/wp-content\/uploads\/2016\/08\/2014-08-04-09.03.12.jpg?w=3510&amp;ssl=1 3510w\" sizes=\"auto, (max-width: 500px) 100vw, 500px\" \/>Puis vient le moment o\u00f9 la fin du r\u00eave commence \u00e0 poindre \u00e0 l\u2019horizon. Le but se rapproche de nos pas. Impossible de retenir l\u2019in\u00e9vitable. Il est maintenant temps de rentrer chez soi. De d\u00e9poser celui qui est pass\u00e9 de simple sac impersonnel, \u00e0 fid\u00e8le compagnon de voyage, celui qui a partag\u00e9 cette \u00e9pop\u00e9e que notre entourage ne semble pas saisir, celui qu\u2019on a m\u00eame parfois baptis\u00e9 d\u2019un petit surnom sympathique.<\/p>\n<p style=\"text-align: justify;\">Le retour est difficile! \u00c0 l\u2019instant m\u00eame o\u00f9 nous prenons conscience que la fin est belle et bien arriv\u00e9e, c\u2019est la rencontre de deux courants\u00a0: le plaisir de retrouver le confort de son chez soi, de cette partie de notre vie que nous ch\u00e9rissons, et<strong><span style=\"color: #003366;\"> l\u2019inconfort de retourner vivre ce qu\u2019on a eu tant de plaisir \u00e0 quitter!<\/span><\/strong><\/p>\n<p><img data-recalc-dims=\"1\" loading=\"lazy\" decoding=\"async\" data-attachment-id=\"2691\" data-permalink=\"https:\/\/bottesetvelo.com\/blog\/2016\/08\/26\/le-dur-chemin-du-retour\/house-1407562_1920\/\" data-orig-file=\"https:\/\/i0.wp.com\/bottesetvelo.com\/blog\/wp-content\/uploads\/2016\/08\/house-1407562_1920.jpg?fit=1920%2C1280&amp;ssl=1\" data-orig-size=\"1920,1280\" data-comments-opened=\"1\" data-image-meta=\"{&quot;aperture&quot;:&quot;6&quot;,&quot;credit&quot;:&quot;&quot;,&quot;camera&quot;:&quot;NIKON D3100&quot;,&quot;caption&quot;:&quot;&quot;,&quot;created_timestamp&quot;:&quot;0&quot;,&quot;copyright&quot;:&quot;&quot;,&quot;focal_length&quot;:&quot;130&quot;,&quot;iso&quot;:&quot;100&quot;,&quot;shutter_speed&quot;:&quot;0.01&quot;,&quot;title&quot;:&quot;&quot;,&quot;orientation&quot;:&quot;0&quot;}\" data-image-title=\"Bottes et V\u00e9lo\" data-image-description=\"\" data-image-caption=\"\" data-large-file=\"https:\/\/i0.wp.com\/bottesetvelo.com\/blog\/wp-content\/uploads\/2016\/08\/house-1407562_1920.jpg?fit=1024%2C683&amp;ssl=1\" class=\"wp-image-2691 alignleft\" src=\"https:\/\/i0.wp.com\/bottesetvelo.com\/blog\/wp-content\/uploads\/2016\/08\/house-1407562_1920.jpg?resize=300%2C200&#038;ssl=1\" alt=\"Bottes et V\u00e9lo\" width=\"300\" height=\"200\" srcset=\"https:\/\/i0.wp.com\/bottesetvelo.com\/blog\/wp-content\/uploads\/2016\/08\/house-1407562_1920.jpg?resize=500%2C333&amp;ssl=1 500w, https:\/\/i0.wp.com\/bottesetvelo.com\/blog\/wp-content\/uploads\/2016\/08\/house-1407562_1920.jpg?resize=768%2C512&amp;ssl=1 768w, https:\/\/i0.wp.com\/bottesetvelo.com\/blog\/wp-content\/uploads\/2016\/08\/house-1407562_1920.jpg?resize=1024%2C683&amp;ssl=1 1024w, https:\/\/i0.wp.com\/bottesetvelo.com\/blog\/wp-content\/uploads\/2016\/08\/house-1407562_1920.jpg?w=1920&amp;ssl=1 1920w\" sizes=\"auto, (max-width: 300px) 100vw, 300px\" \/>Et c\u2019est l\u00e0 que le vrai p\u00e8lerinage commence! C\u2019est au retour que tout se joue r\u00e9ellement. Toute cette marche n\u2019\u00e9tait en fait qu\u2019une introduction. Un stage de vie. Qu\u2019as-tu r\u00e9ellement aim\u00e9 de ton p\u00e8lerinage? Qu\u2019est-ce qui te donne vraiment l\u2019envie de vivre? <strong><span style=\"color: #003366;\">Que souhaites-tu rapporter<\/span><\/strong> comme\u00a0\u00ab\u00a0souvenir\u00a0\u00bb de ce p\u00e8lerinage pour l\u2019introduire dans la suite de ta vie?<\/p>\n<p style=\"text-align: justify;\">Le grand d\u00e9fi, celui que nous ne suspections pas, nous attend sur le perron de la maison.\u00a0On se retrouve alors, la cl\u00e9 dans la main, pr\u00eat \u00e0 ouvrir la porte sur notre ancienne vie, celle qui n\u2019a pas boug\u00e9 depuis notre d\u00e9part. Celle que nous avons quitt\u00e9e avec un peu trop d\u2019enthousiasme. Celle qui est toujours l\u00e0 \u00e0 notre retour et qui g\u00e9n\u00e8re un serrement \u00e0 l\u2019estomac. \u00a0\u00ab\u00a0Et maintenant, nous\u00a0 dit notre petite voix, <strong><span style=\"color: #003366;\">tu vas faire quoi?<\/span><\/strong>\u00a0\u00bb<\/p>\n<p style=\"text-align: justify;\">Tout ce temps pass\u00e9 en marge de ma r\u00e9alit\u00e9 quotidienne, ce p\u00e8lerinage, m\u2019a permis de d\u00e9couvrir qui je suis vraiment, ce qui me fait vibrer, ce qui donne bon go\u00fbt \u00e0 MA vie. Je l\u2019ai v\u00e9cu. Je sais l\u2019identifier. Alors maintenant\u00a0: comment puis-je adapter mon quotidien pour continuer de go\u00fbter ce qui me fait tant de bien? Comment faire comprendre \u00e0 ceux qui\u00a0 me connaissent depuis si longtemps que je suis revenu transform\u00e9? Qu\u2019ils vont devoir r\u00e9crire leurs \u00e9tiquettes, celles qu\u2019ils m\u2019attribuent? Red\u00e9finir notre relation? Comprendre que je ne veux plus \u00eatre la personne que j\u2019\u00e9tais, qui n\u2019\u00e9tait d\u00e9j\u00e0 pas vraiment moi?<\/p>\n<p style=\"text-align: justify;\"><img data-recalc-dims=\"1\" loading=\"lazy\" decoding=\"async\" data-attachment-id=\"2692\" data-permalink=\"https:\/\/bottesetvelo.com\/blog\/2016\/08\/26\/le-dur-chemin-du-retour\/2014-08-10-11-28-38\/\" data-orig-file=\"https:\/\/i0.wp.com\/bottesetvelo.com\/blog\/wp-content\/uploads\/2016\/08\/2014-08-10-11.28.38.jpg?fit=3214%2C1693&amp;ssl=1\" data-orig-size=\"3214,1693\" data-comments-opened=\"1\" data-image-meta=\"{&quot;aperture&quot;:&quot;2.6&quot;,&quot;credit&quot;:&quot;&quot;,&quot;camera&quot;:&quot;SGH-I747M&quot;,&quot;caption&quot;:&quot;&quot;,&quot;created_timestamp&quot;:&quot;1407670118&quot;,&quot;copyright&quot;:&quot;&quot;,&quot;focal_length&quot;:&quot;3.7&quot;,&quot;iso&quot;:&quot;50&quot;,&quot;shutter_speed&quot;:&quot;0.000413907284768&quot;,&quot;title&quot;:&quot;&quot;,&quot;orientation&quot;:&quot;1&quot;}\" data-image-title=\"La Voie du St-Laurent\" data-image-description=\"\" data-image-caption=\"\" data-large-file=\"https:\/\/i0.wp.com\/bottesetvelo.com\/blog\/wp-content\/uploads\/2016\/08\/2014-08-10-11.28.38.jpg?fit=1024%2C539&amp;ssl=1\" class=\"alignright wp-image-2692 \" src=\"https:\/\/i0.wp.com\/bottesetvelo.com\/blog\/wp-content\/uploads\/2016\/08\/2014-08-10-11.28.38.jpg?resize=300%2C158&#038;ssl=1\" alt=\"La Voie du St-Laurent\" width=\"300\" height=\"158\" srcset=\"https:\/\/i0.wp.com\/bottesetvelo.com\/blog\/wp-content\/uploads\/2016\/08\/2014-08-10-11.28.38.jpg?resize=500%2C263&amp;ssl=1 500w, https:\/\/i0.wp.com\/bottesetvelo.com\/blog\/wp-content\/uploads\/2016\/08\/2014-08-10-11.28.38.jpg?resize=768%2C405&amp;ssl=1 768w, https:\/\/i0.wp.com\/bottesetvelo.com\/blog\/wp-content\/uploads\/2016\/08\/2014-08-10-11.28.38.jpg?resize=1024%2C539&amp;ssl=1 1024w, https:\/\/i0.wp.com\/bottesetvelo.com\/blog\/wp-content\/uploads\/2016\/08\/2014-08-10-11.28.38.jpg?w=2340&amp;ssl=1 2340w\" sizes=\"auto, (max-width: 300px) 100vw, 300px\" \/>Oui! Le d\u00e9fi\u00a0: c\u2019est le retour! Le p\u00e8lerin revient, apr\u00e8s pr\u00e8s d\u2019un mois de d\u00e9placement, \u00e0 son point de d\u00e9part. <strong><span style=\"color: #003366;\">Et ce point de d\u00e9part, lui, n\u2019a pas chemin\u00e9!<\/span><\/strong> Et souvent, ne comprendra pas ce que le cheminement a apport\u00e9 au p\u00e8lerin.<\/p>\n<p style=\"text-align: justify;\">Bref, ce que le p\u00e8lerin ne suspecte pas lorsqu\u2019il quitte sa demeure, alors qu\u2019il est obnubil\u00e9 par toute la fr\u00e9n\u00e9sie du d\u00e9part et de l\u2019aventure, c\u2019est qu\u2019il est en train de faire le premier pas vers une meilleure connaissance de lui-m\u00eame, sur une route qui s\u2019annonce plus longue que ce que sa carte ne semble lui annoncer!<\/p>\n<p style=\"text-align: justify;\">Brigitte Harouni<img data-recalc-dims=\"1\" loading=\"lazy\" decoding=\"async\" data-attachment-id=\"14\" data-permalink=\"https:\/\/bottesetvelo.com\/blog\/bottes-et-velo-le-blog\/bottes-et-velo-embleme\/\" data-orig-file=\"https:\/\/i0.wp.com\/bottesetvelo.com\/blog\/wp-content\/uploads\/2014\/01\/Bottes-et-V%C3%A9lo-Embl%C3%AAme-e1454083414631.jpg?fit=100%2C79&amp;ssl=1\" data-orig-size=\"100,79\" data-comments-opened=\"1\" data-image-meta=\"{&quot;aperture&quot;:&quot;0&quot;,&quot;credit&quot;:&quot;&quot;,&quot;camera&quot;:&quot;&quot;,&quot;caption&quot;:&quot;&quot;,&quot;created_timestamp&quot;:&quot;0&quot;,&quot;copyright&quot;:&quot;&quot;,&quot;focal_length&quot;:&quot;0&quot;,&quot;iso&quot;:&quot;0&quot;,&quot;shutter_speed&quot;:&quot;0&quot;,&quot;title&quot;:&quot;&quot;}\" data-image-title=\"Bottes et V\u00e9lo &amp;#8211; Embl\u00eame\" data-image-description=\"\" data-image-caption=\"\" data-large-file=\"https:\/\/i0.wp.com\/bottesetvelo.com\/blog\/wp-content\/uploads\/2014\/01\/Bottes-et-V%C3%A9lo-Embl%C3%AAme-e1454083414631.jpg?fit=100%2C79&amp;ssl=1\" class=\"alignright wp-image-14\" src=\"https:\/\/i0.wp.com\/bottesetvelo.com\/blog\/wp-content\/uploads\/2014\/01\/Bottes-et-V%C3%A9lo-Embl%C3%AAme.jpg?resize=50%2C39&#038;ssl=1\" alt=\"Bottes et V\u00e9lo - Embl\u00eame\" width=\"50\" height=\"39\" \/><\/p>\n","protected":false},"excerpt":{"rendered":"<p>\u201cLa vie est un d\u00e9part et la mort un retour.\u201d Lao-Tseu Partir, se lancer sur les routes, avec pour seul bagage son sac \u00e0 dos, fait na\u00eetre int\u00e9rieurement une gamme d\u2019\u00e9motions \u00e9nergisantes. Se savoir parti \u00e0 l\u2019aventure, \u00e0 la d\u00e9couverte d\u2019un autre monde, un monde en marge du quotidien, un monde rempli d\u2019impr\u00e9vus enrichissants et&hellip;<\/p>\n","protected":false},"author":2,"featured_media":0,"comment_status":"open","ping_status":"open","sticky":false,"template":"","format":"standard","meta":{"jetpack_post_was_ever_published":false,"_jetpack_newsletter_access":"","_jetpack_dont_email_post_to_subs":false,"_jetpack_newsletter_tier_id":0,"_jetpack_memberships_contains_paywalled_content":false,"_jetpack_memberships_contains_paid_content":false,"footnotes":"","jetpack_publicize_message":"Le dur chemin du retour","jetpack_publicize_feature_enabled":true,"jetpack_social_post_already_shared":true,"jetpack_social_options":{"image_generator_settings":{"template":"highway","default_image_id":0,"font":"","enabled":false},"version":2}},"categories":[379,9,39,166,171,37,381,1],"tags":[80,273,13,192,20,197,121],"class_list":["post-2689","post","type-post","status-publish","format-standard","hentry","category-chemin-de-transformation","category-chemins-de-pelerinage","category-croissance-personnelle","category-demarche-du-pelerin","category-pelerinage","category-spiritualite-2","category-transformation","category-uncategorized","tag-compostelle","tag-gouter-la-vie","tag-pelerinage","tag-quete-spirituelle","tag-spiritualite","tag-transition","tag-zone-de-confort"],"jetpack_publicize_connections":[],"jetpack_featured_media_url":"","jetpack_shortlink":"https:\/\/wp.me\/p4eY6z-Hn","jetpack_sharing_enabled":true,"jetpack_likes_enabled":true,"jetpack-related-posts":[],"_links":{"self":[{"href":"https:\/\/bottesetvelo.com\/blog\/wp-json\/wp\/v2\/posts\/2689","targetHints":{"allow":["GET"]}}],"collection":[{"href":"https:\/\/bottesetvelo.com\/blog\/wp-json\/wp\/v2\/posts"}],"about":[{"href":"https:\/\/bottesetvelo.com\/blog\/wp-json\/wp\/v2\/types\/post"}],"author":[{"embeddable":true,"href":"https:\/\/bottesetvelo.com\/blog\/wp-json\/wp\/v2\/users\/2"}],"replies":[{"embeddable":true,"href":"https:\/\/bottesetvelo.com\/blog\/wp-json\/wp\/v2\/comments?post=2689"}],"version-history":[{"count":1,"href":"https:\/\/bottesetvelo.com\/blog\/wp-json\/wp\/v2\/posts\/2689\/revisions"}],"predecessor-version":[{"id":2693,"href":"https:\/\/bottesetvelo.com\/blog\/wp-json\/wp\/v2\/posts\/2689\/revisions\/2693"}],"wp:attachment":[{"href":"https:\/\/bottesetvelo.com\/blog\/wp-json\/wp\/v2\/media?parent=2689"}],"wp:term":[{"taxonomy":"category","embeddable":true,"href":"https:\/\/bottesetvelo.com\/blog\/wp-json\/wp\/v2\/categories?post=2689"},{"taxonomy":"post_tag","embeddable":true,"href":"https:\/\/bottesetvelo.com\/blog\/wp-json\/wp\/v2\/tags?post=2689"}],"curies":[{"name":"wp","href":"https:\/\/api.w.org\/{rel}","templated":true}]}}