{"id":2674,"date":"2016-08-19T19:00:06","date_gmt":"2016-08-19T23:00:06","guid":{"rendered":"http:\/\/bottesetvelo.com\/blog\/?p=2674"},"modified":"2016-08-19T11:37:04","modified_gmt":"2016-08-19T15:37:04","slug":"quitter-sa-tete-pour-marcher-avec-son-coeur","status":"publish","type":"post","link":"https:\/\/bottesetvelo.com\/blog\/2016\/08\/19\/quitter-sa-tete-pour-marcher-avec-son-coeur\/","title":{"rendered":"Quitter sa t\u00eate pour marcher avec son c\u0153ur"},"content":{"rendered":"<h6 style=\"text-align: right;\"><span style=\"color: #003300;\"><strong><em>Vous avez l\u2019heure, nous avons le temps.<\/em><\/strong><\/span><br \/>\n<span style=\"color: #003300;\"> <strong><em>Sagesse africaine<\/em><\/strong><\/span><\/h6>\n<p style=\"text-align: justify;\"><strong><img data-recalc-dims=\"1\" loading=\"lazy\" decoding=\"async\" data-attachment-id=\"2676\" data-permalink=\"https:\/\/bottesetvelo.com\/blog\/2016\/08\/19\/quitter-sa-tete-pour-marcher-avec-son-coeur\/2016-07-08-17-38-53\/\" data-orig-file=\"https:\/\/i0.wp.com\/bottesetvelo.com\/blog\/wp-content\/uploads\/2016\/08\/2016-07-08-17.38.53.jpg?fit=3738%2C2002&amp;ssl=1\" data-orig-size=\"3738,2002\" data-comments-opened=\"1\" data-image-meta=\"{&quot;aperture&quot;:&quot;2&quot;,&quot;credit&quot;:&quot;&quot;,&quot;camera&quot;:&quot;SM-A500W&quot;,&quot;caption&quot;:&quot;&quot;,&quot;created_timestamp&quot;:&quot;1467999533&quot;,&quot;copyright&quot;:&quot;&quot;,&quot;focal_length&quot;:&quot;3.69&quot;,&quot;iso&quot;:&quot;50&quot;,&quot;shutter_speed&quot;:&quot;0.000697836706211&quot;,&quot;title&quot;:&quot;&quot;,&quot;orientation&quot;:&quot;1&quot;}\" data-image-title=\"P\u00e8lerinage Ile-du-Prince-Edouard\" data-image-description=\"\" data-image-caption=\"\" data-large-file=\"https:\/\/i0.wp.com\/bottesetvelo.com\/blog\/wp-content\/uploads\/2016\/08\/2016-07-08-17.38.53.jpg?fit=1024%2C548&amp;ssl=1\" class=\"alignright wp-image-2676\" src=\"https:\/\/i0.wp.com\/bottesetvelo.com\/blog\/wp-content\/uploads\/2016\/08\/2016-07-08-17.38.53.jpg?resize=350%2C187&#038;ssl=1\" alt=\"P\u00e8lerinage Ile-du-Prince-Edouard\" width=\"350\" height=\"187\" srcset=\"https:\/\/i0.wp.com\/bottesetvelo.com\/blog\/wp-content\/uploads\/2016\/08\/2016-07-08-17.38.53.jpg?resize=500%2C268&amp;ssl=1 500w, https:\/\/i0.wp.com\/bottesetvelo.com\/blog\/wp-content\/uploads\/2016\/08\/2016-07-08-17.38.53.jpg?resize=768%2C411&amp;ssl=1 768w, https:\/\/i0.wp.com\/bottesetvelo.com\/blog\/wp-content\/uploads\/2016\/08\/2016-07-08-17.38.53.jpg?resize=1024%2C548&amp;ssl=1 1024w, https:\/\/i0.wp.com\/bottesetvelo.com\/blog\/wp-content\/uploads\/2016\/08\/2016-07-08-17.38.53.jpg?w=2340&amp;ssl=1 2340w, https:\/\/i0.wp.com\/bottesetvelo.com\/blog\/wp-content\/uploads\/2016\/08\/2016-07-08-17.38.53.jpg?w=3510&amp;ssl=1 3510w\" sizes=\"auto, (max-width: 350px) 100vw, 350px\" \/><span style=\"color: #003366;\">Cet \u00e9t\u00e9, nous sommes tous partis en vacances en qu\u00eate d\u2019un mieux-\u00eatre. Qu&rsquo;avons-nous trouv\u00e9 et o\u00f9 l\u2019avons-nous trouv\u00e9? <\/span><\/strong><\/p>\n<p style=\"text-align: justify;\">P\u00e8lerins et vacanciers portent en eux le m\u00eame d\u00e9sir&nbsp;: briser la routine en quittant leur demeure pour arr\u00eater le temps et retrouver cet espace o\u00f9 il fait bon respirer, un espace de libert\u00e9. Que ce soit \u00e0 la campagne, \u00e0 la montagne ou au bord de la mer, les vacances nous appellent, tout comme le p\u00e8lerinage, \u00e0 sortir de chez nous, de notre train-train quotidien, pour entrer dans une vie autre. Une vie qui fait du bien, qui apaise et qui fait plaisir.<\/p>\n<p style=\"text-align: justify;\"><span style=\"color: #003366;\"><strong>D&rsquo;abord le c\u0153ur, ensuite la raison.<\/strong><\/span><\/p>\n<p style=\"text-align: justify;\">Partir en vacances, c\u2019est bien souvent quitter les r\u00e8gles usuelles&nbsp;: se permettre de dormir tard, de manger \u00e0 l\u2019heure que l\u2019on veut, de lire ce roman qui nous attend depuis si longtemps, de visiter ces lieux qui nous font r\u00eaver, de farniente, de faire des folies\u2026 Un temps d\u2019arr\u00eat, sans urgence, pour retrouver ce mouvement de vie qui passe d\u2019abord par le c\u0153ur et qui n\u2019est plus gouvern\u00e9 par la raison.<\/p>\n<p style=\"text-align: justify;\"><span style=\"color: #003366;\"><strong>La raison au service du c\u0153ur.<\/strong><\/span><\/p>\n<p style=\"text-align: justify;\"><strong><img data-recalc-dims=\"1\" loading=\"lazy\" decoding=\"async\" data-attachment-id=\"2677\" data-permalink=\"https:\/\/bottesetvelo.com\/blog\/2016\/08\/19\/quitter-sa-tete-pour-marcher-avec-son-coeur\/2016-07-11-11-49-01\/\" data-orig-file=\"https:\/\/i0.wp.com\/bottesetvelo.com\/blog\/wp-content\/uploads\/2016\/08\/2016-07-11-11.49.01.jpg?fit=3981%2C2239&amp;ssl=1\" data-orig-size=\"3981,2239\" data-comments-opened=\"1\" data-image-meta=\"{&quot;aperture&quot;:&quot;2&quot;,&quot;credit&quot;:&quot;&quot;,&quot;camera&quot;:&quot;SM-A500W&quot;,&quot;caption&quot;:&quot;&quot;,&quot;created_timestamp&quot;:&quot;1468237741&quot;,&quot;copyright&quot;:&quot;&quot;,&quot;focal_length&quot;:&quot;3.69&quot;,&quot;iso&quot;:&quot;50&quot;,&quot;shutter_speed&quot;:&quot;0.000390777647519&quot;,&quot;title&quot;:&quot;&quot;,&quot;orientation&quot;:&quot;1&quot;}\" data-image-title=\"P\u00e8lerinage Ile-du-Prince-Edouard\" data-image-description=\"\" data-image-caption=\"\" data-large-file=\"https:\/\/i0.wp.com\/bottesetvelo.com\/blog\/wp-content\/uploads\/2016\/08\/2016-07-11-11.49.01.jpg?fit=1024%2C576&amp;ssl=1\" class=\"alignright wp-image-2677\" src=\"https:\/\/i0.wp.com\/bottesetvelo.com\/blog\/wp-content\/uploads\/2016\/08\/2016-07-11-11.49.01.jpg?resize=350%2C197&#038;ssl=1\" alt=\"P\u00e8lerinage Ile-du-Prince-Edouard\" width=\"350\" height=\"197\" srcset=\"https:\/\/i0.wp.com\/bottesetvelo.com\/blog\/wp-content\/uploads\/2016\/08\/2016-07-11-11.49.01.jpg?resize=500%2C281&amp;ssl=1 500w, https:\/\/i0.wp.com\/bottesetvelo.com\/blog\/wp-content\/uploads\/2016\/08\/2016-07-11-11.49.01.jpg?resize=768%2C432&amp;ssl=1 768w, https:\/\/i0.wp.com\/bottesetvelo.com\/blog\/wp-content\/uploads\/2016\/08\/2016-07-11-11.49.01.jpg?resize=1024%2C576&amp;ssl=1 1024w, https:\/\/i0.wp.com\/bottesetvelo.com\/blog\/wp-content\/uploads\/2016\/08\/2016-07-11-11.49.01.jpg?w=2340&amp;ssl=1 2340w, https:\/\/i0.wp.com\/bottesetvelo.com\/blog\/wp-content\/uploads\/2016\/08\/2016-07-11-11.49.01.jpg?w=3510&amp;ssl=1 3510w\" sizes=\"auto, (max-width: 350px) 100vw, 350px\" \/><\/strong>Sans sombrer dans l\u2019insouciance, il faut tout de m\u00eame reconna\u00eetre que le plaisir des vacances est d\u2019abord de se mettre \u00e0 l\u2019\u00e9coute de ce que l\u2019on remet toujours \u00e0 plus tard, de ce d\u00e9sir qui nous habite et nous parle d\u2019un vivre autrement. Lorsqu\u2019on entre dans cet espace, on y ressent comme un \u00e9veil \u00e0 la vie. Comme si nous levions le voile sur une mani\u00e8re de vivre qui nous demeurait cach\u00e9e tout le reste de l\u2019ann\u00e9e\u2026 Quelque chose nous y est r\u00e9v\u00e9l\u00e9 qui nous parle de notre go\u00fbt pour la vie. Il y a comme une rupture dans le temps\u2026<\/p>\n<p style=\"text-align: justify;\">Cet arr\u00eat dans le temps permettra de quitter l&rsquo;illusoire d&rsquo;une vie centr\u00e9e sur la prestation, l\u2019accomplissement et la performance, pour renouer avec le strict n\u00e9cessaire d\u2019une vie qui a du go\u00fbt, d\u2019une vie savoureuse. Il n\u2019est pas question de n\u00e9gliger ses obligations, mais de remettre les pendules \u00e0 l\u2019heure. De renommer et de resituer ses priorit\u00e9s de vie. De mettre la raison au service du c\u0153ur!<\/p>\n<p style=\"text-align: justify;\"><span style=\"color: #003366;\"><strong>De vacancier \u00e0 p\u00e8lerin.<\/strong><\/span><\/p>\n<p style=\"text-align: justify;\"><img data-recalc-dims=\"1\" loading=\"lazy\" decoding=\"async\" data-attachment-id=\"2678\" data-permalink=\"https:\/\/bottesetvelo.com\/blog\/2016\/08\/19\/quitter-sa-tete-pour-marcher-avec-son-coeur\/dscn0701\/\" data-orig-file=\"https:\/\/i0.wp.com\/bottesetvelo.com\/blog\/wp-content\/uploads\/2016\/08\/DSCN0701.jpg?fit=4608%2C3456&amp;ssl=1\" data-orig-size=\"4608,3456\" data-comments-opened=\"1\" data-image-meta=\"{&quot;aperture&quot;:&quot;5&quot;,&quot;credit&quot;:&quot;&quot;,&quot;camera&quot;:&quot;COOLPIX S9900&quot;,&quot;caption&quot;:&quot;&quot;,&quot;created_timestamp&quot;:&quot;1467809980&quot;,&quot;copyright&quot;:&quot;&quot;,&quot;focal_length&quot;:&quot;14.9&quot;,&quot;iso&quot;:&quot;125&quot;,&quot;shutter_speed&quot;:&quot;0.0333333333333&quot;,&quot;title&quot;:&quot;&quot;,&quot;orientation&quot;:&quot;1&quot;}\" data-image-title=\"P\u00e8lerinage Ile-du-Prince-Edouard\" data-image-description=\"\" data-image-caption=\"\" data-large-file=\"https:\/\/i0.wp.com\/bottesetvelo.com\/blog\/wp-content\/uploads\/2016\/08\/DSCN0701.jpg?fit=1024%2C768&amp;ssl=1\" class=\"alignright wp-image-2678\" src=\"https:\/\/i0.wp.com\/bottesetvelo.com\/blog\/wp-content\/uploads\/2016\/08\/DSCN0701.jpg?resize=300%2C225&#038;ssl=1\" alt=\"P\u00e8lerinage Ile-du-Prince-Edouard\" width=\"300\" height=\"225\" srcset=\"https:\/\/i0.wp.com\/bottesetvelo.com\/blog\/wp-content\/uploads\/2016\/08\/DSCN0701.jpg?resize=500%2C375&amp;ssl=1 500w, https:\/\/i0.wp.com\/bottesetvelo.com\/blog\/wp-content\/uploads\/2016\/08\/DSCN0701.jpg?resize=768%2C576&amp;ssl=1 768w, https:\/\/i0.wp.com\/bottesetvelo.com\/blog\/wp-content\/uploads\/2016\/08\/DSCN0701.jpg?resize=1024%2C768&amp;ssl=1 1024w, https:\/\/i0.wp.com\/bottesetvelo.com\/blog\/wp-content\/uploads\/2016\/08\/DSCN0701.jpg?w=2340&amp;ssl=1 2340w, https:\/\/i0.wp.com\/bottesetvelo.com\/blog\/wp-content\/uploads\/2016\/08\/DSCN0701.jpg?w=3510&amp;ssl=1 3510w\" sizes=\"auto, (max-width: 300px) 100vw, 300px\" \/>Pour passer de la raison au c\u0153ur, il faudra cependant franchir l\u2019\u00e9tat de vacancier. Bien que le p\u00e8lerin entre dans son projet avec le m\u00eame \u00e9tat d\u2019esprit, ce sera toutefois pour le visiter plus assid\u00fbment, l\u2019habiter \u00e0 plus long terme. Nous avons besoin de temps pour nous d\u00e9faire de nos habitudes quotidiennes, pour nous laisser transformer, d\u00e9programmer.<\/p>\n<p style=\"text-align: justify;\">L\u2019exp\u00e9rience du p\u00e8lerin randonneur s\u2019\u00e9tendant sur un \u00e0 plusieurs mois, cette diff\u00e9rence ne sera pas \u00e0 n\u00e9gliger. C\u2019est elle qui lui permettra de franchir l\u2019\u00e9tat de vacancier pour entrer pleinement dans l\u2019exp\u00e9rience p\u00e8lerine. D\u2019aller au-del\u00e0 de l\u2019objet \u00ab&nbsp;vacances&nbsp;\u00bb pour approfondir la qu\u00eate, le d\u00e9sir, qui anime son projet.<\/p>\n<p style=\"text-align: justify;\">\u00c0 la base, p\u00e8lerins et vacanciers ne cherchent pas seulement une pause dans leur vie, ce n&rsquo;est pas seulement pour se changer les id\u00e9es qu&rsquo;ils quittent leur demeure. Ils cherchent quelque chose qui existe dans ce moment hors du temps et qu&rsquo;ils voudraient s&rsquo;approprier pour tous les jours de leur vie. <strong><span style=\"color: #003366;\">Tout le monde voudrait de perp\u00e9tuelles vacances!<\/span><\/strong><\/p>\n<p style=\"text-align: justify;\">Et c&rsquo;est l\u00e0 que le vacancier n&rsquo;aura qu&rsquo;\u00e0 faire quelques pas de plus pour devenir pleinement p\u00e8lerin. Franchir l&rsquo;\u00e9tat de vacancier pour devenir p\u00e8lerin, c&rsquo;est se mettre \u00e0 l&rsquo;\u00e9coute de ce qui nous interpelle du fond de ce projet et nous fait tant de bien. Ce n&rsquo;est plus seulement une parenth\u00e8se, une mani\u00e8re de se changer les id\u00e9es pour se donner le courage de retourner au boulot et reprendre le harnais.&nbsp; C&rsquo;est tenter de comprendre pour demeurer dans cet \u00e9tat d&rsquo;esprit et se laisser transformer.<\/p>\n<p style=\"text-align: justify;\"><img data-recalc-dims=\"1\" loading=\"lazy\" decoding=\"async\" data-attachment-id=\"2679\" data-permalink=\"https:\/\/bottesetvelo.com\/blog\/2016\/08\/19\/quitter-sa-tete-pour-marcher-avec-son-coeur\/2016-07-12-11-27-19\/\" data-orig-file=\"https:\/\/i0.wp.com\/bottesetvelo.com\/blog\/wp-content\/uploads\/2016\/08\/2016-07-12-11.27.19.jpg?fit=4128%2C2322&amp;ssl=1\" data-orig-size=\"4128,2322\" data-comments-opened=\"1\" data-image-meta=\"{&quot;aperture&quot;:&quot;2&quot;,&quot;credit&quot;:&quot;&quot;,&quot;camera&quot;:&quot;SM-A500W&quot;,&quot;caption&quot;:&quot;&quot;,&quot;created_timestamp&quot;:&quot;1468322839&quot;,&quot;copyright&quot;:&quot;&quot;,&quot;focal_length&quot;:&quot;3.69&quot;,&quot;iso&quot;:&quot;50&quot;,&quot;shutter_speed&quot;:&quot;0.000600240096038&quot;,&quot;title&quot;:&quot;&quot;,&quot;orientation&quot;:&quot;1&quot;}\" data-image-title=\"P\u00e8lerinage Ile-du-Prince-Edouard\" data-image-description=\"\" data-image-caption=\"\" data-large-file=\"https:\/\/i0.wp.com\/bottesetvelo.com\/blog\/wp-content\/uploads\/2016\/08\/2016-07-12-11.27.19.jpg?fit=1024%2C576&amp;ssl=1\" class=\"alignright wp-image-2679\" src=\"https:\/\/i0.wp.com\/bottesetvelo.com\/blog\/wp-content\/uploads\/2016\/08\/2016-07-12-11.27.19.jpg?resize=350%2C197&#038;ssl=1\" alt=\"P\u00e8lerinage Ile-du-Prince-Edouard\" width=\"350\" height=\"197\" srcset=\"https:\/\/i0.wp.com\/bottesetvelo.com\/blog\/wp-content\/uploads\/2016\/08\/2016-07-12-11.27.19.jpg?resize=500%2C281&amp;ssl=1 500w, https:\/\/i0.wp.com\/bottesetvelo.com\/blog\/wp-content\/uploads\/2016\/08\/2016-07-12-11.27.19.jpg?resize=768%2C432&amp;ssl=1 768w, https:\/\/i0.wp.com\/bottesetvelo.com\/blog\/wp-content\/uploads\/2016\/08\/2016-07-12-11.27.19.jpg?resize=1024%2C576&amp;ssl=1 1024w, https:\/\/i0.wp.com\/bottesetvelo.com\/blog\/wp-content\/uploads\/2016\/08\/2016-07-12-11.27.19.jpg?w=2340&amp;ssl=1 2340w, https:\/\/i0.wp.com\/bottesetvelo.com\/blog\/wp-content\/uploads\/2016\/08\/2016-07-12-11.27.19.jpg?w=3510&amp;ssl=1 3510w\" sizes=\"auto, (max-width: 350px) 100vw, 350px\" \/>Dans le parcours p\u00e8lerin, vient un moment o\u00f9 je n\u2019agis plus comme un vacancier qui sera de retour au travail sous peu et qui commence d\u00e9j\u00e0 \u00e0 anticiper les t\u00e2ches qui l\u2019attendent. \u00c0 travers la dur\u00e9e de l\u2019exp\u00e9rience, le processus de la d\u00e9marche du p\u00e8lerin peut s\u2019installer. Ce processus \u2013 qui s\u2019installe bien ind\u00e9pendamment de la volont\u00e9 du p\u00e8lerin \u2013 lui permettra, progressivement, de quitter sa t\u00eate pour marcher avec son c\u0153ur et sentir par les pieds. Il lui permettra d\u2019entrer pleinement et consciemment dans ce mode de vie&nbsp;qui met en contact avec le sol, enraciner dans la r\u00e9alit\u00e9, la t\u00eate port\u00e9e par le vent.<\/p>\n<p style=\"text-align: justify;\">Le p\u00e8lerin entre alors avec confiance dans un autre temps, un autre espace, o\u00f9 il re\u00e7oit sa vie comme un don qui le traverse. C\u2019est l\u00e0 que l\u2019aventure p\u00e8lerine commence!<img data-recalc-dims=\"1\" loading=\"lazy\" decoding=\"async\" data-attachment-id=\"14\" data-permalink=\"https:\/\/bottesetvelo.com\/blog\/bottes-et-velo-le-blog\/bottes-et-velo-embleme\/\" data-orig-file=\"https:\/\/i0.wp.com\/bottesetvelo.com\/blog\/wp-content\/uploads\/2014\/01\/Bottes-et-V%C3%A9lo-Embl%C3%AAme-e1454083414631.jpg?fit=100%2C79&amp;ssl=1\" data-orig-size=\"100,79\" data-comments-opened=\"1\" data-image-meta=\"{&quot;aperture&quot;:&quot;0&quot;,&quot;credit&quot;:&quot;&quot;,&quot;camera&quot;:&quot;&quot;,&quot;caption&quot;:&quot;&quot;,&quot;created_timestamp&quot;:&quot;0&quot;,&quot;copyright&quot;:&quot;&quot;,&quot;focal_length&quot;:&quot;0&quot;,&quot;iso&quot;:&quot;0&quot;,&quot;shutter_speed&quot;:&quot;0&quot;,&quot;title&quot;:&quot;&quot;}\" data-image-title=\"Bottes et V\u00e9lo &amp;#8211; Embl\u00eame\" data-image-description=\"\" data-image-caption=\"\" data-large-file=\"https:\/\/i0.wp.com\/bottesetvelo.com\/blog\/wp-content\/uploads\/2014\/01\/Bottes-et-V%C3%A9lo-Embl%C3%AAme-e1454083414631.jpg?fit=100%2C79&amp;ssl=1\" class=\"alignright wp-image-14\" src=\"https:\/\/i0.wp.com\/bottesetvelo.com\/blog\/wp-content\/uploads\/2014\/01\/Bottes-et-V%C3%A9lo-Embl%C3%AAme.jpg?resize=76%2C60&#038;ssl=1\" alt=\"Bottes et V\u00e9lo - Embl\u00eame\" width=\"76\" height=\"60\"><\/p>\n<p style=\"text-align: justify;\">\u00c9ric Lalibert\u00e9<\/p>\n<h5 style=\"text-align: justify;\"><span style=\"color: #003366;\">** Ce weekend nous serons au<\/span> <a href=\"http:\/\/www.simelevis.ca\/2016\/exposants\/096.html\">Salon International du Mieux-\u00catre<\/a>, <span style=\"color: #003366;\">\u00e0 L\u00e9vis (19-20-21 ao\u00fbt). Venez nous rencontrer au kiosque #96! Nous offrirons \u00e9galement une conf\u00e9rence, samedi matin, 10h30, salle 5, intitul\u00e9e&nbsp;: Au-del\u00e0 de Compostelle\u2026<\/span><\/h5>\n","protected":false},"excerpt":{"rendered":"<p>Vous avez l\u2019heure, nous avons le temps. Sagesse africaine Cet \u00e9t\u00e9, nous sommes tous partis en vacances en qu\u00eate d\u2019un mieux-\u00eatre. Qu&rsquo;avons-nous trouv\u00e9 et o\u00f9 l\u2019avons-nous trouv\u00e9? P\u00e8lerins et vacanciers portent en eux le m\u00eame d\u00e9sir&nbsp;: briser la routine en quittant leur demeure pour arr\u00eater le temps et retrouver cet espace o\u00f9 il fait bon&hellip;<\/p>\n","protected":false},"author":3,"featured_media":0,"comment_status":"open","ping_status":"open","sticky":false,"template":"","format":"standard","meta":{"jetpack_post_was_ever_published":false,"_jetpack_newsletter_access":"","_jetpack_dont_email_post_to_subs":false,"_jetpack_newsletter_tier_id":0,"_jetpack_memberships_contains_paywalled_content":false,"_jetpack_memberships_contains_paid_content":false,"footnotes":"","jetpack_publicize_message":"","jetpack_publicize_feature_enabled":true,"jetpack_social_post_already_shared":true,"jetpack_social_options":{"image_generator_settings":{"template":"highway","default_image_id":0,"font":"","enabled":false},"version":2}},"categories":[50,379,166,3,37],"tags":[411,399,296,13,410,413,409,412,408],"class_list":["post-2674","post","type-post","status-publish","format-standard","hentry","category-art-de-vivre","category-chemin-de-transformation","category-demarche-du-pelerin","category-reflexions","category-spiritualite-2","tag-coeur","tag-experience","tag-pelerin","tag-pelerinage","tag-raison","tag-touriste","tag-vacances","tag-vacancier","tag-voyages"],"jetpack_publicize_connections":[],"jetpack_featured_media_url":"","jetpack_shortlink":"https:\/\/wp.me\/p4eY6z-H8","jetpack_sharing_enabled":true,"jetpack_likes_enabled":true,"jetpack-related-posts":[],"_links":{"self":[{"href":"https:\/\/bottesetvelo.com\/blog\/wp-json\/wp\/v2\/posts\/2674","targetHints":{"allow":["GET"]}}],"collection":[{"href":"https:\/\/bottesetvelo.com\/blog\/wp-json\/wp\/v2\/posts"}],"about":[{"href":"https:\/\/bottesetvelo.com\/blog\/wp-json\/wp\/v2\/types\/post"}],"author":[{"embeddable":true,"href":"https:\/\/bottesetvelo.com\/blog\/wp-json\/wp\/v2\/users\/3"}],"replies":[{"embeddable":true,"href":"https:\/\/bottesetvelo.com\/blog\/wp-json\/wp\/v2\/comments?post=2674"}],"version-history":[{"count":8,"href":"https:\/\/bottesetvelo.com\/blog\/wp-json\/wp\/v2\/posts\/2674\/revisions"}],"predecessor-version":[{"id":2687,"href":"https:\/\/bottesetvelo.com\/blog\/wp-json\/wp\/v2\/posts\/2674\/revisions\/2687"}],"wp:attachment":[{"href":"https:\/\/bottesetvelo.com\/blog\/wp-json\/wp\/v2\/media?parent=2674"}],"wp:term":[{"taxonomy":"category","embeddable":true,"href":"https:\/\/bottesetvelo.com\/blog\/wp-json\/wp\/v2\/categories?post=2674"},{"taxonomy":"post_tag","embeddable":true,"href":"https:\/\/bottesetvelo.com\/blog\/wp-json\/wp\/v2\/tags?post=2674"}],"curies":[{"name":"wp","href":"https:\/\/api.w.org\/{rel}","templated":true}]}}