{"id":2629,"date":"2016-06-17T13:04:52","date_gmt":"2016-06-17T17:04:52","guid":{"rendered":"http:\/\/bottesetvelo.com\/blog\/?p=2629"},"modified":"2016-06-17T13:04:52","modified_gmt":"2016-06-17T17:04:52","slug":"partir-quelque-part-pour-partir","status":"publish","type":"post","link":"https:\/\/bottesetvelo.com\/blog\/2016\/06\/17\/partir-quelque-part-pour-partir\/","title":{"rendered":"Partir quelque part pour partir\u2026"},"content":{"rendered":"<h5 style=\"text-align: right;\"><strong><em>\u00ab\u00a0Partir, c\u2019est l\u2019appel du chemin, l\u2019appel au cheminement\u00a0\u00bb <\/em><\/strong><br \/>\n<strong><em>Bottes et V\u00e9lo<\/em><\/strong><\/h5>\n<h5 style=\"text-align: justify;\"><span style=\"color: #003366;\">Le village de Saint-Michel-de-Bellechasse est situ\u00e9 sur une route de migration. Migration animale, migration humaine. Le fleuve en guide et en inspire plus d\u2019un! La migration animale a longtemps\u00a0 fascin\u00e9 les chercheurs. Qu\u2019est-ce qui suscite un tel d\u00e9placement? Sommes-nous bien diff\u00e9rents des animaux?<\/span><\/h5>\n<p style=\"text-align: justify;\"><img data-recalc-dims=\"1\" loading=\"lazy\" decoding=\"async\" data-attachment-id=\"2631\" data-permalink=\"https:\/\/bottesetvelo.com\/blog\/2016\/06\/17\/partir-quelque-part-pour-partir\/imgp8067l_gf-2\/\" data-orig-file=\"https:\/\/i0.wp.com\/bottesetvelo.com\/blog\/wp-content\/uploads\/2016\/06\/IMGP8067l_GF.jpg?fit=1600%2C699&amp;ssl=1\" data-orig-size=\"1600,699\" data-comments-opened=\"1\" data-image-meta=\"{&quot;aperture&quot;:&quot;6.7&quot;,&quot;credit&quot;:&quot;&quot;,&quot;camera&quot;:&quot;PENTAX *ist DL2&quot;,&quot;caption&quot;:&quot;&quot;,&quot;created_timestamp&quot;:&quot;1365348405&quot;,&quot;copyright&quot;:&quot;&quot;,&quot;focal_length&quot;:&quot;100&quot;,&quot;iso&quot;:&quot;400&quot;,&quot;shutter_speed&quot;:&quot;0.000333333333333&quot;,&quot;title&quot;:&quot;&quot;,&quot;orientation&quot;:&quot;1&quot;}\" data-image-title=\"Saint-Michel-de-bellechasse\" data-image-description=\"\" data-image-caption=\"\" data-large-file=\"https:\/\/i0.wp.com\/bottesetvelo.com\/blog\/wp-content\/uploads\/2016\/06\/IMGP8067l_GF.jpg?fit=1024%2C447&amp;ssl=1\" class=\"alignright wp-image-2631\" src=\"https:\/\/i0.wp.com\/bottesetvelo.com\/blog\/wp-content\/uploads\/2016\/06\/IMGP8067l_GF.jpg?resize=300%2C131&#038;ssl=1\" alt=\"Saint-Michel-de-bellechasse\" width=\"300\" height=\"131\" srcset=\"https:\/\/i0.wp.com\/bottesetvelo.com\/blog\/wp-content\/uploads\/2016\/06\/IMGP8067l_GF.jpg?resize=500%2C218&amp;ssl=1 500w, https:\/\/i0.wp.com\/bottesetvelo.com\/blog\/wp-content\/uploads\/2016\/06\/IMGP8067l_GF.jpg?resize=768%2C336&amp;ssl=1 768w, https:\/\/i0.wp.com\/bottesetvelo.com\/blog\/wp-content\/uploads\/2016\/06\/IMGP8067l_GF.jpg?resize=1024%2C447&amp;ssl=1 1024w, https:\/\/i0.wp.com\/bottesetvelo.com\/blog\/wp-content\/uploads\/2016\/06\/IMGP8067l_GF.jpg?w=1600&amp;ssl=1 1600w\" sizes=\"auto, (max-width: 300px) 100vw, 300px\" \/>Chaque ann\u00e9e, au d\u00e9but du printemps des milliers d\u2019oies blanches et d\u2019outardes animent\u00a0 le ciel. Au rythme des mar\u00e9es, elles se rassemblent sur les berges du fleuve et dans les champs. Elles nous visitent quelques instants, le temps de profiter des lieux, de refaire le plein d\u2019\u00e9nergie avant d\u2019attaquer les prochains kilom\u00e8tres de vol. Puis, lorsque l\u2019automne et le froid s\u2019annoncent, on les voit repasser, plus rapidement cette fois-ci.<\/p>\n<p style=\"text-align: justify;\">La r\u00e9gion re\u00e7oit aussi la visite passag\u00e8re des Harfangs des neiges. Amateurs de hauts perchoirs, on a de forte chance d\u2019en voir un paisiblement install\u00e9 sur le sommet d\u2019un poteau \u00e9lectrique, d\u2019un silo, ou sur le plus haut point d\u2019un b\u00e2timent ou d\u2019un arbre situ\u00e9 au milieu des champs. Les harfangs nous arrivent avec l\u2019hiver et nous quittent avant l\u2019arriv\u00e9e du printemps, pour remonter vers le nord.<\/p>\n<p style=\"text-align: justify;\">La migration animale est un p\u00e9riple p\u00e9riodique entrepris durant une p\u00e9riode de l\u2019ann\u00e9e ou une p\u00e9riode de la vie de l\u2019animal. Elle implique un retour dans la r\u00e9gion de d\u00e9part. Les p\u00e9riodes de migrations sont souvent reli\u00e9es aux conditions et aux changements climatiques. Le manque d\u2019eau ou de nourriture, la pr\u00e9sence accrue de pr\u00e9dateurs, poussent l\u2019animal \u00e0 quitter son habitat en qu\u00eate de meilleures conditions de vie; des conditions favorables \u00e0 sa croissance et \u00e0 sa reproduction. Sans y r\u00e9fl\u00e9chir, par instinct, <strong><span style=\"color: #003366;\">l\u2019animal migre pour survivre, pour mieux vivre! Sommes-nous bien diff\u00e9rents des animaux?<\/span><\/strong><\/p>\n<p style=\"text-align: justify;\">Un autre type de migration que nous pouvons observer \u00e0 Saint-Michel-de-Bellechasse, c\u2019est une vari\u00e9t\u00e9 de <img data-recalc-dims=\"1\" loading=\"lazy\" decoding=\"async\" data-attachment-id=\"2633\" data-permalink=\"https:\/\/bottesetvelo.com\/blog\/2016\/06\/17\/partir-quelque-part-pour-partir\/2011-082\/\" data-orig-file=\"https:\/\/i0.wp.com\/bottesetvelo.com\/blog\/wp-content\/uploads\/2016\/06\/2011-082.jpg?fit=3648%2C2736&amp;ssl=1\" data-orig-size=\"3648,2736\" data-comments-opened=\"1\" data-image-meta=\"{&quot;aperture&quot;:&quot;3.2&quot;,&quot;credit&quot;:&quot;&quot;,&quot;camera&quot;:&quot;Canon PowerShot SD890 IS&quot;,&quot;caption&quot;:&quot;&quot;,&quot;created_timestamp&quot;:&quot;1310219711&quot;,&quot;copyright&quot;:&quot;&quot;,&quot;focal_length&quot;:&quot;6.6&quot;,&quot;iso&quot;:&quot;200&quot;,&quot;shutter_speed&quot;:&quot;0.0166666666667&quot;,&quot;title&quot;:&quot;&quot;,&quot;orientation&quot;:&quot;1&quot;}\" data-image-title=\"Le Qu\u00e9bec \u00e0 v\u00e9lo\" data-image-description=\"\" data-image-caption=\"\" data-large-file=\"https:\/\/i0.wp.com\/bottesetvelo.com\/blog\/wp-content\/uploads\/2016\/06\/2011-082.jpg?fit=1024%2C768&amp;ssl=1\" class=\"alignright wp-image-2633\" src=\"https:\/\/i0.wp.com\/bottesetvelo.com\/blog\/wp-content\/uploads\/2016\/06\/2011-082.jpg?resize=300%2C225&#038;ssl=1\" alt=\"Le Qu\u00e9bec \u00e0 v\u00e9lo\" width=\"300\" height=\"225\" srcset=\"https:\/\/i0.wp.com\/bottesetvelo.com\/blog\/wp-content\/uploads\/2016\/06\/2011-082.jpg?resize=500%2C375&amp;ssl=1 500w, https:\/\/i0.wp.com\/bottesetvelo.com\/blog\/wp-content\/uploads\/2016\/06\/2011-082.jpg?resize=768%2C576&amp;ssl=1 768w, https:\/\/i0.wp.com\/bottesetvelo.com\/blog\/wp-content\/uploads\/2016\/06\/2011-082.jpg?resize=1024%2C768&amp;ssl=1 1024w, https:\/\/i0.wp.com\/bottesetvelo.com\/blog\/wp-content\/uploads\/2016\/06\/2011-082.jpg?w=2340&amp;ssl=1 2340w, https:\/\/i0.wp.com\/bottesetvelo.com\/blog\/wp-content\/uploads\/2016\/06\/2011-082.jpg?w=3510&amp;ssl=1 3510w\" sizes=\"auto, (max-width: 300px) 100vw, 300px\" \/>migration humaine. Chaque ann\u00e9e, d\u00e8s le mois de mai, on observe des cyclistes qui, charg\u00e9s de leurs sacoches et de leurs bagages, le coup de p\u00e9dale r\u00e9gulier et calme, voyagent vers l\u2019est. Le cycliste migrateur se d\u00e9place souvent seul et parfois en couple. \u00c9tudiant qui d\u00e9bute ses vacances apr\u00e8s des ann\u00e9es d\u2019\u00e9tudes coll\u00e9giales ou universitaires, ou retrait\u00e9 profitant de cette libert\u00e9 tant attendue. Homme ou femme. Ce qui le caract\u00e9rise c\u2019est surtout ce voyage, int\u00e9rieur et ext\u00e9rieur, qu\u2019il choisit d\u2019entreprendre. Il n\u2019est pas press\u00e9. Il profite du paysage, s\u2019arr\u00eate dans les villages, s\u2019impr\u00e8gne du vent et du mouvement qui le traverse. Chaque jour, immanquablement, j\u2019en vois un\u2026 et je me mets \u00e0 r\u00eaver! Ah, le chanceux!<\/p>\n<p style=\"text-align: justify;\">La migration humaine, tout comme la migration animale, est un d\u00e9placement d\u2019un lieu vers un autre que l\u2019on esp\u00e8re <img data-recalc-dims=\"1\" loading=\"lazy\" decoding=\"async\" data-attachment-id=\"2635\" data-permalink=\"https:\/\/bottesetvelo.com\/blog\/2016\/06\/17\/partir-quelque-part-pour-partir\/img_7236\/\" data-orig-file=\"https:\/\/i0.wp.com\/bottesetvelo.com\/blog\/wp-content\/uploads\/2016\/06\/IMG_7236.jpg?fit=3644%2C2510&amp;ssl=1\" data-orig-size=\"3644,2510\" data-comments-opened=\"1\" data-image-meta=\"{&quot;aperture&quot;:&quot;10&quot;,&quot;credit&quot;:&quot;&quot;,&quot;camera&quot;:&quot;Canon PowerShot SD890 IS&quot;,&quot;caption&quot;:&quot;&quot;,&quot;created_timestamp&quot;:&quot;1436175505&quot;,&quot;copyright&quot;:&quot;&quot;,&quot;focal_length&quot;:&quot;8.96&quot;,&quot;iso&quot;:&quot;80&quot;,&quot;shutter_speed&quot;:&quot;0.00625&quot;,&quot;title&quot;:&quot;&quot;,&quot;orientation&quot;:&quot;1&quot;}\" data-image-title=\"IMG_7236\" data-image-description=\"\" data-image-caption=\"\" data-large-file=\"https:\/\/i0.wp.com\/bottesetvelo.com\/blog\/wp-content\/uploads\/2016\/06\/IMG_7236.jpg?fit=1024%2C705&amp;ssl=1\" class=\"wp-image-2635 alignleft\" src=\"https:\/\/i0.wp.com\/bottesetvelo.com\/blog\/wp-content\/uploads\/2016\/06\/IMG_7236.jpg?resize=300%2C207&#038;ssl=1\" alt=\"IMG_7236\" width=\"300\" height=\"207\" srcset=\"https:\/\/i0.wp.com\/bottesetvelo.com\/blog\/wp-content\/uploads\/2016\/06\/IMG_7236.jpg?resize=500%2C344&amp;ssl=1 500w, https:\/\/i0.wp.com\/bottesetvelo.com\/blog\/wp-content\/uploads\/2016\/06\/IMG_7236.jpg?resize=768%2C529&amp;ssl=1 768w, https:\/\/i0.wp.com\/bottesetvelo.com\/blog\/wp-content\/uploads\/2016\/06\/IMG_7236.jpg?resize=1024%2C705&amp;ssl=1 1024w, https:\/\/i0.wp.com\/bottesetvelo.com\/blog\/wp-content\/uploads\/2016\/06\/IMG_7236.jpg?w=2340&amp;ssl=1 2340w, https:\/\/i0.wp.com\/bottesetvelo.com\/blog\/wp-content\/uploads\/2016\/06\/IMG_7236.jpg?w=3510&amp;ssl=1 3510w\" sizes=\"auto, (max-width: 300px) 100vw, 300px\" \/>plus prosp\u00e8re. L\u2019homme qui migre, quitte son lieu de r\u00e9sidence en qu\u00eate d\u2019un monde meilleur, en qu\u00eate d\u2019identit\u00e9, en mal de vivre. <strong><span style=\"color: #003366;\">Il esp\u00e8re dans cet ailleurs trouver un environnement qui r\u00e9ponde mieux \u00e0 ses aspirations et ses d\u00e9sirs, pour plus de s\u00e9curit\u00e9, pour plus de richesse, plus de confort mat\u00e9riel ou spirituel, pour plus de vie!<\/span><\/strong><\/p>\n<p style=\"text-align: justify;\">Cette semaine, j\u2019ai eu la chance de voir un oiseau migrateur des plus rares au Qu\u00e9bec\u00a0: un p\u00e8lerin! Je l\u2019ai crois\u00e9 sur le bord du chemin. Sac au dos, bottes aux pieds, b\u00e2tons en main, il allait paisiblement sur sa route. Je n\u2019ai pas su r\u00e9sister, je me suis approch\u00e9e de lui pour le questionner\u00a0: il partait tout juste de Beaumont et s\u2019en allait jusqu\u2019\u00e0 Gasp\u00e9! Jeune, seul, le regard brillant devant cette aventure qui l\u2019attendait\u2026 Comme je l\u2019ai envi\u00e9!<\/p>\n<p style=\"text-align: justify;\">Chez Bottes et V\u00e9lo, l\u2019appel du p\u00e8lerinage est plus fort que tout. De voir passer tous ces cyclistes et ce p\u00e8lerin m\u2019attire d\u2019instinct \u00e0 prendre la route et \u00e0 suivre mes semblables. Ce temps de migration momentan\u00e9 est un r\u00e9el p\u00e8lerinage qui me permet de faire mon m\u00e9nage int\u00e9rieur et de retrouver l\u2019essence m\u00eame de mon \u00eatre. C\u2019est un bilan annuel incontournable qui me permet de revenir chez moi en \u00e9tant plus r\u00e9ceptive aux signes qui balisent ma route de vie.<\/p>\n<p style=\"text-align: justify;\">Sans mauvais jeu de mots\u2026 le p\u00e8lerin serait-il une vari\u00e9t\u00e9 d\u2019oiseaux migrateurs?<\/p>\n<p style=\"text-align: justify;\"><span style=\"color: #800000;\"><em>Prenez note que le blog fera rel\u00e2che le temps d&rsquo;un p\u00e8lerinage. On vous retrouvera le 19 ao\u00fbt! Bon \u00e9t\u00e9!<\/em><\/span><\/p>\n<p>Brigitte Harouni<img data-recalc-dims=\"1\" loading=\"lazy\" decoding=\"async\" data-attachment-id=\"14\" data-permalink=\"https:\/\/bottesetvelo.com\/blog\/bottes-et-velo-le-blog\/bottes-et-velo-embleme\/\" data-orig-file=\"https:\/\/i0.wp.com\/bottesetvelo.com\/blog\/wp-content\/uploads\/2014\/01\/Bottes-et-V%C3%A9lo-Embl%C3%AAme-e1454083414631.jpg?fit=100%2C79&amp;ssl=1\" data-orig-size=\"100,79\" data-comments-opened=\"1\" data-image-meta=\"{&quot;aperture&quot;:&quot;0&quot;,&quot;credit&quot;:&quot;&quot;,&quot;camera&quot;:&quot;&quot;,&quot;caption&quot;:&quot;&quot;,&quot;created_timestamp&quot;:&quot;0&quot;,&quot;copyright&quot;:&quot;&quot;,&quot;focal_length&quot;:&quot;0&quot;,&quot;iso&quot;:&quot;0&quot;,&quot;shutter_speed&quot;:&quot;0&quot;,&quot;title&quot;:&quot;&quot;}\" data-image-title=\"Bottes et V\u00e9lo &amp;#8211; Embl\u00eame\" data-image-description=\"\" data-image-caption=\"\" data-large-file=\"https:\/\/i0.wp.com\/bottesetvelo.com\/blog\/wp-content\/uploads\/2014\/01\/Bottes-et-V%C3%A9lo-Embl%C3%AAme-e1454083414631.jpg?fit=100%2C79&amp;ssl=1\" class=\"alignright wp-image-14\" src=\"https:\/\/i0.wp.com\/bottesetvelo.com\/blog\/wp-content\/uploads\/2014\/01\/Bottes-et-V%C3%A9lo-Embl%C3%AAme.jpg?resize=50%2C39&#038;ssl=1\" alt=\"Bottes et V\u00e9lo - Embl\u00eame\" width=\"50\" height=\"39\" \/><\/p>\n","protected":false},"excerpt":{"rendered":"<p>\u00ab\u00a0Partir, c\u2019est l\u2019appel du chemin, l\u2019appel au cheminement\u00a0\u00bb Bottes et V\u00e9lo Le village de Saint-Michel-de-Bellechasse est situ\u00e9 sur une route de migration. Migration animale, migration humaine. Le fleuve en guide et en inspire plus d\u2019un! La migration animale a longtemps\u00a0 fascin\u00e9 les chercheurs. Qu\u2019est-ce qui suscite un tel d\u00e9placement? Sommes-nous bien diff\u00e9rents des animaux? Chaque&hellip;<\/p>\n","protected":false},"author":2,"featured_media":0,"comment_status":"open","ping_status":"open","sticky":false,"template":"","format":"standard","meta":{"jetpack_post_was_ever_published":false,"_jetpack_newsletter_access":"","_jetpack_dont_email_post_to_subs":false,"_jetpack_newsletter_tier_id":0,"_jetpack_memberships_contains_paywalled_content":false,"_jetpack_memberships_contains_paid_content":false,"footnotes":"","jetpack_publicize_message":"","jetpack_publicize_feature_enabled":true,"jetpack_social_post_already_shared":true,"jetpack_social_options":{"image_generator_settings":{"template":"highway","default_image_id":0,"font":"","enabled":false},"version":2}},"categories":[50,379,9,230,171,390],"tags":[275,103,273,13,208,96,192,38,94],"class_list":["post-2629","post","type-post","status-publish","format-standard","hentry","category-art-de-vivre","category-chemin-de-transformation","category-chemins-de-pelerinage","category-histoire-de-pelerin","category-pelerinage","category-voyages-pelerins","tag-art-de-vivre","tag-bien-etre","tag-gouter-la-vie","tag-pelerinage","tag-pelerinage-autonome","tag-qualite-de-vie","tag-quete-spirituelle","tag-reflexion","tag-vivre-simplement"],"jetpack_publicize_connections":[],"jetpack_featured_media_url":"","jetpack_shortlink":"https:\/\/wp.me\/p4eY6z-Gp","jetpack_sharing_enabled":true,"jetpack_likes_enabled":true,"jetpack-related-posts":[],"_links":{"self":[{"href":"https:\/\/bottesetvelo.com\/blog\/wp-json\/wp\/v2\/posts\/2629","targetHints":{"allow":["GET"]}}],"collection":[{"href":"https:\/\/bottesetvelo.com\/blog\/wp-json\/wp\/v2\/posts"}],"about":[{"href":"https:\/\/bottesetvelo.com\/blog\/wp-json\/wp\/v2\/types\/post"}],"author":[{"embeddable":true,"href":"https:\/\/bottesetvelo.com\/blog\/wp-json\/wp\/v2\/users\/2"}],"replies":[{"embeddable":true,"href":"https:\/\/bottesetvelo.com\/blog\/wp-json\/wp\/v2\/comments?post=2629"}],"version-history":[{"count":3,"href":"https:\/\/bottesetvelo.com\/blog\/wp-json\/wp\/v2\/posts\/2629\/revisions"}],"predecessor-version":[{"id":2636,"href":"https:\/\/bottesetvelo.com\/blog\/wp-json\/wp\/v2\/posts\/2629\/revisions\/2636"}],"wp:attachment":[{"href":"https:\/\/bottesetvelo.com\/blog\/wp-json\/wp\/v2\/media?parent=2629"}],"wp:term":[{"taxonomy":"category","embeddable":true,"href":"https:\/\/bottesetvelo.com\/blog\/wp-json\/wp\/v2\/categories?post=2629"},{"taxonomy":"post_tag","embeddable":true,"href":"https:\/\/bottesetvelo.com\/blog\/wp-json\/wp\/v2\/tags?post=2629"}],"curies":[{"name":"wp","href":"https:\/\/api.w.org\/{rel}","templated":true}]}}