{"id":2617,"date":"2016-06-03T17:56:02","date_gmt":"2016-06-03T21:56:02","guid":{"rendered":"http:\/\/bottesetvelo.com\/blog\/?p=2617"},"modified":"2016-06-03T17:56:02","modified_gmt":"2016-06-03T21:56:02","slug":"lhorizon-du-pelerin","status":"publish","type":"post","link":"https:\/\/bottesetvelo.com\/blog\/2016\/06\/03\/lhorizon-du-pelerin\/","title":{"rendered":"L\u2019horizon du p\u00e8lerin"},"content":{"rendered":"<h5 style=\"text-align: right;\"><em>\u00ab\u00a0Regarder \u201cloin\u201d, c\u2019est regarder \u201ct\u00f4t\u201d.\u00a0\u00bb <\/em><br \/>\n<em>Hubert Reeves<\/em><\/h5>\n<h5 style=\"text-align: justify;\"><span style=\"color: #003366;\">Lorsque je me sens envahie par des pens\u00e9es qui tourbillonnent dans ma t\u00eate, que je me perds dans le labyrinthe de mes r\u00e9flexions, ou simplement lorsque je veux \u00eatre bien, j\u2019aime me retrouver dans un endroit qui offre un horizon \u00e0 mon regard. Quoi de plus ressour\u00e7ant et de plus reposant que de laisser son regard planer sur des kilom\u00e8tres de paysage! \u00a0Que ce soit sur un banc au bord du fleuve, sur un rocher au sommet d\u2019une montagne, sur le balcon d\u2019un immeuble qui surplombe la ville, la sensation de voir loin nous permet de voyager int\u00e9rieurement. Qu\u2019est-ce que cette exp\u00e9rience vient toucher en moi? Qu\u2019est-ce que mon corps tente de me dire?<\/span><\/h5>\n<p style=\"text-align: justify;\"><img data-recalc-dims=\"1\" loading=\"lazy\" decoding=\"async\" data-attachment-id=\"2619\" data-permalink=\"https:\/\/bottesetvelo.com\/blog\/2016\/06\/03\/lhorizon-du-pelerin\/attachment\/044\/\" data-orig-file=\"https:\/\/i0.wp.com\/bottesetvelo.com\/blog\/wp-content\/uploads\/2016\/06\/044.jpg?fit=2592%2C1936&amp;ssl=1\" data-orig-size=\"2592,1936\" data-comments-opened=\"1\" data-image-meta=\"{&quot;aperture&quot;:&quot;2.8&quot;,&quot;credit&quot;:&quot;&quot;,&quot;camera&quot;:&quot;iPhone 4&quot;,&quot;caption&quot;:&quot;&quot;,&quot;created_timestamp&quot;:&quot;1318081383&quot;,&quot;copyright&quot;:&quot;&quot;,&quot;focal_length&quot;:&quot;3.85&quot;,&quot;iso&quot;:&quot;80&quot;,&quot;shutter_speed&quot;:&quot;0.000165755014089&quot;,&quot;title&quot;:&quot;&quot;,&quot;orientation&quot;:&quot;1&quot;}\" data-image-title=\"Mont-Washington\" data-image-description=\"\" data-image-caption=\"\" data-large-file=\"https:\/\/i0.wp.com\/bottesetvelo.com\/blog\/wp-content\/uploads\/2016\/06\/044.jpg?fit=1024%2C765&amp;ssl=1\" class=\"alignright wp-image-2619\" src=\"https:\/\/i0.wp.com\/bottesetvelo.com\/blog\/wp-content\/uploads\/2016\/06\/044.jpg?resize=300%2C224&#038;ssl=1\" alt=\"Mont-Washington\" width=\"300\" height=\"224\" srcset=\"https:\/\/i0.wp.com\/bottesetvelo.com\/blog\/wp-content\/uploads\/2016\/06\/044.jpg?resize=500%2C373&amp;ssl=1 500w, https:\/\/i0.wp.com\/bottesetvelo.com\/blog\/wp-content\/uploads\/2016\/06\/044.jpg?resize=768%2C574&amp;ssl=1 768w, https:\/\/i0.wp.com\/bottesetvelo.com\/blog\/wp-content\/uploads\/2016\/06\/044.jpg?resize=1024%2C765&amp;ssl=1 1024w, https:\/\/i0.wp.com\/bottesetvelo.com\/blog\/wp-content\/uploads\/2016\/06\/044.jpg?w=2340&amp;ssl=1 2340w\" sizes=\"auto, (max-width: 300px) 100vw, 300px\" \/>\u00c9tymologiquement, le mot horizon symbolise la ligne o\u00f9 la terre semble rejoindre le ciel. Mon regard est attir\u00e9 et apais\u00e9 par cet endroit tr\u00e8s \u00e9loign\u00e9 o\u00f9 les r\u00eaves semblent devenir r\u00e9alit\u00e9, ou du moins r\u00e9alisables. \u00c0 travers cet espace et cette distance, j\u2019ai l\u2019impression de me projeter dans le futur. Un monde sans limite. Une ouverture sur un monde de possibilit\u00e9s. Le p\u00e8lerin qui regarde devant lui, aper\u00e7oit la route qu\u2019il suit pas \u00e0 pas. Du sommet de la montagne, il devine celle qui l\u2019attend dans les jours \u00e0 venir. L\u2019espace rejoint le temps. Voir loin, c\u2019est savoir se projeter dans l\u2019avenir. De ma position qui domine le paysage, j\u2019ai une vue d\u2019ensemble de ce qui m\u2019entoure et de ce qui me devance. Je peux donc plus ais\u00e9ment d\u00e9cider de ma route. L\u2019horizon de la route, le sanctuaire que le p\u00e8lerin esp\u00e8re voir poindre \u00e0 chaque sommet qu\u2019il traverse, n\u2019est pas uniquement un lieu ext\u00e9rieur, il est aussi un \u00e9tat int\u00e9rieur. \u00c0 la question\u00a0: \u00ab\u00a0o\u00f9 vas-tu?\u00a0\u00bb si souvent pos\u00e9e aux p\u00e8lerins, on traduit\u00a0: \u00ab\u00a0\u00e0 quoi te sens-tu appel\u00e9 \u00e0 devenir?\u00a0\u00bb. <strong><span style=\"color: #003366;\">Ce lieu d\u2019horizon est un futur de la vie<\/span><\/strong>.<\/p>\n<p style=\"text-align: justify;\"><img data-recalc-dims=\"1\" loading=\"lazy\" decoding=\"async\" data-attachment-id=\"2620\" data-permalink=\"https:\/\/bottesetvelo.com\/blog\/2016\/06\/03\/lhorizon-du-pelerin\/2014-08-01-10-35-05\/\" data-orig-file=\"https:\/\/i0.wp.com\/bottesetvelo.com\/blog\/wp-content\/uploads\/2016\/06\/2014-08-01-10.35.05.jpg?fit=2572%2C1910&amp;ssl=1\" data-orig-size=\"2572,1910\" data-comments-opened=\"1\" data-image-meta=\"{&quot;aperture&quot;:&quot;2.8&quot;,&quot;credit&quot;:&quot;&quot;,&quot;camera&quot;:&quot;iPhone 4&quot;,&quot;caption&quot;:&quot;&quot;,&quot;created_timestamp&quot;:&quot;1406889305&quot;,&quot;copyright&quot;:&quot;&quot;,&quot;focal_length&quot;:&quot;3.85&quot;,&quot;iso&quot;:&quot;80&quot;,&quot;shutter_speed&quot;:&quot;0.000663129973475&quot;,&quot;title&quot;:&quot;&quot;,&quot;orientation&quot;:&quot;1&quot;}\" data-image-title=\"La Voie du St-Laurent\" data-image-description=\"\" data-image-caption=\"\" data-large-file=\"https:\/\/i0.wp.com\/bottesetvelo.com\/blog\/wp-content\/uploads\/2016\/06\/2014-08-01-10.35.05.jpg?fit=1024%2C760&amp;ssl=1\" class=\"wp-image-2620 alignleft\" src=\"https:\/\/i0.wp.com\/bottesetvelo.com\/blog\/wp-content\/uploads\/2016\/06\/2014-08-01-10.35.05.jpg?resize=300%2C223&#038;ssl=1\" alt=\"La Voie du St-Laurent\" width=\"300\" height=\"223\" srcset=\"https:\/\/i0.wp.com\/bottesetvelo.com\/blog\/wp-content\/uploads\/2016\/06\/2014-08-01-10.35.05.jpg?resize=500%2C371&amp;ssl=1 500w, https:\/\/i0.wp.com\/bottesetvelo.com\/blog\/wp-content\/uploads\/2016\/06\/2014-08-01-10.35.05.jpg?resize=768%2C570&amp;ssl=1 768w, https:\/\/i0.wp.com\/bottesetvelo.com\/blog\/wp-content\/uploads\/2016\/06\/2014-08-01-10.35.05.jpg?resize=1024%2C760&amp;ssl=1 1024w, https:\/\/i0.wp.com\/bottesetvelo.com\/blog\/wp-content\/uploads\/2016\/06\/2014-08-01-10.35.05.jpg?w=2340&amp;ssl=1 2340w\" sizes=\"auto, (max-width: 300px) 100vw, 300px\" \/>En physique, l\u2019horizon repr\u00e9sente la limite de la r\u00e9gion de l\u2019espace-temps pouvant influencer ou \u00eatre influenc\u00e9e par un point donn\u00e9. <strong><span style=\"color: #003366;\">Le p\u00e8lerin est cette personne qui a ressenti le besoin de changer d\u2019horizon<\/span><\/strong>, de partir \u00e0 la d\u00e9couverte de nouveaux horizons. Le p\u00e8lerin sort de sa zone d\u2019influence, celle dans laquelle il vit ou subit des interactions avec ce qui l\u2019entoure, pour aller vers une autre zone d\u2019influence. \u00a0D\u00e8s notre jeune \u00e2ge, nous grandissons entour\u00e9s de personnes et d\u2019\u00e9l\u00e9ments qui viennent influencer notre chemin de vie. Parents et amis fa\u00e7onnent notre personnalit\u00e9, nos r\u00eaves, notre fa\u00e7on d\u2019agir. La soci\u00e9t\u00e9 gr\u00e2ce \u00e0 ses tentacules m\u00e9diatiques nous manipule sournoisement et nous transforme au gr\u00e9 des valeurs qu\u2019elle pr\u00f4ne, des modes qu\u2019elle v\u00e9hicule et des courants de pens\u00e9e qu\u2019elle encourage. Vient un moment o\u00f9 toutes ces attaques identitaires \u00e9touffent et emprisonne notre \u00eatre qui cherche \u00e0 s\u2019affirmer et \u00e0 se dire. Vient un moment o\u00f9 un temps d\u2019arr\u00eat s\u2019impose pour faire un tour d\u2019horizon de sa vie. En qu\u00eate de nouveaux horizons.<\/p>\n<p style=\"text-align: justify;\">Quand je regarde \u00e0 l\u2019horizon, cette ouverture sur le monde r\u00e9sonne en moi comme un \u00e9lan de libert\u00e9. Libert\u00e9 car rien ne vient faire obstacle \u00e0 mon champ de vision. Libert\u00e9 car rien ne vient limiter l\u2019\u00e9tendue du panorama. <strong><span style=\"color: #003366;\">C\u2019est par cette libert\u00e9 de vision et de mouvement que le p\u00e8lerin se r\u00e9alise sur le chemin<\/span><\/strong>. D\u00e9pouill\u00e9 des entraves de sa zone d\u2019influence, et des barri\u00e8res qu\u2019il s\u2019imposait pour convenir \u00e0 son monde, il profite de sa nouvelle situation pour avancer sur une route qu\u2019il choisit et qui l\u2019appelle. Sa route!<\/p>\n<p><img data-recalc-dims=\"1\" loading=\"lazy\" decoding=\"async\" data-attachment-id=\"14\" data-permalink=\"https:\/\/bottesetvelo.com\/blog\/bottes-et-velo-le-blog\/bottes-et-velo-embleme\/\" data-orig-file=\"https:\/\/i0.wp.com\/bottesetvelo.com\/blog\/wp-content\/uploads\/2014\/01\/Bottes-et-V%C3%A9lo-Embl%C3%AAme-e1454083414631.jpg?fit=100%2C79&amp;ssl=1\" data-orig-size=\"100,79\" data-comments-opened=\"1\" data-image-meta=\"{&quot;aperture&quot;:&quot;0&quot;,&quot;credit&quot;:&quot;&quot;,&quot;camera&quot;:&quot;&quot;,&quot;caption&quot;:&quot;&quot;,&quot;created_timestamp&quot;:&quot;0&quot;,&quot;copyright&quot;:&quot;&quot;,&quot;focal_length&quot;:&quot;0&quot;,&quot;iso&quot;:&quot;0&quot;,&quot;shutter_speed&quot;:&quot;0&quot;,&quot;title&quot;:&quot;&quot;}\" data-image-title=\"Bottes et V\u00e9lo &amp;#8211; Embl\u00eame\" data-image-description=\"\" data-image-caption=\"\" data-large-file=\"https:\/\/i0.wp.com\/bottesetvelo.com\/blog\/wp-content\/uploads\/2014\/01\/Bottes-et-V%C3%A9lo-Embl%C3%AAme-e1454083414631.jpg?fit=100%2C79&amp;ssl=1\" class=\"alignright wp-image-14\" src=\"https:\/\/i0.wp.com\/bottesetvelo.com\/blog\/wp-content\/uploads\/2014\/01\/Bottes-et-V%C3%A9lo-Embl%C3%AAme.jpg?resize=50%2C40&#038;ssl=1\" alt=\"Bottes et V\u00e9lo - Embl\u00eame\" width=\"50\" height=\"40\" \/>Brigitte Harouni<\/p>\n","protected":false},"excerpt":{"rendered":"<p>\u00ab\u00a0Regarder \u201cloin\u201d, c\u2019est regarder \u201ct\u00f4t\u201d.\u00a0\u00bb Hubert Reeves Lorsque je me sens envahie par des pens\u00e9es qui tourbillonnent dans ma t\u00eate, que je me perds dans le labyrinthe de mes r\u00e9flexions, ou simplement lorsque je veux \u00eatre bien, j\u2019aime me retrouver dans un endroit qui offre un horizon \u00e0 mon regard. Quoi de plus ressour\u00e7ant et&hellip;<\/p>\n","protected":false},"author":2,"featured_media":0,"comment_status":"open","ping_status":"open","sticky":false,"template":"","format":"standard","meta":{"jetpack_post_was_ever_published":false,"_jetpack_newsletter_access":"","_jetpack_dont_email_post_to_subs":false,"_jetpack_newsletter_tier_id":0,"_jetpack_memberships_contains_paywalled_content":false,"_jetpack_memberships_contains_paid_content":false,"footnotes":"","jetpack_publicize_message":"","jetpack_publicize_feature_enabled":true,"jetpack_social_post_already_shared":true,"jetpack_social_options":{"image_generator_settings":{"template":"highway","default_image_id":0,"font":"","enabled":false},"version":2}},"categories":[11,9,380,166,3,37],"tags":[103,40,168,13,192,38,295,20,121],"class_list":["post-2617","post","type-post","status-publish","format-standard","hentry","category-bien-etre-physique","category-chemins-de-pelerinage","category-conscientisation","category-demarche-du-pelerin","category-reflexions","category-spiritualite-2","tag-bien-etre","tag-croissance-personnelle-2","tag-demarche-du-pelerin","tag-pelerinage","tag-quete-spirituelle","tag-reflexion","tag-sanctuaire","tag-spiritualite","tag-zone-de-confort"],"jetpack_publicize_connections":[],"jetpack_featured_media_url":"","jetpack_shortlink":"https:\/\/wp.me\/p4eY6z-Gd","jetpack_sharing_enabled":true,"jetpack_likes_enabled":true,"jetpack-related-posts":[],"_links":{"self":[{"href":"https:\/\/bottesetvelo.com\/blog\/wp-json\/wp\/v2\/posts\/2617","targetHints":{"allow":["GET"]}}],"collection":[{"href":"https:\/\/bottesetvelo.com\/blog\/wp-json\/wp\/v2\/posts"}],"about":[{"href":"https:\/\/bottesetvelo.com\/blog\/wp-json\/wp\/v2\/types\/post"}],"author":[{"embeddable":true,"href":"https:\/\/bottesetvelo.com\/blog\/wp-json\/wp\/v2\/users\/2"}],"replies":[{"embeddable":true,"href":"https:\/\/bottesetvelo.com\/blog\/wp-json\/wp\/v2\/comments?post=2617"}],"version-history":[{"count":2,"href":"https:\/\/bottesetvelo.com\/blog\/wp-json\/wp\/v2\/posts\/2617\/revisions"}],"predecessor-version":[{"id":2621,"href":"https:\/\/bottesetvelo.com\/blog\/wp-json\/wp\/v2\/posts\/2617\/revisions\/2621"}],"wp:attachment":[{"href":"https:\/\/bottesetvelo.com\/blog\/wp-json\/wp\/v2\/media?parent=2617"}],"wp:term":[{"taxonomy":"category","embeddable":true,"href":"https:\/\/bottesetvelo.com\/blog\/wp-json\/wp\/v2\/categories?post=2617"},{"taxonomy":"post_tag","embeddable":true,"href":"https:\/\/bottesetvelo.com\/blog\/wp-json\/wp\/v2\/tags?post=2617"}],"curies":[{"name":"wp","href":"https:\/\/api.w.org\/{rel}","templated":true}]}}