{"id":2607,"date":"2016-05-27T15:20:49","date_gmt":"2016-05-27T19:20:49","guid":{"rendered":"http:\/\/bottesetvelo.com\/blog\/?p=2607"},"modified":"2016-05-27T15:20:49","modified_gmt":"2016-05-27T19:20:49","slug":"provoque-a-vivre","status":"publish","type":"post","link":"https:\/\/bottesetvelo.com\/blog\/2016\/05\/27\/provoque-a-vivre\/","title":{"rendered":"Provoqu\u00e9 \u00e0 vivre"},"content":{"rendered":"<h6 style=\"text-align: right;\"><em>L&rsquo;essentiel n&rsquo;est pas de vivre mais de bien vivre.<\/em><br \/>\n<em>Platon<\/em><\/h6>\n<h5 style=\"text-align: justify;\"><img data-recalc-dims=\"1\" loading=\"lazy\" decoding=\"async\" data-attachment-id=\"2608\" data-permalink=\"https:\/\/bottesetvelo.com\/blog\/2016\/05\/27\/provoque-a-vivre\/beach-1192125_1920\/\" data-orig-file=\"https:\/\/i0.wp.com\/bottesetvelo.com\/blog\/wp-content\/uploads\/2016\/05\/beach-1192125_1920.jpg?fit=1920%2C1285&amp;ssl=1\" data-orig-size=\"1920,1285\" data-comments-opened=\"1\" data-image-meta=\"{&quot;aperture&quot;:&quot;0&quot;,&quot;credit&quot;:&quot;&quot;,&quot;camera&quot;:&quot;&quot;,&quot;caption&quot;:&quot;&quot;,&quot;created_timestamp&quot;:&quot;0&quot;,&quot;copyright&quot;:&quot;&quot;,&quot;focal_length&quot;:&quot;0&quot;,&quot;iso&quot;:&quot;0&quot;,&quot;shutter_speed&quot;:&quot;0&quot;,&quot;title&quot;:&quot;&quot;,&quot;orientation&quot;:&quot;0&quot;}\" data-image-title=\"baignade \u00e0 la mer\" data-image-description=\"\" data-image-caption=\"\" data-large-file=\"https:\/\/i0.wp.com\/bottesetvelo.com\/blog\/wp-content\/uploads\/2016\/05\/beach-1192125_1920.jpg?fit=1024%2C685&amp;ssl=1\" class=\"alignright wp-image-2608\" src=\"https:\/\/i0.wp.com\/bottesetvelo.com\/blog\/wp-content\/uploads\/2016\/05\/beach-1192125_1920.jpg?resize=300%2C201&#038;ssl=1\" alt=\"baignade \u00e0 la mer\" width=\"300\" height=\"201\" srcset=\"https:\/\/i0.wp.com\/bottesetvelo.com\/blog\/wp-content\/uploads\/2016\/05\/beach-1192125_1920.jpg?resize=500%2C335&amp;ssl=1 500w, https:\/\/i0.wp.com\/bottesetvelo.com\/blog\/wp-content\/uploads\/2016\/05\/beach-1192125_1920.jpg?resize=768%2C514&amp;ssl=1 768w, https:\/\/i0.wp.com\/bottesetvelo.com\/blog\/wp-content\/uploads\/2016\/05\/beach-1192125_1920.jpg?resize=1024%2C685&amp;ssl=1 1024w, https:\/\/i0.wp.com\/bottesetvelo.com\/blog\/wp-content\/uploads\/2016\/05\/beach-1192125_1920.jpg?w=1920&amp;ssl=1 1920w\" sizes=\"auto, (max-width: 300px) 100vw, 300px\" \/><span style=\"color: #003366;\">Tous les jours nous sommes provoqu\u00e9s au changement. Si je bouge la main, l\u2019air se d\u00e9place; si je presse une orange, j\u2019obtiens du jus; si je d\u00e9place mes pieds, j\u2019avance; si j\u2019ouvre les yeux, je vois\u2026 Chaque mouvement provoque un changement\u00a0qui me d\u00e9stabilise, d\u00e9place mes rep\u00e8res, et engendre un r\u00e9am\u00e9nagement de mes perceptions.<\/span><\/h5>\n<p style=\"text-align: justify;\">C\u2019est par le mouvement des ondes que j\u2019entends la musique. C\u2019est par la tige qui grandit que l\u2019arbre porte fruit. C\u2019est par les mouvements de ma bouche que des paroles sont prononc\u00e9es. Des paroles qui suscitent diverses r\u00e9actions, divers mouvements\u2026<\/p>\n<p style=\"text-align: justify;\">Tout change, tout bouge. L\u2019enfant qui va na\u00eetre. Le cours d\u2019eau qui fluctue. Le feu de for\u00eat qui ravage une r\u00e9gion\u00a0: tout cela, c\u2019est la vie en mouvement. La Vie bouge. Elle nous d\u00e9s\u00e9quilibre \u00e0 chaque instant, nous provoquant \u00e0 vivre, nous appelant au d\u00e9passement. C\u2019est l\u00e0 le c\u0153ur de l\u2019exp\u00e9rience p\u00e8lerine. <strong><span style=\"color: #003366;\">Dans chacun de ses pas, le p\u00e8lerin est d\u00e9stabilis\u00e9 et tente de retrouver son \u00e9quilibre\u00a0: un \u00e9quilibre de vie.<\/span><\/strong><\/p>\n<p style=\"text-align: justify;\"><img data-recalc-dims=\"1\" loading=\"lazy\" decoding=\"async\" data-attachment-id=\"2609\" data-permalink=\"https:\/\/bottesetvelo.com\/blog\/2016\/05\/27\/provoque-a-vivre\/equilibrist-980231_1920\/\" data-orig-file=\"https:\/\/i0.wp.com\/bottesetvelo.com\/blog\/wp-content\/uploads\/2016\/05\/equilibrist-980231_1920.jpg?fit=1280%2C1920&amp;ssl=1\" data-orig-size=\"1280,1920\" data-comments-opened=\"1\" data-image-meta=\"{&quot;aperture&quot;:&quot;0&quot;,&quot;credit&quot;:&quot;&quot;,&quot;camera&quot;:&quot;&quot;,&quot;caption&quot;:&quot;&quot;,&quot;created_timestamp&quot;:&quot;0&quot;,&quot;copyright&quot;:&quot;&quot;,&quot;focal_length&quot;:&quot;0&quot;,&quot;iso&quot;:&quot;0&quot;,&quot;shutter_speed&quot;:&quot;0&quot;,&quot;title&quot;:&quot;&quot;,&quot;orientation&quot;:&quot;0&quot;}\" data-image-title=\"\u00e9quilibriste\" data-image-description=\"\" data-image-caption=\"\" data-large-file=\"https:\/\/i0.wp.com\/bottesetvelo.com\/blog\/wp-content\/uploads\/2016\/05\/equilibrist-980231_1920.jpg?fit=683%2C1024&amp;ssl=1\" class=\"alignright wp-image-2609\" src=\"https:\/\/i0.wp.com\/bottesetvelo.com\/blog\/wp-content\/uploads\/2016\/05\/equilibrist-980231_1920.jpg?resize=167%2C250&#038;ssl=1\" alt=\"\u00e9quilibriste\" width=\"167\" height=\"250\" srcset=\"https:\/\/i0.wp.com\/bottesetvelo.com\/blog\/wp-content\/uploads\/2016\/05\/equilibrist-980231_1920.jpg?resize=333%2C500&amp;ssl=1 333w, https:\/\/i0.wp.com\/bottesetvelo.com\/blog\/wp-content\/uploads\/2016\/05\/equilibrist-980231_1920.jpg?resize=768%2C1152&amp;ssl=1 768w, https:\/\/i0.wp.com\/bottesetvelo.com\/blog\/wp-content\/uploads\/2016\/05\/equilibrist-980231_1920.jpg?resize=683%2C1024&amp;ssl=1 683w, https:\/\/i0.wp.com\/bottesetvelo.com\/blog\/wp-content\/uploads\/2016\/05\/equilibrist-980231_1920.jpg?w=1280&amp;ssl=1 1280w\" sizes=\"auto, (max-width: 167px) 100vw, 167px\" \/>Cet \u00e9quilibre de vie, vers lequel nous tendons tous, provoque et incite le meilleur de nous. C\u2019est par cet \u00e9lan d\u00e9s\u00e9quilibrant que nous aspirons sans cesse au meilleur de la vie. Pour l\u2019atteindre, je dois cependant accepter d\u2019\u00eatre en mouvement. <strong><span style=\"color: #003366;\">L\u2019\u00e9quilibriste ne peut tendre \u00e0 l\u2019\u00e9quilibre que par le mouvement.<\/span><\/strong> De m\u00eame, je dois me laisser d\u00e9placer, transformer, pour parvenir \u00e0 l\u2019\u00e9quilibre recherch\u00e9. D\u00e9sirer le meilleur, c\u2019est d\u00e9sirer \u00eatre transform\u00e9 pour s\u2019\u00e9quilibrer. C\u2019est d\u00e9sirer \u00eatre provoqu\u00e9 dans ces stagnations, dans ces inerties qui nous font pencher d\u2019un c\u00f4t\u00e9. C\u2019est avoir le courage de d\u00e9passer la souffrance d\u2019une posture qui nous a ankylos\u00e9s pour remettre la vie en circulation dans nos veines.<\/p>\n<p style=\"text-align: justify;\"><strong><span style=\"color: #003366;\">Qui, consciemment, voudrait d\u2019une vie v\u00e9g\u00e9tative branch\u00e9e sur des appareils qui le maintiennent en vie?<\/span><\/strong> Pourtant, c\u2019est-ce que la plupart d\u2019entre nous faisons. D\u00e9sirer le meilleur sans mouvement, c\u2019est r\u00eaver sa vie bien cal\u00e9 devant sa t\u00e9l\u00e9, branch\u00e9 sur son portable. Demeurer au stade du r\u00eave, du virtuel, n\u2019a jamais mis en mouvement! Le r\u00eave peut susciter l\u2019\u00e9tincelle, mais si cette \u00e9tincelle ne provoque jamais la flamme, ne met jamais le feu \u00e0 nos passions pour nous provoquer \u00e0 l\u2019action, elle est vaine.<\/p>\n<p style=\"text-align: justify;\"><img data-recalc-dims=\"1\" loading=\"lazy\" decoding=\"async\" data-attachment-id=\"2610\" data-permalink=\"https:\/\/bottesetvelo.com\/blog\/2016\/05\/27\/provoque-a-vivre\/wanderer-455338_1920-2\/\" data-orig-file=\"https:\/\/i0.wp.com\/bottesetvelo.com\/blog\/wp-content\/uploads\/2016\/05\/wanderer-455338_1920.jpg?fit=1920%2C1151&amp;ssl=1\" data-orig-size=\"1920,1151\" data-comments-opened=\"1\" data-image-meta=\"{&quot;aperture&quot;:&quot;0&quot;,&quot;credit&quot;:&quot;&quot;,&quot;camera&quot;:&quot;&quot;,&quot;caption&quot;:&quot;&quot;,&quot;created_timestamp&quot;:&quot;0&quot;,&quot;copyright&quot;:&quot;&quot;,&quot;focal_length&quot;:&quot;0&quot;,&quot;iso&quot;:&quot;0&quot;,&quot;shutter_speed&quot;:&quot;0&quot;,&quot;title&quot;:&quot;&quot;,&quot;orientation&quot;:&quot;0&quot;}\" data-image-title=\"Marcheur\" data-image-description=\"\" data-image-caption=\"\" data-large-file=\"https:\/\/i0.wp.com\/bottesetvelo.com\/blog\/wp-content\/uploads\/2016\/05\/wanderer-455338_1920.jpg?fit=1024%2C614&amp;ssl=1\" class=\"alignright wp-image-2610\" src=\"https:\/\/i0.wp.com\/bottesetvelo.com\/blog\/wp-content\/uploads\/2016\/05\/wanderer-455338_1920.jpg?resize=300%2C180&#038;ssl=1\" alt=\"Marcheur\" width=\"300\" height=\"180\" srcset=\"https:\/\/i0.wp.com\/bottesetvelo.com\/blog\/wp-content\/uploads\/2016\/05\/wanderer-455338_1920.jpg?resize=500%2C300&amp;ssl=1 500w, https:\/\/i0.wp.com\/bottesetvelo.com\/blog\/wp-content\/uploads\/2016\/05\/wanderer-455338_1920.jpg?resize=768%2C460&amp;ssl=1 768w, https:\/\/i0.wp.com\/bottesetvelo.com\/blog\/wp-content\/uploads\/2016\/05\/wanderer-455338_1920.jpg?resize=1024%2C614&amp;ssl=1 1024w, https:\/\/i0.wp.com\/bottesetvelo.com\/blog\/wp-content\/uploads\/2016\/05\/wanderer-455338_1920.jpg?w=1920&amp;ssl=1 1920w\" sizes=\"auto, (max-width: 300px) 100vw, 300px\" \/>Le p\u00e8lerin de longue randonn\u00e9e \u00e9prouve un bien-\u00eatre et une aisance \u2013 malgr\u00e9 les difficult\u00e9s, malgr\u00e9 les souffrances \u2013 qui enflamment sa joie et son plaisir de vivre. C\u2019est au c\u0153ur de son d\u00e9placement qu\u2019il \u00e9prouve de l\u2019accomplissement, qu\u2019il se sent vivant. Comme la fl\u00fbte prend vie par le souffle qui la traverse, le p\u00e8lerin s\u2019\u00e9prouve et s\u2019accomplit par le mouvement de la Vie qui souffle en lui. <strong><span style=\"color: #003366;\">Le p\u00e8lerinage provoque \u00e0 vivre l\u00e0 o\u00f9 nous nous \u00e9tions assoupis.<\/span><\/strong> Semblable \u00e0 la main qui secoue le dormeur, le p\u00e8lerinage nous sort de notre torpeur et nous rappelle \u00e0 la vie.<img data-recalc-dims=\"1\" loading=\"lazy\" decoding=\"async\" data-attachment-id=\"14\" data-permalink=\"https:\/\/bottesetvelo.com\/blog\/bottes-et-velo-le-blog\/bottes-et-velo-embleme\/\" data-orig-file=\"https:\/\/i0.wp.com\/bottesetvelo.com\/blog\/wp-content\/uploads\/2014\/01\/Bottes-et-V%C3%A9lo-Embl%C3%AAme-e1454083414631.jpg?fit=100%2C79&amp;ssl=1\" data-orig-size=\"100,79\" data-comments-opened=\"1\" data-image-meta=\"{&quot;aperture&quot;:&quot;0&quot;,&quot;credit&quot;:&quot;&quot;,&quot;camera&quot;:&quot;&quot;,&quot;caption&quot;:&quot;&quot;,&quot;created_timestamp&quot;:&quot;0&quot;,&quot;copyright&quot;:&quot;&quot;,&quot;focal_length&quot;:&quot;0&quot;,&quot;iso&quot;:&quot;0&quot;,&quot;shutter_speed&quot;:&quot;0&quot;,&quot;title&quot;:&quot;&quot;}\" data-image-title=\"Bottes et V\u00e9lo &amp;#8211; Embl\u00eame\" data-image-description=\"\" data-image-caption=\"\" data-large-file=\"https:\/\/i0.wp.com\/bottesetvelo.com\/blog\/wp-content\/uploads\/2014\/01\/Bottes-et-V%C3%A9lo-Embl%C3%AAme-e1454083414631.jpg?fit=100%2C79&amp;ssl=1\" class=\"alignright wp-image-14\" src=\"https:\/\/i0.wp.com\/bottesetvelo.com\/blog\/wp-content\/uploads\/2014\/01\/Bottes-et-V%C3%A9lo-Embl%C3%AAme.jpg?resize=79%2C62&#038;ssl=1\" alt=\"Bottes et V\u00e9lo - Embl\u00eame\" width=\"79\" height=\"62\" \/><\/p>\n<p style=\"text-align: justify;\">\u00c9ric Lalibert\u00e9<\/p>\n","protected":false},"excerpt":{"rendered":"<p>L&rsquo;essentiel n&rsquo;est pas de vivre mais de bien vivre. Platon Tous les jours nous sommes provoqu\u00e9s au changement. Si je bouge la main, l\u2019air se d\u00e9place; si je presse une orange, j\u2019obtiens du jus; si je d\u00e9place mes pieds, j\u2019avance; si j\u2019ouvre les yeux, je vois\u2026 Chaque mouvement provoque un changement\u00a0qui me d\u00e9stabilise, d\u00e9place mes&hellip;<\/p>\n","protected":false},"author":3,"featured_media":0,"comment_status":"open","ping_status":"open","sticky":false,"template":"","format":"standard","meta":{"jetpack_post_was_ever_published":false,"_jetpack_newsletter_access":"","_jetpack_dont_email_post_to_subs":false,"_jetpack_newsletter_tier_id":0,"_jetpack_memberships_contains_paywalled_content":false,"_jetpack_memberships_contains_paid_content":false,"footnotes":"","jetpack_publicize_message":"","jetpack_publicize_feature_enabled":true,"jetpack_social_post_already_shared":true,"jetpack_social_options":{"image_generator_settings":{"template":"highway","default_image_id":0,"font":"","enabled":false},"version":2}},"categories":[50,379,380,166,37],"tags":[275,201,256,225,96,192],"class_list":["post-2607","post","type-post","status-publish","format-standard","hentry","category-art-de-vivre","category-chemin-de-transformation","category-conscientisation","category-demarche-du-pelerin","category-spiritualite-2","tag-art-de-vivre","tag-deplacement","tag-equilibre-de-vie","tag-mouvement","tag-qualite-de-vie","tag-quete-spirituelle"],"jetpack_publicize_connections":[],"jetpack_featured_media_url":"","jetpack_shortlink":"https:\/\/wp.me\/p4eY6z-G3","jetpack_sharing_enabled":true,"jetpack_likes_enabled":true,"jetpack-related-posts":[],"_links":{"self":[{"href":"https:\/\/bottesetvelo.com\/blog\/wp-json\/wp\/v2\/posts\/2607","targetHints":{"allow":["GET"]}}],"collection":[{"href":"https:\/\/bottesetvelo.com\/blog\/wp-json\/wp\/v2\/posts"}],"about":[{"href":"https:\/\/bottesetvelo.com\/blog\/wp-json\/wp\/v2\/types\/post"}],"author":[{"embeddable":true,"href":"https:\/\/bottesetvelo.com\/blog\/wp-json\/wp\/v2\/users\/3"}],"replies":[{"embeddable":true,"href":"https:\/\/bottesetvelo.com\/blog\/wp-json\/wp\/v2\/comments?post=2607"}],"version-history":[{"count":4,"href":"https:\/\/bottesetvelo.com\/blog\/wp-json\/wp\/v2\/posts\/2607\/revisions"}],"predecessor-version":[{"id":2614,"href":"https:\/\/bottesetvelo.com\/blog\/wp-json\/wp\/v2\/posts\/2607\/revisions\/2614"}],"wp:attachment":[{"href":"https:\/\/bottesetvelo.com\/blog\/wp-json\/wp\/v2\/media?parent=2607"}],"wp:term":[{"taxonomy":"category","embeddable":true,"href":"https:\/\/bottesetvelo.com\/blog\/wp-json\/wp\/v2\/categories?post=2607"},{"taxonomy":"post_tag","embeddable":true,"href":"https:\/\/bottesetvelo.com\/blog\/wp-json\/wp\/v2\/tags?post=2607"}],"curies":[{"name":"wp","href":"https:\/\/api.w.org\/{rel}","templated":true}]}}