{"id":2584,"date":"2016-05-08T10:39:24","date_gmt":"2016-05-08T14:39:24","guid":{"rendered":"http:\/\/bottesetvelo.com\/blog\/?p=2584"},"modified":"2016-05-08T10:39:24","modified_gmt":"2016-05-08T14:39:24","slug":"tour-de-lisle-aux-coudres-de-laqc-16e-edition","status":"publish","type":"post","link":"https:\/\/bottesetvelo.com\/blog\/2016\/05\/08\/tour-de-lisle-aux-coudres-de-laqc-16e-edition\/","title":{"rendered":"Tour de l&rsquo;Isle-aux-Coudres de l&rsquo;AQC &#8211; 16e \u00e9dition"},"content":{"rendered":"<h3 style=\"text-align: left;\"><em><span style=\"color: #003366;\">Merci au comit\u00e9 organisateur du Traditionnel Tour de l&rsquo;Isle-aux-Coudres de l&rsquo;Association du Qu\u00e9bec \u00e0 Compostelle de la r\u00e9gion de Qu\u00e9bec!<\/span><\/em><\/h3>\n<p style=\"text-align: justify;\">Bottes et V\u00e9lo \u00e9tait pr\u00e9sent pour cette 16i\u00e8me \u00e9dition du Traditionnel Tour de l&rsquo;Isle-aux-Coudres organis\u00e9 par l&rsquo;Association du Qu\u00e9bec \u00e0 Compostelle de la r\u00e9gion de Qu\u00e9bec. D\u00e9couvrez cette journ\u00e9e rassembleuse qui lance la saison du p\u00e8lerinage au Qu\u00e9bec.<img data-recalc-dims=\"1\" loading=\"lazy\" decoding=\"async\" data-attachment-id=\"14\" data-permalink=\"https:\/\/bottesetvelo.com\/blog\/bottes-et-velo-le-blog\/bottes-et-velo-embleme\/\" data-orig-file=\"https:\/\/i0.wp.com\/bottesetvelo.com\/blog\/wp-content\/uploads\/2014\/01\/Bottes-et-V%C3%A9lo-Embl%C3%AAme-e1454083414631.jpg?fit=100%2C79&amp;ssl=1\" data-orig-size=\"100,79\" data-comments-opened=\"1\" data-image-meta=\"{&quot;aperture&quot;:&quot;0&quot;,&quot;credit&quot;:&quot;&quot;,&quot;camera&quot;:&quot;&quot;,&quot;caption&quot;:&quot;&quot;,&quot;created_timestamp&quot;:&quot;0&quot;,&quot;copyright&quot;:&quot;&quot;,&quot;focal_length&quot;:&quot;0&quot;,&quot;iso&quot;:&quot;0&quot;,&quot;shutter_speed&quot;:&quot;0&quot;,&quot;title&quot;:&quot;&quot;}\" data-image-title=\"Bottes et V\u00e9lo &amp;#8211; Embl\u00eame\" data-image-description=\"\" data-image-caption=\"\" data-large-file=\"https:\/\/i0.wp.com\/bottesetvelo.com\/blog\/wp-content\/uploads\/2014\/01\/Bottes-et-V%C3%A9lo-Embl%C3%AAme-e1454083414631.jpg?fit=100%2C79&amp;ssl=1\" class=\"alignright  wp-image-14\" src=\"https:\/\/i0.wp.com\/bottesetvelo.com\/blog\/wp-content\/uploads\/2014\/01\/Bottes-et-V%C3%A9lo-Embl%C3%AAme.jpg?resize=78%2C61&#038;ssl=1\" alt=\"Bottes et V\u00e9lo - Embl\u00eame\" width=\"78\" height=\"61\" \/><\/p>\n<p>\u00c9ric Lalibert\u00e9 et Brigitte Harouni<\/p>\n<p><span class=\"embed-youtube\" style=\"text-align:center; display: block;\"><iframe loading=\"lazy\" class=\"youtube-player\" width=\"1170\" height=\"659\" src=\"https:\/\/www.youtube.com\/embed\/r_Yrm3F5tSI?version=3&#038;rel=1&#038;showsearch=0&#038;showinfo=1&#038;iv_load_policy=1&#038;fs=1&#038;hl=fr-FR&#038;autohide=2&#038;wmode=transparent\" allowfullscreen=\"true\" style=\"border:0;\" sandbox=\"allow-scripts allow-same-origin allow-popups allow-presentation allow-popups-to-escape-sandbox\"><\/iframe><\/span><\/p>\n","protected":false},"excerpt":{"rendered":"<p>Merci au comit\u00e9 organisateur du Traditionnel Tour de l&rsquo;Isle-aux-Coudres de l&rsquo;Association du Qu\u00e9bec \u00e0 Compostelle de la r\u00e9gion de Qu\u00e9bec! Bottes et V\u00e9lo \u00e9tait pr\u00e9sent pour cette 16i\u00e8me \u00e9dition du Traditionnel Tour de l&rsquo;Isle-aux-Coudres organis\u00e9 par l&rsquo;Association du Qu\u00e9bec \u00e0 Compostelle de la r\u00e9gion de Qu\u00e9bec. D\u00e9couvrez cette journ\u00e9e rassembleuse qui lance la saison du&hellip;<\/p>\n","protected":false},"author":3,"featured_media":0,"comment_status":"open","ping_status":"open","sticky":false,"template":"","format":"standard","meta":{"jetpack_post_was_ever_published":false,"_jetpack_newsletter_access":"","_jetpack_dont_email_post_to_subs":false,"_jetpack_newsletter_tier_id":0,"_jetpack_memberships_contains_paywalled_content":false,"_jetpack_memberships_contains_paid_content":false,"footnotes":"","jetpack_publicize_message":"","jetpack_publicize_feature_enabled":true,"jetpack_social_post_already_shared":true,"jetpack_social_options":{"image_generator_settings":{"template":"highway","default_image_id":0,"font":"","enabled":false},"version":2}},"categories":[56,79],"tags":[62,396,61,13,207],"class_list":["post-2584","post","type-post","status-publish","format-standard","hentry","category-activites","category-youtube","tag-association-du-quebec-a-compostelle","tag-charlevoix","tag-isle-aux-coudres","tag-pelerinage","tag-tour-de-lisle-aux-coudres"],"jetpack_publicize_connections":[],"jetpack_featured_media_url":"","jetpack_shortlink":"https:\/\/wp.me\/p4eY6z-FG","jetpack_sharing_enabled":true,"jetpack_likes_enabled":true,"jetpack-related-posts":[],"_links":{"self":[{"href":"https:\/\/bottesetvelo.com\/blog\/wp-json\/wp\/v2\/posts\/2584","targetHints":{"allow":["GET"]}}],"collection":[{"href":"https:\/\/bottesetvelo.com\/blog\/wp-json\/wp\/v2\/posts"}],"about":[{"href":"https:\/\/bottesetvelo.com\/blog\/wp-json\/wp\/v2\/types\/post"}],"author":[{"embeddable":true,"href":"https:\/\/bottesetvelo.com\/blog\/wp-json\/wp\/v2\/users\/3"}],"replies":[{"embeddable":true,"href":"https:\/\/bottesetvelo.com\/blog\/wp-json\/wp\/v2\/comments?post=2584"}],"version-history":[{"count":1,"href":"https:\/\/bottesetvelo.com\/blog\/wp-json\/wp\/v2\/posts\/2584\/revisions"}],"predecessor-version":[{"id":2585,"href":"https:\/\/bottesetvelo.com\/blog\/wp-json\/wp\/v2\/posts\/2584\/revisions\/2585"}],"wp:attachment":[{"href":"https:\/\/bottesetvelo.com\/blog\/wp-json\/wp\/v2\/media?parent=2584"}],"wp:term":[{"taxonomy":"category","embeddable":true,"href":"https:\/\/bottesetvelo.com\/blog\/wp-json\/wp\/v2\/categories?post=2584"},{"taxonomy":"post_tag","embeddable":true,"href":"https:\/\/bottesetvelo.com\/blog\/wp-json\/wp\/v2\/tags?post=2584"}],"curies":[{"name":"wp","href":"https:\/\/api.w.org\/{rel}","templated":true}]}}