{"id":2577,"date":"2016-05-06T17:10:05","date_gmt":"2016-05-06T21:10:05","guid":{"rendered":"http:\/\/bottesetvelo.com\/blog\/?p=2577"},"modified":"2016-05-06T17:10:05","modified_gmt":"2016-05-06T21:10:05","slug":"la-boussole-du-pelerin","status":"publish","type":"post","link":"https:\/\/bottesetvelo.com\/blog\/2016\/05\/06\/la-boussole-du-pelerin\/","title":{"rendered":"La boussole du p\u00e8lerin"},"content":{"rendered":"<h6 style=\"text-align: right;\"><em>\u00ab\u00a0Je n\u2019ai pas choisi<\/em><br \/>\n<em>C\u2019est ni le besoin, ni l\u2019envie<\/em><br \/>\n<em>J\u2019ai cette force au fond de moi<\/em><br \/>\n<em>Qui me porte vers toi.\u00a0\u00bb<\/em><br \/>\n<em>Michel Sardou<\/em><\/h6>\n<h5 style=\"text-align: justify;\"><span style=\"color: #003366;\">Ces paroles sont tir\u00e9es d\u2019une chanson de Michel Sardou. Elle s\u2019intitule Loin. Loin en temps? Loin en distance? Peu importe. C\u2019est ce vers quoi il tend, il se sent appel\u00e9. C\u2019est une pulsion int\u00e9rieure, une attraction qui le d\u00e9passe. Comme l\u2019aiguille de la boussole qui pointe vers le nord. Comme le saumon qui remonte la rivi\u00e8re pour aller frayer. Comme la petite tortue \u00e0 peine sortie de l\u2019\u0153uf qui se dirige courageusement vers la mer ou l\u2019oisillon qui se lance du haut du nid pour d\u00e9ployer pour la toute premi\u00e8re fois ses ailes. Cette chanson parle de cet \u00e9lan int\u00e9rieur qui nous habite et nous aiguille sur notre route de vie. Elle nous dirige immanquablement vers ce qui nous fait vibrer, vers ce qui donne bon go\u00fbt \u00e0 notre vie.<\/span><\/h5>\n<p style=\"text-align: justify;\"><img data-recalc-dims=\"1\" loading=\"lazy\" decoding=\"async\" data-attachment-id=\"2579\" data-permalink=\"https:\/\/bottesetvelo.com\/blog\/2016\/05\/06\/la-boussole-du-pelerin\/hiking-1312226_1920\/\" data-orig-file=\"https:\/\/i0.wp.com\/bottesetvelo.com\/blog\/wp-content\/uploads\/2016\/05\/hiking-1312226_1920.jpg?fit=1920%2C1280&amp;ssl=1\" data-orig-size=\"1920,1280\" data-comments-opened=\"1\" data-image-meta=\"{&quot;aperture&quot;:&quot;0&quot;,&quot;credit&quot;:&quot;&quot;,&quot;camera&quot;:&quot;&quot;,&quot;caption&quot;:&quot;&quot;,&quot;created_timestamp&quot;:&quot;0&quot;,&quot;copyright&quot;:&quot;&quot;,&quot;focal_length&quot;:&quot;0&quot;,&quot;iso&quot;:&quot;0&quot;,&quot;shutter_speed&quot;:&quot;0&quot;,&quot;title&quot;:&quot;&quot;,&quot;orientation&quot;:&quot;0&quot;}\" data-image-title=\"la boussole\" data-image-description=\"\" data-image-caption=\"\" data-large-file=\"https:\/\/i0.wp.com\/bottesetvelo.com\/blog\/wp-content\/uploads\/2016\/05\/hiking-1312226_1920.jpg?fit=1024%2C683&amp;ssl=1\" class=\"alignright wp-image-2579\" src=\"https:\/\/i0.wp.com\/bottesetvelo.com\/blog\/wp-content\/uploads\/2016\/05\/hiking-1312226_1920.jpg?resize=300%2C200&#038;ssl=1\" alt=\"la boussole\" width=\"300\" height=\"200\" srcset=\"https:\/\/i0.wp.com\/bottesetvelo.com\/blog\/wp-content\/uploads\/2016\/05\/hiking-1312226_1920.jpg?resize=500%2C333&amp;ssl=1 500w, https:\/\/i0.wp.com\/bottesetvelo.com\/blog\/wp-content\/uploads\/2016\/05\/hiking-1312226_1920.jpg?resize=768%2C512&amp;ssl=1 768w, https:\/\/i0.wp.com\/bottesetvelo.com\/blog\/wp-content\/uploads\/2016\/05\/hiking-1312226_1920.jpg?resize=1024%2C683&amp;ssl=1 1024w, https:\/\/i0.wp.com\/bottesetvelo.com\/blog\/wp-content\/uploads\/2016\/05\/hiking-1312226_1920.jpg?w=1920&amp;ssl=1 1920w\" sizes=\"auto, (max-width: 300px) 100vw, 300px\" \/>Pour certains, c\u2019est la musique. Pour d\u2019autres, le jardinage, la moto, le v\u00e9lo, la danse, la photo. Pour le p\u00e8lerin, c\u2019est l\u2019appel du sanctuaire. Ce point d\u2019arriv\u00e9e, cette finalit\u00e9 qu\u2019il s\u2019est fix\u00e9e sans savoir pourquoi il s\u2019y rend et qui pourtant l\u2019attire et l\u2019incite \u00e0 avancer. Il s\u2019y rend \u00e0 pied. Ses parents et amis ne comprennent pas sa d\u00e9marche. Pourquoi partir si longtemps? Pourquoi se donner tant de mis\u00e8re? Pourquoi marcher tous ces kilom\u00e8tres? Mais pour le p\u00e8lerin, il y a cette voix int\u00e9rieure qui lui dit que c\u2019est sa route; que ce p\u00e8lerinage, cette longue marche, il doit la vivre car elle est un pas de plus vers <strong><span style=\"color: #003366;\">cet avenir qu\u2019il d\u00e9sire concr\u00e9tiser mais qu\u2019il n\u2019a pas encore d\u00e9fini<\/span><\/strong>. Tout comme le p\u00e8lerin qui trouvera sa r\u00e9ponse en allant vers le sanctuaire, cet \u00e9difice religieux, le p\u00e8lerin de vie d\u00e9couvrira le sien \u00e0 travers sa passion.<\/p>\n<p style=\"text-align: justify;\">Nous avons tous un jour dit\u00a0: \u00ab\u00a0Je ne sais pas pourquoi j\u2019aime \u00e7a, mais j\u2019aime \u00e7a. \u00c7a me fait du bien; \u00c7a me d\u00e9foule; Ou encore\u00a0: \u00c7a me d\u00e9tend\u2026\u00a0\u00bb. C\u2019est \u00e0 ce \u00ab\u00a0je ne sais pas pourquoi\u00a0\u00bb qu\u2019il faut s\u2019attarder.\u00a0 Sans le comprendre, il faut <strong><span style=\"color: #003366;\">savoir le ressentir, l\u2019identifier et l\u2019\u00e9couter<\/span><\/strong>. Comme le p\u00e8lerin qui chaque jour fait un pas de plus, pour se rapprocher de son sanctuaire, le p\u00e8lerin de vie qui \u00e9coute son \u00e9lan int\u00e9rieur pose quotidiennement des actions qui le rapprocheront de son sanctuaire de vie; cet espace dans lequel il s\u2019\u00e9panouit et se r\u00e9alise, cet espace qui donne un sens \u00e0 sa vie. <img data-recalc-dims=\"1\" loading=\"lazy\" decoding=\"async\" data-attachment-id=\"2580\" data-permalink=\"https:\/\/bottesetvelo.com\/blog\/2016\/05\/06\/la-boussole-du-pelerin\/img_7999-2\/\" data-orig-file=\"https:\/\/i0.wp.com\/bottesetvelo.com\/blog\/wp-content\/uploads\/2016\/05\/IMG_7999.jpg?fit=3191%2C2120&amp;ssl=1\" data-orig-size=\"3191,2120\" data-comments-opened=\"1\" data-image-meta=\"{&quot;aperture&quot;:&quot;9&quot;,&quot;credit&quot;:&quot;&quot;,&quot;camera&quot;:&quot;Canon PowerShot SD890 IS&quot;,&quot;caption&quot;:&quot;&quot;,&quot;created_timestamp&quot;:&quot;1437141731&quot;,&quot;copyright&quot;:&quot;&quot;,&quot;focal_length&quot;:&quot;6.6&quot;,&quot;iso&quot;:&quot;80&quot;,&quot;shutter_speed&quot;:&quot;0.005&quot;,&quot;title&quot;:&quot;&quot;,&quot;orientation&quot;:&quot;1&quot;}\" data-image-title=\"La Voie du St-Laurent\" data-image-description=\"\" data-image-caption=\"\" data-large-file=\"https:\/\/i0.wp.com\/bottesetvelo.com\/blog\/wp-content\/uploads\/2016\/05\/IMG_7999.jpg?fit=1024%2C680&amp;ssl=1\" class=\"wp-image-2580 alignleft\" src=\"https:\/\/i0.wp.com\/bottesetvelo.com\/blog\/wp-content\/uploads\/2016\/05\/IMG_7999.jpg?resize=300%2C199&#038;ssl=1\" alt=\"La Voie du St-Laurent\" width=\"300\" height=\"199\" srcset=\"https:\/\/i0.wp.com\/bottesetvelo.com\/blog\/wp-content\/uploads\/2016\/05\/IMG_7999.jpg?resize=500%2C332&amp;ssl=1 500w, https:\/\/i0.wp.com\/bottesetvelo.com\/blog\/wp-content\/uploads\/2016\/05\/IMG_7999.jpg?resize=768%2C510&amp;ssl=1 768w, https:\/\/i0.wp.com\/bottesetvelo.com\/blog\/wp-content\/uploads\/2016\/05\/IMG_7999.jpg?resize=1024%2C680&amp;ssl=1 1024w, https:\/\/i0.wp.com\/bottesetvelo.com\/blog\/wp-content\/uploads\/2016\/05\/IMG_7999.jpg?w=2340&amp;ssl=1 2340w\" sizes=\"auto, (max-width: 300px) 100vw, 300px\" \/>Comme le sanctuaire du p\u00e8lerin, le sanctuaire de vie que nous ch\u00e9rissons est loin. Il faudra du temps, de la confiance et de la pers\u00e9v\u00e9rance pour l\u2019atteindre.<\/p>\n<p style=\"text-align: justify;\">Plusieurs personnalit\u00e9s connues et admir\u00e9es ne sont g\u00e9n\u00e9ralement pas des \u00eatres d\u2019exception. Ce sont bien souvent des personnes comme vous et moi qui sont all\u00e9es au bout de leurs r\u00eaves, qui ont fait <strong><span style=\"color: #003366;\">preuve de conviction, de d\u00e9termination et de foi<\/span><\/strong>. Il n\u2019est pas question de talent, ni de r\u00e9alisation extraordinaire et in\u00e9dite. Il est question de suivre pleinement la voie\/voix qui nous appelle et qui fait \u00e9cho en nous. Ne perdez pas le nord, \u2026 vous pourriez vous perdre! Consultez votre boussole int\u00e9rieure, elle sait o\u00f9 aller!<img data-recalc-dims=\"1\" loading=\"lazy\" decoding=\"async\" data-attachment-id=\"14\" data-permalink=\"https:\/\/bottesetvelo.com\/blog\/bottes-et-velo-le-blog\/bottes-et-velo-embleme\/\" data-orig-file=\"https:\/\/i0.wp.com\/bottesetvelo.com\/blog\/wp-content\/uploads\/2014\/01\/Bottes-et-V%C3%A9lo-Embl%C3%AAme-e1454083414631.jpg?fit=100%2C79&amp;ssl=1\" data-orig-size=\"100,79\" data-comments-opened=\"1\" data-image-meta=\"{&quot;aperture&quot;:&quot;0&quot;,&quot;credit&quot;:&quot;&quot;,&quot;camera&quot;:&quot;&quot;,&quot;caption&quot;:&quot;&quot;,&quot;created_timestamp&quot;:&quot;0&quot;,&quot;copyright&quot;:&quot;&quot;,&quot;focal_length&quot;:&quot;0&quot;,&quot;iso&quot;:&quot;0&quot;,&quot;shutter_speed&quot;:&quot;0&quot;,&quot;title&quot;:&quot;&quot;}\" data-image-title=\"Bottes et V\u00e9lo &amp;#8211; Embl\u00eame\" data-image-description=\"\" data-image-caption=\"\" data-large-file=\"https:\/\/i0.wp.com\/bottesetvelo.com\/blog\/wp-content\/uploads\/2014\/01\/Bottes-et-V%C3%A9lo-Embl%C3%AAme-e1454083414631.jpg?fit=100%2C79&amp;ssl=1\" class=\"alignright wp-image-14\" src=\"https:\/\/i0.wp.com\/bottesetvelo.com\/blog\/wp-content\/uploads\/2014\/01\/Bottes-et-V%C3%A9lo-Embl%C3%AAme.jpg?resize=72%2C57&#038;ssl=1\" alt=\"Bottes et V\u00e9lo - Embl\u00eame\" width=\"72\" height=\"57\" \/><\/p>\n<p>Brigitte Harouni<\/p>\n","protected":false},"excerpt":{"rendered":"<p>\u00ab\u00a0Je n\u2019ai pas choisi C\u2019est ni le besoin, ni l\u2019envie J\u2019ai cette force au fond de moi Qui me porte vers toi.\u00a0\u00bb Michel Sardou Ces paroles sont tir\u00e9es d\u2019une chanson de Michel Sardou. Elle s\u2019intitule Loin. Loin en temps? Loin en distance? Peu importe. C\u2019est ce vers quoi il tend, il se sent appel\u00e9. C\u2019est&hellip;<\/p>\n","protected":false},"author":2,"featured_media":0,"comment_status":"open","ping_status":"open","sticky":false,"template":"","format":"standard","meta":{"jetpack_post_was_ever_published":false,"_jetpack_newsletter_access":"","_jetpack_dont_email_post_to_subs":false,"_jetpack_newsletter_tier_id":0,"_jetpack_memberships_contains_paywalled_content":false,"_jetpack_memberships_contains_paid_content":false,"footnotes":"","jetpack_publicize_message":"","jetpack_publicize_feature_enabled":true,"jetpack_social_post_already_shared":true,"jetpack_social_options":{"image_generator_settings":{"template":"highway","default_image_id":0,"font":"","enabled":false},"version":2}},"categories":[50,379,380,166,3,37,1],"tags":[275,103,109,168,43,273,96,192,295],"class_list":["post-2577","post","type-post","status-publish","format-standard","hentry","category-art-de-vivre","category-chemin-de-transformation","category-conscientisation","category-demarche-du-pelerin","category-reflexions","category-spiritualite-2","category-uncategorized","tag-art-de-vivre","tag-bien-etre","tag-bonheur","tag-demarche-du-pelerin","tag-faire-confiance-a-la-vie","tag-gouter-la-vie","tag-qualite-de-vie","tag-quete-spirituelle","tag-sanctuaire"],"jetpack_publicize_connections":[],"jetpack_featured_media_url":"","jetpack_shortlink":"https:\/\/wp.me\/p4eY6z-Fz","jetpack_sharing_enabled":true,"jetpack_likes_enabled":true,"jetpack-related-posts":[],"_links":{"self":[{"href":"https:\/\/bottesetvelo.com\/blog\/wp-json\/wp\/v2\/posts\/2577","targetHints":{"allow":["GET"]}}],"collection":[{"href":"https:\/\/bottesetvelo.com\/blog\/wp-json\/wp\/v2\/posts"}],"about":[{"href":"https:\/\/bottesetvelo.com\/blog\/wp-json\/wp\/v2\/types\/post"}],"author":[{"embeddable":true,"href":"https:\/\/bottesetvelo.com\/blog\/wp-json\/wp\/v2\/users\/2"}],"replies":[{"embeddable":true,"href":"https:\/\/bottesetvelo.com\/blog\/wp-json\/wp\/v2\/comments?post=2577"}],"version-history":[{"count":4,"href":"https:\/\/bottesetvelo.com\/blog\/wp-json\/wp\/v2\/posts\/2577\/revisions"}],"predecessor-version":[{"id":2583,"href":"https:\/\/bottesetvelo.com\/blog\/wp-json\/wp\/v2\/posts\/2577\/revisions\/2583"}],"wp:attachment":[{"href":"https:\/\/bottesetvelo.com\/blog\/wp-json\/wp\/v2\/media?parent=2577"}],"wp:term":[{"taxonomy":"category","embeddable":true,"href":"https:\/\/bottesetvelo.com\/blog\/wp-json\/wp\/v2\/categories?post=2577"},{"taxonomy":"post_tag","embeddable":true,"href":"https:\/\/bottesetvelo.com\/blog\/wp-json\/wp\/v2\/tags?post=2577"}],"curies":[{"name":"wp","href":"https:\/\/api.w.org\/{rel}","templated":true}]}}