{"id":2568,"date":"2016-04-29T17:41:19","date_gmt":"2016-04-29T21:41:19","guid":{"rendered":"http:\/\/bottesetvelo.com\/blog\/?p=2568"},"modified":"2016-04-29T17:41:19","modified_gmt":"2016-04-29T21:41:19","slug":"le-chemin-une-experience-qui-traverse-le-pelerin","status":"publish","type":"post","link":"https:\/\/bottesetvelo.com\/blog\/2016\/04\/29\/le-chemin-une-experience-qui-traverse-le-pelerin\/","title":{"rendered":"Le chemin: une exp\u00e9rience qui traverse le p\u00e8lerin"},"content":{"rendered":"<h6 style=\"text-align: right;\"><em>Le v\u00e9ritable voyage de d\u00e9couverte<\/em><br \/>\n<em>ne consiste pas \u00e0 chercher de nouveaux paysages,<\/em><br \/>\n<em>mais \u00e0 avoir de nouveaux yeux.<\/em><br \/>\n<em>Marcel Proust<\/em><\/h6>\n<h5 style=\"text-align: justify;\"><span style=\"color: #003366;\">Qu\u2019est-ce qui fait que le p\u00e8lerinage est si populaire aujourd\u2019hui? Que pouvons-nous bien trouver \u00e0 cette activit\u00e9? Partir avec son sac \u00e0 dos et marcher pendant des jours et des jours. Traverser monts et vall\u00e9es, s&rsquo;\u00e9chiner sur mille et un sentiers, qui aurait cru que j\u2019aurais pu aimer cela? Moi qui ne pratiquais aucun sport et passais le plus clair de mon temps le nez dans les livres&#8230; \u00e0 r\u00eaver de voyager.<\/span><\/h5>\n<p style=\"text-align: justify;\"><img data-recalc-dims=\"1\" loading=\"lazy\" decoding=\"async\" data-attachment-id=\"2569\" data-permalink=\"https:\/\/bottesetvelo.com\/blog\/2016\/04\/29\/le-chemin-une-experience-qui-traverse-le-pelerin\/bridge-918677_1920\/\" data-orig-file=\"https:\/\/i0.wp.com\/bottesetvelo.com\/blog\/wp-content\/uploads\/2016\/04\/bridge-918677_1920.jpg?fit=1920%2C1276&amp;ssl=1\" data-orig-size=\"1920,1276\" data-comments-opened=\"1\" data-image-meta=\"{&quot;aperture&quot;:&quot;0&quot;,&quot;credit&quot;:&quot;&quot;,&quot;camera&quot;:&quot;&quot;,&quot;caption&quot;:&quot;&quot;,&quot;created_timestamp&quot;:&quot;0&quot;,&quot;copyright&quot;:&quot;&quot;,&quot;focal_length&quot;:&quot;0&quot;,&quot;iso&quot;:&quot;0&quot;,&quot;shutter_speed&quot;:&quot;0&quot;,&quot;title&quot;:&quot;&quot;,&quot;orientation&quot;:&quot;0&quot;}\" data-image-title=\"trottoir de bois\" data-image-description=\"\" data-image-caption=\"\" data-large-file=\"https:\/\/i0.wp.com\/bottesetvelo.com\/blog\/wp-content\/uploads\/2016\/04\/bridge-918677_1920.jpg?fit=1024%2C681&amp;ssl=1\" class=\"alignright  wp-image-2569\" src=\"https:\/\/i0.wp.com\/bottesetvelo.com\/blog\/wp-content\/uploads\/2016\/04\/bridge-918677_1920.jpg?resize=300%2C199&#038;ssl=1\" alt=\"trottoir de bois\" width=\"300\" height=\"199\" srcset=\"https:\/\/i0.wp.com\/bottesetvelo.com\/blog\/wp-content\/uploads\/2016\/04\/bridge-918677_1920.jpg?resize=500%2C332&amp;ssl=1 500w, https:\/\/i0.wp.com\/bottesetvelo.com\/blog\/wp-content\/uploads\/2016\/04\/bridge-918677_1920.jpg?resize=768%2C510&amp;ssl=1 768w, https:\/\/i0.wp.com\/bottesetvelo.com\/blog\/wp-content\/uploads\/2016\/04\/bridge-918677_1920.jpg?resize=1024%2C681&amp;ssl=1 1024w, https:\/\/i0.wp.com\/bottesetvelo.com\/blog\/wp-content\/uploads\/2016\/04\/bridge-918677_1920.jpg?w=1920&amp;ssl=1 1920w\" sizes=\"auto, (max-width: 300px) 100vw, 300px\" \/>D\u2019aussi loin que je me souvienne, me lancer sur les grands chemins a toujours \u00e9t\u00e9 pour moi comme un appel, un d\u00e9sir profond. Mais bien au-del\u00e0 du sac \u00e0 dos et d\u2019un go\u00fbt d\u00e9mesur\u00e9 pour le voyage, il y avait quelque chose qui m\u2019appelait au plaisir de la d\u00e9couverte\u00a0: l\u2019inconnu de la route, l\u2019\u00e9merveillement face au monde, le plaisir des rencontres, la simplicit\u00e9 des gestes\u2026 Tout cela faisait partie de l\u2019exp\u00e9rience, de l&rsquo;attirance qui suscitait cet \u00e9lan en moi. Tout \u00e9tait dans le mouvement finalement.<\/p>\n<p style=\"text-align: justify;\">La fronti\u00e8re est mince entre voyage et p\u00e8lerinage. Le voyage devient p\u00e8lerinage d\u00e8s l\u2019instant o\u00f9 notre route nous questionne, nous interpelle. En p\u00e8lerinage, le chemin va bien au-del\u00e0 de ce qui porte mes pas. Le chemin est une exp\u00e9rience qui nous traverse, une exp\u00e9rience qui nous renverse, une exp\u00e9rience qui nous d\u00e9place et nous oblige \u00e0 garder l\u2019\u0153il vif, l\u2019oreille alerte; l\u2019esprit et le c\u0153ur ouvert. Tous nos sens sont en \u00e9veils. On se sent vivant! Et il y a une joie profonde dans ce ressenti, \u00e0 go\u00fbter ainsi la vie.<\/p>\n<p style=\"text-align: justify;\"><img data-recalc-dims=\"1\" loading=\"lazy\" decoding=\"async\" data-attachment-id=\"2570\" data-permalink=\"https:\/\/bottesetvelo.com\/blog\/2016\/04\/29\/le-chemin-une-experience-qui-traverse-le-pelerin\/barefoot-1149848_1920\/\" data-orig-file=\"https:\/\/i0.wp.com\/bottesetvelo.com\/blog\/wp-content\/uploads\/2016\/04\/barefoot-1149848_1920.jpg?fit=1920%2C1281&amp;ssl=1\" data-orig-size=\"1920,1281\" data-comments-opened=\"1\" data-image-meta=\"{&quot;aperture&quot;:&quot;0&quot;,&quot;credit&quot;:&quot;&quot;,&quot;camera&quot;:&quot;&quot;,&quot;caption&quot;:&quot;&quot;,&quot;created_timestamp&quot;:&quot;0&quot;,&quot;copyright&quot;:&quot;&quot;,&quot;focal_length&quot;:&quot;0&quot;,&quot;iso&quot;:&quot;0&quot;,&quot;shutter_speed&quot;:&quot;0&quot;,&quot;title&quot;:&quot;&quot;,&quot;orientation&quot;:&quot;0&quot;}\" data-image-title=\"marcher pieds nus\" data-image-description=\"\" data-image-caption=\"\" data-large-file=\"https:\/\/i0.wp.com\/bottesetvelo.com\/blog\/wp-content\/uploads\/2016\/04\/barefoot-1149848_1920.jpg?fit=1024%2C683&amp;ssl=1\" class=\"wp-image-2570 alignleft\" src=\"https:\/\/i0.wp.com\/bottesetvelo.com\/blog\/wp-content\/uploads\/2016\/04\/barefoot-1149848_1920.jpg?resize=300%2C200&#038;ssl=1\" alt=\"marcher pieds nus\" width=\"300\" height=\"200\" srcset=\"https:\/\/i0.wp.com\/bottesetvelo.com\/blog\/wp-content\/uploads\/2016\/04\/barefoot-1149848_1920.jpg?resize=500%2C334&amp;ssl=1 500w, https:\/\/i0.wp.com\/bottesetvelo.com\/blog\/wp-content\/uploads\/2016\/04\/barefoot-1149848_1920.jpg?resize=768%2C512&amp;ssl=1 768w, https:\/\/i0.wp.com\/bottesetvelo.com\/blog\/wp-content\/uploads\/2016\/04\/barefoot-1149848_1920.jpg?resize=1024%2C683&amp;ssl=1 1024w, https:\/\/i0.wp.com\/bottesetvelo.com\/blog\/wp-content\/uploads\/2016\/04\/barefoot-1149848_1920.jpg?w=1920&amp;ssl=1 1920w\" sizes=\"auto, (max-width: 300px) 100vw, 300px\" \/>La joie d\u2019\u00eatre p\u00e8lerin\u2026 <span style=\"color: #003366;\"><strong>Loin de m\u2019\u00e9tonner, cette joie m\u2019est apparue comme une v\u00e9rit\u00e9 du p\u00e8lerinage.<\/strong> <\/span>De cette exp\u00e9rience qui me traverse, elle est sans aucun doute l\u2019interpellation la plus frappante\u00a0: le p\u00e8lerin est heureux! Peu importe ce qui l\u2019a mis en route\u00a0: son malaise, sa d\u00e9tresse, le deuil, la souffrance qu\u2019il porte; sur le chemin, le p\u00e8lerin se red\u00e9couvre une joie de vivre en toute simplicit\u00e9. Et cette joie qui lui revient grandit, simplement en marchant.<\/p>\n<p style=\"text-align: justify;\">En prenant la route, le p\u00e8lerin a quitt\u00e9 sa demeure, ses craintes, ses illusions. Il s\u2019est lib\u00e9r\u00e9 de ce qu\u2019il poss\u00e8de, ou de ce qui le poss\u00e9dait. Et, oh surprise! Cela lui fait du bien. La joie ressentie lui fait transcender les difficult\u00e9s de sa vie. Il voit la vie sous un autre angle. Le monde n\u2019a pas chang\u00e9, seul son regard est transform\u00e9. Et cette joie s\u2019empare de lui, une joie saine qui n\u2019a rien \u00e0 voir avec la culture du \u00ab\u00a0fun\u00a0\u00bb d\u2019aujourd\u2019hui; une joie qui m\u00e8ne ailleurs que dans une fuite extatique. En elle r\u00e9appara\u00eet chez le p\u00e8lerin contemporain, ce que Nietzsche reprochait aux chr\u00e9tiens d\u2019avoir perdu. Le p\u00e8lerin affranchit des brimades et r\u00e9primandes du religieux d\u2019une certaine \u00e9poque, d\u2019une \u00e9glise aust\u00e8re et sans joie, peut red\u00e9couvrir la joie de vivre qui est \u00e0 la base du christianisme. Une joie simple qui fait vibrer le p\u00e8lerin dans tout son \u00eatre et en laquelle, il se sent appel\u00e9 \u00e0 offrir le meilleur de lui-m\u00eame. Cette joie le lib\u00e8re et le met en mouvement \u00e0 tous les niveaux de sa vie\u00a0: physique, psychique et spirituel. Dans son corps, c\u2019est une vitalit\u00e9 renouvel\u00e9e qu\u2019il exp\u00e9rimente. Dans sa t\u00eate, l\u2019oxyg\u00e9nation du corps en action suscite un meilleur \u00e9tat d\u2019esprit. Spirituellement, tout ce ressenti donne du go\u00fbt \u00e0 sa vie. Sa vie prend du sens \u00e0 travers ce qu\u2019il \u00e9prouve en p\u00e8lerinage.<\/p>\n<p style=\"text-align: justify;\"><img data-recalc-dims=\"1\" loading=\"lazy\" decoding=\"async\" data-attachment-id=\"2571\" data-permalink=\"https:\/\/bottesetvelo.com\/blog\/2016\/04\/29\/le-chemin-une-experience-qui-traverse-le-pelerin\/man-731900_1920\/\" data-orig-file=\"https:\/\/i0.wp.com\/bottesetvelo.com\/blog\/wp-content\/uploads\/2016\/04\/man-731900_1920.jpg?fit=1920%2C1238&amp;ssl=1\" data-orig-size=\"1920,1238\" data-comments-opened=\"1\" data-image-meta=\"{&quot;aperture&quot;:&quot;0&quot;,&quot;credit&quot;:&quot;&quot;,&quot;camera&quot;:&quot;&quot;,&quot;caption&quot;:&quot;&quot;,&quot;created_timestamp&quot;:&quot;0&quot;,&quot;copyright&quot;:&quot;&quot;,&quot;focal_length&quot;:&quot;0&quot;,&quot;iso&quot;:&quot;0&quot;,&quot;shutter_speed&quot;:&quot;0&quot;,&quot;title&quot;:&quot;&quot;,&quot;orientation&quot;:&quot;0&quot;}\" data-image-title=\"joie marcher\" data-image-description=\"\" data-image-caption=\"\" data-large-file=\"https:\/\/i0.wp.com\/bottesetvelo.com\/blog\/wp-content\/uploads\/2016\/04\/man-731900_1920.jpg?fit=1024%2C660&amp;ssl=1\" class=\"alignright  wp-image-2571\" src=\"https:\/\/i0.wp.com\/bottesetvelo.com\/blog\/wp-content\/uploads\/2016\/04\/man-731900_1920.jpg?resize=300%2C193&#038;ssl=1\" alt=\"joie marcher\" width=\"300\" height=\"193\" srcset=\"https:\/\/i0.wp.com\/bottesetvelo.com\/blog\/wp-content\/uploads\/2016\/04\/man-731900_1920.jpg?resize=500%2C322&amp;ssl=1 500w, https:\/\/i0.wp.com\/bottesetvelo.com\/blog\/wp-content\/uploads\/2016\/04\/man-731900_1920.jpg?resize=768%2C495&amp;ssl=1 768w, https:\/\/i0.wp.com\/bottesetvelo.com\/blog\/wp-content\/uploads\/2016\/04\/man-731900_1920.jpg?resize=1024%2C660&amp;ssl=1 1024w, https:\/\/i0.wp.com\/bottesetvelo.com\/blog\/wp-content\/uploads\/2016\/04\/man-731900_1920.jpg?w=1920&amp;ssl=1 1920w\" sizes=\"auto, (max-width: 300px) 100vw, 300px\" \/>Vous tous, qui avez exp\u00e9riment\u00e9 le p\u00e8lerinage, \u00eates capable de reconna\u00eetre la v\u00e9rit\u00e9 de cette joie \u00e0 \u00eatre en marche. Nous l\u2019avons tous \u00e9prouv\u00e9. Malgr\u00e9 les courbatures, les ampoules et les coups de soleil, nous avons tous pris plaisir \u00e0 cette longue randonn\u00e9e. Toutefois, nous sommes tous revenus avec la m\u00eame difficult\u00e9. Comment faire le transfert dans mon quotidien? D\u2019o\u00f9 me venait cette joie? Qu\u2019est-ce qui la v\u00e9hiculait? Comment faire pour que ce bien-\u00eatre persiste?<\/p>\n<p style=\"text-align: justify;\">Apr\u00e8s y avoir r\u00e9fl\u00e9chi, et m\u2019\u00eatre observ\u00e9 sur la route, trois choses m\u2019apparaissent \u00e0 la source de cette joie. (Nos amis fran\u00e7ais en seront bien heureux.) En p\u00e8lerinage, le p\u00e8lerin habite un contexte qui suscite un \u00e9tat d\u2019esprit lui permettant d\u2019exp\u00e9rimenter ce qui lui manque le plus dans sa vie de tous les jours\u00a0: <strong><span style=\"color: #003366;\">libert\u00e9, fraternit\u00e9 et \u00e9galit\u00e9.<\/span><\/strong><\/p>\n<p style=\"text-align: justify;\"><span style=\"color: #003366;\"><strong>Le p\u00e8lerin apprivoise sa libert\u00e9.<\/strong> <\/span>Lentement, il s\u2019autorise une libert\u00e9 qu\u2019il ne se connaissait pas. \u00c0 travers elle, il se donne le droit d\u2019\u00eatre lui-m\u00eame, de vivre en coh\u00e9rence avec ce qui l\u2019habite. Il s\u2019affranchit d\u2019un cadre de vie qui \u00e9touffait la vie en lui.<\/p>\n<p style=\"text-align: justify;\">Sur le chemin, en route vers le sanctuaire, <span style=\"color: #003366;\"><strong>le p\u00e8lerin exp\u00e9rimente la fraternit\u00e9.<\/strong><\/span> Une fraternit\u00e9 qu\u2019il ne rencontre plus que tr\u00e8s rarement, m\u00eame au sein de sa propre famille. Au fil de ses pas, il construit un lien de confiance avec l\u2019humanit\u00e9. Il d\u00e9couvre qu\u2019il pourra toujours compter sur une pr\u00e9sence aidante, un accueil chaleureux.<\/p>\n<p style=\"text-align: justify;\">Enfin, <span style=\"color: #003366;\"><strong>le p\u00e8lerin apprend \u00e0 vivre sans discrimination<\/strong>.<\/span> Il n\u2019y a plus ni m\u00e9canicien, ni enseignante, ni m\u00e9decin. Les races et les cultures se m\u00e9langent. Il vit des relations humaines sans jugement, sans hi\u00e9rarchie, d\u2019\u00e9gal \u00e0 \u00e9gal.<\/p>\n<p style=\"text-align: justify;\"><img data-recalc-dims=\"1\" loading=\"lazy\" decoding=\"async\" data-attachment-id=\"2572\" data-permalink=\"https:\/\/bottesetvelo.com\/blog\/2016\/04\/29\/le-chemin-une-experience-qui-traverse-le-pelerin\/road-1345716_1920\/\" data-orig-file=\"https:\/\/i0.wp.com\/bottesetvelo.com\/blog\/wp-content\/uploads\/2016\/04\/road-1345716_1920.jpg?fit=1920%2C1280&amp;ssl=1\" data-orig-size=\"1920,1280\" data-comments-opened=\"1\" data-image-meta=\"{&quot;aperture&quot;:&quot;0&quot;,&quot;credit&quot;:&quot;&quot;,&quot;camera&quot;:&quot;&quot;,&quot;caption&quot;:&quot;&quot;,&quot;created_timestamp&quot;:&quot;0&quot;,&quot;copyright&quot;:&quot;&quot;,&quot;focal_length&quot;:&quot;0&quot;,&quot;iso&quot;:&quot;0&quot;,&quot;shutter_speed&quot;:&quot;0&quot;,&quot;title&quot;:&quot;&quot;,&quot;orientation&quot;:&quot;0&quot;}\" data-image-title=\"chemin for\u00eat\" data-image-description=\"\" data-image-caption=\"\" data-large-file=\"https:\/\/i0.wp.com\/bottesetvelo.com\/blog\/wp-content\/uploads\/2016\/04\/road-1345716_1920.jpg?fit=1024%2C683&amp;ssl=1\" class=\"wp-image-2572 alignleft\" src=\"https:\/\/i0.wp.com\/bottesetvelo.com\/blog\/wp-content\/uploads\/2016\/04\/road-1345716_1920.jpg?resize=300%2C200&#038;ssl=1\" alt=\"chemin for\u00eat\" width=\"300\" height=\"200\" srcset=\"https:\/\/i0.wp.com\/bottesetvelo.com\/blog\/wp-content\/uploads\/2016\/04\/road-1345716_1920.jpg?resize=500%2C333&amp;ssl=1 500w, https:\/\/i0.wp.com\/bottesetvelo.com\/blog\/wp-content\/uploads\/2016\/04\/road-1345716_1920.jpg?resize=768%2C512&amp;ssl=1 768w, https:\/\/i0.wp.com\/bottesetvelo.com\/blog\/wp-content\/uploads\/2016\/04\/road-1345716_1920.jpg?resize=1024%2C683&amp;ssl=1 1024w, https:\/\/i0.wp.com\/bottesetvelo.com\/blog\/wp-content\/uploads\/2016\/04\/road-1345716_1920.jpg?w=1920&amp;ssl=1 1920w\" sizes=\"auto, (max-width: 300px) 100vw, 300px\" \/>Le p\u00e8lerinage nous d\u00e9fait peu \u00e0 peu de ce qui nous d\u00e9shumanise. Il nous ram\u00e8ne l\u00e0 o\u00f9 il fait bon vivre\u00a0: dans la possibilit\u00e9 d\u2019\u00eatre soi-m\u00eame, sans artifice; dans la possibilit\u00e9 d\u2019un vivre ensemble \u00e9panouissant. Le p\u00e8lerinage offre un espace o\u00f9 retrouver confiance en l\u2019humanit\u00e9, un espace o\u00f9 il fait bon vivre. Cette exp\u00e9rience, cette saveur de la vie, il est possible de la ramener chez nous. Elle n\u2019existe pas seulement sur les sentiers de p\u00e8lerinage. Il suffit de s\u2019observer. Lorsque je suis en marche vers le sanctuaire, une transformation s\u2019op\u00e8re en moi. Je ne suis plus dans le m\u00eame \u00e9tat d\u2019esprit. Je ne suis plus r\u00e9gi par les m\u00eames r\u00e8gles, les m\u00eames lois. Je m\u2019ouvre \u00e0 un autre possible.<\/p>\n<p style=\"text-align: justify;\">Alors, quelles sont ces lois qui me r\u00e9gissent et me ram\u00e8nent \u00e0 la vie, \u00e0 la joie de vivre? Il n\u2019y a pas une r\u00e9ponse, mais une multitude de r\u00e9ponses. Des r\u00e9ponses en mouvements, changeantes, \u00e9volutives. Il n\u2019y aura jamais une r\u00e9ponse d\u00e9finitive. <strong><span style=\"color: #003366;\">Le p\u00e8lerin est en marche, sa r\u00e9ponse en processus<\/span><\/strong>. Elle est l\u00e0, quelque part en nous, inscrite dans notre chair. Elle s\u2019apprivoise de l\u2019int\u00e9rieur. C\u2019est elle qui nous tire en avant et nous appelle au d\u00e9placement. Elle qui nous conduit vers notre sanctuaire\u00a0: cet espace appelant le meilleur en chacun de nous.<img data-recalc-dims=\"1\" loading=\"lazy\" decoding=\"async\" data-attachment-id=\"14\" data-permalink=\"https:\/\/bottesetvelo.com\/blog\/bottes-et-velo-le-blog\/bottes-et-velo-embleme\/\" data-orig-file=\"https:\/\/i0.wp.com\/bottesetvelo.com\/blog\/wp-content\/uploads\/2014\/01\/Bottes-et-V%C3%A9lo-Embl%C3%AAme-e1454083414631.jpg?fit=100%2C79&amp;ssl=1\" data-orig-size=\"100,79\" data-comments-opened=\"1\" data-image-meta=\"{&quot;aperture&quot;:&quot;0&quot;,&quot;credit&quot;:&quot;&quot;,&quot;camera&quot;:&quot;&quot;,&quot;caption&quot;:&quot;&quot;,&quot;created_timestamp&quot;:&quot;0&quot;,&quot;copyright&quot;:&quot;&quot;,&quot;focal_length&quot;:&quot;0&quot;,&quot;iso&quot;:&quot;0&quot;,&quot;shutter_speed&quot;:&quot;0&quot;,&quot;title&quot;:&quot;&quot;}\" data-image-title=\"Bottes et V\u00e9lo &amp;#8211; Embl\u00eame\" data-image-description=\"\" data-image-caption=\"\" data-large-file=\"https:\/\/i0.wp.com\/bottesetvelo.com\/blog\/wp-content\/uploads\/2014\/01\/Bottes-et-V%C3%A9lo-Embl%C3%AAme-e1454083414631.jpg?fit=100%2C79&amp;ssl=1\" class=\"alignright  wp-image-14\" src=\"https:\/\/i0.wp.com\/bottesetvelo.com\/blog\/wp-content\/uploads\/2014\/01\/Bottes-et-V%C3%A9lo-Embl%C3%AAme.jpg?resize=70%2C55&#038;ssl=1\" alt=\"Bottes et V\u00e9lo - Embl\u00eame\" width=\"70\" height=\"55\" \/><\/p>\n<p style=\"text-align: justify;\">\u00c9ric Lalibert\u00e9<\/p>\n","protected":false},"excerpt":{"rendered":"<p>Le v\u00e9ritable voyage de d\u00e9couverte ne consiste pas \u00e0 chercher de nouveaux paysages, mais \u00e0 avoir de nouveaux yeux. Marcel Proust Qu\u2019est-ce qui fait que le p\u00e8lerinage est si populaire aujourd\u2019hui? Que pouvons-nous bien trouver \u00e0 cette activit\u00e9? Partir avec son sac \u00e0 dos et marcher pendant des jours et des jours. Traverser monts et&hellip;<\/p>\n","protected":false},"author":3,"featured_media":0,"comment_status":"open","ping_status":"open","sticky":false,"template":"","format":"standard","meta":{"jetpack_post_was_ever_published":false,"_jetpack_newsletter_access":"","_jetpack_dont_email_post_to_subs":false,"_jetpack_newsletter_tier_id":0,"_jetpack_memberships_contains_paywalled_content":false,"_jetpack_memberships_contains_paid_content":false,"footnotes":"","jetpack_publicize_message":"Le chemin: une exp\u00e9rience qui traverse le p\u00e8lerin","jetpack_publicize_feature_enabled":true,"jetpack_social_post_already_shared":true,"jetpack_social_options":{"image_generator_settings":{"template":"highway","default_image_id":0,"font":"","enabled":false},"version":2}},"categories":[50,11,380,166,37,381],"tags":[103,203,337,395,394,195,393,295,336],"class_list":["post-2568","post","type-post","status-publish","format-standard","hentry","category-art-de-vivre","category-bien-etre-physique","category-conscientisation","category-demarche-du-pelerin","category-spiritualite-2","category-transformation","tag-bien-etre","tag-chemin","tag-conscientisation","tag-egalite","tag-fraternite","tag-joie-de-vivre","tag-liberte","tag-sanctuaire","tag-transformation"],"jetpack_publicize_connections":[],"jetpack_featured_media_url":"","jetpack_shortlink":"https:\/\/wp.me\/p4eY6z-Fq","jetpack_sharing_enabled":true,"jetpack_likes_enabled":true,"jetpack-related-posts":[],"_links":{"self":[{"href":"https:\/\/bottesetvelo.com\/blog\/wp-json\/wp\/v2\/posts\/2568","targetHints":{"allow":["GET"]}}],"collection":[{"href":"https:\/\/bottesetvelo.com\/blog\/wp-json\/wp\/v2\/posts"}],"about":[{"href":"https:\/\/bottesetvelo.com\/blog\/wp-json\/wp\/v2\/types\/post"}],"author":[{"embeddable":true,"href":"https:\/\/bottesetvelo.com\/blog\/wp-json\/wp\/v2\/users\/3"}],"replies":[{"embeddable":true,"href":"https:\/\/bottesetvelo.com\/blog\/wp-json\/wp\/v2\/comments?post=2568"}],"version-history":[{"count":3,"href":"https:\/\/bottesetvelo.com\/blog\/wp-json\/wp\/v2\/posts\/2568\/revisions"}],"predecessor-version":[{"id":2575,"href":"https:\/\/bottesetvelo.com\/blog\/wp-json\/wp\/v2\/posts\/2568\/revisions\/2575"}],"wp:attachment":[{"href":"https:\/\/bottesetvelo.com\/blog\/wp-json\/wp\/v2\/media?parent=2568"}],"wp:term":[{"taxonomy":"category","embeddable":true,"href":"https:\/\/bottesetvelo.com\/blog\/wp-json\/wp\/v2\/categories?post=2568"},{"taxonomy":"post_tag","embeddable":true,"href":"https:\/\/bottesetvelo.com\/blog\/wp-json\/wp\/v2\/tags?post=2568"}],"curies":[{"name":"wp","href":"https:\/\/api.w.org\/{rel}","templated":true}]}}