{"id":2565,"date":"2016-04-24T16:57:45","date_gmt":"2016-04-24T20:57:45","guid":{"rendered":"http:\/\/bottesetvelo.com\/blog\/?p=2565"},"modified":"2016-04-24T16:57:45","modified_gmt":"2016-04-24T20:57:45","slug":"dejeuner-causerie-ou-soiree-pelerine","status":"publish","type":"post","link":"https:\/\/bottesetvelo.com\/blog\/2016\/04\/24\/dejeuner-causerie-ou-soiree-pelerine\/","title":{"rendered":"D\u00e9jeuner-causerie ou Soir\u00e9e P\u00e8lerine?"},"content":{"rendered":"<h5 style=\"text-align: justify;\"><span data-offset-key=\"cbbrk-0-0\"><span data-text=\"true\"><span style=\"color: #003366;\">Hier avait lieu notre dernier d\u00e9jeuner-causerie de la saison. C&rsquo;est sous le th\u00e8me: \u00ab\u00a0Marcher, mais pourquoi? Quel sens \u00e0 ma d\u00e9marche?\u00a0\u00bb que se r\u00e9unissait le groupe de p\u00e8lerin-e-s. Apr\u00e8s un atelier dans l&rsquo;esprit de la d\u00e9marche du p\u00e8lerin, c&rsquo;est autour d&rsquo;un bon petit-d\u00e9jeuner que nous avons continuer notre discussion. Une tr\u00e8s belle rencontre qui s&rsquo;est termin\u00e9e par une petite balade au bord du fleuve, dans St-Michel-de-Bellechasse et sous un soleil splendide.<\/span> <\/span><\/span><\/h5>\n<p style=\"text-align: justify;\"><span data-offset-key=\"cbbrk-0-0\"><span data-text=\"true\"><strong><span style=\"color: #800000;\"><img data-recalc-dims=\"1\" loading=\"lazy\" decoding=\"async\" data-attachment-id=\"2566\" data-permalink=\"https:\/\/bottesetvelo.com\/blog\/2016\/04\/24\/dejeuner-causerie-ou-soiree-pelerine\/dscn0224\/\" data-orig-file=\"https:\/\/i0.wp.com\/bottesetvelo.com\/blog\/wp-content\/uploads\/2016\/04\/DSCN0224.jpg?fit=1440%2C1080&amp;ssl=1\" data-orig-size=\"1440,1080\" data-comments-opened=\"1\" data-image-meta=\"{&quot;aperture&quot;:&quot;0&quot;,&quot;credit&quot;:&quot;&quot;,&quot;camera&quot;:&quot;COOLPIX S9900&quot;,&quot;caption&quot;:&quot;&quot;,&quot;created_timestamp&quot;:&quot;0&quot;,&quot;copyright&quot;:&quot;&quot;,&quot;focal_length&quot;:&quot;4.5&quot;,&quot;iso&quot;:&quot;0&quot;,&quot;shutter_speed&quot;:&quot;0&quot;,&quot;title&quot;:&quot;&quot;,&quot;orientation&quot;:&quot;1&quot;}\" data-image-title=\"Bottes et V\u00e9lo &amp;#8211; D\u00e9jeuner-causerie\" data-image-description=\"\" data-image-caption=\"\" data-large-file=\"https:\/\/i0.wp.com\/bottesetvelo.com\/blog\/wp-content\/uploads\/2016\/04\/DSCN0224.jpg?fit=1024%2C768&amp;ssl=1\" class=\"alignright wp-image-2566\" src=\"https:\/\/i0.wp.com\/bottesetvelo.com\/blog\/wp-content\/uploads\/2016\/04\/DSCN0224.jpg?resize=300%2C225&#038;ssl=1\" alt=\"Bottes et V\u00e9lo - D\u00e9jeuner-causerie\" width=\"300\" height=\"225\" srcset=\"https:\/\/i0.wp.com\/bottesetvelo.com\/blog\/wp-content\/uploads\/2016\/04\/DSCN0224.jpg?resize=500%2C375&amp;ssl=1 500w, https:\/\/i0.wp.com\/bottesetvelo.com\/blog\/wp-content\/uploads\/2016\/04\/DSCN0224.jpg?resize=768%2C576&amp;ssl=1 768w, https:\/\/i0.wp.com\/bottesetvelo.com\/blog\/wp-content\/uploads\/2016\/04\/DSCN0224.jpg?resize=1024%2C768&amp;ssl=1 1024w, https:\/\/i0.wp.com\/bottesetvelo.com\/blog\/wp-content\/uploads\/2016\/04\/DSCN0224.jpg?w=1440&amp;ssl=1 1440w\" sizes=\"auto, (max-width: 300px) 100vw, 300px\" \/>Nous profitons de l&rsquo;occasion pour dire un grand merci \u00e0 tous nos invit\u00e9s de la saison 2015-2016!<\/span> <\/strong>Nous avons pass\u00e9 de tr\u00e8s bons moments avec vous! C&rsquo;est gr\u00e2ce \u00e0 vous tous que Bottes et V\u00e9lo grandit un peu plus chaque ann\u00e9e. <a href=\"http:\/\/bottesetvelo.com\/bottes-et-v%C3%A9lo---d%C3%A9jeuners-causerie\">Les d\u00e9jeuners-causeries<\/a> reprendront d\u00e8s le 24 septembre prochain. <em><span style=\"color: #003366;\">(Prenez note du nouveau tarif \u00e0 compter de septembre: 20$\/pers.)<\/span><\/em><br \/>\n<\/span><\/span><\/p>\n<p style=\"text-align: justify;\"><span data-offset-key=\"cbbrk-0-0\"><span data-text=\"true\"> Nous vous invitons \u00e9galement <span style=\"color: #003366;\"><strong>\u00e0 surveiller un nouveau concept mobile de Bottes et V\u00e9lo: <a href=\"http:\/\/bottesetvelo.com\/bottes-et-v%C3%A9lo---d%C3%A9jeuners-causerie\"><em><span style=\"color: #800000;\">les Soir\u00e9es P\u00e8lerines<\/span><\/em><\/a>. <\/strong>S<\/span>ur le m\u00eame ton que les d\u00e9jeuners-causeries, ces soir\u00e9es se tiendront dans des caf\u00e9s ou bistros de <strong><span style=\"color: #800000;\">Qu\u00e9bec, Trois-Rivi\u00e8res et Montr\u00e9al<\/span><\/strong>. Surveillez le site de Bottes et V\u00e9lo pour connaitre les dates et lieux de ces rencontres! <span style=\"color: #003366;\"><em>(Co\u00fbt: 15$\/pers.)<\/em><\/span><\/span><\/span><\/p>\n<p style=\"text-align: justify;\">Cliquez ici: <a href=\"http:\/\/bottesetvelo.com\/bottes-et-v%C3%A9lo---d%C3%A9jeuners-causerie\">D\u00e9jeuner-causerie ou Soir\u00e9e P\u00e8lerine<\/a><\/p>\n<p style=\"text-align: justify;\">D&rsquo;ici l\u00e0, nous vous donnons rendez-vous dans l&rsquo;un des diff\u00e9rents <em><strong><span style=\"color: #003366;\">Weekends Ressourcement et P\u00e8lerinage<\/span> <\/strong><\/em>ou encore dans les <span style=\"color: #003366;\"><em><strong>Voyages P\u00e8lerins<\/strong><\/em><\/span> que nous offrirons <em><strong><span style=\"color: #003366;\">de mai \u00e0 octobre<\/span><\/strong><\/em>. Cliquez ici: <a href=\"http:\/\/bottesetvelo.com\/bottes-et-v%C3%A9lo-activites\">Activit\u00e9s Bottes et V\u00e9lo<\/a><\/p>\n<p style=\"text-align: justify;\">Bonne saison de p\u00e8lerinage \u00e0 tous!<img data-recalc-dims=\"1\" loading=\"lazy\" decoding=\"async\" data-attachment-id=\"14\" data-permalink=\"https:\/\/bottesetvelo.com\/blog\/bottes-et-velo-le-blog\/bottes-et-velo-embleme\/\" data-orig-file=\"https:\/\/i0.wp.com\/bottesetvelo.com\/blog\/wp-content\/uploads\/2014\/01\/Bottes-et-V%C3%A9lo-Embl%C3%AAme-e1454083414631.jpg?fit=100%2C79&amp;ssl=1\" data-orig-size=\"100,79\" data-comments-opened=\"1\" data-image-meta=\"{&quot;aperture&quot;:&quot;0&quot;,&quot;credit&quot;:&quot;&quot;,&quot;camera&quot;:&quot;&quot;,&quot;caption&quot;:&quot;&quot;,&quot;created_timestamp&quot;:&quot;0&quot;,&quot;copyright&quot;:&quot;&quot;,&quot;focal_length&quot;:&quot;0&quot;,&quot;iso&quot;:&quot;0&quot;,&quot;shutter_speed&quot;:&quot;0&quot;,&quot;title&quot;:&quot;&quot;}\" data-image-title=\"Bottes et V\u00e9lo &amp;#8211; Embl\u00eame\" data-image-description=\"\" data-image-caption=\"\" data-large-file=\"https:\/\/i0.wp.com\/bottesetvelo.com\/blog\/wp-content\/uploads\/2014\/01\/Bottes-et-V%C3%A9lo-Embl%C3%AAme-e1454083414631.jpg?fit=100%2C79&amp;ssl=1\" class=\"alignright  wp-image-14\" src=\"https:\/\/i0.wp.com\/bottesetvelo.com\/blog\/wp-content\/uploads\/2014\/01\/Bottes-et-V%C3%A9lo-Embl%C3%AAme.jpg?resize=83%2C65&#038;ssl=1\" alt=\"Bottes et V\u00e9lo - Embl\u00eame\" width=\"83\" height=\"65\" \/><\/p>\n<p style=\"text-align: justify;\">\u00c9ric Lalibert\u00e9 et Brigitte Harouni<\/p>\n<p><span class=\"embed-youtube\" style=\"text-align:center; display: block;\"><iframe loading=\"lazy\" class=\"youtube-player\" width=\"1170\" height=\"659\" src=\"https:\/\/www.youtube.com\/embed\/0QVoyCILLq4?version=3&#038;rel=1&#038;showsearch=0&#038;showinfo=1&#038;iv_load_policy=1&#038;fs=1&#038;hl=fr-FR&#038;autohide=2&#038;wmode=transparent\" allowfullscreen=\"true\" style=\"border:0;\" sandbox=\"allow-scripts allow-same-origin allow-popups allow-presentation allow-popups-to-escape-sandbox\"><\/iframe><\/span><\/p>\n<p style=\"text-align: justify;\">\n","protected":false},"excerpt":{"rendered":"<p>Hier avait lieu notre dernier d\u00e9jeuner-causerie de la saison. C&rsquo;est sous le th\u00e8me: \u00ab\u00a0Marcher, mais pourquoi? Quel sens \u00e0 ma d\u00e9marche?\u00a0\u00bb que se r\u00e9unissait le groupe de p\u00e8lerin-e-s. Apr\u00e8s un atelier dans l&rsquo;esprit de la d\u00e9marche du p\u00e8lerin, c&rsquo;est autour d&rsquo;un bon petit-d\u00e9jeuner que nous avons continuer notre discussion. Une tr\u00e8s belle rencontre qui s&rsquo;est&hellip;<\/p>\n","protected":false},"author":3,"featured_media":0,"comment_status":"open","ping_status":"open","sticky":false,"template":"","format":"standard","meta":{"jetpack_post_was_ever_published":false,"_jetpack_newsletter_access":"","_jetpack_dont_email_post_to_subs":false,"_jetpack_newsletter_tier_id":0,"_jetpack_memberships_contains_paywalled_content":false,"_jetpack_memberships_contains_paid_content":false,"footnotes":"","jetpack_publicize_message":"","jetpack_publicize_feature_enabled":true,"jetpack_social_post_already_shared":true,"jetpack_social_options":{"image_generator_settings":{"template":"highway","default_image_id":0,"font":"","enabled":false},"version":2}},"categories":[56,161,389,388,390],"tags":[162,238,391,392],"class_list":["post-2565","post","type-post","status-publish","format-standard","hentry","category-activites","category-dejeuner-causerie","category-sejours-ressourcement-et-pelerinage","category-soirees-pelerines","category-voyages-pelerins","tag-dejeuner-causerie","tag-ressourcement-et-pelerinage","tag-soiree-pelerine","tag-voyages-pelerins"],"jetpack_publicize_connections":[],"jetpack_featured_media_url":"","jetpack_shortlink":"https:\/\/wp.me\/p4eY6z-Fn","jetpack_sharing_enabled":true,"jetpack_likes_enabled":true,"jetpack-related-posts":[],"_links":{"self":[{"href":"https:\/\/bottesetvelo.com\/blog\/wp-json\/wp\/v2\/posts\/2565","targetHints":{"allow":["GET"]}}],"collection":[{"href":"https:\/\/bottesetvelo.com\/blog\/wp-json\/wp\/v2\/posts"}],"about":[{"href":"https:\/\/bottesetvelo.com\/blog\/wp-json\/wp\/v2\/types\/post"}],"author":[{"embeddable":true,"href":"https:\/\/bottesetvelo.com\/blog\/wp-json\/wp\/v2\/users\/3"}],"replies":[{"embeddable":true,"href":"https:\/\/bottesetvelo.com\/blog\/wp-json\/wp\/v2\/comments?post=2565"}],"version-history":[{"count":1,"href":"https:\/\/bottesetvelo.com\/blog\/wp-json\/wp\/v2\/posts\/2565\/revisions"}],"predecessor-version":[{"id":2567,"href":"https:\/\/bottesetvelo.com\/blog\/wp-json\/wp\/v2\/posts\/2565\/revisions\/2567"}],"wp:attachment":[{"href":"https:\/\/bottesetvelo.com\/blog\/wp-json\/wp\/v2\/media?parent=2565"}],"wp:term":[{"taxonomy":"category","embeddable":true,"href":"https:\/\/bottesetvelo.com\/blog\/wp-json\/wp\/v2\/categories?post=2565"},{"taxonomy":"post_tag","embeddable":true,"href":"https:\/\/bottesetvelo.com\/blog\/wp-json\/wp\/v2\/tags?post=2565"}],"curies":[{"name":"wp","href":"https:\/\/api.w.org\/{rel}","templated":true}]}}