{"id":2559,"date":"2016-04-23T13:13:16","date_gmt":"2016-04-23T17:13:16","guid":{"rendered":"http:\/\/bottesetvelo.com\/blog\/?p=2559"},"modified":"2016-04-23T13:13:16","modified_gmt":"2016-04-23T17:13:16","slug":"se-liberer-pour-mieux-recolter","status":"publish","type":"post","link":"https:\/\/bottesetvelo.com\/blog\/2016\/04\/23\/se-liberer-pour-mieux-recolter\/","title":{"rendered":"Se lib\u00e9rer pour mieux r\u00e9colter"},"content":{"rendered":"<h6 style=\"text-align: right;\"><em>Il en faut vraiment peu pour \u00eatre heureux,<\/em><br \/>\n<em>Vraiment tr\u00e8s peu pour \u00eatre heureux,<\/em><br \/>\n<em>Il faut se satisfaire du n\u00e9cessaire.<\/em><br \/>\n<em>Baloo<\/em><\/h6>\n<h5 style=\"text-align: justify;\"><span style=\"color: #003366;\">\u00c0 l\u2019aube de la civilisation, Confucius, ce grand philosophe chinois, disait\u00a0: \u00ab\u00a0Un bol de riz \u00e0 manger, de l\u2019eau \u00e0 boire et mon bras repli\u00e9 en guise d\u2019oreiller, et me voil\u00e0 heureux\u00a0\u00bb.\u00a0 Une fa\u00e7on toute simple de dire que le bonheur est \u00e0 port\u00e9e de main \u00e0 qui souhaite y go\u00fbter. Aujourd\u2019hui, ce m\u00eame message est encore juste, pourtant, tout autour de nous tente \u00e0 grands coups de publicit\u00e9s et de slogans de nous convaincre que le bonheur s\u2019ach\u00e8te et se poss\u00e8de. Alors pris dans cette fr\u00e9n\u00e9sie du \u00ab\u00a0toujours plus\u00a0\u00bb pour \u00ab\u00a0plus de mieux-vivre\u00a0\u00bb, nous encombrons nos vies de toutes sortes de choses qui finissent par nous \u00e9teindre, nous \u00e9touffer, nous rendre malade. En ce d\u00e9but de printemps, faisons un peu de m\u00e9nage dans tout ce qui nous alourdit l\u2019existence!<\/span><\/h5>\n<p style=\"text-align: justify;\"><img data-recalc-dims=\"1\" loading=\"lazy\" decoding=\"async\" data-attachment-id=\"2560\" data-permalink=\"https:\/\/bottesetvelo.com\/blog\/2016\/04\/23\/se-liberer-pour-mieux-recolter\/pelerin-surcharge\/\" data-orig-file=\"https:\/\/i0.wp.com\/bottesetvelo.com\/blog\/wp-content\/uploads\/2016\/04\/p%C3%A8lerin-surcharg%C3%A9.jpg?fit=420%2C592&amp;ssl=1\" data-orig-size=\"420,592\" data-comments-opened=\"1\" data-image-meta=\"{&quot;aperture&quot;:&quot;0&quot;,&quot;credit&quot;:&quot;&quot;,&quot;camera&quot;:&quot;&quot;,&quot;caption&quot;:&quot;&quot;,&quot;created_timestamp&quot;:&quot;0&quot;,&quot;copyright&quot;:&quot;&quot;,&quot;focal_length&quot;:&quot;0&quot;,&quot;iso&quot;:&quot;0&quot;,&quot;shutter_speed&quot;:&quot;0&quot;,&quot;title&quot;:&quot;&quot;,&quot;orientation&quot;:&quot;1&quot;}\" data-image-title=\"p\u00e8lerin surcharg\u00e9\" data-image-description=\"\" data-image-caption=\"\" data-large-file=\"https:\/\/i0.wp.com\/bottesetvelo.com\/blog\/wp-content\/uploads\/2016\/04\/p%C3%A8lerin-surcharg%C3%A9.jpg?fit=420%2C592&amp;ssl=1\" class=\"alignright wp-image-2560\" src=\"https:\/\/i0.wp.com\/bottesetvelo.com\/blog\/wp-content\/uploads\/2016\/04\/p%C3%A8lerin-surcharg%C3%A9.jpg?resize=199%2C280&#038;ssl=1\" alt=\"p\u00e8lerin surcharg\u00e9\" width=\"199\" height=\"280\" srcset=\"https:\/\/i0.wp.com\/bottesetvelo.com\/blog\/wp-content\/uploads\/2016\/04\/p%C3%A8lerin-surcharg%C3%A9.jpg?resize=355%2C500&amp;ssl=1 355w, https:\/\/i0.wp.com\/bottesetvelo.com\/blog\/wp-content\/uploads\/2016\/04\/p%C3%A8lerin-surcharg%C3%A9.jpg?w=420&amp;ssl=1 420w\" sizes=\"auto, (max-width: 199px) 100vw, 199px\" \/>Ceux qui d\u00e9m\u00e9nagent vous le diront tous\u00a0: on accumule bien plus d\u2019objets que ce dont nous avons r\u00e9ellement besoin. Et une multitude de ces accessoires dorment et s\u2019empoussi\u00e8rent dans un racoin de la maison, inutiles, d\u00e9suets, parfois m\u00eame bris\u00e9s. Pourtant nous les conservons. Au cas o\u00f9.\u00a0 Nous avons souvent plusieurs exemplaires d\u2019un m\u00eame outil. Le dernier \u00e9tant toujours plus performant ou plus joli. Et que dire de la garde-robe! Certaines personnes ont tellement de v\u00eatements ou d\u2019accessoires qu\u2019elles en oublient ce qu\u2019elles ont et manquent de jours ou d\u2019occasions pour les porter. Tout ce surplus, ce superflu, p\u00e8se sur les \u00e9paules de ceux qui le poss\u00e8dent. Que cache-t-il? <strong><span style=\"color: #003366;\">Pourquoi s\u2019attacher \u00e0 des biens mat\u00e9riels?<\/span><\/strong> Pourquoi est-il difficile de s\u2019en d\u00e9partir? Donnez. Faites circuler. Lib\u00e9rez-vous de l\u2019espace. Il est mieux poss\u00e9der peu et de l\u2019appr\u00e9cier plut\u00f4t que de s\u2019attarder \u00e0 ce qu\u2019on n\u2019a pas et se rendre malheureux d\u2019\u00eatre envieux.<\/p>\n<p style=\"text-align: justify;\">Et puis il y a le temps. Ce concept abstrait que l\u2019homme a invent\u00e9 pour s\u2019outiller et organiser son quotidien et qui aujourd\u2019hui, sournoisement, a pris le contr\u00f4le de nos vies. Les agendas sont surcharg\u00e9s\u00a0par tous les rendez-vous, les activit\u00e9s sociales, les loisirs et les obligations familiales qui s\u2019ajoutent \u00e0 l\u2019horaire de travail et \u00e0 la routine de la maison. M\u00eame les vacances sont planifi\u00e9es. Chaque heure est remplie alors que ce que nous recherchons c\u2019est du temps. D\u00e9sirez-vous vivre toutes ces activit\u00e9s qui vous pr\u00e9cipitent vos journ\u00e9es? Les avez-vous choisies? <img data-recalc-dims=\"1\" loading=\"lazy\" decoding=\"async\" data-attachment-id=\"2561\" data-permalink=\"https:\/\/bottesetvelo.com\/blog\/2016\/04\/23\/se-liberer-pour-mieux-recolter\/liberte-cage\/\" data-orig-file=\"https:\/\/i0.wp.com\/bottesetvelo.com\/blog\/wp-content\/uploads\/2016\/04\/libert%C3%A9-cage.jpg?fit=1280%2C1280&amp;ssl=1\" data-orig-size=\"1280,1280\" data-comments-opened=\"1\" data-image-meta=\"{&quot;aperture&quot;:&quot;0&quot;,&quot;credit&quot;:&quot;&quot;,&quot;camera&quot;:&quot;&quot;,&quot;caption&quot;:&quot;&quot;,&quot;created_timestamp&quot;:&quot;0&quot;,&quot;copyright&quot;:&quot;&quot;,&quot;focal_length&quot;:&quot;0&quot;,&quot;iso&quot;:&quot;0&quot;,&quot;shutter_speed&quot;:&quot;0&quot;,&quot;title&quot;:&quot;&quot;,&quot;orientation&quot;:&quot;0&quot;}\" data-image-title=\"libert\u00e9 &amp;#8211; cage\" data-image-description=\"\" data-image-caption=\"\" data-large-file=\"https:\/\/i0.wp.com\/bottesetvelo.com\/blog\/wp-content\/uploads\/2016\/04\/libert%C3%A9-cage.jpg?fit=1024%2C1024&amp;ssl=1\" class=\"wp-image-2561 alignleft\" src=\"https:\/\/i0.wp.com\/bottesetvelo.com\/blog\/wp-content\/uploads\/2016\/04\/libert%C3%A9-cage.jpg?resize=300%2C300&#038;ssl=1\" alt=\"libert\u00e9 - cage\" width=\"300\" height=\"300\" srcset=\"https:\/\/i0.wp.com\/bottesetvelo.com\/blog\/wp-content\/uploads\/2016\/04\/libert%C3%A9-cage.jpg?resize=500%2C500&amp;ssl=1 500w, https:\/\/i0.wp.com\/bottesetvelo.com\/blog\/wp-content\/uploads\/2016\/04\/libert%C3%A9-cage.jpg?resize=150%2C150&amp;ssl=1 150w, https:\/\/i0.wp.com\/bottesetvelo.com\/blog\/wp-content\/uploads\/2016\/04\/libert%C3%A9-cage.jpg?resize=768%2C768&amp;ssl=1 768w, https:\/\/i0.wp.com\/bottesetvelo.com\/blog\/wp-content\/uploads\/2016\/04\/libert%C3%A9-cage.jpg?resize=1024%2C1024&amp;ssl=1 1024w, https:\/\/i0.wp.com\/bottesetvelo.com\/blog\/wp-content\/uploads\/2016\/04\/libert%C3%A9-cage.jpg?w=1280&amp;ssl=1 1280w\" sizes=\"auto, (max-width: 300px) 100vw, 300px\" \/>Appr\u00e9ciez-vous le rythme auquel s\u2019\u00e9coulent vos semaines? Vous sentez-vous d\u00e9pendant de votre agenda? Que signifie ce besoin d\u2019\u00eatre constamment occup\u00e9? Pourquoi ne pas vous offrir le pouvoir et le plaisir de choisir comment utiliser le temps? D\u00e9terminez ce qui accapare votre temps et que vous pourriez reconsid\u00e9rer autrement. <strong><span style=\"color: #003366;\">Lib\u00e9rez-vous des espaces de temps<\/span> <\/strong>dans votre vie. Laissez-vous un temps pour ne rien faire. Offrez-vous ce vide qui permettra \u00e0 une nouvelle opportunit\u00e9 plus s\u00e9duisante de germer.<\/p>\n<p style=\"text-align: justify;\">Le m\u00e9nage ext\u00e9rieur est souvent celui que nous avons de la facilit\u00e9 \u00e0 faire. Il nous est b\u00e9n\u00e9fique sans pour autant \u00eatre trop mena\u00e7ant quant aux changements qu\u2019il peut entrainer. Le m\u00e9nage int\u00e9rieur par contre, celui que je fais en moi, est de loin le plus efficace, bien qu\u2019il soit plus ardu \u00e0 r\u00e9aliser. Bien plus long que de trier une pile de v\u00eatements ou de faire l\u2019inventaire du garage, le m\u00e9nage int\u00e9rieur requiert une franchise envers soi-m\u00eame. Tout ce que je poss\u00e8de m\u2019attache et m\u2019emp\u00eache d\u2019\u00eatre libre. Tout ce que je poss\u00e8de, ultimement me poss\u00e8de car je m\u2019y accroche. Et <strong><span style=\"color: #003366;\">tout ce \u00e0 quoi je m\u2019accroche \u00e9ventuellement peut devenir une source de souffrance, que je m\u2019inflige de par la relation de d\u00e9pendance que j\u2019ai \u00e9tablie et que j\u2019entretiens.<\/span><\/strong> Emploi, situation sociale, relation amoureuse ou amicale, image projet\u00e9e de soi, s\u00e9curit\u00e9 financi\u00e8re, apparence physique, famille\u2026 Autant de possibilit\u00e9s d\u2019attachement et de d\u00e9pendance. Le m\u00e9nage int\u00e9rieur est personnel. Je dois me demander\u00a0: qu\u2019est-ce qui me p\u00e8se lourd dans mon sac de vie? <img data-recalc-dims=\"1\" loading=\"lazy\" decoding=\"async\" data-attachment-id=\"2562\" data-permalink=\"https:\/\/bottesetvelo.com\/blog\/2016\/04\/23\/se-liberer-pour-mieux-recolter\/jeune-pousse\/\" data-orig-file=\"https:\/\/i0.wp.com\/bottesetvelo.com\/blog\/wp-content\/uploads\/2016\/04\/jeune-pousse.jpg?fit=1920%2C1279&amp;ssl=1\" data-orig-size=\"1920,1279\" data-comments-opened=\"1\" data-image-meta=\"{&quot;aperture&quot;:&quot;0&quot;,&quot;credit&quot;:&quot;&quot;,&quot;camera&quot;:&quot;&quot;,&quot;caption&quot;:&quot;&quot;,&quot;created_timestamp&quot;:&quot;0&quot;,&quot;copyright&quot;:&quot;&quot;,&quot;focal_length&quot;:&quot;0&quot;,&quot;iso&quot;:&quot;0&quot;,&quot;shutter_speed&quot;:&quot;0&quot;,&quot;title&quot;:&quot;&quot;,&quot;orientation&quot;:&quot;0&quot;}\" data-image-title=\"jeune pousse\" data-image-description=\"\" data-image-caption=\"\" data-large-file=\"https:\/\/i0.wp.com\/bottesetvelo.com\/blog\/wp-content\/uploads\/2016\/04\/jeune-pousse.jpg?fit=1024%2C682&amp;ssl=1\" class=\"alignright wp-image-2562\" src=\"https:\/\/i0.wp.com\/bottesetvelo.com\/blog\/wp-content\/uploads\/2016\/04\/jeune-pousse.jpg?resize=300%2C200&#038;ssl=1\" alt=\"jeune pousse\" width=\"300\" height=\"200\" srcset=\"https:\/\/i0.wp.com\/bottesetvelo.com\/blog\/wp-content\/uploads\/2016\/04\/jeune-pousse.jpg?resize=500%2C333&amp;ssl=1 500w, https:\/\/i0.wp.com\/bottesetvelo.com\/blog\/wp-content\/uploads\/2016\/04\/jeune-pousse.jpg?resize=768%2C512&amp;ssl=1 768w, https:\/\/i0.wp.com\/bottesetvelo.com\/blog\/wp-content\/uploads\/2016\/04\/jeune-pousse.jpg?resize=1024%2C682&amp;ssl=1 1024w, https:\/\/i0.wp.com\/bottesetvelo.com\/blog\/wp-content\/uploads\/2016\/04\/jeune-pousse.jpg?w=1920&amp;ssl=1 1920w\" sizes=\"auto, (max-width: 300px) 100vw, 300px\" \/>Qu\u2019est-ce que je fais pour les mauvaises raisons, ou m\u00eame pour des raisons qui ne sont pas les miennes? Qu\u2019est-ce que je porte dans mon sac de vie qui ne m\u2019appartient pas? De quoi j\u2019aimerais me lib\u00e9rer? Qu\u2019est ce qui \u00e9touffe la vie en moi? Et pourquoi je m\u2019y accroche?<\/p>\n<p style=\"text-align: justify;\">Le printemps est la saison d\u2019un renouveau, d\u2019une renaissance. Prenez le temps de reprendre contact avec vous-m\u00eame. Remonter \u00e0 votre source, \u00e0 ce qui fait votre essence m\u00eame et mettez en place des conditions qui favoriseront l\u2019\u00e9panouissement de votre \u00eatre. Allez-y enlevez les mauvaises herbes et faites de la place pour semer ce que vous d\u00e9sirez r\u00e9colter!<img data-recalc-dims=\"1\" loading=\"lazy\" decoding=\"async\" data-attachment-id=\"14\" data-permalink=\"https:\/\/bottesetvelo.com\/blog\/bottes-et-velo-le-blog\/bottes-et-velo-embleme\/\" data-orig-file=\"https:\/\/i0.wp.com\/bottesetvelo.com\/blog\/wp-content\/uploads\/2014\/01\/Bottes-et-V%C3%A9lo-Embl%C3%AAme-e1454083414631.jpg?fit=100%2C79&amp;ssl=1\" data-orig-size=\"100,79\" data-comments-opened=\"1\" data-image-meta=\"{&quot;aperture&quot;:&quot;0&quot;,&quot;credit&quot;:&quot;&quot;,&quot;camera&quot;:&quot;&quot;,&quot;caption&quot;:&quot;&quot;,&quot;created_timestamp&quot;:&quot;0&quot;,&quot;copyright&quot;:&quot;&quot;,&quot;focal_length&quot;:&quot;0&quot;,&quot;iso&quot;:&quot;0&quot;,&quot;shutter_speed&quot;:&quot;0&quot;,&quot;title&quot;:&quot;&quot;}\" data-image-title=\"Bottes et V\u00e9lo &amp;#8211; Embl\u00eame\" data-image-description=\"\" data-image-caption=\"\" data-large-file=\"https:\/\/i0.wp.com\/bottesetvelo.com\/blog\/wp-content\/uploads\/2014\/01\/Bottes-et-V%C3%A9lo-Embl%C3%AAme-e1454083414631.jpg?fit=100%2C79&amp;ssl=1\" class=\"alignright wp-image-14\" src=\"https:\/\/i0.wp.com\/bottesetvelo.com\/blog\/wp-content\/uploads\/2014\/01\/Bottes-et-V%C3%A9lo-Embl%C3%AAme.jpg?resize=59%2C46&#038;ssl=1\" alt=\"Bottes et V\u00e9lo - Embl\u00eame\" width=\"59\" height=\"46\" \/><\/p>\n<p>Brigitte Harouni<\/p>\n","protected":false},"excerpt":{"rendered":"<p>Il en faut vraiment peu pour \u00eatre heureux, Vraiment tr\u00e8s peu pour \u00eatre heureux, Il faut se satisfaire du n\u00e9cessaire. Baloo \u00c0 l\u2019aube de la civilisation, Confucius, ce grand philosophe chinois, disait\u00a0: \u00ab\u00a0Un bol de riz \u00e0 manger, de l\u2019eau \u00e0 boire et mon bras repli\u00e9 en guise d\u2019oreiller, et me voil\u00e0 heureux\u00a0\u00bb.\u00a0 Une fa\u00e7on&hellip;<\/p>\n","protected":false},"author":2,"featured_media":0,"comment_status":"open","ping_status":"open","sticky":false,"template":"","format":"standard","meta":{"jetpack_post_was_ever_published":false,"_jetpack_newsletter_access":"","_jetpack_dont_email_post_to_subs":false,"_jetpack_newsletter_tier_id":0,"_jetpack_memberships_contains_paywalled_content":false,"_jetpack_memberships_contains_paid_content":false,"footnotes":"","jetpack_publicize_message":"Se lib\u00e9rer pour mieux r\u00e9colter","jetpack_publicize_feature_enabled":true,"jetpack_social_post_already_shared":true,"jetpack_social_options":{"image_generator_settings":{"template":"highway","default_image_id":0,"font":"","enabled":false},"version":2}},"categories":[52,50,380,345,3],"tags":[275,109,273,96,38,99,98,94],"class_list":["post-2559","post","type-post","status-publish","format-standard","hentry","category-alternatives-de-vie","category-art-de-vivre","category-conscientisation","category-culture-de-consommation","category-reflexions","tag-art-de-vivre","tag-bonheur","tag-gouter-la-vie","tag-qualite-de-vie","tag-reflexion","tag-simplicite-volontaire","tag-surconsommation","tag-vivre-simplement"],"jetpack_publicize_connections":[],"jetpack_featured_media_url":"","jetpack_shortlink":"https:\/\/wp.me\/p4eY6z-Fh","jetpack_sharing_enabled":true,"jetpack_likes_enabled":true,"jetpack-related-posts":[],"_links":{"self":[{"href":"https:\/\/bottesetvelo.com\/blog\/wp-json\/wp\/v2\/posts\/2559","targetHints":{"allow":["GET"]}}],"collection":[{"href":"https:\/\/bottesetvelo.com\/blog\/wp-json\/wp\/v2\/posts"}],"about":[{"href":"https:\/\/bottesetvelo.com\/blog\/wp-json\/wp\/v2\/types\/post"}],"author":[{"embeddable":true,"href":"https:\/\/bottesetvelo.com\/blog\/wp-json\/wp\/v2\/users\/2"}],"replies":[{"embeddable":true,"href":"https:\/\/bottesetvelo.com\/blog\/wp-json\/wp\/v2\/comments?post=2559"}],"version-history":[{"count":1,"href":"https:\/\/bottesetvelo.com\/blog\/wp-json\/wp\/v2\/posts\/2559\/revisions"}],"predecessor-version":[{"id":2563,"href":"https:\/\/bottesetvelo.com\/blog\/wp-json\/wp\/v2\/posts\/2559\/revisions\/2563"}],"wp:attachment":[{"href":"https:\/\/bottesetvelo.com\/blog\/wp-json\/wp\/v2\/media?parent=2559"}],"wp:term":[{"taxonomy":"category","embeddable":true,"href":"https:\/\/bottesetvelo.com\/blog\/wp-json\/wp\/v2\/categories?post=2559"},{"taxonomy":"post_tag","embeddable":true,"href":"https:\/\/bottesetvelo.com\/blog\/wp-json\/wp\/v2\/tags?post=2559"}],"curies":[{"name":"wp","href":"https:\/\/api.w.org\/{rel}","templated":true}]}}