{"id":2534,"date":"2016-04-17T18:08:40","date_gmt":"2016-04-17T22:08:40","guid":{"rendered":"http:\/\/bottesetvelo.com\/blog\/?p=2534"},"modified":"2016-04-18T06:51:54","modified_gmt":"2016-04-18T10:51:54","slug":"16e-tour-de-lisle-aux-coudres-de-laqc-7-mai-2016","status":"publish","type":"post","link":"https:\/\/bottesetvelo.com\/blog\/2016\/04\/17\/16e-tour-de-lisle-aux-coudres-de-laqc-7-mai-2016\/","title":{"rendered":"16e Tour de l&rsquo;Isle-aux-Coudres de l&rsquo;AQC &#8211; 7 mai 2016"},"content":{"rendered":"<h5 style=\"text-align: justify;\"><span style=\"color: #003366;\"><span style=\"color: #800000;\">Le Traditionel Tour de l&rsquo;Isle-aux-Coudres de l&rsquo;Association du Qu\u00e9bec \u00e0 Compostelle (AQC) &#8211; R\u00e9gion de Qu\u00e9bec<\/span> arrive \u00e0 grand pas! <span style=\"color: #800000;\">Le samedi 7 mai est le rendez-vous<\/span> auquel elle nous convie, encore une fois cette ann\u00e9e, avec grand plaisir.<\/span><\/h5>\n<h5 style=\"text-align: justify;\"><strong><span style=\"color: #003366;\"><img data-recalc-dims=\"1\" loading=\"lazy\" decoding=\"async\" data-attachment-id=\"2540\" data-permalink=\"https:\/\/bottesetvelo.com\/blog\/2016\/04\/17\/16e-tour-de-lisle-aux-coudres-de-laqc-7-mai-2016\/2015-05-02-10-08-18-2\/\" data-orig-file=\"https:\/\/i0.wp.com\/bottesetvelo.com\/blog\/wp-content\/uploads\/2016\/04\/2015-05-02-10.08.18.jpg?fit=3216%2C2382&amp;ssl=1\" data-orig-size=\"3216,2382\" data-comments-opened=\"1\" data-image-meta=\"{&quot;aperture&quot;:&quot;2.6&quot;,&quot;credit&quot;:&quot;&quot;,&quot;camera&quot;:&quot;SGH-I747M&quot;,&quot;caption&quot;:&quot;&quot;,&quot;created_timestamp&quot;:&quot;1430561298&quot;,&quot;copyright&quot;:&quot;&quot;,&quot;focal_length&quot;:&quot;3.7&quot;,&quot;iso&quot;:&quot;50&quot;,&quot;shutter_speed&quot;:&quot;0.000686813186813&quot;,&quot;title&quot;:&quot;&quot;,&quot;orientation&quot;:&quot;1&quot;}\" data-image-title=\"Tour de l&amp;rsquo;Isle-aux-Coudres &amp;#8211; AQC\" data-image-description=\"\" data-image-caption=\"\" data-large-file=\"https:\/\/i0.wp.com\/bottesetvelo.com\/blog\/wp-content\/uploads\/2016\/04\/2015-05-02-10.08.18.jpg?fit=1024%2C758&amp;ssl=1\" class=\"alignright wp-image-2540\" src=\"https:\/\/i0.wp.com\/bottesetvelo.com\/blog\/wp-content\/uploads\/2016\/04\/2015-05-02-10.08.18.jpg?resize=250%2C185&#038;ssl=1\" alt=\"Tour de l'Isle-aux-Coudres - AQC\" width=\"250\" height=\"185\" srcset=\"https:\/\/i0.wp.com\/bottesetvelo.com\/blog\/wp-content\/uploads\/2016\/04\/2015-05-02-10.08.18.jpg?resize=500%2C370&amp;ssl=1 500w, https:\/\/i0.wp.com\/bottesetvelo.com\/blog\/wp-content\/uploads\/2016\/04\/2015-05-02-10.08.18.jpg?resize=768%2C569&amp;ssl=1 768w, https:\/\/i0.wp.com\/bottesetvelo.com\/blog\/wp-content\/uploads\/2016\/04\/2015-05-02-10.08.18.jpg?resize=1024%2C758&amp;ssl=1 1024w, https:\/\/i0.wp.com\/bottesetvelo.com\/blog\/wp-content\/uploads\/2016\/04\/2015-05-02-10.08.18.jpg?w=2340&amp;ssl=1 2340w\" sizes=\"auto, (max-width: 250px) 100vw, 250px\" \/><\/span><\/strong><\/h5>\n<p style=\"text-align: justify;\">Dans l&rsquo;histoire du p\u00e8lerinage de longue randonn\u00e9e, <span style=\"color: #003366;\"><strong>ce traditionnel tour de l&rsquo;ile est devenu un incontournable<\/strong><\/span> au Qu\u00e9bec: une activit\u00e9 rassembleuse, festive et conviviale dans un d\u00e9cor magnifique au centre du St-Laurent. <span style=\"color: #003366;\"><strong>Un \u00e9v\u00e9nement qui sans conteste marque l&rsquo;ouverture de la saison des p\u00e8lerinages au Qu\u00e9bec!<\/strong><\/span><\/p>\n<p style=\"text-align: justify;\"><a href=\"http:\/\/www.strategieswebinternational.com\/profils\/Boulangerie_Bouchard\"><img data-recalc-dims=\"1\" loading=\"lazy\" decoding=\"async\" data-attachment-id=\"2535\" data-permalink=\"https:\/\/bottesetvelo.com\/blog\/2016\/04\/17\/16e-tour-de-lisle-aux-coudres-de-laqc-7-mai-2016\/2015-05-02-13-11-09-2\/\" data-orig-file=\"https:\/\/i0.wp.com\/bottesetvelo.com\/blog\/wp-content\/uploads\/2016\/04\/2015-05-02-13.11.09.jpg?fit=2324%2C1499&amp;ssl=1\" data-orig-size=\"2324,1499\" data-comments-opened=\"1\" data-image-meta=\"{&quot;aperture&quot;:&quot;2.6&quot;,&quot;credit&quot;:&quot;&quot;,&quot;camera&quot;:&quot;SGH-I747M&quot;,&quot;caption&quot;:&quot;&quot;,&quot;created_timestamp&quot;:&quot;1430572269&quot;,&quot;copyright&quot;:&quot;&quot;,&quot;focal_length&quot;:&quot;3.7&quot;,&quot;iso&quot;:&quot;50&quot;,&quot;shutter_speed&quot;:&quot;0.000618811881188&quot;,&quot;title&quot;:&quot;&quot;,&quot;orientation&quot;:&quot;1&quot;}\" data-image-title=\"Tour de l&amp;rsquo;Isle-aux-Coudres &amp;#8211; AQC\" data-image-description=\"\" data-image-caption=\"\" data-large-file=\"https:\/\/i0.wp.com\/bottesetvelo.com\/blog\/wp-content\/uploads\/2016\/04\/2015-05-02-13.11.09.jpg?fit=1024%2C660&amp;ssl=1\" class=\"wp-image-2535 alignleft\" src=\"https:\/\/i0.wp.com\/bottesetvelo.com\/blog\/wp-content\/uploads\/2016\/04\/2015-05-02-13.11.09.jpg?resize=250%2C161&#038;ssl=1\" alt=\"Tour de l'Isle-aux-Coudres - AQC\" width=\"250\" height=\"161\" srcset=\"https:\/\/i0.wp.com\/bottesetvelo.com\/blog\/wp-content\/uploads\/2016\/04\/2015-05-02-13.11.09.jpg?resize=500%2C323&amp;ssl=1 500w, https:\/\/i0.wp.com\/bottesetvelo.com\/blog\/wp-content\/uploads\/2016\/04\/2015-05-02-13.11.09.jpg?resize=768%2C495&amp;ssl=1 768w, https:\/\/i0.wp.com\/bottesetvelo.com\/blog\/wp-content\/uploads\/2016\/04\/2015-05-02-13.11.09.jpg?resize=1024%2C660&amp;ssl=1 1024w\" sizes=\"auto, (max-width: 250px) 100vw, 250px\" \/><\/a>Venez parcourir ces 23 km au rythme du vent et des mar\u00e9es de l&rsquo;Isle-aux-Coudres. L&rsquo;activit\u00e9 est de niveau d\u00e9butant et est accessible \u00e0 tous. Il y a des haltes avec toilettes pr\u00e9vues un partout sur le parcours.\u00a0 Des navettes sont \u00e9galement disponible pour venir en aide aux personnes qui ne se sentiraient pas la capacit\u00e9 de compl\u00e9ter le parcours ou en cas d&rsquo;incident.<\/p>\n<p style=\"text-align: justify;\">\u00c0 surveiller, plusieurs h\u00e9bergements de la r\u00e9gion offre des rabais aux p\u00e8lerins qui viendront passer le weekend dans la r\u00e9gion de Baie-St-Paul. De plus, la boulangerie de l&rsquo;ile offre \u00e9galement des bo\u00eetes \u00e0 lunch ($) pour le d\u00eener qui se tiendra \u00e0 l&rsquo;\u00e9cole primaire, le jour du parcours. Suffit de r\u00e9server sa boite en les contactant: cliquez ici =&gt; <a href=\"http:\/\/www.strategieswebinternational.com\/profils\/Boulangerie_Bouchard\">Boulangerie Bouchard<\/a><\/p>\n<p style=\"text-align: justify;\"><a href=\"http:\/\/www.strategieswebinternational.com\/profils\/Boulangerie_Bouchard\"><img data-recalc-dims=\"1\" loading=\"lazy\" decoding=\"async\" data-attachment-id=\"2543\" data-permalink=\"https:\/\/bottesetvelo.com\/blog\/2016\/04\/17\/16e-tour-de-lisle-aux-coudres-de-laqc-7-mai-2016\/2015-05-02-12-11-49\/\" data-orig-file=\"https:\/\/i0.wp.com\/bottesetvelo.com\/blog\/wp-content\/uploads\/2016\/04\/2015-05-02-12.11.49.jpg?fit=2554%2C1884&amp;ssl=1\" data-orig-size=\"2554,1884\" data-comments-opened=\"1\" data-image-meta=\"{&quot;aperture&quot;:&quot;2.8&quot;,&quot;credit&quot;:&quot;&quot;,&quot;camera&quot;:&quot;iPhone 4&quot;,&quot;caption&quot;:&quot;&quot;,&quot;created_timestamp&quot;:&quot;1430568709&quot;,&quot;copyright&quot;:&quot;&quot;,&quot;focal_length&quot;:&quot;3.85&quot;,&quot;iso&quot;:&quot;80&quot;,&quot;shutter_speed&quot;:&quot;0.00053050397878&quot;,&quot;title&quot;:&quot;&quot;,&quot;orientation&quot;:&quot;1&quot;}\" data-image-title=\"Tour de l&amp;rsquo;Isle-aux-Coudres &amp;#8211; AQC\" data-image-description=\"\" data-image-caption=\"\" data-large-file=\"https:\/\/i0.wp.com\/bottesetvelo.com\/blog\/wp-content\/uploads\/2016\/04\/2015-05-02-12.11.49.jpg?fit=1024%2C755&amp;ssl=1\" class=\"alignright wp-image-2543\" src=\"https:\/\/i0.wp.com\/bottesetvelo.com\/blog\/wp-content\/uploads\/2016\/04\/2015-05-02-12.11.49.jpg?resize=250%2C184&#038;ssl=1\" alt=\"Tour de l'Isle-aux-Coudres - AQC\" width=\"250\" height=\"184\" srcset=\"https:\/\/i0.wp.com\/bottesetvelo.com\/blog\/wp-content\/uploads\/2016\/04\/2015-05-02-12.11.49.jpg?resize=500%2C369&amp;ssl=1 500w, https:\/\/i0.wp.com\/bottesetvelo.com\/blog\/wp-content\/uploads\/2016\/04\/2015-05-02-12.11.49.jpg?resize=768%2C567&amp;ssl=1 768w, https:\/\/i0.wp.com\/bottesetvelo.com\/blog\/wp-content\/uploads\/2016\/04\/2015-05-02-12.11.49.jpg?resize=1024%2C755&amp;ssl=1 1024w, https:\/\/i0.wp.com\/bottesetvelo.com\/blog\/wp-content\/uploads\/2016\/04\/2015-05-02-12.11.49.jpg?w=2340&amp;ssl=1 2340w\" sizes=\"auto, (max-width: 250px) 100vw, 250px\" \/><\/a><strong><span style=\"color: #003366;\">Des frais? Cette activit\u00e9 est gratuite! L&rsquo;AQC de Qu\u00e9bec passera cependant la chapeau en fin de journ\u00e9e.<\/span><\/strong>\u00a0<span style=\"color: #800000;\"><strong>Nous vous invitons \u00e0 \u00eatre aussi g\u00e9n\u00e9reux qu&rsquo;ils le sont en temps et en \u00e9nergie pour la r\u00e9alisation de cette activit\u00e9!<\/strong><\/span> Pour plus de d\u00e9tails concernant l&rsquo;activit\u00e9, vous pouvez contacter: Denise Tardif 418 806-3876 ou \u00e9crire \u00e0 l&rsquo;adresse suivante: <a href=\"mailto:quebec.marche@duquebecacompostelle.org\">quebec.marche@duquebecacompostelle.org<\/a> ou consulter le site internet de l&rsquo;Association du Qu\u00e9bec \u00e0 Compostelle: <a href=\"http:\/\/www.duquebecacompostelle.org\">http:\/\/www.duquebecacompostelle.org\u00a0<\/a><\/p>\n<p style=\"text-align: justify;\"><a href=\"http:\/\/www.duquebecacompostelle.org\"><img data-recalc-dims=\"1\" loading=\"lazy\" decoding=\"async\" data-attachment-id=\"2538\" data-permalink=\"https:\/\/bottesetvelo.com\/blog\/2016\/04\/17\/16e-tour-de-lisle-aux-coudres-de-laqc-7-mai-2016\/2015-05-02-13-05-00-2\/\" data-orig-file=\"https:\/\/i0.wp.com\/bottesetvelo.com\/blog\/wp-content\/uploads\/2016\/04\/2015-05-02-13.05.00.jpg?fit=3264%2C2178&amp;ssl=1\" data-orig-size=\"3264,2178\" data-comments-opened=\"1\" data-image-meta=\"{&quot;aperture&quot;:&quot;2.6&quot;,&quot;credit&quot;:&quot;&quot;,&quot;camera&quot;:&quot;SGH-I747M&quot;,&quot;caption&quot;:&quot;&quot;,&quot;created_timestamp&quot;:&quot;1430571900&quot;,&quot;copyright&quot;:&quot;&quot;,&quot;focal_length&quot;:&quot;3.7&quot;,&quot;iso&quot;:&quot;50&quot;,&quot;shutter_speed&quot;:&quot;0.000517598343685&quot;,&quot;title&quot;:&quot;&quot;,&quot;orientation&quot;:&quot;1&quot;}\" data-image-title=\"Tour de l&amp;rsquo;Isle-aux-Coudres &amp;#8211; AQC\" data-image-description=\"\" data-image-caption=\"\" data-large-file=\"https:\/\/i0.wp.com\/bottesetvelo.com\/blog\/wp-content\/uploads\/2016\/04\/2015-05-02-13.05.00.jpg?fit=1024%2C683&amp;ssl=1\" class=\"wp-image-2538 alignleft\" src=\"https:\/\/i0.wp.com\/bottesetvelo.com\/blog\/wp-content\/uploads\/2016\/04\/2015-05-02-13.05.00.jpg?resize=250%2C167&#038;ssl=1\" alt=\"Tour de l'Isle-aux-Coudres - AQC\" width=\"250\" height=\"167\" srcset=\"https:\/\/i0.wp.com\/bottesetvelo.com\/blog\/wp-content\/uploads\/2016\/04\/2015-05-02-13.05.00.jpg?resize=500%2C334&amp;ssl=1 500w, https:\/\/i0.wp.com\/bottesetvelo.com\/blog\/wp-content\/uploads\/2016\/04\/2015-05-02-13.05.00.jpg?resize=768%2C512&amp;ssl=1 768w, https:\/\/i0.wp.com\/bottesetvelo.com\/blog\/wp-content\/uploads\/2016\/04\/2015-05-02-13.05.00.jpg?resize=1024%2C683&amp;ssl=1 1024w, https:\/\/i0.wp.com\/bottesetvelo.com\/blog\/wp-content\/uploads\/2016\/04\/2015-05-02-13.05.00.jpg?w=2340&amp;ssl=1 2340w\" sizes=\"auto, (max-width: 250px) 100vw, 250px\" \/><\/a>Bottes et v\u00e9lo sera pr\u00e9sent pour une troisi\u00e8me ann\u00e9e cons\u00e9cutive. Mais, en r\u00e9alit\u00e9, pour Brigitte et moi, c&rsquo;est pour une 7i\u00e8me ann\u00e9e d&rsquo;affil\u00e9e que nous prenons plaisir \u00e0 relever ce d\u00e9fi. Nous prendrons le bateau de 8h30, si c&rsquo;est possible&#8230; Comme nous sommes de plus en plus nombreux \u00e0 prendre part \u00e0 cette activit\u00e9, alors on ne sait pas ce qui nous attend et nous nous adapterons. <span style=\"color: #003366;\"><strong>L&rsquo;an dernier nous \u00e9tions pr\u00e8s de 1000 participants!<\/strong><\/span> Pour vous joindre \u00e0 nous, consultez l&rsquo;\u00e9v\u00e9nement sur notre page facebook: <a href=\"https:\/\/www.facebook.com\/events\/1573047449680367\/\">Le traditionel tour de l&rsquo;Isle-aux-Coudres de l&rsquo;AQC<\/a><\/p>\n<p style=\"text-align: justify;\">Alors, c&rsquo;est un rendez-vous: samedi, 7 mai!<\/p>\n<p style=\"text-align: justify;\">Ultre\u00efa!<img data-recalc-dims=\"1\" loading=\"lazy\" decoding=\"async\" data-attachment-id=\"14\" data-permalink=\"https:\/\/bottesetvelo.com\/blog\/bottes-et-velo-le-blog\/bottes-et-velo-embleme\/\" data-orig-file=\"https:\/\/i0.wp.com\/bottesetvelo.com\/blog\/wp-content\/uploads\/2014\/01\/Bottes-et-V%C3%A9lo-Embl%C3%AAme-e1454083414631.jpg?fit=100%2C79&amp;ssl=1\" data-orig-size=\"100,79\" data-comments-opened=\"1\" data-image-meta=\"{&quot;aperture&quot;:&quot;0&quot;,&quot;credit&quot;:&quot;&quot;,&quot;camera&quot;:&quot;&quot;,&quot;caption&quot;:&quot;&quot;,&quot;created_timestamp&quot;:&quot;0&quot;,&quot;copyright&quot;:&quot;&quot;,&quot;focal_length&quot;:&quot;0&quot;,&quot;iso&quot;:&quot;0&quot;,&quot;shutter_speed&quot;:&quot;0&quot;,&quot;title&quot;:&quot;&quot;}\" data-image-title=\"Bottes et V\u00e9lo &amp;#8211; Embl\u00eame\" data-image-description=\"\" data-image-caption=\"\" data-large-file=\"https:\/\/i0.wp.com\/bottesetvelo.com\/blog\/wp-content\/uploads\/2014\/01\/Bottes-et-V%C3%A9lo-Embl%C3%AAme-e1454083414631.jpg?fit=100%2C79&amp;ssl=1\" class=\"alignright wp-image-14\" src=\"https:\/\/i0.wp.com\/bottesetvelo.com\/blog\/wp-content\/uploads\/2014\/01\/Bottes-et-V%C3%A9lo-Embl%C3%AAme.jpg?resize=64%2C50&#038;ssl=1\" alt=\"Bottes et V\u00e9lo - Embl\u00eame\" width=\"64\" height=\"50\" \/><\/p>\n<p>\u00c9ric Lalibert\u00e9 et Brigitte Harouni<\/p>\n","protected":false},"excerpt":{"rendered":"<p>Le Traditionel Tour de l&rsquo;Isle-aux-Coudres de l&rsquo;Association du Qu\u00e9bec \u00e0 Compostelle (AQC) &#8211; R\u00e9gion de Qu\u00e9bec arrive \u00e0 grand pas! Le samedi 7 mai est le rendez-vous auquel elle nous convie, encore une fois cette ann\u00e9e, avec grand plaisir. Dans l&rsquo;histoire du p\u00e8lerinage de longue randonn\u00e9e, ce traditionnel tour de l&rsquo;ile est devenu un incontournable&hellip;<\/p>\n","protected":false},"author":3,"featured_media":0,"comment_status":"open","ping_status":"open","sticky":false,"template":"","format":"standard","meta":{"jetpack_post_was_ever_published":false,"_jetpack_newsletter_access":"","_jetpack_dont_email_post_to_subs":false,"_jetpack_newsletter_tier_id":0,"_jetpack_memberships_contains_paywalled_content":false,"_jetpack_memberships_contains_paid_content":false,"footnotes":"","jetpack_publicize_message":"16e Tour de l'Isle-aux-Coudres de l'AQC - 7 mai 2016","jetpack_publicize_feature_enabled":true,"jetpack_social_post_already_shared":true,"jetpack_social_options":{"image_generator_settings":{"template":"highway","default_image_id":0,"font":"","enabled":false},"version":2}},"categories":[56],"tags":[387,62,14,13,19,207],"class_list":["post-2534","post","type-post","status-publish","format-standard","hentry","category-activites","tag-387","tag-association-du-quebec-a-compostelle","tag-marche","tag-pelerinage","tag-randonnee","tag-tour-de-lisle-aux-coudres"],"jetpack_publicize_connections":[],"jetpack_featured_media_url":"","jetpack_shortlink":"https:\/\/wp.me\/p4eY6z-ES","jetpack_sharing_enabled":true,"jetpack_likes_enabled":true,"jetpack-related-posts":[],"_links":{"self":[{"href":"https:\/\/bottesetvelo.com\/blog\/wp-json\/wp\/v2\/posts\/2534","targetHints":{"allow":["GET"]}}],"collection":[{"href":"https:\/\/bottesetvelo.com\/blog\/wp-json\/wp\/v2\/posts"}],"about":[{"href":"https:\/\/bottesetvelo.com\/blog\/wp-json\/wp\/v2\/types\/post"}],"author":[{"embeddable":true,"href":"https:\/\/bottesetvelo.com\/blog\/wp-json\/wp\/v2\/users\/3"}],"replies":[{"embeddable":true,"href":"https:\/\/bottesetvelo.com\/blog\/wp-json\/wp\/v2\/comments?post=2534"}],"version-history":[{"count":18,"href":"https:\/\/bottesetvelo.com\/blog\/wp-json\/wp\/v2\/posts\/2534\/revisions"}],"predecessor-version":[{"id":2558,"href":"https:\/\/bottesetvelo.com\/blog\/wp-json\/wp\/v2\/posts\/2534\/revisions\/2558"}],"wp:attachment":[{"href":"https:\/\/bottesetvelo.com\/blog\/wp-json\/wp\/v2\/media?parent=2534"}],"wp:term":[{"taxonomy":"category","embeddable":true,"href":"https:\/\/bottesetvelo.com\/blog\/wp-json\/wp\/v2\/categories?post=2534"},{"taxonomy":"post_tag","embeddable":true,"href":"https:\/\/bottesetvelo.com\/blog\/wp-json\/wp\/v2\/tags?post=2534"}],"curies":[{"name":"wp","href":"https:\/\/api.w.org\/{rel}","templated":true}]}}