{"id":2526,"date":"2016-04-15T16:38:00","date_gmt":"2016-04-15T20:38:00","guid":{"rendered":"http:\/\/bottesetvelo.com\/blog\/?p=2526"},"modified":"2016-04-15T16:38:00","modified_gmt":"2016-04-15T20:38:00","slug":"nos-blessures-vont-si-bien-ensemble","status":"publish","type":"post","link":"https:\/\/bottesetvelo.com\/blog\/2016\/04\/15\/nos-blessures-vont-si-bien-ensemble\/","title":{"rendered":"Nos blessures vont si bien ensemble!"},"content":{"rendered":"<h6 style=\"text-align: right;\"><em>La clart\u00e9 ne nait pas de ce qu&rsquo;on imagine le clair,<\/em><br \/>\n<em>mais de ce qu&rsquo;on prend conscience de l&rsquo;obscur.<\/em><br \/>\n<em>Carl Gustav Jung<\/em><\/h6>\n<h5 style=\"text-align: justify;\"><span style=\"color: #003366;\">Ah, les blessures du p\u00e8lerin! Elles sont nombreuses et de toutes sortes! Pas toujours physiques, elles sont parfois morales aussi. Apr\u00e8s une longue journ\u00e9e de marche, le soir venu, chacun frotte son petit bobo en riant, en souriant, en grima\u00e7ant. Parfois m\u00eame\u2026 en pleurant. Les blessures nous parlent, c\u2019est certain, mais elles communiquent entre elles aussi. Elles nous rassemblent dans la qu\u00eate d\u2019un meilleur qui parle \u00e0 travers nos corps.<\/span><\/h5>\n<p style=\"text-align: justify;\">\n<p style=\"text-align: justify;\"><img data-recalc-dims=\"1\" loading=\"lazy\" decoding=\"async\" data-attachment-id=\"2528\" data-permalink=\"https:\/\/bottesetvelo.com\/blog\/2016\/04\/15\/nos-blessures-vont-si-bien-ensemble\/tired-hikers-249683_1280\/\" data-orig-file=\"https:\/\/i0.wp.com\/bottesetvelo.com\/blog\/wp-content\/uploads\/2016\/04\/tired-hikers-249683_1280.jpg?fit=1280%2C960&amp;ssl=1\" data-orig-size=\"1280,960\" data-comments-opened=\"1\" data-image-meta=\"{&quot;aperture&quot;:&quot;0&quot;,&quot;credit&quot;:&quot;&quot;,&quot;camera&quot;:&quot;&quot;,&quot;caption&quot;:&quot;&quot;,&quot;created_timestamp&quot;:&quot;0&quot;,&quot;copyright&quot;:&quot;&quot;,&quot;focal_length&quot;:&quot;0&quot;,&quot;iso&quot;:&quot;0&quot;,&quot;shutter_speed&quot;:&quot;0&quot;,&quot;title&quot;:&quot;&quot;,&quot;orientation&quot;:&quot;0&quot;}\" data-image-title=\"Randonneurs fatigu\u00e9s\" data-image-description=\"\" data-image-caption=\"\" data-large-file=\"https:\/\/i0.wp.com\/bottesetvelo.com\/blog\/wp-content\/uploads\/2016\/04\/tired-hikers-249683_1280.jpg?fit=1024%2C768&amp;ssl=1\" class=\"alignright wp-image-2528\" src=\"https:\/\/i0.wp.com\/bottesetvelo.com\/blog\/wp-content\/uploads\/2016\/04\/tired-hikers-249683_1280.jpg?resize=350%2C263&#038;ssl=1\" alt=\"Randonneurs fatigu\u00e9s\" width=\"350\" height=\"263\" srcset=\"https:\/\/i0.wp.com\/bottesetvelo.com\/blog\/wp-content\/uploads\/2016\/04\/tired-hikers-249683_1280.jpg?resize=500%2C375&amp;ssl=1 500w, https:\/\/i0.wp.com\/bottesetvelo.com\/blog\/wp-content\/uploads\/2016\/04\/tired-hikers-249683_1280.jpg?resize=768%2C576&amp;ssl=1 768w, https:\/\/i0.wp.com\/bottesetvelo.com\/blog\/wp-content\/uploads\/2016\/04\/tired-hikers-249683_1280.jpg?resize=1024%2C768&amp;ssl=1 1024w, https:\/\/i0.wp.com\/bottesetvelo.com\/blog\/wp-content\/uploads\/2016\/04\/tired-hikers-249683_1280.jpg?w=1280&amp;ssl=1 1280w\" sizes=\"auto, (max-width: 350px) 100vw, 350px\" \/>Quand la journ\u00e9e de p\u00e8lerinage prend fin, on voit, un peu partout dans l\u2019auberge, des petits groupes se former. Chacun se regroupe selon sa blessure. Ceux-ci soignent leurs ampoules. Ceux-l\u00e0 s\u2019\u00e9changent des cr\u00e8mes. De ce c\u00f4t\u00e9-ci, on s\u2019offre des massages. Dans un autre coin, on se raconte les hauts et les bas de la journ\u00e9e, certaines blessures du pass\u00e9 qui commencent \u00e0 remonter\u2026 Les blessures du p\u00e8lerin sont multiples\u00a0: ampoules, douleurs musculaires, \u00e9puisement, coup de soleil, d\u00e9shydratation, etc. Mais il y a aussi toutes ces blessures par orgueil, par ennui, par d\u00e9ception, par rejet\u2026 Les blessures du chemin, m\u00eame si on n\u2019en garde que tr\u00e8s peu de souvenir, font partie du voyage. Elles sont l\u2019enjeu de la r\u00e9solution du p\u00e8lerin. En elles, le p\u00e8lerin se d\u00e9couvre et se r\u00e9sout comme une \u00e9quation. En elles, je d\u00e9couvre mon rapport \u00e0 la vie, \u00e0 l\u2019autre.<\/p>\n<p style=\"text-align: justify;\">Le p\u00e8lerinage nous plonge profond\u00e9ment en nous. Notre agitation quotidienne ayant disparue, nous voil\u00e0 face \u00e0 nous-m\u00eame, nu devant l\u2019autre. C\u2019est dans ce face \u00e0 face que nous allons nous \u00e9veiller, nous entraider. Et c\u2019est ce qui fait la beaut\u00e9 du chemin\u00a0! <img data-recalc-dims=\"1\" loading=\"lazy\" decoding=\"async\" data-attachment-id=\"2527\" data-permalink=\"https:\/\/bottesetvelo.com\/blog\/2016\/04\/15\/nos-blessures-vont-si-bien-ensemble\/children-1149671_1920\/\" data-orig-file=\"https:\/\/i0.wp.com\/bottesetvelo.com\/blog\/wp-content\/uploads\/2016\/04\/children-1149671_1920.jpg?fit=1920%2C1278&amp;ssl=1\" data-orig-size=\"1920,1278\" data-comments-opened=\"1\" data-image-meta=\"{&quot;aperture&quot;:&quot;0&quot;,&quot;credit&quot;:&quot;&quot;,&quot;camera&quot;:&quot;&quot;,&quot;caption&quot;:&quot;&quot;,&quot;created_timestamp&quot;:&quot;0&quot;,&quot;copyright&quot;:&quot;&quot;,&quot;focal_length&quot;:&quot;0&quot;,&quot;iso&quot;:&quot;0&quot;,&quot;shutter_speed&quot;:&quot;0&quot;,&quot;title&quot;:&quot;&quot;,&quot;orientation&quot;:&quot;0&quot;}\" data-image-title=\"enfants\" data-image-description=\"\" data-image-caption=\"\" data-large-file=\"https:\/\/i0.wp.com\/bottesetvelo.com\/blog\/wp-content\/uploads\/2016\/04\/children-1149671_1920.jpg?fit=1024%2C682&amp;ssl=1\" class=\"wp-image-2527 alignleft\" src=\"https:\/\/i0.wp.com\/bottesetvelo.com\/blog\/wp-content\/uploads\/2016\/04\/children-1149671_1920.jpg?resize=350%2C233&#038;ssl=1\" alt=\"enfants\" width=\"350\" height=\"233\" srcset=\"https:\/\/i0.wp.com\/bottesetvelo.com\/blog\/wp-content\/uploads\/2016\/04\/children-1149671_1920.jpg?resize=500%2C333&amp;ssl=1 500w, https:\/\/i0.wp.com\/bottesetvelo.com\/blog\/wp-content\/uploads\/2016\/04\/children-1149671_1920.jpg?resize=768%2C511&amp;ssl=1 768w, https:\/\/i0.wp.com\/bottesetvelo.com\/blog\/wp-content\/uploads\/2016\/04\/children-1149671_1920.jpg?resize=1024%2C682&amp;ssl=1 1024w, https:\/\/i0.wp.com\/bottesetvelo.com\/blog\/wp-content\/uploads\/2016\/04\/children-1149671_1920.jpg?w=1920&amp;ssl=1 1920w\" sizes=\"auto, (max-width: 350px) 100vw, 350px\" \/>Sur la route, les p\u00e8lerins sont attentifs \u00e0 ce qui se joue non seulement en eux, mais aussi autour d\u2019eux. <strong><span style=\"color: #003366;\">Sensibles \u00e0 cette r\u00e9alit\u00e9, de l\u2019\u00eatre bless\u00e9 qui s\u2019est mis en marche en qu\u00eate d\u2019un meilleur, les p\u00e8lerins prennent soin les uns des autres.<\/span><\/strong><\/p>\n<p style=\"text-align: justify;\">\u00c9trangement, nos blessures nous rassemblent. \u00c0 travers elles, nous nous \u00e9paulons, nous nous encourageons, nous nous observons. Elles nous obligent \u00e0 l\u2019introspection\u00a0: pourquoi ne me suis-je pas arr\u00eat\u00e9 pour faire le plein d\u2019eau? Pourquoi ne me suis-je pas repos\u00e9 quand c\u2019\u00e9tait le temps? Pourquoi n\u2019ai-je pas mis de cr\u00e8me solaire? Pourquoi ai-je march\u00e9 si longtemps? Toutes ces questions, que mes blessures allument, en disent long sur mon rapport \u00e0 la vie, mais aussi, sur mon rapport aux autres. Si je me blesse de cette mani\u00e8re, c\u2019est que je suis le r\u00e9sultat d\u2019un milieu et d\u2019un parcours de vie qui m\u2019a incit\u00e9 \u00e0 me construire dans un tel comportement. <strong><span style=\"color: #003366;\">Personne ne cherche la souffrance!<\/span> <\/strong>Pourtant, il y a des souffrances que j\u2019aurais pu \u00e9viter si j\u2019avais eu conscience de certaines blessures qui me viennent de mon histoire de vie.<\/p>\n<p style=\"text-align: justify;\"><img data-recalc-dims=\"1\" loading=\"lazy\" decoding=\"async\" data-attachment-id=\"2530\" data-permalink=\"https:\/\/bottesetvelo.com\/blog\/2016\/04\/15\/nos-blessures-vont-si-bien-ensemble\/plush-teddy-bear-1082525_1280\/\" data-orig-file=\"https:\/\/i0.wp.com\/bottesetvelo.com\/blog\/wp-content\/uploads\/2016\/04\/plush-teddy-bear-1082525_1280.jpg?fit=1280%2C960&amp;ssl=1\" data-orig-size=\"1280,960\" data-comments-opened=\"1\" data-image-meta=\"{&quot;aperture&quot;:&quot;0&quot;,&quot;credit&quot;:&quot;&quot;,&quot;camera&quot;:&quot;&quot;,&quot;caption&quot;:&quot;&quot;,&quot;created_timestamp&quot;:&quot;0&quot;,&quot;copyright&quot;:&quot;&quot;,&quot;focal_length&quot;:&quot;0&quot;,&quot;iso&quot;:&quot;0&quot;,&quot;shutter_speed&quot;:&quot;0&quot;,&quot;title&quot;:&quot;&quot;,&quot;orientation&quot;:&quot;0&quot;}\" data-image-title=\"ourson peluche\" data-image-description=\"\" data-image-caption=\"\" data-large-file=\"https:\/\/i0.wp.com\/bottesetvelo.com\/blog\/wp-content\/uploads\/2016\/04\/plush-teddy-bear-1082525_1280.jpg?fit=1024%2C768&amp;ssl=1\" class=\"alignright wp-image-2530\" src=\"https:\/\/i0.wp.com\/bottesetvelo.com\/blog\/wp-content\/uploads\/2016\/04\/plush-teddy-bear-1082525_1280.jpg?resize=250%2C188&#038;ssl=1\" alt=\"ourson peluche\" width=\"250\" height=\"188\" srcset=\"https:\/\/i0.wp.com\/bottesetvelo.com\/blog\/wp-content\/uploads\/2016\/04\/plush-teddy-bear-1082525_1280.jpg?resize=500%2C375&amp;ssl=1 500w, https:\/\/i0.wp.com\/bottesetvelo.com\/blog\/wp-content\/uploads\/2016\/04\/plush-teddy-bear-1082525_1280.jpg?resize=768%2C576&amp;ssl=1 768w, https:\/\/i0.wp.com\/bottesetvelo.com\/blog\/wp-content\/uploads\/2016\/04\/plush-teddy-bear-1082525_1280.jpg?resize=1024%2C768&amp;ssl=1 1024w, https:\/\/i0.wp.com\/bottesetvelo.com\/blog\/wp-content\/uploads\/2016\/04\/plush-teddy-bear-1082525_1280.jpg?w=1280&amp;ssl=1 1280w\" sizes=\"auto, (max-width: 250px) 100vw, 250px\" \/><span style=\"color: #003366;\"><strong>Dans le quotidien de nos vies, la blessure nous tend un pi\u00e8ge.<\/strong> <\/span>Elle ne nous rassemble pas toujours pour les bonnes raisons. C\u2019est une des premi\u00e8res prises de conscience que fera le p\u00e8lerin. Il arrive souvent que dans l\u2019ajustement de nos blessures, nous entretenions, mutuellement et inconsciemment, nos souffrances. On se compl\u00e8te \u00e0 travers la douleur, souvent \u00e0 bon escient, malheureusement parfois aussi, on s\u2019y meurtri davantage. Inconsciemment, je cherche celui, celle, qui me fera souffrir; qui entretiendra cette mani\u00e8re d\u2019\u00eatre en relation que j\u2019ai d\u00e9velopp\u00e9e pour compenser mes blessures. Comme s\u2019il me convenait d\u2019avoir quelqu\u2019un dans mon entourage qui saura mettre le doigt sur le bobo et peser juste assez fort pour me faire r\u00e9agir.<\/p>\n<p style=\"text-align: justify;\">Celui ou celle qui a une mauvaise estime trouvera la personne qui saura maintenir sa posture de mal-aim\u00e9. Celui ou celle qui a \u00e9t\u00e9 \u00e9lev\u00e9 dans la critique, et qui en a souffert, trouvera facile de se coller \u00e0 une telle personne pour la critiquer en toute aisance. Celui, celle qui a de la difficult\u00e9 \u00e0 assumer ses responsabilit\u00e9s trouvera la personne qui le prendra en main. Celui, celle qui a besoin de se sentir utile et se sent responsable de tout, se fera un plaisir de \u00ab\u00a0venir en aide\u00a0\u00bb \u00e0 cette personne. Deux personnes en manque d\u2019amour se trouveront ais\u00e9ment, puisqu\u2019elles cherchent toutes les deux ce que l\u2019autre ne peut pas leur offrir. Inconsciemment, ma blessure cherche \u00e0 \u00eatre entretenue.<\/p>\n<p style=\"text-align: justify;\">Comment se sortir de cette impasse? D\u2019abord prendre conscience de ce rapport \u00e0 l\u2019autre. Tant que ma blessure demeure inconsciente, je cherche ce qui lui r\u00e9pond et la maintient. C\u2019est ma zone de confort. Je me reconnais dans ces moments. Ma r\u00e9action me rassure. <span style=\"color: #003366;\"><strong><img data-recalc-dims=\"1\" loading=\"lazy\" decoding=\"async\" data-attachment-id=\"2529\" data-permalink=\"https:\/\/bottesetvelo.com\/blog\/2016\/04\/15\/nos-blessures-vont-si-bien-ensemble\/people-690105_1280\/\" data-orig-file=\"https:\/\/i0.wp.com\/bottesetvelo.com\/blog\/wp-content\/uploads\/2016\/04\/people-690105_1280.jpg?fit=1280%2C1173&amp;ssl=1\" data-orig-size=\"1280,1173\" data-comments-opened=\"1\" data-image-meta=\"{&quot;aperture&quot;:&quot;0&quot;,&quot;credit&quot;:&quot;&quot;,&quot;camera&quot;:&quot;&quot;,&quot;caption&quot;:&quot;&quot;,&quot;created_timestamp&quot;:&quot;0&quot;,&quot;copyright&quot;:&quot;&quot;,&quot;focal_length&quot;:&quot;0&quot;,&quot;iso&quot;:&quot;0&quot;,&quot;shutter_speed&quot;:&quot;0&quot;,&quot;title&quot;:&quot;&quot;,&quot;orientation&quot;:&quot;0&quot;}\" data-image-title=\"foule rassembl\u00e9e\" data-image-description=\"\" data-image-caption=\"\" data-large-file=\"https:\/\/i0.wp.com\/bottesetvelo.com\/blog\/wp-content\/uploads\/2016\/04\/people-690105_1280.jpg?fit=1024%2C938&amp;ssl=1\" class=\"wp-image-2529 alignleft\" src=\"https:\/\/i0.wp.com\/bottesetvelo.com\/blog\/wp-content\/uploads\/2016\/04\/people-690105_1280.jpg?resize=306%2C281&#038;ssl=1\" alt=\"foule rassembl\u00e9e\" width=\"306\" height=\"281\" srcset=\"https:\/\/i0.wp.com\/bottesetvelo.com\/blog\/wp-content\/uploads\/2016\/04\/people-690105_1280.jpg?resize=500%2C458&amp;ssl=1 500w, https:\/\/i0.wp.com\/bottesetvelo.com\/blog\/wp-content\/uploads\/2016\/04\/people-690105_1280.jpg?resize=768%2C704&amp;ssl=1 768w, https:\/\/i0.wp.com\/bottesetvelo.com\/blog\/wp-content\/uploads\/2016\/04\/people-690105_1280.jpg?resize=1024%2C938&amp;ssl=1 1024w, https:\/\/i0.wp.com\/bottesetvelo.com\/blog\/wp-content\/uploads\/2016\/04\/people-690105_1280.jpg?w=1280&amp;ssl=1 1280w\" sizes=\"auto, (max-width: 306px) 100vw, 306px\" \/><\/strong><\/span>Je suis en terrain de connaissance. Mais est-ce le chemin que je veux suivre? M\u00e9fions-nous de ces situations qui nous blessent, nous agressent, et auxquelles nous nous attachons, de ces blessures que nous entretenons. <strong><span style=\"color: #003366;\">Si souvent on se regroupe pour se faire du bien, il arrive parfois que nos blessures vont si bien ensemble qu\u2019elles se retrouvent pour se faire souffrir.<\/span><\/strong> Prendre conscience de ses blessures devient ainsi le premier pas sur le chemin de la lib\u00e9ration.<\/p>\n<p style=\"text-align: justify;\">La souffrance n\u2019est pas inutile dans nos vies. Elle poss\u00e8de un langage qui est \u00e0 la racine de notre humanit\u00e9 et permet d\u2019en baliser la route en vue d\u2019un bien-\u00eatre. <strong><span style=\"color: #003366;\">Refuser de voir sa blessure, ce serait comme s\u2019ent\u00eater \u00e0 suivre les X rouges sur le chemin de Compostelle\u00a0: \u00e7a ne ferait que nous \u00e9loigner davantage de ce que nous recherchons.<\/span><\/strong><\/p>\n<p style=\"text-align: justify;\">Si le p\u00e8lerin se met en route, c\u2019est pour traverser sa souffrance, la regarder en face et s\u2019en lib\u00e9rer. S\u2019il se met en route, c\u2019est pour se mettre \u00e0 l\u2019\u00e9coute de son sanctuaire int\u00e9rieur et atteindre cet espace de pl\u00e9nitude.<img data-recalc-dims=\"1\" loading=\"lazy\" decoding=\"async\" data-attachment-id=\"14\" data-permalink=\"https:\/\/bottesetvelo.com\/blog\/bottes-et-velo-le-blog\/bottes-et-velo-embleme\/\" data-orig-file=\"https:\/\/i0.wp.com\/bottesetvelo.com\/blog\/wp-content\/uploads\/2014\/01\/Bottes-et-V%C3%A9lo-Embl%C3%AAme-e1454083414631.jpg?fit=100%2C79&amp;ssl=1\" data-orig-size=\"100,79\" data-comments-opened=\"1\" data-image-meta=\"{&quot;aperture&quot;:&quot;0&quot;,&quot;credit&quot;:&quot;&quot;,&quot;camera&quot;:&quot;&quot;,&quot;caption&quot;:&quot;&quot;,&quot;created_timestamp&quot;:&quot;0&quot;,&quot;copyright&quot;:&quot;&quot;,&quot;focal_length&quot;:&quot;0&quot;,&quot;iso&quot;:&quot;0&quot;,&quot;shutter_speed&quot;:&quot;0&quot;,&quot;title&quot;:&quot;&quot;}\" data-image-title=\"Bottes et V\u00e9lo &amp;#8211; Embl\u00eame\" data-image-description=\"\" data-image-caption=\"\" data-large-file=\"https:\/\/i0.wp.com\/bottesetvelo.com\/blog\/wp-content\/uploads\/2014\/01\/Bottes-et-V%C3%A9lo-Embl%C3%AAme-e1454083414631.jpg?fit=100%2C79&amp;ssl=1\" class=\"alignright  wp-image-14\" src=\"https:\/\/i0.wp.com\/bottesetvelo.com\/blog\/wp-content\/uploads\/2014\/01\/Bottes-et-V%C3%A9lo-Embl%C3%AAme.jpg?resize=82%2C64&#038;ssl=1\" alt=\"Bottes et V\u00e9lo - Embl\u00eame\" width=\"82\" height=\"64\" \/><\/p>\n<p style=\"text-align: justify;\">\u00c9ric Lalibert\u00e9<\/p>\n","protected":false},"excerpt":{"rendered":"<p>La clart\u00e9 ne nait pas de ce qu&rsquo;on imagine le clair, mais de ce qu&rsquo;on prend conscience de l&rsquo;obscur. Carl Gustav Jung Ah, les blessures du p\u00e8lerin! Elles sont nombreuses et de toutes sortes! Pas toujours physiques, elles sont parfois morales aussi. Apr\u00e8s une longue journ\u00e9e de marche, le soir venu, chacun frotte son petit&hellip;<\/p>\n","protected":false},"author":3,"featured_media":0,"comment_status":"open","ping_status":"open","sticky":false,"template":"","format":"standard","meta":{"jetpack_post_was_ever_published":false,"_jetpack_newsletter_access":"","_jetpack_dont_email_post_to_subs":false,"_jetpack_newsletter_tier_id":0,"_jetpack_memberships_contains_paywalled_content":false,"_jetpack_memberships_contains_paid_content":false,"footnotes":"","jetpack_publicize_message":"Nos blessures vont si bien ensemble!","jetpack_publicize_feature_enabled":true,"jetpack_social_post_already_shared":true,"jetpack_social_options":{"image_generator_settings":{"template":"highway","default_image_id":0,"font":"","enabled":false},"version":2}},"categories":[50,11,380,166,3,382,381],"tags":[103,383,221,384,129,13,385,124,386],"class_list":["post-2526","post","type-post","status-publish","format-standard","hentry","category-art-de-vivre","category-bien-etre-physique","category-conscientisation","category-demarche-du-pelerin","category-reflexions","category-resolution","category-transformation","tag-bien-etre","tag-blessure","tag-conscience","tag-effort","tag-entraide","tag-pelerinage","tag-prendre-soin","tag-souffrance","tag-verite"],"jetpack_publicize_connections":[],"jetpack_featured_media_url":"","jetpack_shortlink":"https:\/\/wp.me\/p4eY6z-EK","jetpack_sharing_enabled":true,"jetpack_likes_enabled":true,"jetpack-related-posts":[],"_links":{"self":[{"href":"https:\/\/bottesetvelo.com\/blog\/wp-json\/wp\/v2\/posts\/2526","targetHints":{"allow":["GET"]}}],"collection":[{"href":"https:\/\/bottesetvelo.com\/blog\/wp-json\/wp\/v2\/posts"}],"about":[{"href":"https:\/\/bottesetvelo.com\/blog\/wp-json\/wp\/v2\/types\/post"}],"author":[{"embeddable":true,"href":"https:\/\/bottesetvelo.com\/blog\/wp-json\/wp\/v2\/users\/3"}],"replies":[{"embeddable":true,"href":"https:\/\/bottesetvelo.com\/blog\/wp-json\/wp\/v2\/comments?post=2526"}],"version-history":[{"count":3,"href":"https:\/\/bottesetvelo.com\/blog\/wp-json\/wp\/v2\/posts\/2526\/revisions"}],"predecessor-version":[{"id":2533,"href":"https:\/\/bottesetvelo.com\/blog\/wp-json\/wp\/v2\/posts\/2526\/revisions\/2533"}],"wp:attachment":[{"href":"https:\/\/bottesetvelo.com\/blog\/wp-json\/wp\/v2\/media?parent=2526"}],"wp:term":[{"taxonomy":"category","embeddable":true,"href":"https:\/\/bottesetvelo.com\/blog\/wp-json\/wp\/v2\/categories?post=2526"},{"taxonomy":"post_tag","embeddable":true,"href":"https:\/\/bottesetvelo.com\/blog\/wp-json\/wp\/v2\/tags?post=2526"}],"curies":[{"name":"wp","href":"https:\/\/api.w.org\/{rel}","templated":true}]}}