{"id":2508,"date":"2016-04-08T17:50:25","date_gmt":"2016-04-08T21:50:25","guid":{"rendered":"http:\/\/bottesetvelo.com\/blog\/?p=2508"},"modified":"2016-04-08T17:50:25","modified_gmt":"2016-04-08T21:50:25","slug":"le-vrai-pelerin","status":"publish","type":"post","link":"https:\/\/bottesetvelo.com\/blog\/2016\/04\/08\/le-vrai-pelerin\/","title":{"rendered":"Le vrai p\u00e8lerin"},"content":{"rendered":"<h6 style=\"text-align: right;\"><em><strong>Si je ne suis pas moi, qui le sera?<\/strong><\/em><br \/>\n<em><strong> Henry David Thoreau<\/strong><\/em><\/h6>\n<h5 style=\"text-align: justify;\"><span style=\"color: #003366;\">\u00c0 l\u2019origine, le p\u00e8lerin \u00e9tait cet homme qui partait de son domicile \u00e0 pied pour aller vers un sanctuaire, pour expier ses fautes, \u00eatre lib\u00e9r\u00e9 de ses p\u00each\u00e9s ou encore demander des faveurs. Aujourd\u2019hui, sans \u00eatre forc\u00e9ment aussi d\u00e9votes, plusieurs personnes ressentent cet appel qui les am\u00e8ne \u00e0 entreprendre un long p\u00e8lerinage. Sur les chemins de <\/span><span style=\"color: #333333;\"><img data-recalc-dims=\"1\" loading=\"lazy\" decoding=\"async\" data-attachment-id=\"2514\" data-permalink=\"https:\/\/bottesetvelo.com\/blog\/2016\/04\/08\/le-vrai-pelerin\/img_1213879258a9b54441978b7cd044183dab09\/\" data-orig-file=\"https:\/\/i0.wp.com\/bottesetvelo.com\/blog\/wp-content\/uploads\/2016\/04\/IMG_1213%40879258a9b54441978b7cd044183dab09.jpg?fit=2592%2C1936&amp;ssl=1\" data-orig-size=\"2592,1936\" data-comments-opened=\"1\" data-image-meta=\"{&quot;aperture&quot;:&quot;2.8&quot;,&quot;credit&quot;:&quot;&quot;,&quot;camera&quot;:&quot;iPhone 4&quot;,&quot;caption&quot;:&quot;&quot;,&quot;created_timestamp&quot;:&quot;1374320695&quot;,&quot;copyright&quot;:&quot;&quot;,&quot;focal_length&quot;:&quot;3.85&quot;,&quot;iso&quot;:&quot;80&quot;,&quot;shutter_speed&quot;:&quot;0.00106044538706&quot;,&quot;title&quot;:&quot;&quot;,&quot;orientation&quot;:&quot;1&quot;}\" data-image-title=\"IMG_1213@879258a9b54441978b7cd044183dab09\" data-image-description=\"\" data-image-caption=\"\" data-large-file=\"https:\/\/i0.wp.com\/bottesetvelo.com\/blog\/wp-content\/uploads\/2016\/04\/IMG_1213%40879258a9b54441978b7cd044183dab09.jpg?fit=1024%2C765&amp;ssl=1\" class=\"alignright wp-image-2514\" src=\"https:\/\/i0.wp.com\/bottesetvelo.com\/blog\/wp-content\/uploads\/2016\/04\/IMG_1213%40879258a9b54441978b7cd044183dab09.jpg?resize=300%2C224&#038;ssl=1\" alt=\"IMG_1213@879258a9b54441978b7cd044183dab09\" width=\"300\" height=\"224\" srcset=\"https:\/\/i0.wp.com\/bottesetvelo.com\/blog\/wp-content\/uploads\/2016\/04\/IMG_1213%40879258a9b54441978b7cd044183dab09.jpg?resize=500%2C373&amp;ssl=1 500w, https:\/\/i0.wp.com\/bottesetvelo.com\/blog\/wp-content\/uploads\/2016\/04\/IMG_1213%40879258a9b54441978b7cd044183dab09.jpg?resize=768%2C574&amp;ssl=1 768w, https:\/\/i0.wp.com\/bottesetvelo.com\/blog\/wp-content\/uploads\/2016\/04\/IMG_1213%40879258a9b54441978b7cd044183dab09.jpg?resize=1024%2C765&amp;ssl=1 1024w, https:\/\/i0.wp.com\/bottesetvelo.com\/blog\/wp-content\/uploads\/2016\/04\/IMG_1213%40879258a9b54441978b7cd044183dab09.jpg?w=2340&amp;ssl=1 2340w\" sizes=\"auto, (max-width: 300px) 100vw, 300px\" \/><\/span><span style=\"color: #003366;\">p\u00e8lerinage, on peut rencontrer plusieurs types de p\u00e8lerins lesquels sont parfois bien diff\u00e9rents dans leur fa\u00e7on d\u2019\u00eatre et\u00a0 leur conception du p\u00e8lerinage. Qu\u2019est-ce qui d\u00e9finit le p\u00e8lerin d\u2019aujourd\u2019hui?<\/span><\/h5>\n<p style=\"text-align: justify;\"><span style=\"color: #333333;\">Lorsqu\u2019un p\u00e8lerin en rencontre un autre, les questions classiques ressurgissent\u00a0: d\u2019o\u00f9 es-tu parti? Jusqu\u2019o\u00f9 vas-tu? Combien de kilom\u00e8tres fais-tu par jour? Depuis combien de temps es-tu parti? Combien p\u00e8se ton sac? Marches-tu seul? Simple \u00e9change entre deux personnes partageant un m\u00eame int\u00e9r\u00eat ou subtil interrogatoire pour jauger de la r\u00e9elle valeur p\u00e8lerine de l\u2019autre? <strong><span style=\"color: #003366;\">Existe-t-il un type de p\u00e8lerin qui soit plus p\u00e8lerin qu\u2019un autre?<\/span><\/strong><\/span><\/p>\n<h5 style=\"text-align: justify;\"><\/h5>\n<p style=\"text-align: justify;\"><img data-recalc-dims=\"1\" loading=\"lazy\" decoding=\"async\" data-attachment-id=\"2515\" data-permalink=\"https:\/\/bottesetvelo.com\/blog\/2016\/04\/08\/le-vrai-pelerin\/img_11981a022d975d2b4db5ba9e610d6cd628d5\/\" data-orig-file=\"https:\/\/i0.wp.com\/bottesetvelo.com\/blog\/wp-content\/uploads\/2016\/04\/IMG_1198%401a022d975d2b4db5ba9e610d6cd628d5.jpg?fit=1936%2C2592&amp;ssl=1\" data-orig-size=\"1936,2592\" data-comments-opened=\"1\" data-image-meta=\"{&quot;aperture&quot;:&quot;2.8&quot;,&quot;credit&quot;:&quot;&quot;,&quot;camera&quot;:&quot;iPhone 4&quot;,&quot;caption&quot;:&quot;&quot;,&quot;created_timestamp&quot;:&quot;1374320177&quot;,&quot;copyright&quot;:&quot;&quot;,&quot;focal_length&quot;:&quot;3.85&quot;,&quot;iso&quot;:&quot;80&quot;,&quot;shutter_speed&quot;:&quot;0.00440528634361&quot;,&quot;title&quot;:&quot;&quot;,&quot;orientation&quot;:&quot;1&quot;}\" data-image-title=\"IMG_1198@1a022d975d2b4db5ba9e610d6cd628d5\" data-image-description=\"\" data-image-caption=\"\" data-large-file=\"https:\/\/i0.wp.com\/bottesetvelo.com\/blog\/wp-content\/uploads\/2016\/04\/IMG_1198%401a022d975d2b4db5ba9e610d6cd628d5.jpg?fit=765%2C1024&amp;ssl=1\" class=\"wp-image-2515 alignleft\" src=\"https:\/\/i0.wp.com\/bottesetvelo.com\/blog\/wp-content\/uploads\/2016\/04\/IMG_1198%401a022d975d2b4db5ba9e610d6cd628d5.jpg?resize=224%2C300&#038;ssl=1\" alt=\"IMG_1198@1a022d975d2b4db5ba9e610d6cd628d5\" width=\"224\" height=\"300\" srcset=\"https:\/\/i0.wp.com\/bottesetvelo.com\/blog\/wp-content\/uploads\/2016\/04\/IMG_1198%401a022d975d2b4db5ba9e610d6cd628d5.jpg?resize=373%2C500&amp;ssl=1 373w, https:\/\/i0.wp.com\/bottesetvelo.com\/blog\/wp-content\/uploads\/2016\/04\/IMG_1198%401a022d975d2b4db5ba9e610d6cd628d5.jpg?resize=768%2C1028&amp;ssl=1 768w, https:\/\/i0.wp.com\/bottesetvelo.com\/blog\/wp-content\/uploads\/2016\/04\/IMG_1198%401a022d975d2b4db5ba9e610d6cd628d5.jpg?resize=765%2C1024&amp;ssl=1 765w, https:\/\/i0.wp.com\/bottesetvelo.com\/blog\/wp-content\/uploads\/2016\/04\/IMG_1198%401a022d975d2b4db5ba9e610d6cd628d5.jpg?w=1936&amp;ssl=1 1936w\" sizes=\"auto, (max-width: 224px) 100vw, 224px\" \/>C\u2019est en tout simplicit\u00e9 que je me suis amus\u00e9e \u00e0 recenser les diff\u00e9rents types de p\u00e8lerins que j\u2019ai rencontr\u00e9s et ainsi que ceux qui habitent la p\u00e8lerine que je suis. Tout d\u2019abord, il y a le p\u00e8lerin-randonneur\u00a0: un sportif qui aime la marche, la nature et l\u2019aventure. Il aime le calme mais aussi les rencontres agr\u00e9ables. Le p\u00e8lerin-touriste, lui, s\u2019\u00e9merveille devant l\u2019architecture qui l\u2019entoure, savoure la cuisine locale et se plait \u00e0 apprendre la langue de la place. C\u2019est un d\u00e9couvreur. Le p\u00e8lerin-m\u00e9ditatif, c\u2019est celui qui marche les sentiers tout en cheminant sur sa route int\u00e9rieure, esp\u00e9rant trouver r\u00e9ponse \u00e0 ses questions profondes. Il vit pleinement chaque instant, jouit des moments de solitude tout en demeurant en contact avec l\u2019environnement ext\u00e9rieur. Le p\u00e8lerin-professionnel, loin d\u2019\u00eatre un amateur, a tout l\u2019\u00e9quipement requis, les informations n\u00e9cessaires du chemin et connait les r\u00e8gles du jeu. Il sait tout avant m\u00eame de l\u2019avoir v\u00e9cu car il marche avis\u00e9. Le p\u00e8lerin-sportif, lui, s\u2019est entrain\u00e9 avant de partir. Il avance d\u2019un bon pas, se l\u00e8ve t\u00f4t, appr\u00e9cie l\u2019effort physique tant pour la bonne fatigue qu\u2019il g\u00e9n\u00e8re que pour l\u2019extase de la r\u00e9compense qui le suit. Puis il y a le p\u00e8lerin-aventurier, ce spontan\u00e9 qui aime la nouveaut\u00e9 et qui a foi en sa bonne \u00e9toile. Il marche sans crainte des impr\u00e9vus, allant vers l\u2019inconnu qu\u2019il sait \u00eatre une riche source d\u2019apprentissage et de d\u00e9passement de soi.<\/p>\n<h5 style=\"text-align: justify;\"><\/h5>\n<p style=\"text-align: justify;\">\u00a0Mais il y a aussi <strong><span style=\"color: #003366;\">le p\u00e8lerin-consommateur<\/span><\/strong>\u2026 Le r\u00e9el d\u00e9fi pour le p\u00e8lerin d\u2019aujourd\u2019hui est de d\u00e9programmer tout ce que notre soci\u00e9t\u00e9 de consommation nous conditionne \u00e0 \u00eatre. Le p\u00e8lerinage est devenu une pratique tellement courue, sans mauvais jeu de mots, que notre soci\u00e9t\u00e9 \u00ab\u00a0moneyarcale\u00a0\u00bb, toujours \u00e0 l\u2019aff\u00fbt d\u2019un filon fructueux, cherche avidement \u00e0 se l\u2019approprier. Comme au temps de la ru\u00e9e vers l\u2019or, chacun vient s\u2019installer aux abords de cette source de revenus dans l\u2019espoir d\u2019en tirer quelques profits. Publicit\u00e9s pour vanter les bienfaits du produit, commercialisation des accessoires et services utiles, marketing d\u2019identit\u00e9 p\u00e8lerine\u00a0: rien n\u2019est oubli\u00e9! Ainsi, le p\u00e8lerinage tend \u00e0 devenir une exp\u00e9rience \u00e0 vivre pour ceux qui sont \u00e0 la recherche de d\u00e9fis originaux. Le p\u00e8lerin se doit d\u2019\u00eatre bien \u00e9quip\u00e9 avec les mat\u00e9riaux et les technologies du jour\u00a0: ultra-l\u00e9gers, performants et griff\u00e9s. Plusieurs p\u00e8lerins-consommateurs vont partir p\u00e8leriner avec cette approche de comp\u00e9tition et de performance, reproduisant sur le chemin ce qui les \u00e9puise dans leur rythme de vie quotidienne. Le p\u00e8lerin-consommateur a un horaire \u00e0 respecter, un budget de planifi\u00e9, un objectif \u00e0 atteindre, des obligations \u00e0 respecter. Bien difficile d\u2019\u00e9viter d\u2019\u00eatre un peu ce p\u00e8lerin quand nous avons baign\u00e9 toute notre vie dans cette fa\u00e7on d\u2019aborder la Vie!<\/p>\n<h5 style=\"text-align: justify;\"><span style=\"color: #003366;\"><img data-recalc-dims=\"1\" loading=\"lazy\" decoding=\"async\" data-attachment-id=\"2513\" data-permalink=\"https:\/\/bottesetvelo.com\/blog\/2016\/04\/08\/le-vrai-pelerin\/2009-compostelle-et-barcelone-452-3\/\" data-orig-file=\"https:\/\/i0.wp.com\/bottesetvelo.com\/blog\/wp-content\/uploads\/2016\/04\/2009-Compostelle-et-Barcelone-452.jpg?fit=2659%2C2470&amp;ssl=1\" data-orig-size=\"2659,2470\" data-comments-opened=\"1\" data-image-meta=\"{&quot;aperture&quot;:&quot;3.2&quot;,&quot;credit&quot;:&quot;&quot;,&quot;camera&quot;:&quot;Canon PowerShot SD890 IS&quot;,&quot;caption&quot;:&quot;&quot;,&quot;created_timestamp&quot;:&quot;1253368224&quot;,&quot;copyright&quot;:&quot;&quot;,&quot;focal_length&quot;:&quot;6.6&quot;,&quot;iso&quot;:&quot;80&quot;,&quot;shutter_speed&quot;:&quot;0.008&quot;,&quot;title&quot;:&quot;&quot;,&quot;orientation&quot;:&quot;1&quot;}\" data-image-title=\"2009 &amp;#8211; Compostelle et Barcelone 452\" data-image-description=\"\" data-image-caption=\"\" data-large-file=\"https:\/\/i0.wp.com\/bottesetvelo.com\/blog\/wp-content\/uploads\/2016\/04\/2009-Compostelle-et-Barcelone-452.jpg?fit=1024%2C951&amp;ssl=1\" class=\"wp-image-2513 alignright\" src=\"https:\/\/i0.wp.com\/bottesetvelo.com\/blog\/wp-content\/uploads\/2016\/04\/2009-Compostelle-et-Barcelone-452.jpg?resize=300%2C279&#038;ssl=1\" alt=\"2009 - Compostelle et Barcelone 452\" width=\"300\" height=\"279\" srcset=\"https:\/\/i0.wp.com\/bottesetvelo.com\/blog\/wp-content\/uploads\/2016\/04\/2009-Compostelle-et-Barcelone-452.jpg?resize=500%2C464&amp;ssl=1 500w, https:\/\/i0.wp.com\/bottesetvelo.com\/blog\/wp-content\/uploads\/2016\/04\/2009-Compostelle-et-Barcelone-452.jpg?resize=768%2C713&amp;ssl=1 768w, https:\/\/i0.wp.com\/bottesetvelo.com\/blog\/wp-content\/uploads\/2016\/04\/2009-Compostelle-et-Barcelone-452.jpg?resize=1024%2C951&amp;ssl=1 1024w, https:\/\/i0.wp.com\/bottesetvelo.com\/blog\/wp-content\/uploads\/2016\/04\/2009-Compostelle-et-Barcelone-452.jpg?w=2340&amp;ssl=1 2340w\" sizes=\"auto, (max-width: 300px) 100vw, 300px\" \/><\/span><\/h5>\n<p style=\"text-align: justify;\">Sur la ligne de d\u00e9part, les marcheurs portent tous en eux un peu de chacun de ces p\u00e8lerins. Chaque marcheur arrive avec son bagage de vie personnel et les valeurs qui le caract\u00e9risent. Apr\u00e8s quelques jours de marche, chacun verra un de ses p\u00e8lerins prendre les devants. Puis viendra un moment o\u00f9 toutes ces d\u00e9finitions du moi-p\u00e8lerin perdront de leur importance. Plus le chemin se fera et plus nos marcheurs partageront des similitudes. Le p\u00e8lerin qui se laisse toucher par cette exp\u00e9rience de p\u00e8lerinage, celui qui se laisse d\u00e9placer et transformer, laissera graduellement tomber ses barri\u00e8res, ses r\u00e9sistances, ses limites et ses rigidit\u00e9s. Chacun \u00e0 la mesure de ses capacit\u00e9s, selon o\u00f9 il est rendu sur sa route personnelle. Au final, <strong><span style=\"color: #003366;\">tous franchiront \u00a0la ligne d\u2019arriv\u00e9e, au bout du chemin, si bout il y a\u2026<\/span> <\/strong>. Chacun y parviendra en suivant la route qu\u2019il a choisie, celle qu\u2019il a faite sienne.<\/p>\n<p style=\"text-align: justify;\"><img data-recalc-dims=\"1\" loading=\"lazy\" decoding=\"async\" data-attachment-id=\"2511\" data-permalink=\"https:\/\/bottesetvelo.com\/blog\/2016\/04\/08\/le-vrai-pelerin\/2009-compostelle-et-barcelone-037-3\/\" data-orig-file=\"https:\/\/i0.wp.com\/bottesetvelo.com\/blog\/wp-content\/uploads\/2016\/04\/2009-Compostelle-et-Barcelone-037.jpg?fit=3648%2C2736&amp;ssl=1\" data-orig-size=\"3648,2736\" data-comments-opened=\"1\" data-image-meta=\"{&quot;aperture&quot;:&quot;3.5&quot;,&quot;credit&quot;:&quot;&quot;,&quot;camera&quot;:&quot;Canon PowerShot SD890 IS&quot;,&quot;caption&quot;:&quot;&quot;,&quot;created_timestamp&quot;:&quot;1251115007&quot;,&quot;copyright&quot;:&quot;&quot;,&quot;focal_length&quot;:&quot;8.96&quot;,&quot;iso&quot;:&quot;80&quot;,&quot;shutter_speed&quot;:&quot;0.005&quot;,&quot;title&quot;:&quot;&quot;,&quot;orientation&quot;:&quot;1&quot;}\" data-image-title=\"2009 &amp;#8211; Compostelle et Barcelone 037\" data-image-description=\"\" data-image-caption=\"\" data-large-file=\"https:\/\/i0.wp.com\/bottesetvelo.com\/blog\/wp-content\/uploads\/2016\/04\/2009-Compostelle-et-Barcelone-037.jpg?fit=1024%2C768&amp;ssl=1\" class=\"wp-image-2511 alignleft\" src=\"https:\/\/i0.wp.com\/bottesetvelo.com\/blog\/wp-content\/uploads\/2016\/04\/2009-Compostelle-et-Barcelone-037.jpg?resize=300%2C225&#038;ssl=1\" alt=\"2009 - Compostelle et Barcelone 037\" width=\"300\" height=\"225\" srcset=\"https:\/\/i0.wp.com\/bottesetvelo.com\/blog\/wp-content\/uploads\/2016\/04\/2009-Compostelle-et-Barcelone-037.jpg?resize=500%2C375&amp;ssl=1 500w, https:\/\/i0.wp.com\/bottesetvelo.com\/blog\/wp-content\/uploads\/2016\/04\/2009-Compostelle-et-Barcelone-037.jpg?resize=768%2C576&amp;ssl=1 768w, https:\/\/i0.wp.com\/bottesetvelo.com\/blog\/wp-content\/uploads\/2016\/04\/2009-Compostelle-et-Barcelone-037.jpg?resize=1024%2C768&amp;ssl=1 1024w, https:\/\/i0.wp.com\/bottesetvelo.com\/blog\/wp-content\/uploads\/2016\/04\/2009-Compostelle-et-Barcelone-037.jpg?w=2340&amp;ssl=1 2340w, https:\/\/i0.wp.com\/bottesetvelo.com\/blog\/wp-content\/uploads\/2016\/04\/2009-Compostelle-et-Barcelone-037.jpg?w=3510&amp;ssl=1 3510w\" sizes=\"auto, (max-width: 300px) 100vw, 300px\" \/>Suis-je plus p\u00e8lerin si je prie durant ma marche? Si je mendie mon gite et mon repas? Suis-je plus p\u00e8lerin si j\u2019ai un sac \u00e0 dos de qualit\u00e9, des bottes de marque, des b\u00e2tons ultra-l\u00e9gers-r\u00e9tractables et le classique chapeau \u00e0 long bord? Suis-je moins p\u00e8lerin si je ne marche que 15 km par jour? Suis-je moins p\u00e8lerin si mon \u00e2ne porte l\u2019\u00e9quipement ou si je fais une section en autobus? Suis-je moins p\u00e8lerin si je ripaille et me l\u00e8ve \u00e8a 8h? Existe-t-il un \u00ab\u00a0vrai\u00a0\u00bb p\u00e8lerin? Je ne le crois pas. Et qui serais-je pour en juger de la sorte! Je crois cependant que <strong><span style=\"color: #003366;\">tout p\u00e8lerin se doit d\u2019\u00eatre vrai \u00e0 lui-m\u00eame<\/span><\/strong>. Le vrai p\u00e8lerin est celui qui marche en harmonie avec lui-m\u00eame.<\/p>\n<p style=\"text-align: justify;\">Brigitte Harouni<img data-recalc-dims=\"1\" loading=\"lazy\" decoding=\"async\" data-attachment-id=\"14\" data-permalink=\"https:\/\/bottesetvelo.com\/blog\/bottes-et-velo-le-blog\/bottes-et-velo-embleme\/\" data-orig-file=\"https:\/\/i0.wp.com\/bottesetvelo.com\/blog\/wp-content\/uploads\/2014\/01\/Bottes-et-V%C3%A9lo-Embl%C3%AAme-e1454083414631.jpg?fit=100%2C79&amp;ssl=1\" data-orig-size=\"100,79\" data-comments-opened=\"1\" data-image-meta=\"{&quot;aperture&quot;:&quot;0&quot;,&quot;credit&quot;:&quot;&quot;,&quot;camera&quot;:&quot;&quot;,&quot;caption&quot;:&quot;&quot;,&quot;created_timestamp&quot;:&quot;0&quot;,&quot;copyright&quot;:&quot;&quot;,&quot;focal_length&quot;:&quot;0&quot;,&quot;iso&quot;:&quot;0&quot;,&quot;shutter_speed&quot;:&quot;0&quot;,&quot;title&quot;:&quot;&quot;}\" data-image-title=\"Bottes et V\u00e9lo &amp;#8211; Embl\u00eame\" data-image-description=\"\" data-image-caption=\"\" data-large-file=\"https:\/\/i0.wp.com\/bottesetvelo.com\/blog\/wp-content\/uploads\/2014\/01\/Bottes-et-V%C3%A9lo-Embl%C3%AAme-e1454083414631.jpg?fit=100%2C79&amp;ssl=1\" class=\"alignright wp-image-14\" src=\"https:\/\/i0.wp.com\/bottesetvelo.com\/blog\/wp-content\/uploads\/2014\/01\/Bottes-et-V%C3%A9lo-Embl%C3%AAme.jpg?resize=48%2C38&#038;ssl=1\" alt=\"Bottes et V\u00e9lo - Embl\u00eame\" width=\"48\" height=\"38\" \/><\/p>\n","protected":false},"excerpt":{"rendered":"<p>Si je ne suis pas moi, qui le sera? Henry David Thoreau \u00c0 l\u2019origine, le p\u00e8lerin \u00e9tait cet homme qui partait de son domicile \u00e0 pied pour aller vers un sanctuaire, pour expier ses fautes, \u00eatre lib\u00e9r\u00e9 de ses p\u00each\u00e9s ou encore demander des faveurs. Aujourd\u2019hui, sans \u00eatre forc\u00e9ment aussi d\u00e9votes, plusieurs personnes ressentent cet&hellip;<\/p>\n","protected":false},"author":2,"featured_media":0,"comment_status":"open","ping_status":"open","sticky":false,"template":"","format":"standard","meta":{"jetpack_post_was_ever_published":false,"_jetpack_newsletter_access":"","_jetpack_dont_email_post_to_subs":false,"_jetpack_newsletter_tier_id":0,"_jetpack_memberships_contains_paywalled_content":false,"_jetpack_memberships_contains_paid_content":false,"footnotes":"","jetpack_publicize_message":"Le vrai p\u00e8lerin","jetpack_publicize_feature_enabled":true,"jetpack_social_post_already_shared":true,"jetpack_social_options":{"image_generator_settings":{"template":"highway","default_image_id":0,"font":"","enabled":false},"version":2}},"categories":[345,166,171,3],"tags":[275,80,168,13,38],"class_list":["post-2508","post","type-post","status-publish","format-standard","hentry","category-culture-de-consommation","category-demarche-du-pelerin","category-pelerinage","category-reflexions","tag-art-de-vivre","tag-compostelle","tag-demarche-du-pelerin","tag-pelerinage","tag-reflexion"],"jetpack_publicize_connections":[],"jetpack_featured_media_url":"","jetpack_shortlink":"https:\/\/wp.me\/p4eY6z-Es","jetpack_sharing_enabled":true,"jetpack_likes_enabled":true,"jetpack-related-posts":[],"_links":{"self":[{"href":"https:\/\/bottesetvelo.com\/blog\/wp-json\/wp\/v2\/posts\/2508","targetHints":{"allow":["GET"]}}],"collection":[{"href":"https:\/\/bottesetvelo.com\/blog\/wp-json\/wp\/v2\/posts"}],"about":[{"href":"https:\/\/bottesetvelo.com\/blog\/wp-json\/wp\/v2\/types\/post"}],"author":[{"embeddable":true,"href":"https:\/\/bottesetvelo.com\/blog\/wp-json\/wp\/v2\/users\/2"}],"replies":[{"embeddable":true,"href":"https:\/\/bottesetvelo.com\/blog\/wp-json\/wp\/v2\/comments?post=2508"}],"version-history":[{"count":4,"href":"https:\/\/bottesetvelo.com\/blog\/wp-json\/wp\/v2\/posts\/2508\/revisions"}],"predecessor-version":[{"id":2518,"href":"https:\/\/bottesetvelo.com\/blog\/wp-json\/wp\/v2\/posts\/2508\/revisions\/2518"}],"wp:attachment":[{"href":"https:\/\/bottesetvelo.com\/blog\/wp-json\/wp\/v2\/media?parent=2508"}],"wp:term":[{"taxonomy":"category","embeddable":true,"href":"https:\/\/bottesetvelo.com\/blog\/wp-json\/wp\/v2\/categories?post=2508"},{"taxonomy":"post_tag","embeddable":true,"href":"https:\/\/bottesetvelo.com\/blog\/wp-json\/wp\/v2\/tags?post=2508"}],"curies":[{"name":"wp","href":"https:\/\/api.w.org\/{rel}","templated":true}]}}