{"id":2503,"date":"2016-04-01T18:48:04","date_gmt":"2016-04-01T22:48:04","guid":{"rendered":"http:\/\/bottesetvelo.com\/blog\/?p=2503"},"modified":"2016-04-01T18:48:04","modified_gmt":"2016-04-01T22:48:04","slug":"le-pelerin-provoque-les-miracles-du-chemin","status":"publish","type":"post","link":"https:\/\/bottesetvelo.com\/blog\/2016\/04\/01\/le-pelerin-provoque-les-miracles-du-chemin\/","title":{"rendered":"Le p\u00e8lerin provoque les miracles du chemin"},"content":{"rendered":"<h6 style=\"text-align: right;\"><em>Il meurt lentement celui qui ne se laisse jamais aider.<\/em><br \/>\n<em>Pablo Neruda<\/em><\/h6>\n<h5 style=\"text-align: justify;\"><span style=\"color: #003366;\">Le mois que nous venons de passer en compagnie d\u2019Ann Sieben nous le d\u00e9montre bien\u00a0: le p\u00e8lerinage suscite un \u00e9lan communautaire incroyable. Vous avez \u00e9t\u00e9 nombreux \u00e0 vous laisser prendre par cet \u00e9lan que ce soit en offrant votre hospitalit\u00e9, en vous rassemblant autour de cet \u00e9v\u00e9nement, pour marcher avec nous, ou encore pour nous accueillir.\u00a0J\u2019entends Brigitte me dire\u00a0: \u00ab le p\u00e8lerinage g\u00e9n\u00e8re du communautaire!\u00a0\u00bb, et elle a raison! \u00c0 travers le p\u00e8lerinage se red\u00e9couvrent toutes les racines d\u2019un vivre ensemble o\u00f9 il fait bon se retrouver, partager, prendre le temps. Des liens simples, sans attente. Une pr\u00e9sence aimante.<\/span><\/h5>\n<p style=\"text-align: justify;\"><img data-recalc-dims=\"1\" loading=\"lazy\" decoding=\"async\" data-attachment-id=\"2504\" data-permalink=\"https:\/\/bottesetvelo.com\/blog\/2016\/04\/01\/le-pelerin-provoque-les-miracles-du-chemin\/hiking-691738_1280\/\" data-orig-file=\"https:\/\/i0.wp.com\/bottesetvelo.com\/blog\/wp-content\/uploads\/2016\/04\/hiking-691738_1280.jpg?fit=1280%2C853&amp;ssl=1\" data-orig-size=\"1280,853\" data-comments-opened=\"1\" data-image-meta=\"{&quot;aperture&quot;:&quot;0&quot;,&quot;credit&quot;:&quot;&quot;,&quot;camera&quot;:&quot;&quot;,&quot;caption&quot;:&quot;&quot;,&quot;created_timestamp&quot;:&quot;0&quot;,&quot;copyright&quot;:&quot;&quot;,&quot;focal_length&quot;:&quot;0&quot;,&quot;iso&quot;:&quot;0&quot;,&quot;shutter_speed&quot;:&quot;0&quot;,&quot;title&quot;:&quot;&quot;,&quot;orientation&quot;:&quot;0&quot;}\" data-image-title=\"P\u00e8lerinage\" data-image-description=\"\" data-image-caption=\"\" data-large-file=\"https:\/\/i0.wp.com\/bottesetvelo.com\/blog\/wp-content\/uploads\/2016\/04\/hiking-691738_1280.jpg?fit=1024%2C682&amp;ssl=1\" class=\"alignright  wp-image-2504\" src=\"https:\/\/i0.wp.com\/bottesetvelo.com\/blog\/wp-content\/uploads\/2016\/04\/hiking-691738_1280.jpg?resize=300%2C200&#038;ssl=1\" alt=\"P\u00e8lerinage\" width=\"300\" height=\"200\" srcset=\"https:\/\/i0.wp.com\/bottesetvelo.com\/blog\/wp-content\/uploads\/2016\/04\/hiking-691738_1280.jpg?resize=500%2C333&amp;ssl=1 500w, https:\/\/i0.wp.com\/bottesetvelo.com\/blog\/wp-content\/uploads\/2016\/04\/hiking-691738_1280.jpg?resize=768%2C512&amp;ssl=1 768w, https:\/\/i0.wp.com\/bottesetvelo.com\/blog\/wp-content\/uploads\/2016\/04\/hiking-691738_1280.jpg?resize=1024%2C682&amp;ssl=1 1024w, https:\/\/i0.wp.com\/bottesetvelo.com\/blog\/wp-content\/uploads\/2016\/04\/hiking-691738_1280.jpg?w=1280&amp;ssl=1 1280w\" sizes=\"auto, (max-width: 300px) 100vw, 300px\" \/>Le p\u00e8lerin appelle la rencontre, invite au sourire, au partage. Qui n\u2019a pas eu le go\u00fbt de faire quelques pas avec le p\u00e8lerin? <strong><span style=\"color: #003366;\">Le p\u00e8lerin nous interpelle dans notre fibre sensible et humaine.<\/span> <\/strong>Parfois m\u00eame, il incite \u00e0 la confidence. Il fait germer en nous des \u00e9lans de g\u00e9n\u00e9rosit\u00e9 et met en branle tout un r\u00e9seau d\u2019entraide.<\/p>\n<p style=\"text-align: justify;\">Combien de fois l\u2019avons-nous exp\u00e9riment\u00e9 sur La Voie du St-Laurent, ou ailleurs! Les gens s\u2019arr\u00eatent pour discuter, offrir de l\u2019eau, une barre-tendre\u2026 Parfois c\u2019est nous qui demandions et qui, au final, recevions le triple de ce que nous avions demand\u00e9. Je me rappelle cette dame de Cap-aux-Os chez qui nous avions fait une halte. Nous avions demand\u00e9 s\u2019il \u00e9tait possible d\u2019utiliser leur table de pique-nique pour nous reposer. Une fois les sacs \u00e0 dos d\u00e9pos\u00e9s, la dame s\u2019est mise \u00e0 jaser et poser des questions sur notre d\u00e9marche. Apr\u00e8s quelques minutes d\u2019\u00e9change, elle et son mari apportait du caf\u00e9 pour tout le monde. Une halte toute simple qui s\u2019est transform\u00e9e en rencontre amicale et dont nous gardons un merveilleux souvenir. Nous avons des dizaines d\u2019histoires comme celle-l\u00e0 \u00e0 raconter. Pourtant chacune d\u2019entre elles a quelque chose de particulier, un lien du c\u0153ur\u2026<\/p>\n<p style=\"text-align: justify;\"><strong><span style=\"color: #003366;\"><img data-recalc-dims=\"1\" loading=\"lazy\" decoding=\"async\" data-attachment-id=\"2505\" data-permalink=\"https:\/\/bottesetvelo.com\/blog\/2016\/04\/01\/le-pelerin-provoque-les-miracles-du-chemin\/urban-438393_1920\/\" data-orig-file=\"https:\/\/i0.wp.com\/bottesetvelo.com\/blog\/wp-content\/uploads\/2016\/04\/urban-438393_1920.jpg?fit=1920%2C1275&amp;ssl=1\" data-orig-size=\"1920,1275\" data-comments-opened=\"1\" data-image-meta=\"{&quot;aperture&quot;:&quot;0&quot;,&quot;credit&quot;:&quot;&quot;,&quot;camera&quot;:&quot;&quot;,&quot;caption&quot;:&quot;&quot;,&quot;created_timestamp&quot;:&quot;0&quot;,&quot;copyright&quot;:&quot;&quot;,&quot;focal_length&quot;:&quot;0&quot;,&quot;iso&quot;:&quot;0&quot;,&quot;shutter_speed&quot;:&quot;0&quot;,&quot;title&quot;:&quot;&quot;,&quot;orientation&quot;:&quot;0&quot;}\" data-image-title=\"Communaut\u00e9\" data-image-description=\"\" data-image-caption=\"\" data-large-file=\"https:\/\/i0.wp.com\/bottesetvelo.com\/blog\/wp-content\/uploads\/2016\/04\/urban-438393_1920.jpg?fit=1024%2C680&amp;ssl=1\" class=\"alignright  wp-image-2505\" src=\"https:\/\/i0.wp.com\/bottesetvelo.com\/blog\/wp-content\/uploads\/2016\/04\/urban-438393_1920.jpg?resize=300%2C199&#038;ssl=1\" alt=\"Communaut\u00e9\" width=\"300\" height=\"199\" srcset=\"https:\/\/i0.wp.com\/bottesetvelo.com\/blog\/wp-content\/uploads\/2016\/04\/urban-438393_1920.jpg?resize=500%2C332&amp;ssl=1 500w, https:\/\/i0.wp.com\/bottesetvelo.com\/blog\/wp-content\/uploads\/2016\/04\/urban-438393_1920.jpg?resize=768%2C510&amp;ssl=1 768w, https:\/\/i0.wp.com\/bottesetvelo.com\/blog\/wp-content\/uploads\/2016\/04\/urban-438393_1920.jpg?resize=1024%2C680&amp;ssl=1 1024w, https:\/\/i0.wp.com\/bottesetvelo.com\/blog\/wp-content\/uploads\/2016\/04\/urban-438393_1920.jpg?w=1920&amp;ssl=1 1920w\" sizes=\"auto, (max-width: 300px) 100vw, 300px\" \/>Le p\u00e8lerin avance lentement. Par sa lenteur, il devient accessible et\u2026 d\u00e9rangeant.<\/span><\/strong> Un pas apr\u00e8s l\u2019autre, il avance et occupe notre champ de vision pendant de longues minutes. In\u00e9vitablement, des questions surgissent en le voyant approcher. D\u00e8s l\u2019instant o\u00f9 nous l\u2019apercevons son allure questionne, sa d\u00e9marche interpelle. M\u00eame si plusieurs n\u2019ont pas la fibre p\u00e8lerine et qu\u2019ils n\u2019ont pas l\u2019intention de se lancer sur les grands chemins, la simple vue du p\u00e8lerin met en route notre p\u00e8lerin int\u00e9rieur et ravive la flamme de notre humanit\u00e9\u00a0: \u00ab\u00a0Il doit \u00eatre fatigu\u00e9? Il doit avoir faim, avoir soif?\u00a0\u00bb Nous sommes curieux\u00a0: \u00ab\u00a0Qu\u2019est-ce qu\u2019il fait l\u00e0? Pourquoi cette marche? O\u00f9 va-t-il?\u00a0\u00bb Et parfois l\u2019entreprise nous d\u00e9passe\u00a0: \u00ab\u00a0Il est fou ou courageux!\u00a0\u00bb<\/p>\n<p style=\"text-align: justify;\">D\u00e8s qu\u2019il s\u2019approche, on sent le lien qui se cr\u00e9e, l\u2019\u00e9lectricit\u00e9 qui passe. On ne peut \u00e9viter le bonjour et le sourire amical du \u00ab\u00a0peregrino\u00a0\u00bb, celui qui marche en terre \u00e9trang\u00e8re. En effet, le p\u00e8lerin est seul et s\u2019avance sur un territoire inconnu. Hors de ses rep\u00e8res usuels, il devient vuln\u00e9rable. <strong><span style=\"color: #003366;\">Il a besoin de l\u2019autre. C\u2019est le c\u0153ur de sa d\u00e9marche\u00a0: faire confiance \u00e0 celui qu\u2019il croise sur sa route.<\/span> <\/strong>Sans cette confiance, impossible d\u2019avancer. Cette rencontre est la seule aide qu\u2019il puisse esp\u00e9rer sur sa route, et c\u2019est l\u00e0 que toute la magie du p\u00e8lerinage s\u2019op\u00e8re. <strong><span style=\"color: #003366;\"><img data-recalc-dims=\"1\" loading=\"lazy\" decoding=\"async\" data-attachment-id=\"2506\" data-permalink=\"https:\/\/bottesetvelo.com\/blog\/2016\/04\/01\/le-pelerin-provoque-les-miracles-du-chemin\/jump-628431_1920\/\" data-orig-file=\"https:\/\/i0.wp.com\/bottesetvelo.com\/blog\/wp-content\/uploads\/2016\/04\/jump-628431_1920.jpg?fit=1920%2C1276&amp;ssl=1\" data-orig-size=\"1920,1276\" data-comments-opened=\"1\" data-image-meta=\"{&quot;aperture&quot;:&quot;0&quot;,&quot;credit&quot;:&quot;&quot;,&quot;camera&quot;:&quot;&quot;,&quot;caption&quot;:&quot;&quot;,&quot;created_timestamp&quot;:&quot;0&quot;,&quot;copyright&quot;:&quot;&quot;,&quot;focal_length&quot;:&quot;0&quot;,&quot;iso&quot;:&quot;0&quot;,&quot;shutter_speed&quot;:&quot;0&quot;,&quot;title&quot;:&quot;&quot;,&quot;orientation&quot;:&quot;0&quot;}\" data-image-title=\"Ensemble\" data-image-description=\"\" data-image-caption=\"\" data-large-file=\"https:\/\/i0.wp.com\/bottesetvelo.com\/blog\/wp-content\/uploads\/2016\/04\/jump-628431_1920.jpg?fit=1024%2C681&amp;ssl=1\" class=\"alignright  wp-image-2506\" src=\"https:\/\/i0.wp.com\/bottesetvelo.com\/blog\/wp-content\/uploads\/2016\/04\/jump-628431_1920.jpg?resize=300%2C199&#038;ssl=1\" alt=\"Ensemble\" width=\"300\" height=\"199\" srcset=\"https:\/\/i0.wp.com\/bottesetvelo.com\/blog\/wp-content\/uploads\/2016\/04\/jump-628431_1920.jpg?resize=500%2C332&amp;ssl=1 500w, https:\/\/i0.wp.com\/bottesetvelo.com\/blog\/wp-content\/uploads\/2016\/04\/jump-628431_1920.jpg?resize=768%2C510&amp;ssl=1 768w, https:\/\/i0.wp.com\/bottesetvelo.com\/blog\/wp-content\/uploads\/2016\/04\/jump-628431_1920.jpg?resize=1024%2C681&amp;ssl=1 1024w, https:\/\/i0.wp.com\/bottesetvelo.com\/blog\/wp-content\/uploads\/2016\/04\/jump-628431_1920.jpg?w=1920&amp;ssl=1 1920w\" sizes=\"auto, (max-width: 300px) 100vw, 300px\" \/><\/span><\/strong>Le p\u00e8lerinage incite \u00e0 la rencontre, \u00e0 l\u2019ouverture, \u00e0 l\u2019entraide. Il active et ravive notre humanit\u00e9. Il rassemble. Autour d\u2019une seule personne, tout un groupe se mobilisera pour offrir son aide et soutenir ce projet\u2026<\/p>\n<p style=\"text-align: justify;\"><strong><span style=\"color: #003366;\">Le p\u00e8lerinage fait tout un travail de fond qui incite et ravive les liens puissants du communautaire.<\/span> <\/strong>Le p\u00e8lerin dans toute sa vuln\u00e9rabilit\u00e9 n\u2019a qu\u2019une seule force et elle se trouve dans le tissu communautaire qu\u2019il \u00e9branle sur son passage. Il nous interpelle au plus profond de notre \u00eatre. La pr\u00e9sence du p\u00e8lerin sur nos routes a un impact positif et social immense\u00a0: il r\u00e9active les liens qui rendent sensible \u00e0 l\u2019autre. Le p\u00e8lerin provoque les miracles du chemin. Oui, mon amour, tu as raison\u00a0: \u00ab\u00a0le p\u00e8lerinage g\u00e9n\u00e8re du communautaire \u00bb, c\u2019est merveilleux!<img data-recalc-dims=\"1\" loading=\"lazy\" decoding=\"async\" data-attachment-id=\"14\" data-permalink=\"https:\/\/bottesetvelo.com\/blog\/bottes-et-velo-le-blog\/bottes-et-velo-embleme\/\" data-orig-file=\"https:\/\/i0.wp.com\/bottesetvelo.com\/blog\/wp-content\/uploads\/2014\/01\/Bottes-et-V%C3%A9lo-Embl%C3%AAme-e1454083414631.jpg?fit=100%2C79&amp;ssl=1\" data-orig-size=\"100,79\" data-comments-opened=\"1\" data-image-meta=\"{&quot;aperture&quot;:&quot;0&quot;,&quot;credit&quot;:&quot;&quot;,&quot;camera&quot;:&quot;&quot;,&quot;caption&quot;:&quot;&quot;,&quot;created_timestamp&quot;:&quot;0&quot;,&quot;copyright&quot;:&quot;&quot;,&quot;focal_length&quot;:&quot;0&quot;,&quot;iso&quot;:&quot;0&quot;,&quot;shutter_speed&quot;:&quot;0&quot;,&quot;title&quot;:&quot;&quot;}\" data-image-title=\"Bottes et V\u00e9lo &amp;#8211; Embl\u00eame\" data-image-description=\"\" data-image-caption=\"\" data-large-file=\"https:\/\/i0.wp.com\/bottesetvelo.com\/blog\/wp-content\/uploads\/2014\/01\/Bottes-et-V%C3%A9lo-Embl%C3%AAme-e1454083414631.jpg?fit=100%2C79&amp;ssl=1\" class=\"alignright  wp-image-14\" src=\"https:\/\/i0.wp.com\/bottesetvelo.com\/blog\/wp-content\/uploads\/2014\/01\/Bottes-et-V%C3%A9lo-Embl%C3%AAme.jpg?resize=85%2C67&#038;ssl=1\" alt=\"Bottes et V\u00e9lo - Embl\u00eame\" width=\"85\" height=\"67\" \/><\/p>\n<p style=\"text-align: justify;\">\u00c9ric Lalibert\u00e9<\/p>\n","protected":false},"excerpt":{"rendered":"<p>Il meurt lentement celui qui ne se laisse jamais aider. Pablo Neruda Le mois que nous venons de passer en compagnie d\u2019Ann Sieben nous le d\u00e9montre bien\u00a0: le p\u00e8lerinage suscite un \u00e9lan communautaire incroyable. Vous avez \u00e9t\u00e9 nombreux \u00e0 vous laisser prendre par cet \u00e9lan que ce soit en offrant votre hospitalit\u00e9, en vous rassemblant&hellip;<\/p>\n","protected":false},"author":3,"featured_media":0,"comment_status":"open","ping_status":"open","sticky":false,"template":"","format":"standard","meta":{"jetpack_post_was_ever_published":false,"_jetpack_newsletter_access":"","_jetpack_dont_email_post_to_subs":false,"_jetpack_newsletter_tier_id":0,"_jetpack_memberships_contains_paywalled_content":false,"_jetpack_memberships_contains_paid_content":false,"footnotes":"","jetpack_publicize_message":"Le p\u00e8lerin provoque les miracles du chemin","jetpack_publicize_feature_enabled":true,"jetpack_social_post_already_shared":true,"jetpack_social_options":{"image_generator_settings":{"template":"highway","default_image_id":0,"font":"","enabled":false},"version":2}},"categories":[50,166,171],"tags":[128,312,129,296,140],"class_list":["post-2503","post","type-post","status-publish","format-standard","hentry","category-art-de-vivre","category-demarche-du-pelerin","category-pelerinage","tag-communautaire","tag-confiance","tag-entraide","tag-pelerin","tag-rencontre"],"jetpack_publicize_connections":[],"jetpack_featured_media_url":"","jetpack_shortlink":"https:\/\/wp.me\/p4eY6z-En","jetpack_sharing_enabled":true,"jetpack_likes_enabled":true,"jetpack-related-posts":[],"_links":{"self":[{"href":"https:\/\/bottesetvelo.com\/blog\/wp-json\/wp\/v2\/posts\/2503","targetHints":{"allow":["GET"]}}],"collection":[{"href":"https:\/\/bottesetvelo.com\/blog\/wp-json\/wp\/v2\/posts"}],"about":[{"href":"https:\/\/bottesetvelo.com\/blog\/wp-json\/wp\/v2\/types\/post"}],"author":[{"embeddable":true,"href":"https:\/\/bottesetvelo.com\/blog\/wp-json\/wp\/v2\/users\/3"}],"replies":[{"embeddable":true,"href":"https:\/\/bottesetvelo.com\/blog\/wp-json\/wp\/v2\/comments?post=2503"}],"version-history":[{"count":1,"href":"https:\/\/bottesetvelo.com\/blog\/wp-json\/wp\/v2\/posts\/2503\/revisions"}],"predecessor-version":[{"id":2507,"href":"https:\/\/bottesetvelo.com\/blog\/wp-json\/wp\/v2\/posts\/2503\/revisions\/2507"}],"wp:attachment":[{"href":"https:\/\/bottesetvelo.com\/blog\/wp-json\/wp\/v2\/media?parent=2503"}],"wp:term":[{"taxonomy":"category","embeddable":true,"href":"https:\/\/bottesetvelo.com\/blog\/wp-json\/wp\/v2\/categories?post=2503"},{"taxonomy":"post_tag","embeddable":true,"href":"https:\/\/bottesetvelo.com\/blog\/wp-json\/wp\/v2\/tags?post=2503"}],"curies":[{"name":"wp","href":"https:\/\/api.w.org\/{rel}","templated":true}]}}