{"id":2466,"date":"2016-03-25T16:16:45","date_gmt":"2016-03-25T20:16:45","guid":{"rendered":"http:\/\/bottesetvelo.com\/blog\/?p=2466"},"modified":"2016-03-25T16:16:45","modified_gmt":"2016-03-25T20:16:45","slug":"la-paix-un-pas-a-la-fois","status":"publish","type":"post","link":"https:\/\/bottesetvelo.com\/blog\/2016\/03\/25\/la-paix-un-pas-a-la-fois\/","title":{"rendered":"La paix, un pas \u00e0 la fois"},"content":{"rendered":"<h6 style=\"text-align: right;\"><em><span style=\"color: #333333;\">Soyez le changement que vous voulez voir dans le monde. <\/span><\/em><br \/>\n<em><span style=\"color: #333333;\">Gandhi<\/span><\/em><\/h6>\n<h5 style=\"text-align: justify;\"><span style=\"color: #003366;\">Chaque personne qui choisit de vivre en p\u00e8lerin, m\u00eame l\u2019espace d\u2019une fraction de vie, porte en lui l\u2019objet d\u2019une qu\u00eate personnelle. C\u2019est cet appel int\u00e9rieur qui l\u2019am\u00e8ne \u00e0 se d\u00e9placer et l\u2019entraine dans une d\u00e9marche de remue-m\u00e9nage intime \u00e0 la recherche du meilleur de lui-m\u00eame. Plus l\u2019objet recherch\u00e9 se pr\u00e9cise et plus le p\u00e8lerin l\u2019actualise et le fait rayonner autour de lui.<\/span><\/h5>\n<p style=\"text-align: justify;\"><img data-recalc-dims=\"1\" loading=\"lazy\" decoding=\"async\" data-attachment-id=\"2473\" data-permalink=\"https:\/\/bottesetvelo.com\/blog\/2016\/03\/25\/la-paix-un-pas-a-la-fois\/img_6934\/\" data-orig-file=\"https:\/\/i0.wp.com\/bottesetvelo.com\/blog\/wp-content\/uploads\/2016\/03\/IMG_6934.jpg?fit=2449%2C1435&amp;ssl=1\" data-orig-size=\"2449,1435\" data-comments-opened=\"1\" data-image-meta=\"{&quot;aperture&quot;:&quot;9&quot;,&quot;credit&quot;:&quot;&quot;,&quot;camera&quot;:&quot;Canon PowerShot SD890 IS&quot;,&quot;caption&quot;:&quot;&quot;,&quot;created_timestamp&quot;:&quot;1435588814&quot;,&quot;copyright&quot;:&quot;&quot;,&quot;focal_length&quot;:&quot;6.6&quot;,&quot;iso&quot;:&quot;80&quot;,&quot;shutter_speed&quot;:&quot;0.01&quot;,&quot;title&quot;:&quot;&quot;,&quot;orientation&quot;:&quot;1&quot;}\" data-image-title=\"La Voie du St-Laurent\" data-image-description=\"\" data-image-caption=\"\" data-large-file=\"https:\/\/i0.wp.com\/bottesetvelo.com\/blog\/wp-content\/uploads\/2016\/03\/IMG_6934.jpg?fit=1024%2C600&amp;ssl=1\" class=\"wp-image-2473 alignleft\" src=\"https:\/\/i0.wp.com\/bottesetvelo.com\/blog\/wp-content\/uploads\/2016\/03\/IMG_6934.jpg?resize=300%2C176&#038;ssl=1\" alt=\"La Voie du St-Laurent\" width=\"300\" height=\"176\" srcset=\"https:\/\/i0.wp.com\/bottesetvelo.com\/blog\/wp-content\/uploads\/2016\/03\/IMG_6934.jpg?resize=500%2C293&amp;ssl=1 500w, https:\/\/i0.wp.com\/bottesetvelo.com\/blog\/wp-content\/uploads\/2016\/03\/IMG_6934.jpg?resize=768%2C450&amp;ssl=1 768w, https:\/\/i0.wp.com\/bottesetvelo.com\/blog\/wp-content\/uploads\/2016\/03\/IMG_6934.jpg?resize=1024%2C600&amp;ssl=1 1024w, https:\/\/i0.wp.com\/bottesetvelo.com\/blog\/wp-content\/uploads\/2016\/03\/IMG_6934.jpg?w=2340&amp;ssl=1 2340w\" sizes=\"auto, (max-width: 300px) 100vw, 300px\" \/>Ann Sieben, cette p\u00e8lerine que les Fran\u00e7ais ont baptis\u00e9e \u00ab\u00a0la p\u00e8lerine d\u2019hiver\u00a0\u00bb et que les Qu\u00e9b\u00e9cois se plaisent \u00e0 surnommer \u00ab\u00a0la p\u00e8lerine des neiges\u00a0\u00bb, ing\u00e9nieure nucl\u00e9aire de profession, s\u2019est un jour retrouv\u00e9e attir\u00e9e et inspir\u00e9e par la vie p\u00e8lerine.\u00a0 \u00c9coutant son \u00e9lan int\u00e9rieur, elle d\u00e9cide de se consacrer au p\u00e8lerinage. Chaque ann\u00e9e, elle part marcher durant 4 \u00e0 6 mois les routes qui ont marqu\u00e9 l\u2019histoire des peuples. Aujourd\u2019hui, rendue \u00e0 son 9<sup>e<\/sup> p\u00e8lerinage, elle a bien d\u00e9fini l\u2019objet de sa qu\u00eate. Quand on lui demande pourquoi elle marche, elle r\u00e9pond\u00a0<em>: J\u00e9sus a dit aime ton prochain comme toi-m\u00eame. Mais comment peut-on on \u00ab aimer son prochain comme soi-m\u00eame \u00bb sans partir \u00e0 la rencontre de ce prochain?<\/em><\/p>\n<p style=\"text-align: justify;\"><img data-recalc-dims=\"1\" loading=\"lazy\" decoding=\"async\" data-attachment-id=\"2472\" data-permalink=\"https:\/\/bottesetvelo.com\/blog\/2016\/03\/25\/la-paix-un-pas-a-la-fois\/donkey-448996_1920\/\" data-orig-file=\"https:\/\/i0.wp.com\/bottesetvelo.com\/blog\/wp-content\/uploads\/2016\/03\/donkey-448996_1920.jpg?fit=1920%2C1031&amp;ssl=1\" data-orig-size=\"1920,1031\" data-comments-opened=\"1\" data-image-meta=\"{&quot;aperture&quot;:&quot;0&quot;,&quot;credit&quot;:&quot;&quot;,&quot;camera&quot;:&quot;&quot;,&quot;caption&quot;:&quot;&quot;,&quot;created_timestamp&quot;:&quot;0&quot;,&quot;copyright&quot;:&quot;&quot;,&quot;focal_length&quot;:&quot;0&quot;,&quot;iso&quot;:&quot;0&quot;,&quot;shutter_speed&quot;:&quot;0&quot;,&quot;title&quot;:&quot;&quot;,&quot;orientation&quot;:&quot;0&quot;}\" data-image-title=\"s&amp;rsquo;adapter\" data-image-description=\"\" data-image-caption=\"\" data-large-file=\"https:\/\/i0.wp.com\/bottesetvelo.com\/blog\/wp-content\/uploads\/2016\/03\/donkey-448996_1920.jpg?fit=1024%2C550&amp;ssl=1\" class=\"alignright wp-image-2472\" src=\"https:\/\/i0.wp.com\/bottesetvelo.com\/blog\/wp-content\/uploads\/2016\/03\/donkey-448996_1920.jpg?resize=300%2C161&#038;ssl=1\" alt=\"s'adapter\" width=\"300\" height=\"161\" srcset=\"https:\/\/i0.wp.com\/bottesetvelo.com\/blog\/wp-content\/uploads\/2016\/03\/donkey-448996_1920.jpg?resize=500%2C268&amp;ssl=1 500w, https:\/\/i0.wp.com\/bottesetvelo.com\/blog\/wp-content\/uploads\/2016\/03\/donkey-448996_1920.jpg?resize=768%2C412&amp;ssl=1 768w, https:\/\/i0.wp.com\/bottesetvelo.com\/blog\/wp-content\/uploads\/2016\/03\/donkey-448996_1920.jpg?resize=1024%2C550&amp;ssl=1 1024w, https:\/\/i0.wp.com\/bottesetvelo.com\/blog\/wp-content\/uploads\/2016\/03\/donkey-448996_1920.jpg?w=1920&amp;ssl=1 1920w\" sizes=\"auto, (max-width: 300px) 100vw, 300px\" \/>Celui qui part p\u00e8leriner ouvre ses horizons, ouvre son esprit et accueille la nouveaut\u00e9 et la diff\u00e9rence avec plus de souplesse et de sagesse. Celui qui cherche \u00e0 vivre pleinement l\u2019exp\u00e9rience de p\u00e8lerinage se verra graduellement <strong><span style=\"color: #003366;\">s\u2019adapter et s\u2019accorder avec son nouvel environnement de vie pour y vivre en harmonie<\/span><\/strong>. Son besoin de bien-\u00eatre personnel l\u2019am\u00e8ne \u00e0 consid\u00e9rer l\u2019ext\u00e9rieur avec sensibilit\u00e9 pour \u00eatre capable de se cr\u00e9er un nouvel \u00e9quilibre.<\/p>\n<p style=\"text-align: justify;\">Au cours de son p\u00e8lerinage en Russie, Ann s\u2019est retrouv\u00e9e extr\u00eamement malade. Mangeant ce que les habitants de la r\u00e9gion lui offraient, elle repassait en m\u00e9moire les aliments ing\u00e9r\u00e9s. La douleur devenant insoutenable, elle d\u00fb arr\u00eater sa marche pour rencontrer un m\u00e9decin. Celui-ci lui dit alors que le malaise ne venait pas de ce qu\u2019elle avait mang\u00e9 mais plut\u00f4t de ce qu\u2019elle n\u2019avait pas mang\u00e9\u00a0: une carence en vitamine. \u00c9tant dans une r\u00e9gion pauvre du pays, en plein hiver, elle aurait d\u00fb manger certains aliments plus gras qui permettent \u00e0 la digestion de se faire. Mais ces aliments n\u2019\u00e9tant pas attrayants, et ne sachant pas pourquoi les habitants en mangeaient, elle les avait \u00e9vit\u00e9s.<\/p>\n<p style=\"text-align: justify;\">Dans un petit village pauvre, Ann a assist\u00e9 \u00e0 un anniversaire. Elle fut surprise de constater qu\u2019au lieu de se donner des cadeaux, les habitants de cette r\u00e9gion ont pour tradition de s\u2019offrir une lettre ou un po\u00e8me. Ces messages sont <img data-recalc-dims=\"1\" loading=\"lazy\" decoding=\"async\" data-attachment-id=\"2470\" data-permalink=\"https:\/\/bottesetvelo.com\/blog\/2016\/03\/25\/la-paix-un-pas-a-la-fois\/india-1235870_1280\/\" data-orig-file=\"https:\/\/i0.wp.com\/bottesetvelo.com\/blog\/wp-content\/uploads\/2016\/03\/india-1235870_1280.jpg?fit=1280%2C960&amp;ssl=1\" data-orig-size=\"1280,960\" data-comments-opened=\"1\" data-image-meta=\"{&quot;aperture&quot;:&quot;0&quot;,&quot;credit&quot;:&quot;&quot;,&quot;camera&quot;:&quot;&quot;,&quot;caption&quot;:&quot;&quot;,&quot;created_timestamp&quot;:&quot;0&quot;,&quot;copyright&quot;:&quot;&quot;,&quot;focal_length&quot;:&quot;0&quot;,&quot;iso&quot;:&quot;0&quot;,&quot;shutter_speed&quot;:&quot;0&quot;,&quot;title&quot;:&quot;&quot;,&quot;orientation&quot;:&quot;0&quot;}\" data-image-title=\"india\" data-image-description=\"\" data-image-caption=\"\" data-large-file=\"https:\/\/i0.wp.com\/bottesetvelo.com\/blog\/wp-content\/uploads\/2016\/03\/india-1235870_1280.jpg?fit=1024%2C768&amp;ssl=1\" class=\"alignleft wp-image-2470\" src=\"https:\/\/i0.wp.com\/bottesetvelo.com\/blog\/wp-content\/uploads\/2016\/03\/india-1235870_1280.jpg?resize=300%2C225&#038;ssl=1\" alt=\"india\" width=\"300\" height=\"225\" srcset=\"https:\/\/i0.wp.com\/bottesetvelo.com\/blog\/wp-content\/uploads\/2016\/03\/india-1235870_1280.jpg?resize=500%2C375&amp;ssl=1 500w, https:\/\/i0.wp.com\/bottesetvelo.com\/blog\/wp-content\/uploads\/2016\/03\/india-1235870_1280.jpg?resize=768%2C576&amp;ssl=1 768w, https:\/\/i0.wp.com\/bottesetvelo.com\/blog\/wp-content\/uploads\/2016\/03\/india-1235870_1280.jpg?resize=1024%2C768&amp;ssl=1 1024w, https:\/\/i0.wp.com\/bottesetvelo.com\/blog\/wp-content\/uploads\/2016\/03\/india-1235870_1280.jpg?w=1280&amp;ssl=1 1280w\" sizes=\"auto, (max-width: 300px) 100vw, 300px\" \/>des paroles touchantes teint\u00e9es d\u2019amour que bien souvent nous n\u2019aurions jamais pris le temps de dire. Elle me raconte cette anecdote de p\u00e8lerinage, me disant combien les gens que nous croyons pauvres sont parfois bien plus riches que nous le pensons.<\/p>\n<p style=\"text-align: justify;\">\u00c0 la fronti\u00e8re d\u2019un des pays du Maghreb dans le nord de l\u2019Afrique, voulant traverser ce pays en \u00e9tat de guerre pour suivre sa route, malgr\u00e9 qu\u2019elle soit une femme, malgr\u00e9 qu\u2019elle soit chr\u00e9tienne, les douaniers ont \u00e9cout\u00e9 sa demande. Ils lui ont dit de revenir le lendemain, le temps qu\u2019ils \u00e9changent sur la situation. Le lendemain, lorsqu\u2019elle s\u2019est pr\u00e9sent\u00e9e, ils lui ont ouvert la porte et lui ont offert un caf\u00e9, le temps d\u2019\u00e9changer et de la conseiller quant \u00e0 la r\u00e9alit\u00e9 du pays dans lequel elle entrait. Leur rencontre, ponctu\u00e9e de moments de rires, s\u2019est termin\u00e9e sur des encouragements pour la route \u00e0 venir.<\/p>\n<p style=\"text-align: justify;\">Chaque p\u00e8lerin a v\u00e9cu sur sa route une rencontre qui l\u2019a marqu\u00e9. Une chance inou\u00efe, un miracle du chemin, un \u00eatre exceptionnel\u00a0: les mots manquent \u00e0 celui qui le vit tellement il en reste bouche b\u00e9e. Pourtant <span style=\"color: #333333;\">l\u2019\u00eatre humain est naturellement bon.<\/span> En p\u00e8lerinant, en se rendant vuln\u00e9rable, on le d\u00e9couvre car on permet \u00e0 l\u2019autre de donner forme \u00e0 cette bont\u00e9. <strong><span style=\"color: #003366;\">La <\/span><\/strong><img data-recalc-dims=\"1\" loading=\"lazy\" decoding=\"async\" data-attachment-id=\"2469\" data-permalink=\"https:\/\/bottesetvelo.com\/blog\/2016\/03\/25\/la-paix-un-pas-a-la-fois\/coexist-1211709_1280\/\" data-orig-file=\"https:\/\/i0.wp.com\/bottesetvelo.com\/blog\/wp-content\/uploads\/2016\/03\/coexist-1211709_1280.png?fit=1280%2C640&amp;ssl=1\" data-orig-size=\"1280,640\" data-comments-opened=\"1\" data-image-meta=\"{&quot;aperture&quot;:&quot;0&quot;,&quot;credit&quot;:&quot;&quot;,&quot;camera&quot;:&quot;&quot;,&quot;caption&quot;:&quot;&quot;,&quot;created_timestamp&quot;:&quot;0&quot;,&quot;copyright&quot;:&quot;&quot;,&quot;focal_length&quot;:&quot;0&quot;,&quot;iso&quot;:&quot;0&quot;,&quot;shutter_speed&quot;:&quot;0&quot;,&quot;title&quot;:&quot;&quot;,&quot;orientation&quot;:&quot;0&quot;}\" data-image-title=\"coexist\" data-image-description=\"\" data-image-caption=\"\" data-large-file=\"https:\/\/i0.wp.com\/bottesetvelo.com\/blog\/wp-content\/uploads\/2016\/03\/coexist-1211709_1280.png?fit=1024%2C512&amp;ssl=1\" class=\"alignright wp-image-2469\" src=\"https:\/\/i0.wp.com\/bottesetvelo.com\/blog\/wp-content\/uploads\/2016\/03\/coexist-1211709_1280.png?resize=300%2C150&#038;ssl=1\" alt=\"coexist\" width=\"300\" height=\"150\" srcset=\"https:\/\/i0.wp.com\/bottesetvelo.com\/blog\/wp-content\/uploads\/2016\/03\/coexist-1211709_1280.png?resize=500%2C250&amp;ssl=1 500w, https:\/\/i0.wp.com\/bottesetvelo.com\/blog\/wp-content\/uploads\/2016\/03\/coexist-1211709_1280.png?resize=768%2C384&amp;ssl=1 768w, https:\/\/i0.wp.com\/bottesetvelo.com\/blog\/wp-content\/uploads\/2016\/03\/coexist-1211709_1280.png?resize=1024%2C512&amp;ssl=1 1024w, https:\/\/i0.wp.com\/bottesetvelo.com\/blog\/wp-content\/uploads\/2016\/03\/coexist-1211709_1280.png?w=1280&amp;ssl=1 1280w\" sizes=\"auto, (max-width: 300px) 100vw, 300px\" \/><strong><span style=\"color: #003366;\">rencontre avec l\u2019autre est un pas essentiel pour marcher vers la paix<\/span><\/strong>. Prendre conscience que nous avons chacun une partie de v\u00e9rit\u00e9, une fa\u00e7on de penser diff\u00e9rente, qui est influenc\u00e9e par la vie que nous menons. D\u00e9velopper une tol\u00e9rance mutuelle bas\u00e9e sur une meilleure compr\u00e9hension et une acceptation de l\u2019autre dans ce qu\u2019il est diff\u00e9rent de soi. Faire quelques milles dans les souliers de l\u2019autre et l\u2019accueillir sans juger.<\/p>\n<p style=\"text-align: justify;\">Ann, \u00e0 travers sa marche, invite \u00e0 avoir confiance en l\u2019\u00e9tranger. Ainsi, elle nous dit\u00a0: <em>La paix dans le monde est une chose pour les grands de ce monde. <strong><span style=\"color: #003366;\">La paix entre chacun de nous est l\u2019affaire de nous tous<\/span><\/strong>.<\/em> P\u00e2ques est ce temps de l\u2019ann\u00e9e o\u00f9 il fait bon revivre. C\u2019est un temps de remue-m\u00e9nage int\u00e9rieur. Vous, p\u00e8lerin dans l\u2019\u00e2me, quel est <img data-recalc-dims=\"1\" loading=\"lazy\" decoding=\"async\" data-attachment-id=\"14\" data-permalink=\"https:\/\/bottesetvelo.com\/blog\/bottes-et-velo-le-blog\/bottes-et-velo-embleme\/\" data-orig-file=\"https:\/\/i0.wp.com\/bottesetvelo.com\/blog\/wp-content\/uploads\/2014\/01\/Bottes-et-V%C3%A9lo-Embl%C3%AAme-e1454083414631.jpg?fit=100%2C79&amp;ssl=1\" data-orig-size=\"100,79\" data-comments-opened=\"1\" data-image-meta=\"{&quot;aperture&quot;:&quot;0&quot;,&quot;credit&quot;:&quot;&quot;,&quot;camera&quot;:&quot;&quot;,&quot;caption&quot;:&quot;&quot;,&quot;created_timestamp&quot;:&quot;0&quot;,&quot;copyright&quot;:&quot;&quot;,&quot;focal_length&quot;:&quot;0&quot;,&quot;iso&quot;:&quot;0&quot;,&quot;shutter_speed&quot;:&quot;0&quot;,&quot;title&quot;:&quot;&quot;}\" data-image-title=\"Bottes et V\u00e9lo &amp;#8211; Embl\u00eame\" data-image-description=\"\" data-image-caption=\"\" data-large-file=\"https:\/\/i0.wp.com\/bottesetvelo.com\/blog\/wp-content\/uploads\/2014\/01\/Bottes-et-V%C3%A9lo-Embl%C3%AAme-e1454083414631.jpg?fit=100%2C79&amp;ssl=1\" class=\"alignright wp-image-14\" src=\"https:\/\/i0.wp.com\/bottesetvelo.com\/blog\/wp-content\/uploads\/2014\/01\/Bottes-et-V%C3%A9lo-Embl%C3%AAme.jpg?resize=74%2C58&#038;ssl=1\" alt=\"Bottes et V\u00e9lo - Embl\u00eame\" width=\"74\" height=\"58\" \/>l\u2019objet de votre qu\u00eate?<\/p>\n<p>Brigitte Harouni<\/p>\n","protected":false},"excerpt":{"rendered":"<p>Soyez le changement que vous voulez voir dans le monde. Gandhi Chaque personne qui choisit de vivre en p\u00e8lerin, m\u00eame l\u2019espace d\u2019une fraction de vie, porte en lui l\u2019objet d\u2019une qu\u00eate personnelle. C\u2019est cet appel int\u00e9rieur qui l\u2019am\u00e8ne \u00e0 se d\u00e9placer et l\u2019entraine dans une d\u00e9marche de remue-m\u00e9nage intime \u00e0 la recherche du meilleur de&hellip;<\/p>\n","protected":false},"author":2,"featured_media":0,"comment_status":"open","ping_status":"open","sticky":false,"template":"","format":"standard","meta":{"jetpack_post_was_ever_published":false,"_jetpack_newsletter_access":"","_jetpack_dont_email_post_to_subs":false,"_jetpack_newsletter_tier_id":0,"_jetpack_memberships_contains_paywalled_content":false,"_jetpack_memberships_contains_paid_content":false,"footnotes":"","jetpack_publicize_message":"","jetpack_publicize_feature_enabled":true,"jetpack_social_post_already_shared":true,"jetpack_social_options":{"image_generator_settings":{"template":"highway","default_image_id":0,"font":"","enabled":false},"version":2}},"categories":[50,166,230,171,1],"tags":[315,168,13,192,334],"class_list":["post-2466","post","type-post","status-publish","format-standard","hentry","category-art-de-vivre","category-demarche-du-pelerin","category-histoire-de-pelerin","category-pelerinage","category-uncategorized","tag-ann-sieben","tag-demarche-du-pelerin","tag-pelerinage","tag-quete-spirituelle","tag-the-winter-pilgrim"],"jetpack_publicize_connections":[],"jetpack_featured_media_url":"","jetpack_shortlink":"https:\/\/wp.me\/p4eY6z-DM","jetpack_sharing_enabled":true,"jetpack_likes_enabled":true,"jetpack-related-posts":[],"_links":{"self":[{"href":"https:\/\/bottesetvelo.com\/blog\/wp-json\/wp\/v2\/posts\/2466","targetHints":{"allow":["GET"]}}],"collection":[{"href":"https:\/\/bottesetvelo.com\/blog\/wp-json\/wp\/v2\/posts"}],"about":[{"href":"https:\/\/bottesetvelo.com\/blog\/wp-json\/wp\/v2\/types\/post"}],"author":[{"embeddable":true,"href":"https:\/\/bottesetvelo.com\/blog\/wp-json\/wp\/v2\/users\/2"}],"replies":[{"embeddable":true,"href":"https:\/\/bottesetvelo.com\/blog\/wp-json\/wp\/v2\/comments?post=2466"}],"version-history":[{"count":2,"href":"https:\/\/bottesetvelo.com\/blog\/wp-json\/wp\/v2\/posts\/2466\/revisions"}],"predecessor-version":[{"id":2474,"href":"https:\/\/bottesetvelo.com\/blog\/wp-json\/wp\/v2\/posts\/2466\/revisions\/2474"}],"wp:attachment":[{"href":"https:\/\/bottesetvelo.com\/blog\/wp-json\/wp\/v2\/media?parent=2466"}],"wp:term":[{"taxonomy":"category","embeddable":true,"href":"https:\/\/bottesetvelo.com\/blog\/wp-json\/wp\/v2\/categories?post=2466"},{"taxonomy":"post_tag","embeddable":true,"href":"https:\/\/bottesetvelo.com\/blog\/wp-json\/wp\/v2\/tags?post=2466"}],"curies":[{"name":"wp","href":"https:\/\/api.w.org\/{rel}","templated":true}]}}