{"id":2457,"date":"2016-03-25T08:37:57","date_gmt":"2016-03-25T12:37:57","guid":{"rendered":"http:\/\/bottesetvelo.com\/blog\/?p=2457"},"modified":"2016-03-25T08:37:57","modified_gmt":"2016-03-25T12:37:57","slug":"passer-la-porte-sainte-apres-5000-km-de-marche","status":"publish","type":"post","link":"https:\/\/bottesetvelo.com\/blog\/2016\/03\/25\/passer-la-porte-sainte-apres-5000-km-de-marche\/","title":{"rendered":"Passer la Porte Sainte apr\u00e8s 5000 km de marche\u2026"},"content":{"rendered":"<h5 style=\"text-align: justify;\"><span style=\"color: #003366;\">Jeudi 24 mars. Vers midi, nous avons rejoint Ann Sieben au Sanctuaire Ste-Th\u00e9r\u00e8se-de-Lisieux, \u00e0 Beauport. Le recteur du sanctuaire, R\u00e9jean Lessard, nous y attendait chaleureusement avec toute une \u00e9quipe de b\u00e9n\u00e9voles pour souligner le passage d\u2019Ann. Nous \u00e9tions une douzaine \u00e0 la rejoindre pour partager avec elle une \u00e9tape \u00a0marquante de son p\u00e8lerinage\u00a0: notre marche de 13 km allait d\u00e9buter par le passage de la Porte de la Mis\u00e9ricorde du sanctuaire de Beauport, pour se terminer par le passage de la Porte Sainte de la Basilique-cath\u00e9drale Notre-Dame-de-Qu\u00e9bec, la seule en Am\u00e9rique.<\/span><\/h5>\n<p style=\"text-align: justify;\"><img data-recalc-dims=\"1\" loading=\"lazy\" decoding=\"async\" data-attachment-id=\"2458\" data-permalink=\"https:\/\/bottesetvelo.com\/blog\/2016\/03\/25\/passer-la-porte-sainte-apres-5000-km-de-marche\/2016-03-24-14-57-19\/\" data-orig-file=\"https:\/\/i0.wp.com\/bottesetvelo.com\/blog\/wp-content\/uploads\/2016\/03\/2016-03-24-14.57.19.jpg?fit=1440%2C1080&amp;ssl=1\" data-orig-size=\"1440,1080\" data-comments-opened=\"1\" data-image-meta=\"{&quot;aperture&quot;:&quot;0&quot;,&quot;credit&quot;:&quot;&quot;,&quot;camera&quot;:&quot;COOLPIX S9900&quot;,&quot;caption&quot;:&quot;&quot;,&quot;created_timestamp&quot;:&quot;0&quot;,&quot;copyright&quot;:&quot;&quot;,&quot;focal_length&quot;:&quot;34.5&quot;,&quot;iso&quot;:&quot;0&quot;,&quot;shutter_speed&quot;:&quot;0&quot;,&quot;title&quot;:&quot;&quot;,&quot;orientation&quot;:&quot;1&quot;}\" data-image-title=\"Ann Sieben &amp;#8211; Porte Sainte\" data-image-description=\"\" data-image-caption=\"\" data-large-file=\"https:\/\/i0.wp.com\/bottesetvelo.com\/blog\/wp-content\/uploads\/2016\/03\/2016-03-24-14.57.19.jpg?fit=1024%2C768&amp;ssl=1\" class=\"alignright wp-image-2458\" src=\"https:\/\/i0.wp.com\/bottesetvelo.com\/blog\/wp-content\/uploads\/2016\/03\/2016-03-24-14.57.19.jpg?resize=300%2C225&#038;ssl=1\" alt=\"Ann Sieben - Porte Sainte\" width=\"300\" height=\"225\" srcset=\"https:\/\/i0.wp.com\/bottesetvelo.com\/blog\/wp-content\/uploads\/2016\/03\/2016-03-24-14.57.19.jpg?resize=500%2C375&amp;ssl=1 500w, https:\/\/i0.wp.com\/bottesetvelo.com\/blog\/wp-content\/uploads\/2016\/03\/2016-03-24-14.57.19.jpg?resize=768%2C576&amp;ssl=1 768w, https:\/\/i0.wp.com\/bottesetvelo.com\/blog\/wp-content\/uploads\/2016\/03\/2016-03-24-14.57.19.jpg?resize=1024%2C768&amp;ssl=1 1024w, https:\/\/i0.wp.com\/bottesetvelo.com\/blog\/wp-content\/uploads\/2016\/03\/2016-03-24-14.57.19.jpg?w=1440&amp;ssl=1 1440w\" sizes=\"auto, (max-width: 300px) 100vw, 300px\" \/>Passer le seuil d\u2019une porte, c\u2019est entrer dans la demeure de quelqu\u2019un. C\u2019est se laisser accueillir dans son univers. Pour le p\u00e8lerin en marche, c\u2019est trouver un endroit o\u00f9 se d\u00e9poser en toute confiance, un lieu de repos et d\u2019amour. <span style=\"color: #003366;\"><strong>Chaque journ\u00e9e du p\u00e8lerin se termine par une porte sainte qui s\u2019ouvre pour lui\u2026<\/strong><\/span><\/p>\n<p style=\"text-align: justify;\">Apr\u00e8s 5000 km de p\u00e8lerinage \u00e0 pied, franchir la Porte Sainte, c\u2019est le condens\u00e9 d\u2019une vie qui s\u2019appr\u00eate \u00e0 entrer dans la demeure de Celui qui nous accueille de mani\u00e8re inconditionnelle, sans exigence aucune. Avant d\u2019y entrer, le p\u00e8lerin d\u00e9pose son fardeau, nul besoin de le porter avec lui, nul besoin de tout pr\u00e9voir. En bon Parent, Il nous veut tout simplement aupr\u00e8s de lui. Franchir le seuil de cette porte est le symbole qu\u2019il est possible de passer d\u2019un lieu \u00e0 un autre\u00a0: du rejet \u00e0 l\u2019accueil; de la solitude \u00e0 la rencontre; de l\u2019\u00eatre bless\u00e9 au pardon\u2026<\/p>\n<p style=\"text-align: justify;\">C\u2019est dans l\u2019esprit de cette d\u00e9marche p\u00e8lerine que nous avons accompagn\u00e9 Ann et que nous sommes entr\u00e9s dans les c\u00e9l\u00e9brations du Triduum Pascal. Avec elle, nous avons pu prendre part \u00e0 cet \u00e9v\u00e9nement unique qui l\u2019a conduite jusqu\u2019ici. C\u2019est toute une \u00e9quipe de b\u00e9n\u00e9voles qui l\u2019attendaient en compagnie de\u00a0: <img data-recalc-dims=\"1\" loading=\"lazy\" decoding=\"async\" data-attachment-id=\"2462\" data-permalink=\"https:\/\/bottesetvelo.com\/blog\/2016\/03\/25\/passer-la-porte-sainte-apres-5000-km-de-marche\/2016-03-24-14-50-00\/\" data-orig-file=\"https:\/\/i0.wp.com\/bottesetvelo.com\/blog\/wp-content\/uploads\/2016\/03\/2016-03-24-14.50.00.jpg?fit=1080%2C1440&amp;ssl=1\" data-orig-size=\"1080,1440\" data-comments-opened=\"1\" data-image-meta=\"{&quot;aperture&quot;:&quot;0&quot;,&quot;credit&quot;:&quot;&quot;,&quot;camera&quot;:&quot;COOLPIX S9900&quot;,&quot;caption&quot;:&quot;&quot;,&quot;created_timestamp&quot;:&quot;0&quot;,&quot;copyright&quot;:&quot;&quot;,&quot;focal_length&quot;:&quot;17.6&quot;,&quot;iso&quot;:&quot;0&quot;,&quot;shutter_speed&quot;:&quot;0&quot;,&quot;title&quot;:&quot;&quot;,&quot;orientation&quot;:&quot;6&quot;}\" data-image-title=\"Ann Sieben &amp;#8211; Arriv\u00e9e \u00e0 la Porte Sainte de Qu\u00e9bec\" data-image-description=\"\" data-image-caption=\"\" data-large-file=\"https:\/\/i0.wp.com\/bottesetvelo.com\/blog\/wp-content\/uploads\/2016\/03\/2016-03-24-14.50.00.jpg?fit=768%2C1024&amp;ssl=1\" class=\"alignright wp-image-2462\" src=\"https:\/\/i0.wp.com\/bottesetvelo.com\/blog\/wp-content\/uploads\/2016\/03\/2016-03-24-14.50.00.jpg?resize=300%2C400&#038;ssl=1\" alt=\"Ann Sieben - Arriv\u00e9e \u00e0 la Porte Sainte de Qu\u00e9bec\" width=\"300\" height=\"400\" srcset=\"https:\/\/i0.wp.com\/bottesetvelo.com\/blog\/wp-content\/uploads\/2016\/03\/2016-03-24-14.50.00.jpg?resize=375%2C500&amp;ssl=1 375w, https:\/\/i0.wp.com\/bottesetvelo.com\/blog\/wp-content\/uploads\/2016\/03\/2016-03-24-14.50.00.jpg?resize=768%2C1024&amp;ssl=1 768w, https:\/\/i0.wp.com\/bottesetvelo.com\/blog\/wp-content\/uploads\/2016\/03\/2016-03-24-14.50.00.jpg?w=1080&amp;ssl=1 1080w\" sizes=\"auto, (max-width: 300px) 100vw, 300px\" \/>Fran\u00e7ois Miville-Dech\u00eanes, directeur des communications de la basilique, celui qui depuis plusieurs mois contribue grandement \u00e0 faire la promotion du p\u00e8lerinage de longue randonn\u00e9e \u00e0 travers ce projet; soeur H\u00e9l\u00e8ne Bastarache, qui a su orchestr\u00e9 l\u2019accueil d\u2019Ann et l\u2019a invit\u00e9 \u00e0 prendre part \u00e0 la c\u00e9l\u00e9bration du Jeudi Saint; Denis B\u00e9langer, cur\u00e9 de la paroisse Notre-Dame-de-Qu\u00e9bec, qui s\u2019est fait un h\u00f4te chaleureux et attentionn\u00e9. Gr\u00e2ce \u00e0 la g\u00e9n\u00e9rosit\u00e9 de toutes ces personnes, et de celles qui les ont pr\u00e9c\u00e9d\u00e9es en diff\u00e9rents lieux de ce p\u00e8lerinage, Ann est arriv\u00e9e \u00e0 Qu\u00e9bec porteuse de ce message\u00a0qui l\u2019habite profond\u00e9ment: la paix dans le monde est une chose pour les grands de ce monde. La paix entre chacun de nous est l\u2019affaire de nous tous.<\/p>\n<p style=\"text-align: justify;\">Aujourd\u2019hui, vendredi saint, Ann participera \u00e0 la c\u00e9l\u00e9bration de la Passion \u00e0 Notre-Dame-de-Qu\u00e9bec en apr\u00e8s-midi. En soir\u00e9e, nous vous invitons \u00e0 vous joindre \u00e0 elle pour la <span style=\"color: #003366;\"><strong>marche \u0153cum\u00e9nique<\/strong><\/span> qui aura lieu dans le Vieux-Qu\u00e9bec. <span style=\"color: #003366;\"><strong>Le rendez-vous est 18h30 \u00e0 l\u2019\u00e9glise Chalmers-Wesley United Church &#8211; 78 Rue Sainte-Ursule, Vieux-Qu\u00e9bec. C\u2019est avec plaisir que Bottes et V\u00e9lo vous y attendra.<\/strong><\/span><\/p>\n<p style=\"text-align: justify;\">Samedi, Ann reprendra la route en direction de Ch\u00e2teau-Richer. Puis, dimanche matin, ce sera la mont\u00e9e finale en ce temps pascal vers l\u2019ultime objectif d\u2019Ann Sieben\u00a0: La Basilique Ste-Anne-de-Beaupr\u00e9. Pour cet \u00e9v\u00e9nement, voici les informations \u00e0 retenir\u00a0pour ce <span style=\"color: #003366;\"><strong>dimanche 27 mars<\/strong>:<\/span><\/p>\n<ul>\n<li style=\"text-align: justify;\"><span style=\"color: #003366;\"><strong>8h00 &#8211; Rassemblement <\/strong><\/span>des p\u00e8lerins marcheurs avec Ann Sieben \u00e0 l\u2019\u00e9glise de Ch\u00e2teau-Richer.<\/li>\n<li style=\"text-align: justify;\"><span style=\"color: #003366;\"><strong>8h30 &#8211; D\u00e9part de l\u2019\u00e9glise de Ch\u00e2teau-Richer<\/strong> <\/span>et marche avec le groupe de p\u00e8lerins vers la Basilique Ste-Anne (10 km).<\/li>\n<li style=\"text-align: justify;\"><span style=\"color: #003366;\"><strong>11h00 : Arriv\u00e9e du groupe \u00e0 la basilique<\/strong><\/span> pour la c\u00e9l\u00e9bration de P\u00e2ques<\/li>\n<li style=\"text-align: justify;\"><span style=\"color: #003366;\"><strong>Apr\u00e8s la c\u00e9l\u00e9bration\u00a0: Repas festif<\/strong> ($) <\/span>du groupe de p\u00e8lerins en compagnie d\u2019Ann Sieben.<\/li>\n<\/ul>\n<p style=\"text-align: justify;\"><span style=\"color: #003366;\"><strong><a href=\"http:\/\/bottesetvelo.com\/bottes-et-v%C3%A9lo---ann-sieben\">N\u2019oubliez pas de vous inscrire sur le site de Bottes et V\u00e9lo! (Cliquez ici)<\/a><\/strong><\/span><\/p>\n<p style=\"text-align: justify;\">Au plaisir de vous retrouver en grand nombre pour souligner cet \u00e9v\u00e9nement et c\u00e9l\u00e9brer cette P\u00e2ques avec vous tous!<img data-recalc-dims=\"1\" loading=\"lazy\" decoding=\"async\" data-attachment-id=\"14\" data-permalink=\"https:\/\/bottesetvelo.com\/blog\/bottes-et-velo-le-blog\/bottes-et-velo-embleme\/\" data-orig-file=\"https:\/\/i0.wp.com\/bottesetvelo.com\/blog\/wp-content\/uploads\/2014\/01\/Bottes-et-V%C3%A9lo-Embl%C3%AAme-e1454083414631.jpg?fit=100%2C79&amp;ssl=1\" data-orig-size=\"100,79\" data-comments-opened=\"1\" data-image-meta=\"{&quot;aperture&quot;:&quot;0&quot;,&quot;credit&quot;:&quot;&quot;,&quot;camera&quot;:&quot;&quot;,&quot;caption&quot;:&quot;&quot;,&quot;created_timestamp&quot;:&quot;0&quot;,&quot;copyright&quot;:&quot;&quot;,&quot;focal_length&quot;:&quot;0&quot;,&quot;iso&quot;:&quot;0&quot;,&quot;shutter_speed&quot;:&quot;0&quot;,&quot;title&quot;:&quot;&quot;}\" data-image-title=\"Bottes et V\u00e9lo &amp;#8211; Embl\u00eame\" data-image-description=\"\" data-image-caption=\"\" data-large-file=\"https:\/\/i0.wp.com\/bottesetvelo.com\/blog\/wp-content\/uploads\/2014\/01\/Bottes-et-V%C3%A9lo-Embl%C3%AAme-e1454083414631.jpg?fit=100%2C79&amp;ssl=1\" class=\"alignright wp-image-14\" src=\"https:\/\/i0.wp.com\/bottesetvelo.com\/blog\/wp-content\/uploads\/2014\/01\/Bottes-et-V%C3%A9lo-Embl%C3%AAme.jpg?resize=79%2C62&#038;ssl=1\" alt=\"Bottes et V\u00e9lo - Embl\u00eame\" width=\"79\" height=\"62\" \/><\/p>\n<p style=\"text-align: justify;\">\u00c9ric Lalibert\u00e9 et Brigitte Harouni<\/p>\n","protected":false},"excerpt":{"rendered":"<p>Jeudi 24 mars. Vers midi, nous avons rejoint Ann Sieben au Sanctuaire Ste-Th\u00e9r\u00e8se-de-Lisieux, \u00e0 Beauport. Le recteur du sanctuaire, R\u00e9jean Lessard, nous y attendait chaleureusement avec toute une \u00e9quipe de b\u00e9n\u00e9voles pour souligner le passage d\u2019Ann. Nous \u00e9tions une douzaine \u00e0 la rejoindre pour partager avec elle une \u00e9tape \u00a0marquante de son p\u00e8lerinage\u00a0: notre marche&hellip;<\/p>\n","protected":false},"author":3,"featured_media":0,"comment_status":"open","ping_status":"open","sticky":false,"template":"","format":"standard","meta":{"jetpack_post_was_ever_published":false,"_jetpack_newsletter_access":"","_jetpack_dont_email_post_to_subs":false,"_jetpack_newsletter_tier_id":0,"_jetpack_memberships_contains_paywalled_content":false,"_jetpack_memberships_contains_paid_content":false,"footnotes":"","jetpack_publicize_message":"Passer la Porte Sainte apr\u00e8s 5000 km de marche\u2026","jetpack_publicize_feature_enabled":true,"jetpack_social_post_already_shared":true,"jetpack_social_options":{"image_generator_settings":{"template":"highway","default_image_id":0,"font":"","enabled":false},"version":2}},"categories":[56,230,171,37],"tags":[315,358,196,377,376,334],"class_list":["post-2457","post","type-post","status-publish","format-standard","hentry","category-activites","category-histoire-de-pelerin","category-pelerinage","category-spiritualite-2","tag-ann-sieben","tag-notre-dame-de-quebec","tag-paques","tag-porte-sainte","tag-semaine-sainte","tag-the-winter-pilgrim"],"jetpack_publicize_connections":[],"jetpack_featured_media_url":"","jetpack_shortlink":"https:\/\/wp.me\/p4eY6z-DD","jetpack_sharing_enabled":true,"jetpack_likes_enabled":true,"jetpack-related-posts":[],"_links":{"self":[{"href":"https:\/\/bottesetvelo.com\/blog\/wp-json\/wp\/v2\/posts\/2457","targetHints":{"allow":["GET"]}}],"collection":[{"href":"https:\/\/bottesetvelo.com\/blog\/wp-json\/wp\/v2\/posts"}],"about":[{"href":"https:\/\/bottesetvelo.com\/blog\/wp-json\/wp\/v2\/types\/post"}],"author":[{"embeddable":true,"href":"https:\/\/bottesetvelo.com\/blog\/wp-json\/wp\/v2\/users\/3"}],"replies":[{"embeddable":true,"href":"https:\/\/bottesetvelo.com\/blog\/wp-json\/wp\/v2\/comments?post=2457"}],"version-history":[{"count":2,"href":"https:\/\/bottesetvelo.com\/blog\/wp-json\/wp\/v2\/posts\/2457\/revisions"}],"predecessor-version":[{"id":2465,"href":"https:\/\/bottesetvelo.com\/blog\/wp-json\/wp\/v2\/posts\/2457\/revisions\/2465"}],"wp:attachment":[{"href":"https:\/\/bottesetvelo.com\/blog\/wp-json\/wp\/v2\/media?parent=2457"}],"wp:term":[{"taxonomy":"category","embeddable":true,"href":"https:\/\/bottesetvelo.com\/blog\/wp-json\/wp\/v2\/categories?post=2457"},{"taxonomy":"post_tag","embeddable":true,"href":"https:\/\/bottesetvelo.com\/blog\/wp-json\/wp\/v2\/tags?post=2457"}],"curies":[{"name":"wp","href":"https:\/\/api.w.org\/{rel}","templated":true}]}}