{"id":2443,"date":"2016-03-12T06:27:57","date_gmt":"2016-03-12T11:27:57","guid":{"rendered":"http:\/\/bottesetvelo.com\/blog\/?p=2443"},"modified":"2016-03-12T06:27:57","modified_gmt":"2016-03-12T11:27:57","slug":"ann-sieben-chez-les-bleuets","status":"publish","type":"post","link":"https:\/\/bottesetvelo.com\/blog\/2016\/03\/12\/ann-sieben-chez-les-bleuets\/","title":{"rendered":"Ann Sieben chez les Bleuets!"},"content":{"rendered":"<h5 style=\"text-align: justify;\"><span style=\"color: #003366;\">C&rsquo;est hier matin, par un ciel bleu et ensoleill\u00e9, qu&rsquo;Ann Sieben arrivait \u00e0 l&rsquo;Ermitage St-Antoine de Lac-Bouchette, au Lac St-Jean. Apr\u00e8s avoir parcouru une route des plus hasardeuse pour le marcheur, la route 155 entre La Tuque et Lac-Bouchette, la p\u00e8lerine de l&rsquo;hiver nous attendait sur le perron de l&rsquo;\u00e9glise. Pour l&rsquo;occasion, un groupe de 20 marcheurs \u00e9tait pr\u00e9sent pour l&rsquo;accueillir chaleureusement. P\u00e8re France Salesse, recteur de l&rsquo;Ermitage, Louis Gagn\u00e9, directeur, et Marilou Desbiens, responsable des communications, ainsi que P\u00e8re Michel Gagn\u00e9 se sont joints \u00e0 cette marche et c&rsquo;est dans le plus pur esprit p\u00e8lerin que nous nous sommes lanc\u00e9s en direction de l&rsquo;Ermitage. Sourires et bonne humeur \u00e9taient au rendez-vous!<\/span><\/h5>\n<div id=\"attachment_2444\" style=\"width: 310px\" class=\"wp-caption alignright\"><img data-recalc-dims=\"1\" loading=\"lazy\" decoding=\"async\" aria-describedby=\"caption-attachment-2444\" data-attachment-id=\"2444\" data-permalink=\"https:\/\/bottesetvelo.com\/blog\/2016\/03\/12\/ann-sieben-chez-les-bleuets\/2016-03-11-10-44-35\/\" data-orig-file=\"https:\/\/i0.wp.com\/bottesetvelo.com\/blog\/wp-content\/uploads\/2016\/03\/2016-03-11-10.44.35.jpg?fit=3264%2C2448&amp;ssl=1\" data-orig-size=\"3264,2448\" data-comments-opened=\"1\" data-image-meta=\"{&quot;aperture&quot;:&quot;2.6&quot;,&quot;credit&quot;:&quot;&quot;,&quot;camera&quot;:&quot;SGH-I747M&quot;,&quot;caption&quot;:&quot;&quot;,&quot;created_timestamp&quot;:&quot;1457693075&quot;,&quot;copyright&quot;:&quot;&quot;,&quot;focal_length&quot;:&quot;3.7&quot;,&quot;iso&quot;:&quot;50&quot;,&quot;shutter_speed&quot;:&quot;0.000260960334029&quot;,&quot;title&quot;:&quot;&quot;,&quot;orientation&quot;:&quot;1&quot;}\" data-image-title=\"Ann Sieben et France Salesse\" data-image-description=\"\" data-image-caption=\"&lt;p&gt;Ann Sieben en compagnie de France Salesse, recteur de l&amp;rsquo;Ermitage&lt;\/p&gt;\n\" data-large-file=\"https:\/\/i0.wp.com\/bottesetvelo.com\/blog\/wp-content\/uploads\/2016\/03\/2016-03-11-10.44.35.jpg?fit=1024%2C768&amp;ssl=1\" class=\"wp-image-2444\" src=\"https:\/\/i0.wp.com\/bottesetvelo.com\/blog\/wp-content\/uploads\/2016\/03\/2016-03-11-10.44.35.jpg?resize=300%2C225&#038;ssl=1\" alt=\"Ann Sieben et France Salesse\" width=\"300\" height=\"225\" srcset=\"https:\/\/i0.wp.com\/bottesetvelo.com\/blog\/wp-content\/uploads\/2016\/03\/2016-03-11-10.44.35.jpg?resize=500%2C375&amp;ssl=1 500w, https:\/\/i0.wp.com\/bottesetvelo.com\/blog\/wp-content\/uploads\/2016\/03\/2016-03-11-10.44.35.jpg?resize=768%2C576&amp;ssl=1 768w, https:\/\/i0.wp.com\/bottesetvelo.com\/blog\/wp-content\/uploads\/2016\/03\/2016-03-11-10.44.35.jpg?w=2340&amp;ssl=1 2340w\" sizes=\"auto, (max-width: 300px) 100vw, 300px\" \/><p id=\"caption-attachment-2444\" class=\"wp-caption-text\">Ann Sieben en compagnie de France Salesse, recteur de l&rsquo;Ermitage St-Antoine<\/p><\/div>\n<p style=\"text-align: justify;\">Connaissez-vous l&rsquo;Ermitage St-Antoine? C&rsquo;est un site \u00e0 d\u00e9couvrir! Situ\u00e9 dans un environnement des plus magnifique, l\u00e9g\u00e8rement en surplomb et bordant le lac, l&rsquo;Ermitage offre au regard l&rsquo;immensit\u00e9 de ses paysages naturels. L&rsquo;ambiance qui y r\u00e8gne nous plonge avec douceur au c\u0153ur d&rsquo;une nature qui d\u00e9gage paix et s\u00e9r\u00e9nit\u00e9. Tout invite \u00e0 l&rsquo;int\u00e9riorisation! Une ambiance qui n&rsquo;est pas sans lien avec la pr\u00e9sence des Capucins sur les lieux. L&rsquo;accueil fraternel de la communaut\u00e9 et leur bienveillance \u00e0 l&rsquo;\u00e9gard des gens qu&rsquo;ils re\u00e7oivent est dans la plus pure tradition franciscaine. <strong>(Pour visiter le site de l&rsquo;Ermitage: <a href=\"http:\/\/www.st-antoine.org\/fr\/\">http:\/\/www.st-antoine.org\/fr <\/a>)<\/strong><\/p>\n<p style=\"text-align: justify;\">Au cours de ce passage \u00e0 l&rsquo;Ermitage, nous aurons appris qu&rsquo;Ann projette d\u00e9j\u00e0 ses prochains p\u00e8lerinages. L&rsquo;\u00e9t\u00e9 prochain elle marchera avec un groupe de s\u00e9minaristes, depuis Rome jusqu&rsquo;\u00e0 Cracovie pour les Journ\u00e9es Mondiales de la Jeunesse. <strong><span style=\"color: #003366;\">L&rsquo;hiver prochain, c&rsquo;est au Japon que ses semelles de p\u00e8lerine iront battre les chemins.<\/span> <\/strong>Pourquoi le Japon? Elle nous raconte que l&rsquo;histoire religieuse du Japon et du Canada est marqu\u00e9 par un lien commun: la pr\u00e9sence des J\u00e9suites. C&rsquo;est \u00e0 la poursuite de cette pr\u00e9sence missionnaire, \u00e0 l&rsquo;\u00e9poque fondatrice du Canada, qu&rsquo;Ann traversait l&rsquo;Am\u00e9rique du Nord cette ann\u00e9e. Son p\u00e8lerinage au Japon se fera donc en continuit\u00e9 avec le parcours de cette ann\u00e9e.<\/p>\n<p style=\"text-align: justify;\"><img data-recalc-dims=\"1\" loading=\"lazy\" decoding=\"async\" data-attachment-id=\"2445\" data-permalink=\"https:\/\/bottesetvelo.com\/blog\/2016\/03\/12\/ann-sieben-chez-les-bleuets\/2016-03-11-10-09-53\/\" data-orig-file=\"https:\/\/i0.wp.com\/bottesetvelo.com\/blog\/wp-content\/uploads\/2016\/03\/2016-03-11-10.09.53.jpg?fit=2453%2C1884&amp;ssl=1\" data-orig-size=\"2453,1884\" data-comments-opened=\"1\" data-image-meta=\"{&quot;aperture&quot;:&quot;2.6&quot;,&quot;credit&quot;:&quot;&quot;,&quot;camera&quot;:&quot;SGH-I747M&quot;,&quot;caption&quot;:&quot;&quot;,&quot;created_timestamp&quot;:&quot;1457690993&quot;,&quot;copyright&quot;:&quot;&quot;,&quot;focal_length&quot;:&quot;3.7&quot;,&quot;iso&quot;:&quot;50&quot;,&quot;shutter_speed&quot;:&quot;0.000319693094629&quot;,&quot;title&quot;:&quot;&quot;,&quot;orientation&quot;:&quot;1&quot;}\" data-image-title=\"Ann Sieben en marche vers l&amp;rsquo;Ermitage\" data-image-description=\"\" data-image-caption=\"\" data-large-file=\"https:\/\/i0.wp.com\/bottesetvelo.com\/blog\/wp-content\/uploads\/2016\/03\/2016-03-11-10.09.53.jpg?fit=1024%2C786&amp;ssl=1\" class=\"alignright wp-image-2445\" src=\"https:\/\/i0.wp.com\/bottesetvelo.com\/blog\/wp-content\/uploads\/2016\/03\/2016-03-11-10.09.53.jpg?resize=300%2C230&#038;ssl=1\" alt=\"Ann Sieben en marche vers l'Ermitage\" width=\"300\" height=\"230\" srcset=\"https:\/\/i0.wp.com\/bottesetvelo.com\/blog\/wp-content\/uploads\/2016\/03\/2016-03-11-10.09.53.jpg?resize=500%2C384&amp;ssl=1 500w, https:\/\/i0.wp.com\/bottesetvelo.com\/blog\/wp-content\/uploads\/2016\/03\/2016-03-11-10.09.53.jpg?resize=768%2C590&amp;ssl=1 768w, https:\/\/i0.wp.com\/bottesetvelo.com\/blog\/wp-content\/uploads\/2016\/03\/2016-03-11-10.09.53.jpg?resize=1024%2C786&amp;ssl=1 1024w, https:\/\/i0.wp.com\/bottesetvelo.com\/blog\/wp-content\/uploads\/2016\/03\/2016-03-11-10.09.53.jpg?w=2340&amp;ssl=1 2340w\" sizes=\"auto, (max-width: 300px) 100vw, 300px\" \/><span style=\"color: #003366;\"><strong>Dimanche matin, Ann reprendra la route en direction de Roberval.<\/strong> <\/span>Notre p\u00e8lerine qui abat et encha\u00eene les kilom\u00e8tres d&rsquo;une mani\u00e8re ph\u00e9nom\u00e9nale a d\u00e9cid\u00e9 de faire le tour du Lac St-Jean avant de revenir sur Qu\u00e9bec. Soyez sans crainte, nous sommes parvenus \u00e0 la convaincre de ne pas traverser le Parc des Laurentides \u00e0 pieds! Elle marchera jusqu&rsquo;aux abords du parc et le lendemain demandera \u00e0 \u00eatre d\u00e9pos\u00e9e au Camp Mercier. De l\u00e0, elle marchera vers Ste-Brigitte-de-Laval.<\/p>\n<p style=\"text-align: justify;\">De notre c\u00f4t\u00e9, <span style=\"color: #003366;\"><strong>le prochain rendez-vous est fix\u00e9 au 24 mars \u00e0 midi.<\/strong> <\/span>Nous vous invitons \u00e0 venir vous joindre \u00e0 Ann pour une marche de 13 km depuis le <span style=\"color: #003366;\"><strong>Sanctuaire Ste-Th\u00e9r\u00e8se-de-Lisieux, \u00e0 Beauport,<\/strong><\/span> jusqu&rsquo;\u00e0 la Basilique-cath\u00e9drale Notre-Dame-de-Qu\u00e9bec. Pour les marcheurs qui le d\u00e9sirent, vous pourrez vous joindre \u00e0 nous pour prendre le repas du soir en compagnie d&rsquo;Ann. <strong><span style=\"color: #003366;\">Vous trouverez tous les d\u00e9tails de cette journ\u00e9e sur le site de Bottes et V\u00e9lo \u00e0 la page d&rsquo;Ann Sieben :<\/span> <a href=\"http:\/\/bottesetvelo.com\/bottes-et-v\u00e9lo---ann-sieben\">http:\/\/bottesetvelo.com\/bottes-et-v\u00e9lo&#8212;ann-sieben<\/a><\/strong>. N&rsquo;oubliez pas qu&rsquo;il est important de vous inscrire \u00e0 cette activit\u00e9 pour que nous puissions comptabiliser le nombre de participants et le nombre de repas pour ceux et celles qui d\u00e9sirent casser la cro\u00fbte en compagnie d&rsquo;Ann \u00e0 la fin de la journ\u00e9e.<\/p>\n<p style=\"text-align: justify;\">Cette belle aventure se poursuit donc!<img data-recalc-dims=\"1\" loading=\"lazy\" decoding=\"async\" data-attachment-id=\"14\" data-permalink=\"https:\/\/bottesetvelo.com\/blog\/bottes-et-velo-le-blog\/bottes-et-velo-embleme\/\" data-orig-file=\"https:\/\/i0.wp.com\/bottesetvelo.com\/blog\/wp-content\/uploads\/2014\/01\/Bottes-et-V%C3%A9lo-Embl%C3%AAme-e1454083414631.jpg?fit=100%2C79&amp;ssl=1\" data-orig-size=\"100,79\" data-comments-opened=\"1\" data-image-meta=\"{&quot;aperture&quot;:&quot;0&quot;,&quot;credit&quot;:&quot;&quot;,&quot;camera&quot;:&quot;&quot;,&quot;caption&quot;:&quot;&quot;,&quot;created_timestamp&quot;:&quot;0&quot;,&quot;copyright&quot;:&quot;&quot;,&quot;focal_length&quot;:&quot;0&quot;,&quot;iso&quot;:&quot;0&quot;,&quot;shutter_speed&quot;:&quot;0&quot;,&quot;title&quot;:&quot;&quot;}\" data-image-title=\"Bottes et V\u00e9lo &amp;#8211; Embl\u00eame\" data-image-description=\"\" data-image-caption=\"\" data-large-file=\"https:\/\/i0.wp.com\/bottesetvelo.com\/blog\/wp-content\/uploads\/2014\/01\/Bottes-et-V%C3%A9lo-Embl%C3%AAme-e1454083414631.jpg?fit=100%2C79&amp;ssl=1\" class=\"alignright wp-image-14\" src=\"https:\/\/i0.wp.com\/bottesetvelo.com\/blog\/wp-content\/uploads\/2014\/01\/Bottes-et-V%C3%A9lo-Embl%C3%AAme.jpg?resize=84%2C66&#038;ssl=1\" alt=\"Bottes et V\u00e9lo - Embl\u00eame\" width=\"84\" height=\"66\" \/><\/p>\n<p style=\"text-align: justify;\">\u00c9ric Lalibert\u00e9<\/p>\n","protected":false},"excerpt":{"rendered":"<p>C&rsquo;est hier matin, par un ciel bleu et ensoleill\u00e9, qu&rsquo;Ann Sieben arrivait \u00e0 l&rsquo;Ermitage St-Antoine de Lac-Bouchette, au Lac St-Jean. Apr\u00e8s avoir parcouru une route des plus hasardeuse pour le marcheur, la route 155 entre La Tuque et Lac-Bouchette, la p\u00e8lerine de l&rsquo;hiver nous attendait sur le perron de l&rsquo;\u00e9glise. Pour l&rsquo;occasion, un groupe de&hellip;<\/p>\n","protected":false},"author":3,"featured_media":0,"comment_status":"open","ping_status":"open","sticky":false,"template":"","format":"standard","meta":{"jetpack_post_was_ever_published":false,"_jetpack_newsletter_access":"","_jetpack_dont_email_post_to_subs":false,"_jetpack_newsletter_tier_id":0,"_jetpack_memberships_contains_paywalled_content":false,"_jetpack_memberships_contains_paid_content":false,"footnotes":"","jetpack_publicize_message":"","jetpack_publicize_feature_enabled":true,"jetpack_social_post_already_shared":true,"jetpack_social_options":{"image_generator_settings":{"template":"highway","default_image_id":0,"font":"","enabled":false},"version":2}},"categories":[230],"tags":[315,359,370,371,14,13,20,334],"class_list":["post-2443","post","type-post","status-publish","format-standard","hentry","category-histoire-de-pelerin","tag-ann-sieben","tag-ermitage-st-antoine","tag-lac-st-jean","tag-lac-bouchette","tag-marche","tag-pelerinage","tag-spiritualite","tag-the-winter-pilgrim"],"jetpack_publicize_connections":[],"jetpack_featured_media_url":"","jetpack_shortlink":"https:\/\/wp.me\/p4eY6z-Dp","jetpack_sharing_enabled":true,"jetpack_likes_enabled":true,"jetpack-related-posts":[],"_links":{"self":[{"href":"https:\/\/bottesetvelo.com\/blog\/wp-json\/wp\/v2\/posts\/2443","targetHints":{"allow":["GET"]}}],"collection":[{"href":"https:\/\/bottesetvelo.com\/blog\/wp-json\/wp\/v2\/posts"}],"about":[{"href":"https:\/\/bottesetvelo.com\/blog\/wp-json\/wp\/v2\/types\/post"}],"author":[{"embeddable":true,"href":"https:\/\/bottesetvelo.com\/blog\/wp-json\/wp\/v2\/users\/3"}],"replies":[{"embeddable":true,"href":"https:\/\/bottesetvelo.com\/blog\/wp-json\/wp\/v2\/comments?post=2443"}],"version-history":[{"count":3,"href":"https:\/\/bottesetvelo.com\/blog\/wp-json\/wp\/v2\/posts\/2443\/revisions"}],"predecessor-version":[{"id":2448,"href":"https:\/\/bottesetvelo.com\/blog\/wp-json\/wp\/v2\/posts\/2443\/revisions\/2448"}],"wp:attachment":[{"href":"https:\/\/bottesetvelo.com\/blog\/wp-json\/wp\/v2\/media?parent=2443"}],"wp:term":[{"taxonomy":"category","embeddable":true,"href":"https:\/\/bottesetvelo.com\/blog\/wp-json\/wp\/v2\/categories?post=2443"},{"taxonomy":"post_tag","embeddable":true,"href":"https:\/\/bottesetvelo.com\/blog\/wp-json\/wp\/v2\/tags?post=2443"}],"curies":[{"name":"wp","href":"https:\/\/api.w.org\/{rel}","templated":true}]}}