{"id":2430,"date":"2016-03-04T18:01:32","date_gmt":"2016-03-04T23:01:32","guid":{"rendered":"http:\/\/bottesetvelo.com\/blog\/?p=2430"},"modified":"2016-03-04T18:01:32","modified_gmt":"2016-03-04T23:01:32","slug":"traverser-nos-rigidites","status":"publish","type":"post","link":"https:\/\/bottesetvelo.com\/blog\/2016\/03\/04\/traverser-nos-rigidites\/","title":{"rendered":"Traverser nos rigidit\u00e9s"},"content":{"rendered":"<h6 style=\"text-align: right;\"><em>La seule chose qui soit certaine \u00e0 l&rsquo;avenir, <\/em><br \/>\n<em>c&rsquo;est que la rigidit\u00e9 engendrera des catastrophes.<\/em><br \/>\n<em>Arno Penzias<\/em><\/h6>\n<h5 style=\"text-align: justify;\"><span style=\"color: #003366;\">Nos rigidit\u00e9s sont comme une barri\u00e8re dans nos vies. Elles nous emp\u00eachent d\u2019avancer. Plus on s\u2019ent\u00eate, plus on r\u00e9siste et plus on se blesse! Pas seulement nous, mais parfois aussi tous ceux qui nous entourent. Eux aussi \u00e9copent de notre manque de flexibilit\u00e9. Nos rigidit\u00e9s causent de nombreux dommages collat\u00e9raux\u2026<\/span><\/h5>\n<p style=\"text-align: justify;\"><img data-recalc-dims=\"1\" loading=\"lazy\" decoding=\"async\" data-attachment-id=\"2431\" data-permalink=\"https:\/\/bottesetvelo.com\/blog\/2016\/03\/04\/traverser-nos-rigidites\/hiking-1149985_1920\/\" data-orig-file=\"https:\/\/i0.wp.com\/bottesetvelo.com\/blog\/wp-content\/uploads\/2016\/03\/hiking-1149985_1920.jpg?fit=1920%2C1275&amp;ssl=1\" data-orig-size=\"1920,1275\" data-comments-opened=\"1\" data-image-meta=\"{&quot;aperture&quot;:&quot;0&quot;,&quot;credit&quot;:&quot;&quot;,&quot;camera&quot;:&quot;&quot;,&quot;caption&quot;:&quot;&quot;,&quot;created_timestamp&quot;:&quot;0&quot;,&quot;copyright&quot;:&quot;&quot;,&quot;focal_length&quot;:&quot;0&quot;,&quot;iso&quot;:&quot;0&quot;,&quot;shutter_speed&quot;:&quot;0&quot;,&quot;title&quot;:&quot;&quot;,&quot;orientation&quot;:&quot;0&quot;}\" data-image-title=\"Randonn\u00e9e\" data-image-description=\"\" data-image-caption=\"\" data-large-file=\"https:\/\/i0.wp.com\/bottesetvelo.com\/blog\/wp-content\/uploads\/2016\/03\/hiking-1149985_1920.jpg?fit=1024%2C680&amp;ssl=1\" class=\"alignright  wp-image-2431\" src=\"https:\/\/i0.wp.com\/bottesetvelo.com\/blog\/wp-content\/uploads\/2016\/03\/hiking-1149985_1920.jpg?resize=298%2C198&#038;ssl=1\" alt=\"Randonn\u00e9e\" width=\"298\" height=\"198\" srcset=\"https:\/\/i0.wp.com\/bottesetvelo.com\/blog\/wp-content\/uploads\/2016\/03\/hiking-1149985_1920.jpg?resize=500%2C332&amp;ssl=1 500w, https:\/\/i0.wp.com\/bottesetvelo.com\/blog\/wp-content\/uploads\/2016\/03\/hiking-1149985_1920.jpg?resize=768%2C510&amp;ssl=1 768w, https:\/\/i0.wp.com\/bottesetvelo.com\/blog\/wp-content\/uploads\/2016\/03\/hiking-1149985_1920.jpg?resize=1024%2C680&amp;ssl=1 1024w, https:\/\/i0.wp.com\/bottesetvelo.com\/blog\/wp-content\/uploads\/2016\/03\/hiking-1149985_1920.jpg?w=1920&amp;ssl=1 1920w\" sizes=\"auto, (max-width: 298px) 100vw, 298px\" \/>Cette rigidit\u00e9 le p\u00e8lerin l\u2019exp\u00e9rimente jusque dans son pas. En voulant maintenir une cadence qui corresponde aux objectifs qu\u2019il s\u2019est fix\u00e9s, souvent le p\u00e8lerin marchera d\u2019un pas raide, inflexible. Sous cette rigidit\u00e9, ce sont non seulement ses pieds qui subiront le choc, mais \u00e9galement tout son corps qui s\u2019en ressentira. Sans se rendre compte, m\u00fb par une id\u00e9e fixe c\u2019est tout notre corps qui se raidit.<\/p>\n<p style=\"padding-left: 30px; text-align: justify;\"><span style=\"color: #003366;\"><em>\u00ab Je me souviens tr\u00e8s bien de mon premier p\u00e8lerinage sur le Chemin de Compostelle. Par rigidit\u00e9, je me suis bless\u00e9 et ces blessures m\u2019ont suivies des Pyr\u00e9n\u00e9es jusqu\u2019\u00e0 Finisterre. J\u2019avan\u00e7ais les muscles tendus vers un seul but : Santiago de Compostella! Non seulement cet objectif durcissait mon pas, mais aussi toute l\u2019id\u00e9e que je me faisais de moi. Je me comparais sans cesse aux autres p\u00e8lerins et je me devais d\u2019\u00eatre \u00e0 la hauteur. Cette exigence que je m\u2019imposais me rendait la vie p\u00e9nible et pourtant je m\u2019y accrochais comme si j\u2019avais quelque chose \u00e0 prouver. \u00bb<\/em><\/span><\/p>\n<p style=\"text-align: justify;\">Le p\u00e8lerin devrait toujours avoir en t\u00eate cette fable de Lafontaine : Le ch\u00eane et le roseau. Comme pour le ch\u00eane, il y a de ces situations dans la vie qui viennent nous renverser et nous fendre de part en part pour nous toucher le c\u0153ur. <img data-recalc-dims=\"1\" loading=\"lazy\" decoding=\"async\" data-attachment-id=\"2106\" data-permalink=\"https:\/\/bottesetvelo.com\/blog\/2015\/10\/02\/etes-vous-pelerin\/2009-compostelle-et-barcelone-110-2\/\" data-orig-file=\"https:\/\/i0.wp.com\/bottesetvelo.com\/blog\/wp-content\/uploads\/2015\/10\/2009-Compostelle-et-Barcelone-110.jpg?fit=3648%2C2736&amp;ssl=1\" data-orig-size=\"3648,2736\" data-comments-opened=\"1\" data-image-meta=\"{&quot;aperture&quot;:&quot;5.7&quot;,&quot;credit&quot;:&quot;&quot;,&quot;camera&quot;:&quot;Canon PowerShot SD890 IS&quot;,&quot;caption&quot;:&quot;&quot;,&quot;created_timestamp&quot;:&quot;1251534643&quot;,&quot;copyright&quot;:&quot;&quot;,&quot;focal_length&quot;:&quot;33&quot;,&quot;iso&quot;:&quot;160&quot;,&quot;shutter_speed&quot;:&quot;0.005&quot;,&quot;title&quot;:&quot;&quot;,&quot;orientation&quot;:&quot;1&quot;}\" data-image-title=\"Chemin du Puy-en-Velay\" data-image-description=\"\" data-image-caption=\"\" data-large-file=\"https:\/\/i0.wp.com\/bottesetvelo.com\/blog\/wp-content\/uploads\/2015\/10\/2009-Compostelle-et-Barcelone-110.jpg?fit=1024%2C768&amp;ssl=1\" class=\"alignright wp-image-2106\" src=\"https:\/\/i0.wp.com\/bottesetvelo.com\/blog\/wp-content\/uploads\/2015\/10\/2009-Compostelle-et-Barcelone-110.jpg?resize=300%2C225&#038;ssl=1\" alt=\"Chemin du Puy-en-Velay\" width=\"300\" height=\"225\" srcset=\"https:\/\/i0.wp.com\/bottesetvelo.com\/blog\/wp-content\/uploads\/2015\/10\/2009-Compostelle-et-Barcelone-110.jpg?resize=500%2C375&amp;ssl=1 500w, https:\/\/i0.wp.com\/bottesetvelo.com\/blog\/wp-content\/uploads\/2015\/10\/2009-Compostelle-et-Barcelone-110.jpg?resize=1024%2C768&amp;ssl=1 1024w, https:\/\/i0.wp.com\/bottesetvelo.com\/blog\/wp-content\/uploads\/2015\/10\/2009-Compostelle-et-Barcelone-110.jpg?w=2340&amp;ssl=1 2340w, https:\/\/i0.wp.com\/bottesetvelo.com\/blog\/wp-content\/uploads\/2015\/10\/2009-Compostelle-et-Barcelone-110.jpg?w=3510&amp;ssl=1 3510w\" sizes=\"auto, (max-width: 300px) 100vw, 300px\" \/>Comme si tout notre corps se devait d\u2019\u00eatre rompu pour venir \u00e0 bout des r\u00e9sistances que nous nous imposons; de ces rigidit\u00e9s que nous croyons devoir maintenir pour sauver la face. Comme s\u2019il y avait quelque chose \u00e0 gagner \u00e0 force de vouloir avoir raison! Pourtant, les plus belles batailles se gagnent dans la souplesse : souplesse envers soi-m\u00eame, souplesse envers les autres\u2026<\/p>\n<p style=\"text-align: justify; padding-left: 30px;\"><span style=\"color: #003366;\"><em>\u00ab Je mets souvent longtemps avant de me rendre compte que je r\u00e9siste, que tout mon corps se contracte devant mes exigences : j\u2019\u00e9chafaude des plans, je me fais des id\u00e9es sur la mani\u00e8re dont les choses devraient se d\u00e9rouler, je formule des attentes, j\u2019exige un certain rendement de ma part, j\u2019ai un r\u00f4le social \u00e0 maintenir! Tant que je n\u2019admettrai pas me tenir sur le terrain de mes rigidit\u00e9s, je me battrai pour elles et mon \u00e2me ne sera pas en paix. \u00bb<\/em><\/span><\/p>\n<p style=\"text-align: justify;\">Par chance, tout mon corps me parle. M\u00eame si je mets parfois du temps \u00e0 l\u2019\u00e9couter et que je dois parfois attendre d\u2019\u00eatre mis au plancher, compl\u00e8tement sonn\u00e9, pour admettre que je fais fausse route \u2013 toute ma chair m\u2019invite \u00e0 la prise de conscience. Face \u00e0 celle-ci, mon corps finit toujours par se rompre et me ramener \u00e0 l\u2019\u00e9vidence : la vie avance avec souplesse. Si ce grain ne pousse pas ici, il le fera ailleurs. Si ce cours d\u2019eau est bloqu\u00e9, il se frayera un autre chemin. En moi est sem\u00e9e la vie et celle-ci demande \u00e0 grandir. Si j\u2019y suis attentif, si j\u2019y suis \u00e0 l\u2019\u00e9coute, elle m\u2019indiquera la bonne route. Comme le cours d\u2019eau, ma vie s\u2019accomplit avec justesse lorsqu\u2019elle coule avec la Vie.<\/p>\n<p style=\"text-align: justify;\">Au cours de sa longue marche, le p\u00e8lerin apprend et progresse dans la souplesse. Comme le roseau, le p\u00e8lerin fait preuve d\u2019adaptation. Il apprend \u00e0 suivre le cours du vent, le cours du temps. S\u2019il s\u2019\u00e9puise, il s\u2019arr\u00eate pour se reposer. Si la pluie devient trop abondante, il se met \u00e0 l\u2019abri. S\u2019il est perdu, il s\u2019arr\u00eate le temps de retrouver son chemin. <img data-recalc-dims=\"1\" loading=\"lazy\" decoding=\"async\" data-attachment-id=\"1415\" data-permalink=\"https:\/\/bottesetvelo.com\/blog\/2015\/03\/13\/chemin-de-liberation\/img_0068\/\" data-orig-file=\"https:\/\/i0.wp.com\/bottesetvelo.com\/blog\/wp-content\/uploads\/2015\/03\/IMG_0068.jpg?fit=2048%2C1536&amp;ssl=1\" data-orig-size=\"2048,1536\" data-comments-opened=\"1\" data-image-meta=\"{&quot;aperture&quot;:&quot;4&quot;,&quot;credit&quot;:&quot;&quot;,&quot;camera&quot;:&quot;Canon PowerShot A510&quot;,&quot;caption&quot;:&quot;&quot;,&quot;created_timestamp&quot;:&quot;1190723579&quot;,&quot;copyright&quot;:&quot;&quot;,&quot;focal_length&quot;:&quot;5.8125&quot;,&quot;iso&quot;:&quot;0&quot;,&quot;shutter_speed&quot;:&quot;0.00125&quot;,&quot;title&quot;:&quot;&quot;,&quot;orientation&quot;:&quot;1&quot;}\" data-image-title=\"IMG_0068\" data-image-description=\"\" data-image-caption=\"\" data-large-file=\"https:\/\/i0.wp.com\/bottesetvelo.com\/blog\/wp-content\/uploads\/2015\/03\/IMG_0068.jpg?fit=1024%2C768&amp;ssl=1\" class=\"alignright wp-image-1415\" src=\"https:\/\/i0.wp.com\/bottesetvelo.com\/blog\/wp-content\/uploads\/2015\/03\/IMG_0068.jpg?resize=300%2C225&#038;ssl=1\" alt=\"Compostelle - Camino Frances\" width=\"300\" height=\"225\" srcset=\"https:\/\/i0.wp.com\/bottesetvelo.com\/blog\/wp-content\/uploads\/2015\/03\/IMG_0068.jpg?resize=500%2C375&amp;ssl=1 500w, https:\/\/i0.wp.com\/bottesetvelo.com\/blog\/wp-content\/uploads\/2015\/03\/IMG_0068.jpg?resize=1024%2C768&amp;ssl=1 1024w, https:\/\/i0.wp.com\/bottesetvelo.com\/blog\/wp-content\/uploads\/2015\/03\/IMG_0068.jpg?resize=624%2C468&amp;ssl=1 624w, https:\/\/i0.wp.com\/bottesetvelo.com\/blog\/wp-content\/uploads\/2015\/03\/IMG_0068.jpg?w=2048&amp;ssl=1 2048w\" sizes=\"auto, (max-width: 300px) 100vw, 300px\" \/>En avan\u00e7ant avec souplesse, il d\u00e9couvre dans ses plans d\u00e9tourn\u00e9s que la vie peut lui r\u00e9v\u00e9ler de bien belles choses. Il ne vit plus dans l\u2019urgence de l\u2019accomplissement. Il recherche le meilleur \u2013 le plus grand bien! \u2013 et sait remettre \u00e0 plus tard ce qui ne peut \u00eatre fait imm\u00e9diatement. Le p\u00e8lerin grandit dans la souplesse de son exp\u00e9rience p\u00e8lerine. Autrement, il ne fait qu\u2019avancer en souffrance et dans le d\u00e9sir d\u2019anesth\u00e9sier cette souffrance. Il ne veut plus l\u2019entendre alors qu\u2019elle aurait tant \u00e0 lui apprendre\u2026<\/p>\n<p style=\"text-align: justify; padding-left: 30px;\"><span style=\"color: #003366;\"><em>\u00ab C\u2019est par ce d\u00e9tour que j\u2019ai pu admirer ce magnifique point de vue sur la vall\u00e9e. Je ne l\u2019aurais pas vu si j\u2019\u00e9tais rest\u00e9 dans la col\u00e8re de la rigidit\u00e9 qui temp\u00eatait dans mon c\u0153ur. C\u2019est en m\u2019arr\u00eatant pour pr\u00e9venir cette douleur \u00e0 la cheville que j\u2019ai pu faire cette rencontre inattendue. C\u2019est en cessant de me croire indispensable que ma vie est devenue plus agr\u00e9able et plus d\u00e9tendue\u2026 \u00bb<\/em><\/span><\/p>\n<p style=\"text-align: justify;\">En \u00e9coutant ce qui se dit dans la souffrance, il ne s\u2019agit pas de souffrir pour souffrir. Il s\u2019agit d\u2019\u00eatre \u00e0 l\u2019\u00e9coute pour orienter son pas selon les signaux per\u00e7us. D\u00e8s l\u2019instant o\u00f9 je prends conscience de mes r\u00e9sistances, tout mon corps se rel\u00e2che et se d\u00e9tend. Ma vie devient plus agr\u00e9able. Mes rigidit\u00e9s ne disparaissent pas pour autant. J\u2019apprends seulement \u00e0 en avoir conscience. Elles ont alors moins d\u2019emprise sur moi et tout mon \u00eatre gagne en libert\u00e9.<img data-recalc-dims=\"1\" loading=\"lazy\" decoding=\"async\" data-attachment-id=\"14\" data-permalink=\"https:\/\/bottesetvelo.com\/blog\/bottes-et-velo-le-blog\/bottes-et-velo-embleme\/\" data-orig-file=\"https:\/\/i0.wp.com\/bottesetvelo.com\/blog\/wp-content\/uploads\/2014\/01\/Bottes-et-V%C3%A9lo-Embl%C3%AAme-e1454083414631.jpg?fit=100%2C79&amp;ssl=1\" data-orig-size=\"100,79\" data-comments-opened=\"1\" data-image-meta=\"{&quot;aperture&quot;:&quot;0&quot;,&quot;credit&quot;:&quot;&quot;,&quot;camera&quot;:&quot;&quot;,&quot;caption&quot;:&quot;&quot;,&quot;created_timestamp&quot;:&quot;0&quot;,&quot;copyright&quot;:&quot;&quot;,&quot;focal_length&quot;:&quot;0&quot;,&quot;iso&quot;:&quot;0&quot;,&quot;shutter_speed&quot;:&quot;0&quot;,&quot;title&quot;:&quot;&quot;}\" data-image-title=\"Bottes et V\u00e9lo &amp;#8211; Embl\u00eame\" data-image-description=\"\" data-image-caption=\"\" data-large-file=\"https:\/\/i0.wp.com\/bottesetvelo.com\/blog\/wp-content\/uploads\/2014\/01\/Bottes-et-V%C3%A9lo-Embl%C3%AAme-e1454083414631.jpg?fit=100%2C79&amp;ssl=1\" class=\"alignright  wp-image-14\" src=\"https:\/\/i0.wp.com\/bottesetvelo.com\/blog\/wp-content\/uploads\/2014\/01\/Bottes-et-V%C3%A9lo-Embl%C3%AAme.jpg?resize=77%2C61&#038;ssl=1\" alt=\"Bottes et V\u00e9lo - Embl\u00eame\" width=\"77\" height=\"61\" \/><\/p>\n<p>\u00c9ric Lalibert\u00e9<\/p>\n","protected":false},"excerpt":{"rendered":"<p>La seule chose qui soit certaine \u00e0 l&rsquo;avenir, c&rsquo;est que la rigidit\u00e9 engendrera des catastrophes. Arno Penzias Nos rigidit\u00e9s sont comme une barri\u00e8re dans nos vies. Elles nous emp\u00eachent d\u2019avancer. Plus on s\u2019ent\u00eate, plus on r\u00e9siste et plus on se blesse! Pas seulement nous, mais parfois aussi tous ceux qui nous entourent. Eux aussi \u00e9copent&hellip;<\/p>\n","protected":false},"author":3,"featured_media":0,"comment_status":"open","ping_status":"open","sticky":false,"template":"","format":"standard","meta":{"jetpack_post_was_ever_published":false,"_jetpack_newsletter_access":"","_jetpack_dont_email_post_to_subs":false,"_jetpack_newsletter_tier_id":0,"_jetpack_memberships_contains_paywalled_content":false,"_jetpack_memberships_contains_paid_content":false,"footnotes":"","jetpack_publicize_message":"","jetpack_publicize_feature_enabled":true,"jetpack_social_post_already_shared":true,"jetpack_social_options":{"image_generator_settings":{"template":"highway","default_image_id":0,"font":"","enabled":false},"version":2}},"categories":[50,11,39,166,3,37],"tags":[275,103,40,168,273,13,151,96,368,124,369,20],"class_list":["post-2430","post","type-post","status-publish","format-standard","hentry","category-art-de-vivre","category-bien-etre-physique","category-croissance-personnelle","category-demarche-du-pelerin","category-reflexions","category-spiritualite-2","tag-art-de-vivre","tag-bien-etre","tag-croissance-personnelle-2","tag-demarche-du-pelerin","tag-gouter-la-vie","tag-pelerinage","tag-prendre-le-temps","tag-qualite-de-vie","tag-rigidite","tag-souffrance","tag-souplesse","tag-spiritualite"],"jetpack_publicize_connections":[],"jetpack_featured_media_url":"","jetpack_shortlink":"https:\/\/wp.me\/p4eY6z-Dc","jetpack_sharing_enabled":true,"jetpack_likes_enabled":true,"jetpack-related-posts":[],"_links":{"self":[{"href":"https:\/\/bottesetvelo.com\/blog\/wp-json\/wp\/v2\/posts\/2430","targetHints":{"allow":["GET"]}}],"collection":[{"href":"https:\/\/bottesetvelo.com\/blog\/wp-json\/wp\/v2\/posts"}],"about":[{"href":"https:\/\/bottesetvelo.com\/blog\/wp-json\/wp\/v2\/types\/post"}],"author":[{"embeddable":true,"href":"https:\/\/bottesetvelo.com\/blog\/wp-json\/wp\/v2\/users\/3"}],"replies":[{"embeddable":true,"href":"https:\/\/bottesetvelo.com\/blog\/wp-json\/wp\/v2\/comments?post=2430"}],"version-history":[{"count":3,"href":"https:\/\/bottesetvelo.com\/blog\/wp-json\/wp\/v2\/posts\/2430\/revisions"}],"predecessor-version":[{"id":2434,"href":"https:\/\/bottesetvelo.com\/blog\/wp-json\/wp\/v2\/posts\/2430\/revisions\/2434"}],"wp:attachment":[{"href":"https:\/\/bottesetvelo.com\/blog\/wp-json\/wp\/v2\/media?parent=2430"}],"wp:term":[{"taxonomy":"category","embeddable":true,"href":"https:\/\/bottesetvelo.com\/blog\/wp-json\/wp\/v2\/categories?post=2430"},{"taxonomy":"post_tag","embeddable":true,"href":"https:\/\/bottesetvelo.com\/blog\/wp-json\/wp\/v2\/tags?post=2430"}],"curies":[{"name":"wp","href":"https:\/\/api.w.org\/{rel}","templated":true}]}}