{"id":2406,"date":"2016-02-26T18:48:39","date_gmt":"2016-02-26T23:48:39","guid":{"rendered":"http:\/\/bottesetvelo.com\/blog\/?p=2406"},"modified":"2016-02-26T18:48:39","modified_gmt":"2016-02-26T23:48:39","slug":"le-pelerinage-un-outil-de-transition","status":"publish","type":"post","link":"https:\/\/bottesetvelo.com\/blog\/2016\/02\/26\/le-pelerinage-un-outil-de-transition\/","title":{"rendered":"Le p\u00e8lerinage, un outil de transition"},"content":{"rendered":"<h6 style=\"text-align: right;\"><span style=\"color: #333333;\"><em>Quand une fleur ne fleurit pas,<br \/>\nvous modifiez l&rsquo;environnement dans lequel elle se d\u00e9veloppe, pas la fleur.<br \/>\nAlexander Den Heijer<\/em><\/span><\/h6>\n<h5 style=\"text-align: justify;\"><span style=\"color: #003366;\">Tout au long de notre vie, nous sommes en recherche d\u2019un mieux-\u00eatre int\u00e9rieur et en qu\u00eate d\u2019une identit\u00e9 qui nous soit propre. Chaque instant de notre vie nous am\u00e8ne \u00e0 nous conna\u00eetre davantage et \u00e0 pr\u00e9ciser celui ou celle que nous souhaitons \u00eatre et devenir. \u00c0 travers les \u00e2ges, inconsciemment, plusieurs \u00e9l\u00e9ments de notre entourage viennent influencer le portrait que nous sommes \u00e0 fa\u00e7onner.<\/span><\/h5>\n<p style=\"text-align: justify;\">De notre jeune \u00e2ge \u00e0 aujourd\u2019hui, nous avons tous \u00e9t\u00e9 marqu\u00e9s par les gens et les \u00e9v\u00e9nements que nous avons v\u00e9cus. Nous portons tous en nous la trace de ces passages de notre histoire de vie. Afin de trouver une d\u00e9finition de soi que<img data-recalc-dims=\"1\" loading=\"lazy\" decoding=\"async\" data-attachment-id=\"2408\" data-permalink=\"https:\/\/bottesetvelo.com\/blog\/2016\/02\/26\/le-pelerinage-un-outil-de-transition\/2014-07-19-20-07-26\/\" data-orig-file=\"https:\/\/i0.wp.com\/bottesetvelo.com\/blog\/wp-content\/uploads\/2016\/02\/2014-07-19-20.07.26.jpg?fit=2448%2C3264&amp;ssl=1\" data-orig-size=\"2448,3264\" data-comments-opened=\"1\" data-image-meta=\"{&quot;aperture&quot;:&quot;2.6&quot;,&quot;credit&quot;:&quot;&quot;,&quot;camera&quot;:&quot;SGH-I747M&quot;,&quot;caption&quot;:&quot;&quot;,&quot;created_timestamp&quot;:&quot;1405800446&quot;,&quot;copyright&quot;:&quot;&quot;,&quot;focal_length&quot;:&quot;3.7&quot;,&quot;iso&quot;:&quot;50&quot;,&quot;shutter_speed&quot;:&quot;0.00952380952381&quot;,&quot;title&quot;:&quot;&quot;,&quot;orientation&quot;:&quot;1&quot;}\" data-image-title=\"La Voie du St-Laurent\" data-image-description=\"\" data-image-caption=\"\" data-large-file=\"https:\/\/i0.wp.com\/bottesetvelo.com\/blog\/wp-content\/uploads\/2016\/02\/2014-07-19-20.07.26.jpg?fit=768%2C1024&amp;ssl=1\" class=\"alignright wp-image-2408\" src=\"https:\/\/i0.wp.com\/bottesetvelo.com\/blog\/wp-content\/uploads\/2016\/02\/2014-07-19-20.07.26.jpg?resize=225%2C300&#038;ssl=1\" alt=\"La Voie du St-Laurent\" width=\"225\" height=\"300\" srcset=\"https:\/\/i0.wp.com\/bottesetvelo.com\/blog\/wp-content\/uploads\/2016\/02\/2014-07-19-20.07.26.jpg?resize=375%2C500&amp;ssl=1 375w, https:\/\/i0.wp.com\/bottesetvelo.com\/blog\/wp-content\/uploads\/2016\/02\/2014-07-19-20.07.26.jpg?resize=768%2C1024&amp;ssl=1 768w, https:\/\/i0.wp.com\/bottesetvelo.com\/blog\/wp-content\/uploads\/2016\/02\/2014-07-19-20.07.26.jpg?w=2340&amp;ssl=1 2340w\" sizes=\"auto, (max-width: 225px) 100vw, 225px\" \/> nous jugeons juste et dont nous sommes fiers, nous avons parcouru notre chemin de vie en d\u00e9veloppant des comportements en r\u00e9action \u00e0 notre environnement. Pour obtenir ce que nous d\u00e9sirons et acc\u00e9der \u00e0 une satisfaction, qu\u2019elle soit mat\u00e9rielle ou affective, nous avons exp\u00e9riment\u00e9 et exploit\u00e9 nos ressources et talents personnels. Nous avons d\u00e9tect\u00e9 les habilet\u00e9s gagnantes et avons depuis lors travaill\u00e9 \u00e0 les parfaire et \u00e0 les raffiner. Pourtant, ces comportements, m\u00eame s\u2019ils viennent r\u00e9pondre \u00e0 nos besoins, ne sont pas toujours pour autant aidants ou enrichissants pour la personne que nous voulons \u00eatre. Mais nous les conservons car ils sont adapt\u00e9s \u00e0 notre vie du moment. Nous nous trouvons alors dans cette de <strong><span style=\"color: #003366;\">zone de confort: ce connu pas toujours confortable, mais confortant<\/span>.<\/strong><\/p>\n<p style=\"text-align: justify;\">Tout au long de notre route, nous traversons des p\u00e9riodes de crises. Que ce soit la crise du non, celle plus douce du pourquoi, l\u2019adolescence, la trentaine, la crise du mi-temps et le d\u00e9part \u00e0 la retraite, tous ces instants de vie sont des temps de remise en question identitaire. Comme le poussin qui voit sa coquille devenir \u00e9touffante et qui se d\u00e9cide \u00e0 la casser, nous ressentons le besoin de passer \u00e0 autre chose, de grandir, de changer de peau, de muer. Notre situation de vie du moment ne nous convient plus. Le temps a pass\u00e9. Nous avons \u00e9volu\u00e9. Nous ne sommes plus tout \u00e0 fait celui que nous \u00e9tions il n\u2019y a pas si longtemps. Et nous sommes maintenant m\u00fbrs pour un changement. Nous souhaitons r\u00e9organiser certains aspects de notre vie, changer de d\u00e9cor.<\/p>\n<p style=\"text-align: justify;\">Qui suis-je? O\u00f9 vais-je? Deux questions qui guident notre m\u00e9nage int\u00e9rieur. Le pass\u00e9, le pr\u00e9sent et le futur du Moi. Plus jeune, nous ajoutions des pi\u00e8ces pour b\u00e2tir notre identit\u00e9. Nous ramassions autour de nous celles qui nous s\u00e9duisaient, celles qu\u2019on nous donnait et celles qu\u2019on nous imposait. Nous nous attardions davantage au Moi pr\u00e9sent <img data-recalc-dims=\"1\" loading=\"lazy\" decoding=\"async\" data-attachment-id=\"2407\" data-permalink=\"https:\/\/bottesetvelo.com\/blog\/2016\/02\/26\/le-pelerinage-un-outil-de-transition\/2015-07-06-09-59-59\/\" data-orig-file=\"https:\/\/i0.wp.com\/bottesetvelo.com\/blog\/wp-content\/uploads\/2016\/02\/2015-07-06-09.59.59.jpg?fit=1452%2C881&amp;ssl=1\" data-orig-size=\"1452,881\" data-comments-opened=\"1\" data-image-meta=\"{&quot;aperture&quot;:&quot;2.6&quot;,&quot;credit&quot;:&quot;&quot;,&quot;camera&quot;:&quot;SGH-I747M&quot;,&quot;caption&quot;:&quot;&quot;,&quot;created_timestamp&quot;:&quot;1436176799&quot;,&quot;copyright&quot;:&quot;&quot;,&quot;focal_length&quot;:&quot;3.7&quot;,&quot;iso&quot;:&quot;50&quot;,&quot;shutter_speed&quot;:&quot;0.000248508946322&quot;,&quot;title&quot;:&quot;&quot;,&quot;orientation&quot;:&quot;1&quot;}\" data-image-title=\"2015-07-06 09.59.59\" data-image-description=\"\" data-image-caption=\"&lt;p&gt;La Voie du St-Laurent&lt;\/p&gt;\n\" data-large-file=\"https:\/\/i0.wp.com\/bottesetvelo.com\/blog\/wp-content\/uploads\/2016\/02\/2015-07-06-09.59.59.jpg?fit=1024%2C621&amp;ssl=1\" class=\"wp-image-2407 alignleft\" src=\"https:\/\/i0.wp.com\/bottesetvelo.com\/blog\/wp-content\/uploads\/2016\/02\/2015-07-06-09.59.59.jpg?resize=300%2C182&#038;ssl=1\" alt=\"La Voie du St-Laurent\" width=\"300\" height=\"182\" srcset=\"https:\/\/i0.wp.com\/bottesetvelo.com\/blog\/wp-content\/uploads\/2016\/02\/2015-07-06-09.59.59.jpg?resize=500%2C303&amp;ssl=1 500w, https:\/\/i0.wp.com\/bottesetvelo.com\/blog\/wp-content\/uploads\/2016\/02\/2015-07-06-09.59.59.jpg?resize=768%2C466&amp;ssl=1 768w, https:\/\/i0.wp.com\/bottesetvelo.com\/blog\/wp-content\/uploads\/2016\/02\/2015-07-06-09.59.59.jpg?resize=1024%2C621&amp;ssl=1 1024w, https:\/\/i0.wp.com\/bottesetvelo.com\/blog\/wp-content\/uploads\/2016\/02\/2015-07-06-09.59.59.jpg?w=1452&amp;ssl=1 1452w\" sizes=\"auto, (max-width: 300px) 100vw, 300px\" \/>et futur. Mais avec le temps, la maturit\u00e9, avec du recul, lorsque rendus adultes nous red\u00e9finissions notre \u00eatre int\u00e9rieur, nous accordons une attention particuli\u00e8re au Moi pass\u00e9. \u00c9ric Lalibert\u00e9 dit souvent : \u00ab <strong><span style=\"color: #003366;\">Nous sommes tous le r\u00e9sultat d\u2019un parcours de vie.<\/span><\/strong> \u00bb Rendu \u00e0 un certain \u00e2ge, red\u00e9finir qui nous sommes, c\u2019est se d\u00e9partir de certaines pi\u00e8ces de notre identit\u00e9 que nous ne souhaitons plus \u00eatre, qui ne nous appartiennent pas, qui ne nous ont jamais vraiment appartenu mais que nous avons endoss\u00e9es toutes ces ann\u00e9es par devoir, par habitude, par soumission\u2026 Pour bien d\u00e9finir qui nous sommes et qui nous aspirons \u00e0 devenir, il est essentiel de revoir qui nous avons \u00e9t\u00e9, refaire notre chemin, suivre notre fil d\u2019Ariane pour se retrouver.<\/p>\n<p style=\"text-align: justify;\">Dans chaque situation de red\u00e9finition identitaire, il y a un d\u00e9tachement qui s\u2019op\u00e8re entre nous et l\u2019ext\u00e9rieur; \u00e9loignement des parents, des amis, du travail, des obligations, de toutes ces sources d\u2019influences que nous ne souhaitons plus subir, de ce monde qui nous bombarde constamment d\u2019images de soi, de mod\u00e8les \u00e0 suivre et \u00e0 \u00eatre; un monde qui tente par tous les moyens de nous vendre une identit\u00e9 : pi\u00e8ge dans lequel il nous est tellement facile <img data-recalc-dims=\"1\" loading=\"lazy\" decoding=\"async\" data-attachment-id=\"2409\" data-permalink=\"https:\/\/bottesetvelo.com\/blog\/2016\/02\/26\/le-pelerinage-un-outil-de-transition\/ete-2009-231-2\/\" data-orig-file=\"https:\/\/i0.wp.com\/bottesetvelo.com\/blog\/wp-content\/uploads\/2016\/02\/%C3%89t%C3%A9-2009-231.jpg?fit=2486%2C1818&amp;ssl=1\" data-orig-size=\"2486,1818\" data-comments-opened=\"1\" data-image-meta=\"{&quot;aperture&quot;:&quot;5.6&quot;,&quot;credit&quot;:&quot;&quot;,&quot;camera&quot;:&quot;DMC-LZ2&quot;,&quot;caption&quot;:&quot;&quot;,&quot;created_timestamp&quot;:&quot;1249126542&quot;,&quot;copyright&quot;:&quot;&quot;,&quot;focal_length&quot;:&quot;6.1&quot;,&quot;iso&quot;:&quot;80&quot;,&quot;shutter_speed&quot;:&quot;0.0025&quot;,&quot;title&quot;:&quot;&quot;,&quot;orientation&quot;:&quot;1&quot;}\" data-image-title=\"Iles-de-la-Madeleine\" data-image-description=\"\" data-image-caption=\"\" data-large-file=\"https:\/\/i0.wp.com\/bottesetvelo.com\/blog\/wp-content\/uploads\/2016\/02\/%C3%89t%C3%A9-2009-231.jpg?fit=1024%2C749&amp;ssl=1\" class=\"alignright wp-image-2409\" src=\"https:\/\/i0.wp.com\/bottesetvelo.com\/blog\/wp-content\/uploads\/2016\/02\/%C3%89t%C3%A9-2009-231.jpg?resize=300%2C219&#038;ssl=1\" alt=\"Iles-de-la-Madeleine\" width=\"300\" height=\"219\" srcset=\"https:\/\/i0.wp.com\/bottesetvelo.com\/blog\/wp-content\/uploads\/2016\/02\/%C3%89t%C3%A9-2009-231.jpg?resize=500%2C366&amp;ssl=1 500w, https:\/\/i0.wp.com\/bottesetvelo.com\/blog\/wp-content\/uploads\/2016\/02\/%C3%89t%C3%A9-2009-231.jpg?resize=768%2C562&amp;ssl=1 768w, https:\/\/i0.wp.com\/bottesetvelo.com\/blog\/wp-content\/uploads\/2016\/02\/%C3%89t%C3%A9-2009-231.jpg?resize=1024%2C749&amp;ssl=1 1024w, https:\/\/i0.wp.com\/bottesetvelo.com\/blog\/wp-content\/uploads\/2016\/02\/%C3%89t%C3%A9-2009-231.jpg?w=2340&amp;ssl=1 2340w\" sizes=\"auto, (max-width: 300px) 100vw, 300px\" \/>de tomber et de s\u2019oublier. Le p\u00e8lerinage se pr\u00e9sente alors comme un temps d\u2019arr\u00eat, un voyage en marge du monde, <strong><span style=\"color: #003366;\">une marche avec soi pour mieux se conna\u00eetre et s\u2019apprendre.<\/span> <\/strong>Le p\u00e8lerin d\u2019aujourd\u2019hui savoure son voyage car en plus de lui offrir un d\u00e9paysement et une tranquillit\u00e9 d\u2019esprit, il lui permet d\u2019\u00eatre pleinement lui-m\u00eame sans avoir \u00e0 lutter contre un monde ext\u00e9rieur qui cherche \u00e0 le contraindre \u00e0 une d\u00e9finition de lui-m\u00eame et le tiraille dans ses convictions profondes.<\/p>\n<p style=\"text-align: justify;\">Pour celui qui a besoin de descendre du train-train quotidien qui roule si vite pour faire un m\u00e9nage personnel dans ce fouillis d\u2019id\u00e9es et d\u2019irritants qui se bousculent et lui brouille l\u2019esprit, le p\u00e8lerinage se pr\u00e9sente comme un outil permettant cette escale de vie et facilitant ce bilan de par le vide qu\u2019il fait \u00e9merger. Ce vide momentan\u00e9 est comme le vide au centre de la fl\u00fbte, celui de la guitare; c\u2019est de ce vide que nait la musique de l\u2019instrument; c\u2019est de ce vide que na\u00eetra ma musique!<\/p>\n<p style=\"text-align: justify;\"><img data-recalc-dims=\"1\" loading=\"lazy\" decoding=\"async\" data-attachment-id=\"14\" data-permalink=\"https:\/\/bottesetvelo.com\/blog\/bottes-et-velo-le-blog\/bottes-et-velo-embleme\/\" data-orig-file=\"https:\/\/i0.wp.com\/bottesetvelo.com\/blog\/wp-content\/uploads\/2014\/01\/Bottes-et-V%C3%A9lo-Embl%C3%AAme-e1454083414631.jpg?fit=100%2C79&amp;ssl=1\" data-orig-size=\"100,79\" data-comments-opened=\"1\" data-image-meta=\"{&quot;aperture&quot;:&quot;0&quot;,&quot;credit&quot;:&quot;&quot;,&quot;camera&quot;:&quot;&quot;,&quot;caption&quot;:&quot;&quot;,&quot;created_timestamp&quot;:&quot;0&quot;,&quot;copyright&quot;:&quot;&quot;,&quot;focal_length&quot;:&quot;0&quot;,&quot;iso&quot;:&quot;0&quot;,&quot;shutter_speed&quot;:&quot;0&quot;,&quot;title&quot;:&quot;&quot;}\" data-image-title=\"Bottes et V\u00e9lo &amp;#8211; Embl\u00eame\" data-image-description=\"\" data-image-caption=\"\" data-large-file=\"https:\/\/i0.wp.com\/bottesetvelo.com\/blog\/wp-content\/uploads\/2014\/01\/Bottes-et-V%C3%A9lo-Embl%C3%AAme-e1454083414631.jpg?fit=100%2C79&amp;ssl=1\" class=\"alignright wp-image-14\" src=\"https:\/\/i0.wp.com\/bottesetvelo.com\/blog\/wp-content\/uploads\/2014\/01\/Bottes-et-V%C3%A9lo-Embl%C3%AAme.jpg?resize=62%2C49&#038;ssl=1\" alt=\"Bottes et V\u00e9lo - Embl\u00eame\" width=\"62\" height=\"49\" \/><\/p>\n<p style=\"text-align: justify;\">Brigitte Harouni<\/p>\n","protected":false},"excerpt":{"rendered":"<p>Quand une fleur ne fleurit pas, vous modifiez l&rsquo;environnement dans lequel elle se d\u00e9veloppe, pas la fleur. Alexander Den Heijer Tout au long de notre vie, nous sommes en recherche d\u2019un mieux-\u00eatre int\u00e9rieur et en qu\u00eate d\u2019une identit\u00e9 qui nous soit propre. Chaque instant de notre vie nous am\u00e8ne \u00e0 nous conna\u00eetre davantage et \u00e0&hellip;<\/p>\n","protected":false},"author":2,"featured_media":0,"comment_status":"open","ping_status":"open","sticky":false,"template":"","format":"standard","meta":{"jetpack_post_was_ever_published":false,"_jetpack_newsletter_access":"","_jetpack_dont_email_post_to_subs":false,"_jetpack_newsletter_tier_id":0,"_jetpack_memberships_contains_paywalled_content":false,"_jetpack_memberships_contains_paid_content":false,"footnotes":"","jetpack_publicize_message":"","jetpack_publicize_feature_enabled":true,"jetpack_social_post_already_shared":true,"jetpack_social_options":{"image_generator_settings":{"template":"highway","default_image_id":0,"font":"","enabled":false},"version":2}},"categories":[50,39,345],"tags":[275,103,40,168,285,13,96,192,197,121],"class_list":["post-2406","post","type-post","status-publish","format-standard","hentry","category-art-de-vivre","category-croissance-personnelle","category-culture-de-consommation","tag-art-de-vivre","tag-bien-etre","tag-croissance-personnelle-2","tag-demarche-du-pelerin","tag-gout-de-vivre","tag-pelerinage","tag-qualite-de-vie","tag-quete-spirituelle","tag-transition","tag-zone-de-confort"],"jetpack_publicize_connections":[],"jetpack_featured_media_url":"","jetpack_shortlink":"https:\/\/wp.me\/p4eY6z-CO","jetpack_sharing_enabled":true,"jetpack_likes_enabled":true,"jetpack-related-posts":[],"_links":{"self":[{"href":"https:\/\/bottesetvelo.com\/blog\/wp-json\/wp\/v2\/posts\/2406","targetHints":{"allow":["GET"]}}],"collection":[{"href":"https:\/\/bottesetvelo.com\/blog\/wp-json\/wp\/v2\/posts"}],"about":[{"href":"https:\/\/bottesetvelo.com\/blog\/wp-json\/wp\/v2\/types\/post"}],"author":[{"embeddable":true,"href":"https:\/\/bottesetvelo.com\/blog\/wp-json\/wp\/v2\/users\/2"}],"replies":[{"embeddable":true,"href":"https:\/\/bottesetvelo.com\/blog\/wp-json\/wp\/v2\/comments?post=2406"}],"version-history":[{"count":5,"href":"https:\/\/bottesetvelo.com\/blog\/wp-json\/wp\/v2\/posts\/2406\/revisions"}],"predecessor-version":[{"id":2414,"href":"https:\/\/bottesetvelo.com\/blog\/wp-json\/wp\/v2\/posts\/2406\/revisions\/2414"}],"wp:attachment":[{"href":"https:\/\/bottesetvelo.com\/blog\/wp-json\/wp\/v2\/media?parent=2406"}],"wp:term":[{"taxonomy":"category","embeddable":true,"href":"https:\/\/bottesetvelo.com\/blog\/wp-json\/wp\/v2\/categories?post=2406"},{"taxonomy":"post_tag","embeddable":true,"href":"https:\/\/bottesetvelo.com\/blog\/wp-json\/wp\/v2\/tags?post=2406"}],"curies":[{"name":"wp","href":"https:\/\/api.w.org\/{rel}","templated":true}]}}