{"id":2393,"date":"2016-02-25T00:08:55","date_gmt":"2016-02-25T05:08:55","guid":{"rendered":"http:\/\/bottesetvelo.com\/blog\/?p=2393"},"modified":"2016-02-25T07:55:29","modified_gmt":"2016-02-25T12:55:29","slug":"ann-sieben-the-winter-pilgrim-de-denver-a-loratoire-st-joseph","status":"publish","type":"post","link":"https:\/\/bottesetvelo.com\/blog\/2016\/02\/25\/ann-sieben-the-winter-pilgrim-de-denver-a-loratoire-st-joseph\/","title":{"rendered":"Ann Sieben &#8211; The Winter Pilgrim &#8211; de Denver \u00e0 l&rsquo;Oratoire St-Joseph"},"content":{"rendered":"<h5 style=\"text-align: justify;\"><span style=\"color: #003366;\">Ann Sieben &#8211; The Winter Pilgrim &#8211; portait bien son nom aujourd&rsquo;hui et l&rsquo;hiver l&rsquo;attendait de plein pied! Mais l&rsquo;hiver \u00e9tant ce qu&rsquo;il est cette ann\u00e9e, au cours des derniers kilom\u00e8tres elle aurait pu tout aussi bien se pr\u00e9valoir du titre: \u00ab\u00a0The Rainy Pilgrim\u00a0\u00bb. Haha! En effet, malgr\u00e9 un d\u00e9but de parcours sous la neige, c&rsquo;est tout d\u00e9tremp\u00e9s que nous avons fait notre entr\u00e9e \u00e0 l&rsquo;Oratoire St-Joseph du Mont-Royal.<\/span><\/h5>\n<p style=\"text-align: justify;\"><img data-recalc-dims=\"1\" loading=\"lazy\" decoding=\"async\" data-attachment-id=\"2400\" data-permalink=\"https:\/\/bottesetvelo.com\/blog\/2016\/02\/25\/ann-sieben-the-winter-pilgrim-de-denver-a-loratoire-st-joseph\/dscn0035\/\" data-orig-file=\"https:\/\/i0.wp.com\/bottesetvelo.com\/blog\/wp-content\/uploads\/2016\/02\/DSCN0035.jpg?fit=1440%2C1080&amp;ssl=1\" data-orig-size=\"1440,1080\" data-comments-opened=\"1\" data-image-meta=\"{&quot;aperture&quot;:&quot;0&quot;,&quot;credit&quot;:&quot;&quot;,&quot;camera&quot;:&quot;COOLPIX S9900&quot;,&quot;caption&quot;:&quot;&quot;,&quot;created_timestamp&quot;:&quot;0&quot;,&quot;copyright&quot;:&quot;&quot;,&quot;focal_length&quot;:&quot;4.5&quot;,&quot;iso&quot;:&quot;0&quot;,&quot;shutter_speed&quot;:&quot;0&quot;,&quot;title&quot;:&quot;&quot;,&quot;orientation&quot;:&quot;1&quot;}\" data-image-title=\"Brigitte Harouni et Ann Sieben\" data-image-description=\"\" data-image-caption=\"\" data-large-file=\"https:\/\/i0.wp.com\/bottesetvelo.com\/blog\/wp-content\/uploads\/2016\/02\/DSCN0035.jpg?fit=1024%2C768&amp;ssl=1\" class=\"alignright wp-image-2400\" src=\"https:\/\/i0.wp.com\/bottesetvelo.com\/blog\/wp-content\/uploads\/2016\/02\/DSCN0035.jpg?resize=351%2C263&#038;ssl=1\" alt=\"Brigitte Harouni et Ann Sieben\" width=\"351\" height=\"263\" srcset=\"https:\/\/i0.wp.com\/bottesetvelo.com\/blog\/wp-content\/uploads\/2016\/02\/DSCN0035.jpg?resize=500%2C375&amp;ssl=1 500w, https:\/\/i0.wp.com\/bottesetvelo.com\/blog\/wp-content\/uploads\/2016\/02\/DSCN0035.jpg?resize=768%2C576&amp;ssl=1 768w, https:\/\/i0.wp.com\/bottesetvelo.com\/blog\/wp-content\/uploads\/2016\/02\/DSCN0035.jpg?resize=1024%2C768&amp;ssl=1 1024w, https:\/\/i0.wp.com\/bottesetvelo.com\/blog\/wp-content\/uploads\/2016\/02\/DSCN0035.jpg?w=1440&amp;ssl=1 1440w\" sizes=\"auto, (max-width: 351px) 100vw, 351px\" \/>Mais, malgr\u00e9 l&rsquo;humeur maussade de M\u00e8re Nature, c&rsquo;est un accueil des plus chaleureux et fort sympathique qui attendait Ann. <span style=\"color: #003366;\"><strong>Toute l&rsquo;\u00e9quipe qui avait pr\u00e9par\u00e9 son arriv\u00e9e \u00e9tait rassembl\u00e9e autour du P\u00e8re Claude Grou, recteur de l&rsquo;Oratoire, pour souligner sa d\u00e9termination et sa foi \u00e0 travers ce p\u00e9riple.<\/strong><\/span> Apr\u00e8s une br\u00e8ve visite de la crypte et du tombeau de Saint fr\u00e8re Andr\u00e9 (une visite de l&rsquo;ensemble du sanctuaire qui se poursuivra jeudi), nous nous sommes tous dirig\u00e9s vers le Pavillon Jean XXIII pour un bon repas.<\/p>\n<p style=\"text-align: justify;\">Autour de la table, les questions fusaient de toutes parts et Ann \u00e9tait intarissable: une v\u00e9ritable conteuse! Elle encha\u00eenait les anecdotes les unes apr\u00e8s les autres en nous faisant traverser les 44 pays qu&rsquo;elle a visit\u00e9s au cours de ses nombreux p\u00e8lerinages. <span style=\"color: #333333;\">C&rsquo;est toute sa foi en l&rsquo;humanit\u00e9 qui porte chacun de ses p\u00e8lerinages et la conduit bien au-del\u00e0 du sanctuaire comme lieu physique. <strong><span style=\"color: #003366;\">L<\/span><\/strong><\/span><strong><span style=\"color: #003366;\">e sanctuaire qui habite Ann, sa foi dans la bont\u00e9 de l&rsquo;humanit\u00e9, d\u00e9passe tout b\u00e2timent. Il se construit et s&rsquo;accomplit, un peu plus chaque jour, dans chacun de ses pas.<\/span><\/strong><\/p>\n<p style=\"text-align: justify;\">Au cours de ce repas, nous avons \u00e9galement pu en apprendre davantage sur le projet <a href=\"http:\/\/www.societyofservantpilgrims.com\/\">The Society of Servant Pilgrims<\/a>. Nous savons maintenant que cette soci\u00e9t\u00e9 est bel et bien un nouvel ordre religieux qui sera fond\u00e9 avec la participation, le soutien et l&rsquo;accord de l&rsquo;archev\u00each\u00e9 de Denver. Un projet qui s&rsquo;inspire de la tradition franciscaine en reprenant ces paroles si ch\u00e8res \u00e0 Fran\u00e7ois d&rsquo;Assise: <strong><span style=\"color: #003366;\"><em>\u00ab\u00a0le privil\u00e8ge de la pauvret\u00e9\u00a0\u00bb<\/em><\/span><\/strong>. <img data-recalc-dims=\"1\" loading=\"lazy\" decoding=\"async\" data-attachment-id=\"2394\" data-permalink=\"https:\/\/bottesetvelo.com\/blog\/2016\/02\/25\/ann-sieben-the-winter-pilgrim-de-denver-a-loratoire-st-joseph\/2016-02-24-16-50-37-2\/\" data-orig-file=\"https:\/\/i0.wp.com\/bottesetvelo.com\/blog\/wp-content\/uploads\/2016\/02\/2016-02-24-16.50.37-2.jpg?fit=1975%2C2448&amp;ssl=1\" data-orig-size=\"1975,2448\" data-comments-opened=\"1\" data-image-meta=\"{&quot;aperture&quot;:&quot;2.6&quot;,&quot;credit&quot;:&quot;&quot;,&quot;camera&quot;:&quot;SGH-I747M&quot;,&quot;caption&quot;:&quot;?&quot;,&quot;created_timestamp&quot;:&quot;1456332637&quot;,&quot;copyright&quot;:&quot;&quot;,&quot;focal_length&quot;:&quot;3.7&quot;,&quot;iso&quot;:&quot;50&quot;,&quot;shutter_speed&quot;:&quot;0.00961538461538&quot;,&quot;title&quot;:&quot;&quot;,&quot;orientation&quot;:&quot;1&quot;}\" data-image-title=\"Ann Sieben &amp;#8211; Oratoire St-Joseph (Montr\u00e9al)\" data-image-description=\"\" data-image-caption=\"\" data-large-file=\"https:\/\/i0.wp.com\/bottesetvelo.com\/blog\/wp-content\/uploads\/2016\/02\/2016-02-24-16.50.37-2.jpg?fit=826%2C1024&amp;ssl=1\" class=\"alignright wp-image-2394\" src=\"https:\/\/i0.wp.com\/bottesetvelo.com\/blog\/wp-content\/uploads\/2016\/02\/2016-02-24-16.50.37-2.jpg?resize=284%2C352&#038;ssl=1\" alt=\"Ann Sieben - Oratoire St-Joseph (Montr\u00e9al)\" width=\"284\" height=\"352\" srcset=\"https:\/\/i0.wp.com\/bottesetvelo.com\/blog\/wp-content\/uploads\/2016\/02\/2016-02-24-16.50.37-2.jpg?resize=403%2C500&amp;ssl=1 403w, https:\/\/i0.wp.com\/bottesetvelo.com\/blog\/wp-content\/uploads\/2016\/02\/2016-02-24-16.50.37-2.jpg?resize=768%2C952&amp;ssl=1 768w, https:\/\/i0.wp.com\/bottesetvelo.com\/blog\/wp-content\/uploads\/2016\/02\/2016-02-24-16.50.37-2.jpg?resize=826%2C1024&amp;ssl=1 826w, https:\/\/i0.wp.com\/bottesetvelo.com\/blog\/wp-content\/uploads\/2016\/02\/2016-02-24-16.50.37-2.jpg?w=1975&amp;ssl=1 1975w\" sizes=\"auto, (max-width: 284px) 100vw, 284px\" \/>C&rsquo;est le propre du p\u00e8lerinage que de vivre avec peu et ce privil\u00e8ge dont parle Fran\u00e7ois d&rsquo;Assise exprime toute la libert\u00e9 que procure la non-possesion. C&rsquo;est de ce mode de vie dont se pr\u00e9vaut Ann depuis presque dix ans et cela lui sied bien. Comme elle le disait \u00e0 son arriv\u00e9e \u00e0 l&rsquo;Oratoire: \u00ab\u00a0Je suis la plus heureuse des p\u00e8lerines!\u00a0\u00bb<\/p>\n<p style=\"text-align: justify;\">Au cours des prochaines semaines, nous vous invitons \u00e0 suivre les p\u00e9r\u00e9grinations d&rsquo;Ann au Qu\u00e9bec. <span style=\"color: #003366;\"><strong>Le prochain point de ralliement sera au Parc Portuaire de Trois-Rivi\u00e8res (pr\u00e8s du grand sapin de m\u00e9tal) le mercredi 2 mars, \u00e0 midi.<\/strong> <\/span>De l\u00e0, nous marcherons jusqu&rsquo;au Sanctuaire Notre-Dame-du-Cap, une marche de 7 km. Pour ceux et celles qui le d\u00e9sirent, il sera possible de prendre le repas du soir avec Ann. Pour nous permettre de comptabiliser le nombre de participants et le nombre de repas, vous pouvez vous inscrire en vous rendant sur le site de Bottes et V\u00e9lo \u00e0 la page suivante: <a href=\"http:\/\/bottesetvelo.com\/bottes-et-v\u00e9lo---ann-sieben\">http:\/\/bottesetvelo.com\/bottes-et-v\u00e9lo&#8212;ann-sieben<\/a>.<\/p>\n<p style=\"text-align: justify;\">Vendredi le 26 f\u00e9vrier, Ann quittera Montr\u00e9al en direction de Repentigny. Si vous la croisez, n&rsquo;h\u00e9sitez pas \u00e0 la saluer ou m\u00eame lui offrir l&rsquo;hospitalit\u00e9. Vous vous offrirez, de part et d&rsquo;autre, une tr\u00e8s belle soir\u00e9e!<\/p>\n<p style=\"text-align: justify;\">Bonne route!<img data-recalc-dims=\"1\" loading=\"lazy\" decoding=\"async\" data-attachment-id=\"14\" data-permalink=\"https:\/\/bottesetvelo.com\/blog\/bottes-et-velo-le-blog\/bottes-et-velo-embleme\/\" data-orig-file=\"https:\/\/i0.wp.com\/bottesetvelo.com\/blog\/wp-content\/uploads\/2014\/01\/Bottes-et-V%C3%A9lo-Embl%C3%AAme-e1454083414631.jpg?fit=100%2C79&amp;ssl=1\" data-orig-size=\"100,79\" data-comments-opened=\"1\" data-image-meta=\"{&quot;aperture&quot;:&quot;0&quot;,&quot;credit&quot;:&quot;&quot;,&quot;camera&quot;:&quot;&quot;,&quot;caption&quot;:&quot;&quot;,&quot;created_timestamp&quot;:&quot;0&quot;,&quot;copyright&quot;:&quot;&quot;,&quot;focal_length&quot;:&quot;0&quot;,&quot;iso&quot;:&quot;0&quot;,&quot;shutter_speed&quot;:&quot;0&quot;,&quot;title&quot;:&quot;&quot;}\" data-image-title=\"Bottes et V\u00e9lo &amp;#8211; Embl\u00eame\" data-image-description=\"\" data-image-caption=\"\" data-large-file=\"https:\/\/i0.wp.com\/bottesetvelo.com\/blog\/wp-content\/uploads\/2014\/01\/Bottes-et-V%C3%A9lo-Embl%C3%AAme-e1454083414631.jpg?fit=100%2C79&amp;ssl=1\" class=\"alignright wp-image-14\" src=\"https:\/\/i0.wp.com\/bottesetvelo.com\/blog\/wp-content\/uploads\/2014\/01\/Bottes-et-V%C3%A9lo-Embl%C3%AAme.jpg?resize=84%2C66&#038;ssl=1\" alt=\"Bottes et V\u00e9lo - Embl\u00eame\" width=\"84\" height=\"66\" \/><\/p>\n<p style=\"text-align: justify;\">\u00c9ric Lalibert\u00e9<\/p>\n","protected":false},"excerpt":{"rendered":"<p>Ann Sieben &#8211; The Winter Pilgrim &#8211; portait bien son nom aujourd&rsquo;hui et l&rsquo;hiver l&rsquo;attendait de plein pied! Mais l&rsquo;hiver \u00e9tant ce qu&rsquo;il est cette ann\u00e9e, au cours des derniers kilom\u00e8tres elle aurait pu tout aussi bien se pr\u00e9valoir du titre: \u00ab\u00a0The Rainy Pilgrim\u00a0\u00bb. Haha! En effet, malgr\u00e9 un d\u00e9but de parcours sous la neige,&hellip;<\/p>\n","protected":false},"author":3,"featured_media":0,"comment_status":"open","ping_status":"open","sticky":false,"template":"","format":"standard","meta":{"jetpack_post_was_ever_published":false,"_jetpack_newsletter_access":"","_jetpack_dont_email_post_to_subs":false,"_jetpack_newsletter_tier_id":0,"_jetpack_memberships_contains_paywalled_content":false,"_jetpack_memberships_contains_paid_content":false,"footnotes":"","jetpack_publicize_message":"","jetpack_publicize_feature_enabled":true,"jetpack_social_post_already_shared":true,"jetpack_social_options":{"image_generator_settings":{"template":"highway","default_image_id":0,"font":"","enabled":false},"version":2}},"categories":[56,230,171],"tags":[315,18,356,13,317,334],"class_list":["post-2393","post","type-post","status-publish","format-standard","hentry","category-activites","category-histoire-de-pelerin","category-pelerinage","tag-ann-sieben","tag-bottes-et-velo","tag-oratoire-st-joseph","tag-pelerinage","tag-the-society-of-servant-pilgrims","tag-the-winter-pilgrim"],"jetpack_publicize_connections":[],"jetpack_featured_media_url":"","jetpack_shortlink":"https:\/\/wp.me\/p4eY6z-CB","jetpack_sharing_enabled":true,"jetpack_likes_enabled":true,"jetpack-related-posts":[],"_links":{"self":[{"href":"https:\/\/bottesetvelo.com\/blog\/wp-json\/wp\/v2\/posts\/2393","targetHints":{"allow":["GET"]}}],"collection":[{"href":"https:\/\/bottesetvelo.com\/blog\/wp-json\/wp\/v2\/posts"}],"about":[{"href":"https:\/\/bottesetvelo.com\/blog\/wp-json\/wp\/v2\/types\/post"}],"author":[{"embeddable":true,"href":"https:\/\/bottesetvelo.com\/blog\/wp-json\/wp\/v2\/users\/3"}],"replies":[{"embeddable":true,"href":"https:\/\/bottesetvelo.com\/blog\/wp-json\/wp\/v2\/comments?post=2393"}],"version-history":[{"count":8,"href":"https:\/\/bottesetvelo.com\/blog\/wp-json\/wp\/v2\/posts\/2393\/revisions"}],"predecessor-version":[{"id":2405,"href":"https:\/\/bottesetvelo.com\/blog\/wp-json\/wp\/v2\/posts\/2393\/revisions\/2405"}],"wp:attachment":[{"href":"https:\/\/bottesetvelo.com\/blog\/wp-json\/wp\/v2\/media?parent=2393"}],"wp:term":[{"taxonomy":"category","embeddable":true,"href":"https:\/\/bottesetvelo.com\/blog\/wp-json\/wp\/v2\/categories?post=2393"},{"taxonomy":"post_tag","embeddable":true,"href":"https:\/\/bottesetvelo.com\/blog\/wp-json\/wp\/v2\/tags?post=2393"}],"curies":[{"name":"wp","href":"https:\/\/api.w.org\/{rel}","templated":true}]}}