{"id":2381,"date":"2016-02-19T18:28:39","date_gmt":"2016-02-19T23:28:39","guid":{"rendered":"http:\/\/bottesetvelo.com\/blog\/?p=2381"},"modified":"2016-02-19T18:28:39","modified_gmt":"2016-02-19T23:28:39","slug":"sautoriser-a-se-faire-du-bien","status":"publish","type":"post","link":"https:\/\/bottesetvelo.com\/blog\/2016\/02\/19\/sautoriser-a-se-faire-du-bien\/","title":{"rendered":"S\u2019autoriser \u00e0 se faire du bien\u2026"},"content":{"rendered":"<h6 style=\"text-align: right;\"><strong><em>Les maladies que l\u2019on cache sont les plus difficiles \u00e0 soigner.<\/em><\/strong><br \/>\n<strong><em>Proverbe chinois<\/em><\/strong><\/h6>\n<h5 style=\"text-align: justify;\"><span style=\"color: #003366;\">Quand on ne sait plus ce qu\u2019on aime. Quand on a l\u2019impression de ne plus savoir ce qui nous fait plaisir et que tout fout le camp. Quand on a l\u2019impression que la vie n\u2019a plus de go\u00fbt et que m\u00eame se lever le matin est devenu une corv\u00e9e. Quand le c\u0153ur n\u2019y est plus et que tout nous demande un effort, c\u2019est probablement que nous sommes en d\u00e9rapage. Dans ces moments, s\u2019autoriser \u00e0 se faire du bien n\u2019est pas si simple que cela. On a l\u2019impression que tous nos rep\u00e8res ont disparu, qu\u2019on ne se connait plus\u2026<\/span><\/h5>\n<h5><img data-recalc-dims=\"1\" loading=\"lazy\" decoding=\"async\" data-attachment-id=\"2382\" data-permalink=\"https:\/\/bottesetvelo.com\/blog\/2016\/02\/19\/sautoriser-a-se-faire-du-bien\/young-man-1179551_1280\/\" data-orig-file=\"https:\/\/i0.wp.com\/bottesetvelo.com\/blog\/wp-content\/uploads\/2016\/02\/young-man-1179551_1280.jpg?fit=1280%2C890&amp;ssl=1\" data-orig-size=\"1280,890\" data-comments-opened=\"1\" data-image-meta=\"{&quot;aperture&quot;:&quot;0&quot;,&quot;credit&quot;:&quot;&quot;,&quot;camera&quot;:&quot;&quot;,&quot;caption&quot;:&quot;&quot;,&quot;created_timestamp&quot;:&quot;0&quot;,&quot;copyright&quot;:&quot;&quot;,&quot;focal_length&quot;:&quot;0&quot;,&quot;iso&quot;:&quot;0&quot;,&quot;shutter_speed&quot;:&quot;0&quot;,&quot;title&quot;:&quot;&quot;,&quot;orientation&quot;:&quot;0&quot;}\" data-image-title=\"S&amp;rsquo;autoriser \u00e0 se faire du bien\" data-image-description=\"\" data-image-caption=\"\" data-large-file=\"https:\/\/i0.wp.com\/bottesetvelo.com\/blog\/wp-content\/uploads\/2016\/02\/young-man-1179551_1280.jpg?fit=1024%2C712&amp;ssl=1\" class=\"alignright wp-image-2382\" src=\"https:\/\/i0.wp.com\/bottesetvelo.com\/blog\/wp-content\/uploads\/2016\/02\/young-man-1179551_1280.jpg?resize=300%2C209&#038;ssl=1\" alt=\"S'autoriser \u00e0 se faire du bien\" width=\"300\" height=\"209\" srcset=\"https:\/\/i0.wp.com\/bottesetvelo.com\/blog\/wp-content\/uploads\/2016\/02\/young-man-1179551_1280.jpg?resize=500%2C348&amp;ssl=1 500w, https:\/\/i0.wp.com\/bottesetvelo.com\/blog\/wp-content\/uploads\/2016\/02\/young-man-1179551_1280.jpg?resize=768%2C534&amp;ssl=1 768w, https:\/\/i0.wp.com\/bottesetvelo.com\/blog\/wp-content\/uploads\/2016\/02\/young-man-1179551_1280.jpg?resize=1024%2C712&amp;ssl=1 1024w, https:\/\/i0.wp.com\/bottesetvelo.com\/blog\/wp-content\/uploads\/2016\/02\/young-man-1179551_1280.jpg?w=1280&amp;ssl=1 1280w\" sizes=\"auto, (max-width: 300px) 100vw, 300px\" \/><\/h5>\n<p style=\"text-align: justify;\">Le signe avant-coureur de cet \u00e9tat est bien souvent le sentiment de ne plus \u00eatre sur la bonne route. Pour le p\u00e8lerin, c\u2019est le sentiment d\u2019avoir manqu\u00e9 une fl\u00e8che au dernier croisement\u2026<\/p>\n<p style=\"text-align: justify;\">Sans se rendre compte, nous nous sommes lanc\u00e9s t\u00eate baiss\u00e9e. Nous avons fonc\u00e9 sans poser de questions, sans remarquer quoi que ce soit. La voie semblait toute trac\u00e9e et pointer dans cette direction. Pourtant, ce n\u2019\u00e9tait pas le bon chemin\u2026<\/p>\n<p style=\"padding-left: 60px; text-align: justify;\"><em>\u00ab En relevant la t\u00eate, alors que j\u2019entrais dans le village, je me suis approch\u00e9 de la fontaine pour m\u2019y asseoir et refaire le plein d\u2019eau. Ce soleil de plomb me cuisait depuis des heures et me donnait soif.<\/em><br \/>\n<em>Assis sur la margelle, d\u00e9goulinant de sueur, j\u2019observais la place sans trop penser; mon corps \u00e9tait trop fatigu\u00e9 et il aspirait d\u00e9j\u00e0 au prochain albergue.<\/em><br \/>\n<em>D\u2019une main lasse j\u2019\u00e9pongeais la sueur sur ma nuque, pendant que mes yeux fouillaient la foule. Inconsciemment, ils cherchaient quelque chose : un rep\u00e8re, une indication, une fl\u00e8che\u2026 Pourtant, rien ne venait rassurer ma halte. Les gens qui m\u2019entouraient n\u2019\u00e9taient pas ceux auxquels je m\u2019attendais. Ils ne portaient pas de sacs \u00e0 dos, ni b\u00e2tons de marche, ni chapeaux ridicules. Apr\u00e8s quelques minutes \u00e0 promener mon regard sur la place, j\u2019ai repris mon sac et mes b\u00e2tons, d\u00e9cidant de risquer quelques pas de plus dans cette direction.<\/em><br \/>\n<em>On met parfois beaucoup de temps \u00e0 r\u00e9aliser qu\u2019on fait fausse route\u2026<\/em><br \/>\n<em>Dans la vie aussi.<\/em><br \/>\n<em>Au d\u00e9part, je poursuivais bien quelque chose, mais ici : je ne le sentais plus. Il me semblait l\u2019avoir perdu de vue. Plus rien ne me parlait de ce qui m\u2019avait mis en route. J\u2019eus soudainement l\u2019impression de m\u2019enfoncer. Que chacun de mes pas devenaient plus lourds et demandaient plus d\u2019effort. Remarquez, plus on s\u2019enfonce, plus on s\u2019isole et m\u00eame les plus beaux paysages perdent de leur enchantement.<\/em><br \/>\n<em>Dans la vie aussi. \u00bb<\/em><\/p>\n<p style=\"text-align: justify;\"><img data-recalc-dims=\"1\" loading=\"lazy\" decoding=\"async\" data-attachment-id=\"2385\" data-permalink=\"https:\/\/bottesetvelo.com\/blog\/2016\/02\/19\/sautoriser-a-se-faire-du-bien\/man-1181486_1280\/\" data-orig-file=\"https:\/\/i0.wp.com\/bottesetvelo.com\/blog\/wp-content\/uploads\/2016\/02\/man-1181486_1280.jpg?fit=776%2C1280&amp;ssl=1\" data-orig-size=\"776,1280\" data-comments-opened=\"1\" data-image-meta=\"{&quot;aperture&quot;:&quot;0&quot;,&quot;credit&quot;:&quot;&quot;,&quot;camera&quot;:&quot;&quot;,&quot;caption&quot;:&quot;&quot;,&quot;created_timestamp&quot;:&quot;0&quot;,&quot;copyright&quot;:&quot;&quot;,&quot;focal_length&quot;:&quot;0&quot;,&quot;iso&quot;:&quot;0&quot;,&quot;shutter_speed&quot;:&quot;0&quot;,&quot;title&quot;:&quot;&quot;,&quot;orientation&quot;:&quot;0&quot;}\" data-image-title=\"S&amp;rsquo;autoriser \u00e0 se faire du bien\" data-image-description=\"\" data-image-caption=\"\" data-large-file=\"https:\/\/i0.wp.com\/bottesetvelo.com\/blog\/wp-content\/uploads\/2016\/02\/man-1181486_1280.jpg?fit=621%2C1024&amp;ssl=1\" class=\"alignright wp-image-2385\" src=\"https:\/\/i0.wp.com\/bottesetvelo.com\/blog\/wp-content\/uploads\/2016\/02\/man-1181486_1280.jpg?resize=250%2C413&#038;ssl=1\" alt=\"S'autoriser \u00e0 se faire du bien\" width=\"250\" height=\"413\" srcset=\"https:\/\/i0.wp.com\/bottesetvelo.com\/blog\/wp-content\/uploads\/2016\/02\/man-1181486_1280.jpg?resize=303%2C500&amp;ssl=1 303w, https:\/\/i0.wp.com\/bottesetvelo.com\/blog\/wp-content\/uploads\/2016\/02\/man-1181486_1280.jpg?resize=768%2C1267&amp;ssl=1 768w, https:\/\/i0.wp.com\/bottesetvelo.com\/blog\/wp-content\/uploads\/2016\/02\/man-1181486_1280.jpg?resize=621%2C1024&amp;ssl=1 621w, https:\/\/i0.wp.com\/bottesetvelo.com\/blog\/wp-content\/uploads\/2016\/02\/man-1181486_1280.jpg?w=776&amp;ssl=1 776w\" sizes=\"auto, (max-width: 250px) 100vw, 250px\" \/>Parfois, on pr\u00e9f\u00e8re s\u2019illusionner sur la direction que nous avons prise pour ne pas toucher certaines souffrances; pour ne pas revenir en arri\u00e8re, on pr\u00e9f\u00e8re s\u2019anesth\u00e9sier de mille et une fa\u00e7ons. On en vient alors \u00e0 se faire du mal, en croyant se faire du bien.<\/p>\n<p style=\"text-align: justify;\">La beaut\u00e9 du chemin de p\u00e8lerinage c\u2019est qu\u2019une fois parvenu \u00e0 ce point, bien que nous soyons d\u00e9courag\u00e9s, la solution devient \u00e9vidente. Il n\u2019y a pas d\u2019autre choix et nous n\u2019h\u00e9siterons pas : nous allons virer de bord! Ce n\u2019est pas le bon chemin! C\u2019est simple, non?<\/p>\n<p style=\"text-align: justify;\">Dans la vie pourtant, il en va souvent autrement. Nous faisons preuve d\u2019ent\u00eatement et d\u2019obstination. Nous r\u00e9sistons avec force\u2026<\/p>\n<p style=\"text-align: justify;\">Plusieurs p\u00e8lerins diront : \u00ab C\u2019est tellement plus simple sur le chemin! \u00bb Pourtant, ce n\u2019est pas tellement le voyage qui fait la beaut\u00e9 du p\u00e8lerinage, comme l\u2019\u00e9tat dans lequel se met le p\u00e8lerin pour le vivre. Le p\u00e8lerinage fait du bien parce que le p\u00e8lerin s\u2019ouvre au bien-\u00eatre. Il se dispose \u00e0 cette attention quotidienne qui go\u00fbte chaque moment. Le p\u00e8lerinage est une disposition du c\u0153ur. Et s\u2019autoriser \u00e0 se faire du bien commence par cette prise de conscience : suis-je sur la bonne route? Poser la question, c\u2019est d\u00e9j\u00e0 y r\u00e9pondre. Le principal comme p\u00e8lerin c\u2019est d\u2019en prendre conscience et de retourner sur sa route; se rappeler les rep\u00e8res qui orientaient notre marche.<\/p>\n<p style=\"text-align: justify;\">Le p\u00e8lerin avance \u00e0 t\u00e2tons, au \u00ab pif \u00bb comme qui dirait. Il fait confiance \u00e0 quelques rep\u00e8res plac\u00e9s ici et l\u00e0 : un alignement de pierres, une fl\u00e8che, un coquillage. Des rep\u00e8res qui seront signifiants pour lui, pas pour tout le monde. Le laitier et le boulanger n\u2019ont pas \u00e0 suivre les fl\u00e8ches jaunes, ce n\u2019est pas leur chemin \u00e0 eux. Chacun a ses rep\u00e8res, suffit d\u2019apprendre \u00e0 les reconna\u00eetre.<img data-recalc-dims=\"1\" loading=\"lazy\" decoding=\"async\" data-attachment-id=\"2386\" data-permalink=\"https:\/\/bottesetvelo.com\/blog\/2016\/02\/19\/sautoriser-a-se-faire-du-bien\/jakobsweg-250366_1920\/\" data-orig-file=\"https:\/\/i0.wp.com\/bottesetvelo.com\/blog\/wp-content\/uploads\/2016\/02\/jakobsweg-250366_1920.jpg?fit=1920%2C1280&amp;ssl=1\" data-orig-size=\"1920,1280\" data-comments-opened=\"1\" data-image-meta=\"{&quot;aperture&quot;:&quot;0&quot;,&quot;credit&quot;:&quot;&quot;,&quot;camera&quot;:&quot;&quot;,&quot;caption&quot;:&quot;&quot;,&quot;created_timestamp&quot;:&quot;0&quot;,&quot;copyright&quot;:&quot;&quot;,&quot;focal_length&quot;:&quot;0&quot;,&quot;iso&quot;:&quot;0&quot;,&quot;shutter_speed&quot;:&quot;0&quot;,&quot;title&quot;:&quot;&quot;,&quot;orientation&quot;:&quot;0&quot;}\" data-image-title=\"Compostelle &amp;#8211; fl\u00e8che jaune\" data-image-description=\"\" data-image-caption=\"\" data-large-file=\"https:\/\/i0.wp.com\/bottesetvelo.com\/blog\/wp-content\/uploads\/2016\/02\/jakobsweg-250366_1920.jpg?fit=1024%2C683&amp;ssl=1\" class=\"alignright wp-image-2386\" src=\"https:\/\/i0.wp.com\/bottesetvelo.com\/blog\/wp-content\/uploads\/2016\/02\/jakobsweg-250366_1920.jpg?resize=300%2C200&#038;ssl=1\" alt=\"Compostelle - fl\u00e8che jaune\" width=\"300\" height=\"200\" srcset=\"https:\/\/i0.wp.com\/bottesetvelo.com\/blog\/wp-content\/uploads\/2016\/02\/jakobsweg-250366_1920.jpg?resize=500%2C333&amp;ssl=1 500w, https:\/\/i0.wp.com\/bottesetvelo.com\/blog\/wp-content\/uploads\/2016\/02\/jakobsweg-250366_1920.jpg?resize=768%2C512&amp;ssl=1 768w, https:\/\/i0.wp.com\/bottesetvelo.com\/blog\/wp-content\/uploads\/2016\/02\/jakobsweg-250366_1920.jpg?resize=1024%2C683&amp;ssl=1 1024w, https:\/\/i0.wp.com\/bottesetvelo.com\/blog\/wp-content\/uploads\/2016\/02\/jakobsweg-250366_1920.jpg?w=1920&amp;ssl=1 1920w\" sizes=\"auto, (max-width: 300px) 100vw, 300px\" \/><\/p>\n<p style=\"text-align: justify;\">Dans notre quotidien cependant, il n\u2019y a pas de fl\u00e8ches jaunes. Il n\u2019y a qu\u2019un ressenti pour nous guider, un ressenti qui est inscrit dans tout notre corps. En nous, c\u2019est toute l\u2019exp\u00e9rience du chemin quotidien qui vibre en r\u00e9sonance avec le sanctuaire qui nous interpelle dans notre \u00eatre en marche.<\/p>\n<p style=\"text-align: justify;\">Au d\u00e9but de sa route, de sa vie, le p\u00e8lerin se met en marche vers un sanctuaire bien concret. Il a besoin d\u2019un signe tangible pour orienter sa marche : \u00e9tudes, carri\u00e8re, milieu de vie, habitat, relations, r\u00e9ussites, etc. Seulement, t\u00f4t ou tard, cette figure objectivable ne le satisfait plus et elle devra mourir pour que puisse na\u00eetre \u00ab Le Sanctuaire \u00bb, cet espace en soi qui rel\u00e8ve davantage d\u2019un \u00e9tat insaisissable, d\u2019une posture de confiance, d\u2019esp\u00e9rance, que de la destination.<\/p>\n<p style=\"text-align: justify;\">Les signes de ce sanctuaire sont inscrits dans la chair du p\u00e8lerin. Ils sont inscrits dans l\u2019exp\u00e9rience sensible de son humanit\u00e9 et le p\u00e8lerin est le seul \u00e0 \u00eatre capable d\u2019en d\u00e9coder le sens. Ce sont ses fl\u00e8ches jaunes \u00e0 lui, celles qui donnent sens \u00e0 sa vie. Celles qui le mettent en mouvement, qui le tirent en avant, lui donne un go\u00fbt de meilleur.<\/p>\n<p style=\"text-align: justify;\"><img data-recalc-dims=\"1\" loading=\"lazy\" decoding=\"async\" data-attachment-id=\"2387\" data-permalink=\"https:\/\/bottesetvelo.com\/blog\/2016\/02\/19\/sautoriser-a-se-faire-du-bien\/person-723557_1920\/\" data-orig-file=\"https:\/\/i0.wp.com\/bottesetvelo.com\/blog\/wp-content\/uploads\/2016\/02\/person-723557_1920.jpg?fit=1920%2C1357&amp;ssl=1\" data-orig-size=\"1920,1357\" data-comments-opened=\"1\" data-image-meta=\"{&quot;aperture&quot;:&quot;0&quot;,&quot;credit&quot;:&quot;&quot;,&quot;camera&quot;:&quot;&quot;,&quot;caption&quot;:&quot;&quot;,&quot;created_timestamp&quot;:&quot;0&quot;,&quot;copyright&quot;:&quot;&quot;,&quot;focal_length&quot;:&quot;0&quot;,&quot;iso&quot;:&quot;0&quot;,&quot;shutter_speed&quot;:&quot;0&quot;,&quot;title&quot;:&quot;&quot;,&quot;orientation&quot;:&quot;0&quot;}\" data-image-title=\"S&amp;rsquo;autoriser \u00e0 se faire du bien\" data-image-description=\"\" data-image-caption=\"\" data-large-file=\"https:\/\/i0.wp.com\/bottesetvelo.com\/blog\/wp-content\/uploads\/2016\/02\/person-723557_1920.jpg?fit=1024%2C724&amp;ssl=1\" class=\"alignright wp-image-2387\" src=\"https:\/\/i0.wp.com\/bottesetvelo.com\/blog\/wp-content\/uploads\/2016\/02\/person-723557_1920.jpg?resize=300%2C212&#038;ssl=1\" alt=\"S'autoriser \u00e0 se faire du bien\" width=\"300\" height=\"212\" srcset=\"https:\/\/i0.wp.com\/bottesetvelo.com\/blog\/wp-content\/uploads\/2016\/02\/person-723557_1920.jpg?resize=500%2C353&amp;ssl=1 500w, https:\/\/i0.wp.com\/bottesetvelo.com\/blog\/wp-content\/uploads\/2016\/02\/person-723557_1920.jpg?resize=768%2C543&amp;ssl=1 768w, https:\/\/i0.wp.com\/bottesetvelo.com\/blog\/wp-content\/uploads\/2016\/02\/person-723557_1920.jpg?resize=1024%2C724&amp;ssl=1 1024w, https:\/\/i0.wp.com\/bottesetvelo.com\/blog\/wp-content\/uploads\/2016\/02\/person-723557_1920.jpg?w=1920&amp;ssl=1 1920w\" sizes=\"auto, (max-width: 300px) 100vw, 300px\" \/>S\u2019autoriser \u00e0 se faire du bien, quand on ne sait plus ce qu\u2019on aime, demande un retour en arri\u00e8re, de rebrousser chemin. Dans ce mouvement, je pourrai reprendre contact avec ces exp\u00e9riences marquantes qui ont laiss\u00e9 des traces de bon go\u00fbt dans ma vie. En revisitant ces moments, c\u2019est toute une exp\u00e9rience sensible que je me r\u00e9approprie. C\u2019est la possibilit\u00e9 d\u2019une prise de contact avec des \u00e9motions oubli\u00e9es qui peuvent d\u00e9nouer l\u2019impasse de mon pr\u00e9sent. Rien n\u2019est banal dans ce cas-ci! Tout m\u00e9rite de s\u2019y arr\u00eater : le bon go\u00fbt du chocolat chaud d\u2019une grand-m\u00e8re attentionn\u00e9e, la balade en voiture du dimanche, l\u2019odeur d\u2019une maison, un vieux refrain, tout\u2026<\/p>\n<p style=\"text-align: justify;\">S\u2019autoriser \u00e0 se faire du bien, c\u2019est marcher dans la clairvoyance de sa voie. C\u2019est le chemin de la simplicit\u00e9. Contrairement \u00e0 tout ce qu\u2019on a pu nous laisser croire \u00e7a ne demande pas d\u2019efforts, mais de l\u2019attention! De l\u2019attention pour soi.<img data-recalc-dims=\"1\" loading=\"lazy\" decoding=\"async\" data-attachment-id=\"14\" data-permalink=\"https:\/\/bottesetvelo.com\/blog\/bottes-et-velo-le-blog\/bottes-et-velo-embleme\/\" data-orig-file=\"https:\/\/i0.wp.com\/bottesetvelo.com\/blog\/wp-content\/uploads\/2014\/01\/Bottes-et-V%C3%A9lo-Embl%C3%AAme-e1454083414631.jpg?fit=100%2C79&amp;ssl=1\" data-orig-size=\"100,79\" data-comments-opened=\"1\" data-image-meta=\"{&quot;aperture&quot;:&quot;0&quot;,&quot;credit&quot;:&quot;&quot;,&quot;camera&quot;:&quot;&quot;,&quot;caption&quot;:&quot;&quot;,&quot;created_timestamp&quot;:&quot;0&quot;,&quot;copyright&quot;:&quot;&quot;,&quot;focal_length&quot;:&quot;0&quot;,&quot;iso&quot;:&quot;0&quot;,&quot;shutter_speed&quot;:&quot;0&quot;,&quot;title&quot;:&quot;&quot;}\" data-image-title=\"Bottes et V\u00e9lo &amp;#8211; Embl\u00eame\" data-image-description=\"\" data-image-caption=\"\" data-large-file=\"https:\/\/i0.wp.com\/bottesetvelo.com\/blog\/wp-content\/uploads\/2014\/01\/Bottes-et-V%C3%A9lo-Embl%C3%AAme-e1454083414631.jpg?fit=100%2C79&amp;ssl=1\" class=\"alignright wp-image-14\" src=\"https:\/\/i0.wp.com\/bottesetvelo.com\/blog\/wp-content\/uploads\/2014\/01\/Bottes-et-V%C3%A9lo-Embl%C3%AAme.jpg?resize=80%2C63&#038;ssl=1\" alt=\"Bottes et V\u00e9lo - Embl\u00eame\" width=\"80\" height=\"63\" \/><\/p>\n<p style=\"text-align: justify;\">\u00c9ric Lalibert\u00e9<\/p>\n","protected":false},"excerpt":{"rendered":"<p>Les maladies que l\u2019on cache sont les plus difficiles \u00e0 soigner. Proverbe chinois Quand on ne sait plus ce qu\u2019on aime. Quand on a l\u2019impression de ne plus savoir ce qui nous fait plaisir et que tout fout le camp. Quand on a l\u2019impression que la vie n\u2019a plus de go\u00fbt et que m\u00eame se&hellip;<\/p>\n","protected":false},"author":3,"featured_media":0,"comment_status":"open","ping_status":"open","sticky":false,"template":"","format":"standard","meta":{"jetpack_post_was_ever_published":false,"_jetpack_newsletter_access":"","_jetpack_dont_email_post_to_subs":false,"_jetpack_newsletter_tier_id":0,"_jetpack_memberships_contains_paywalled_content":false,"_jetpack_memberships_contains_paid_content":false,"footnotes":"","jetpack_publicize_message":"","jetpack_publicize_feature_enabled":true,"jetpack_social_post_already_shared":true,"jetpack_social_options":{"image_generator_settings":{"template":"highway","default_image_id":0,"font":"","enabled":false},"version":2}},"categories":[50,11,166,3],"tags":[275,272,285,273,96,38,295,365,124,197],"class_list":["post-2381","post","type-post","status-publish","format-standard","hentry","category-art-de-vivre","category-bien-etre-physique","category-demarche-du-pelerin","category-reflexions","tag-art-de-vivre","tag-experience-des-sens","tag-gout-de-vivre","tag-gouter-la-vie","tag-qualite-de-vie","tag-reflexion","tag-sanctuaire","tag-sensibilite","tag-souffrance","tag-transition"],"jetpack_publicize_connections":[],"jetpack_featured_media_url":"","jetpack_shortlink":"https:\/\/wp.me\/p4eY6z-Cp","jetpack_sharing_enabled":true,"jetpack_likes_enabled":true,"jetpack-related-posts":[],"_links":{"self":[{"href":"https:\/\/bottesetvelo.com\/blog\/wp-json\/wp\/v2\/posts\/2381","targetHints":{"allow":["GET"]}}],"collection":[{"href":"https:\/\/bottesetvelo.com\/blog\/wp-json\/wp\/v2\/posts"}],"about":[{"href":"https:\/\/bottesetvelo.com\/blog\/wp-json\/wp\/v2\/types\/post"}],"author":[{"embeddable":true,"href":"https:\/\/bottesetvelo.com\/blog\/wp-json\/wp\/v2\/users\/3"}],"replies":[{"embeddable":true,"href":"https:\/\/bottesetvelo.com\/blog\/wp-json\/wp\/v2\/comments?post=2381"}],"version-history":[{"count":6,"href":"https:\/\/bottesetvelo.com\/blog\/wp-json\/wp\/v2\/posts\/2381\/revisions"}],"predecessor-version":[{"id":2391,"href":"https:\/\/bottesetvelo.com\/blog\/wp-json\/wp\/v2\/posts\/2381\/revisions\/2391"}],"wp:attachment":[{"href":"https:\/\/bottesetvelo.com\/blog\/wp-json\/wp\/v2\/media?parent=2381"}],"wp:term":[{"taxonomy":"category","embeddable":true,"href":"https:\/\/bottesetvelo.com\/blog\/wp-json\/wp\/v2\/categories?post=2381"},{"taxonomy":"post_tag","embeddable":true,"href":"https:\/\/bottesetvelo.com\/blog\/wp-json\/wp\/v2\/tags?post=2381"}],"curies":[{"name":"wp","href":"https:\/\/api.w.org\/{rel}","templated":true}]}}