{"id":2374,"date":"2016-02-18T16:33:24","date_gmt":"2016-02-18T21:33:24","guid":{"rendered":"http:\/\/bottesetvelo.com\/blog\/?p=2374"},"modified":"2016-02-18T16:33:24","modified_gmt":"2016-02-18T21:33:24","slug":"ann-sieben-sapproche-de-montreal","status":"publish","type":"post","link":"https:\/\/bottesetvelo.com\/blog\/2016\/02\/18\/ann-sieben-sapproche-de-montreal\/","title":{"rendered":"Ann Sieben s&rsquo;approche de Montr\u00e9al!"},"content":{"rendered":"<h5 style=\"text-align: justify;\"><img data-recalc-dims=\"1\" loading=\"lazy\" decoding=\"async\" data-attachment-id=\"2375\" data-permalink=\"https:\/\/bottesetvelo.com\/blog\/2016\/02\/18\/ann-sieben-sapproche-de-montreal\/ann-sieben-arrivee-a-ottawa\/\" data-orig-file=\"https:\/\/i0.wp.com\/bottesetvelo.com\/blog\/wp-content\/uploads\/2016\/02\/Ann-Sieben-Arriv%C3%A9e-%C3%A0-Ottawa.jpg?fit=900%2C1600&amp;ssl=1\" data-orig-size=\"900,1600\" data-comments-opened=\"1\" data-image-meta=\"{&quot;aperture&quot;:&quot;0&quot;,&quot;credit&quot;:&quot;&quot;,&quot;camera&quot;:&quot;&quot;,&quot;caption&quot;:&quot;&quot;,&quot;created_timestamp&quot;:&quot;0&quot;,&quot;copyright&quot;:&quot;&quot;,&quot;focal_length&quot;:&quot;0&quot;,&quot;iso&quot;:&quot;0&quot;,&quot;shutter_speed&quot;:&quot;0&quot;,&quot;title&quot;:&quot;&quot;,&quot;orientation&quot;:&quot;0&quot;}\" data-image-title=\"Ann Sieben &amp;#8211; Arriv\u00e9e \u00e0 Ottawa\" data-image-description=\"\" data-image-caption=\"\" data-large-file=\"https:\/\/i0.wp.com\/bottesetvelo.com\/blog\/wp-content\/uploads\/2016\/02\/Ann-Sieben-Arriv%C3%A9e-%C3%A0-Ottawa.jpg?fit=576%2C1024&amp;ssl=1\" class=\"alignright size-medium wp-image-2375\" src=\"https:\/\/i0.wp.com\/bottesetvelo.com\/blog\/wp-content\/uploads\/2016\/02\/Ann-Sieben-Arriv%C3%A9e-%C3%A0-Ottawa.jpg?resize=281%2C500&#038;ssl=1\" alt=\"Ann Sieben - Arriv\u00e9e \u00e0 Ottawa\" width=\"281\" height=\"500\" srcset=\"https:\/\/i0.wp.com\/bottesetvelo.com\/blog\/wp-content\/uploads\/2016\/02\/Ann-Sieben-Arriv%C3%A9e-%C3%A0-Ottawa.jpg?resize=281%2C500&amp;ssl=1 281w, https:\/\/i0.wp.com\/bottesetvelo.com\/blog\/wp-content\/uploads\/2016\/02\/Ann-Sieben-Arriv%C3%A9e-%C3%A0-Ottawa.jpg?resize=768%2C1365&amp;ssl=1 768w, https:\/\/i0.wp.com\/bottesetvelo.com\/blog\/wp-content\/uploads\/2016\/02\/Ann-Sieben-Arriv%C3%A9e-%C3%A0-Ottawa.jpg?resize=576%2C1024&amp;ssl=1 576w, https:\/\/i0.wp.com\/bottesetvelo.com\/blog\/wp-content\/uploads\/2016\/02\/Ann-Sieben-Arriv%C3%A9e-%C3%A0-Ottawa.jpg?w=900&amp;ssl=1 900w\" sizes=\"auto, (max-width: 281px) 100vw, 281px\" \/><span style=\"color: #003366;\">C&rsquo;est le 15 f\u00e9vrier dernier qu&rsquo;Ann Sieben arrivait \u00e0 Ottawa et s&rsquo;arr\u00eatait faire une pause, le temps d&rsquo;une journ\u00e9e. Le p\u00e8lerinage d&rsquo;Ann avance bon train. Aujourd&rsquo;hui, 18 f\u00e9vrier, elle en est \u00e0 son 111i\u00e8me jour de marche.\u00a0 Le regard un peu fatigu\u00e9, elle semble n\u00e9anmoins garder un bon moral.<\/span><\/h5>\n<p style=\"text-align: justify;\"><a href=\"http:\/\/www.societyofservantpilgrims.com\/\"><strong><span style=\"color: #003366;\">The Society of Servant Pilgrims (SSP)<\/span><\/strong><\/a>, la soci\u00e9t\u00e9 fond\u00e9e par Ann Sieben, nous a contact\u00e9 r\u00e9cemment pour nous dire tout l&rsquo;enthousiasme que suscite cette belle collaboration et combien <strong><span style=\"color: #003366;\">Ann est heureuse de venir \u00e0 la rencontre de Qu\u00e9b\u00e9cois et Qu\u00e9b\u00e9coises\u00a0 qui l&rsquo;attendront sur le chemin.<\/span><\/strong><\/p>\n<p style=\"text-align: justify;\">C&rsquo;est donc une invitation!\u00a0 <strong><span style=\"color: #003366;\">Venez nombreux-ses<\/span><\/strong> pour souligner ce premier \u00e9v\u00e9nement d&rsquo;une s\u00e9rie de cinq, lors de <span style=\"color: #800000;\"><strong>son arriv\u00e9e \u00e0 Montr\u00e9al, mercredi le 24 f\u00e9vrier \u00e0 14h30.<\/strong><\/span><\/p>\n<p style=\"text-align: justify;\">Nous vous donnons <strong><span style=\"color: #800000;\">rendez-vous sur le parvis de la Basilique Notre-Dame dans le Vieux Montr\u00e9al.<\/span><\/strong> De l\u00e0, <strong><span style=\"color: #800000;\">nous marcherons vers l&rsquo;Oratoire St-Joseph en compagnie d&rsquo;Ann Sieben<\/span><\/strong> &#8211; La p\u00e8lerine de l&rsquo;hiver, pour franchir la porte du premier des cinq sanctuaires nationaux qu&rsquo;elle visitera.<\/p>\n<p style=\"text-align: justify;\">Pour compiler le nombre de participant-e-s, <strong><span style=\"color: #003366;\">nous vous invitons \u00e0 vous inscrire sur le site de Bottes et V\u00e9lo<\/span><\/strong> \u00e0 la page d&rsquo;Ann Sieben: <strong><a href=\"http:\/\/bottesetvelo.com\/bottes-et-v\u00e9lo---ann-sieben\">http:\/\/bottesetvelo.com\/bottes-et-v\u00e9lo&#8212;ann-sieben.<\/a><\/strong> Il sera aussi possible de prendre un repas ($) avec elle \u00e0 la fin de cette marche de 8 km . Le repas se tiendra dans un restaurant pr\u00e8s de l&rsquo;Oratoire. <em><span style=\"color: #003366;\"><strong>Vous \u00eates tous les bienvenues!<\/strong><\/span><\/em><\/p>\n<p style=\"text-align: justify;\">Par ailleurs, dans leur lettre, <span style=\"color: #003366;\"><strong>The Society of Servant Pilgrim<\/strong><\/span> nous invitaient \u00e0 <span style=\"color: #003366;\"><span style=\"color: #333333;\">d\u00e9couvrir<\/span><\/span><strong><span style=\"color: #003366;\"> Zilong Wang<\/span><span style=\"color: #003366;\">, un jeune p\u00e8lerin d&rsquo;origine chinoise.<\/span><\/strong> Zilong s&rsquo;est lanc\u00e9 derni\u00e8rement dans <strong><span style=\"color: #003366;\">une aventure p\u00e8lerine de trois ans qui le m\u00e8nera \u00e0 v\u00e9lo de la Californie vers la Chine.<\/span><\/strong> Vous pouvez visiter son blogue \u00e0 l&rsquo;adresse suivante: <a href=\"http:\/\/www.journeye.org\">http:\/\/www.journeye.org<\/a> . La premi\u00e8re section est en chinois mais, si vous d\u00e9filez plus bas en cliquant sur \u00ab\u00a0read more\u00a0\u00bb, vous d\u00e9couvrirez la section anglaise. <strong><span style=\"color: #003366;\">C&rsquo;est dans un d\u00e9sir d&rsquo;\u00e9veil \u00e9cologique et spirituel pour notre temps que Zilong parcourt le monde \u00e0 v\u00e9lo.<\/span><\/strong><\/p>\n<p style=\"text-align: justify;\">Zilong \u00e0 une vingtaine d&rsquo;ann\u00e9e. Je vous invite \u00e0 faire sa connaissance et d\u00e9couvrir toute son originalit\u00e9 \u00e0 travers une courte vid\u00e9o. Il s&rsquo;agit du discours des finissants qu&rsquo;il a prononc\u00e9 au Hampshire College en 2013. C&rsquo;est dans toute cette nouveaut\u00e9, cette fra\u00eecheur et cette libert\u00e9, mais aussi dans cette ferveur engag\u00e9e, que respire le p\u00e8lerinage d&rsquo;aujourd&rsquo;hui.<img data-recalc-dims=\"1\" loading=\"lazy\" decoding=\"async\" data-attachment-id=\"14\" data-permalink=\"https:\/\/bottesetvelo.com\/blog\/bottes-et-velo-le-blog\/bottes-et-velo-embleme\/\" data-orig-file=\"https:\/\/i0.wp.com\/bottesetvelo.com\/blog\/wp-content\/uploads\/2014\/01\/Bottes-et-V%C3%A9lo-Embl%C3%AAme-e1454083414631.jpg?fit=100%2C79&amp;ssl=1\" data-orig-size=\"100,79\" data-comments-opened=\"1\" data-image-meta=\"{&quot;aperture&quot;:&quot;0&quot;,&quot;credit&quot;:&quot;&quot;,&quot;camera&quot;:&quot;&quot;,&quot;caption&quot;:&quot;&quot;,&quot;created_timestamp&quot;:&quot;0&quot;,&quot;copyright&quot;:&quot;&quot;,&quot;focal_length&quot;:&quot;0&quot;,&quot;iso&quot;:&quot;0&quot;,&quot;shutter_speed&quot;:&quot;0&quot;,&quot;title&quot;:&quot;&quot;}\" data-image-title=\"Bottes et V\u00e9lo &amp;#8211; Embl\u00eame\" data-image-description=\"\" data-image-caption=\"\" data-large-file=\"https:\/\/i0.wp.com\/bottesetvelo.com\/blog\/wp-content\/uploads\/2014\/01\/Bottes-et-V%C3%A9lo-Embl%C3%AAme-e1454083414631.jpg?fit=100%2C79&amp;ssl=1\" class=\"alignright wp-image-14\" src=\"https:\/\/i0.wp.com\/bottesetvelo.com\/blog\/wp-content\/uploads\/2014\/01\/Bottes-et-V%C3%A9lo-Embl%C3%AAme.jpg?resize=120%2C94&#038;ssl=1\" alt=\"Bottes et V\u00e9lo - Embl\u00eame\" width=\"120\" height=\"94\" \/><\/p>\n<p style=\"text-align: justify;\">Bon visionnement!<\/p>\n<p style=\"text-align: justify;\">\u00c9ric Lalibert\u00e9<\/p>\n<p><span class=\"embed-youtube\" style=\"text-align:center; display: block;\"><iframe loading=\"lazy\" class=\"youtube-player\" width=\"1170\" height=\"659\" src=\"https:\/\/www.youtube.com\/embed\/R3nWWW1Wz4Q?version=3&#038;rel=1&#038;showsearch=0&#038;showinfo=1&#038;iv_load_policy=1&#038;fs=1&#038;hl=fr-FR&#038;autohide=2&#038;wmode=transparent\" allowfullscreen=\"true\" style=\"border:0;\" sandbox=\"allow-scripts allow-same-origin allow-popups allow-presentation allow-popups-to-escape-sandbox\"><\/iframe><\/span><\/p>\n<p>&nbsp;<\/p>\n<p style=\"text-align: justify;\">\n","protected":false},"excerpt":{"rendered":"<p>C&rsquo;est le 15 f\u00e9vrier dernier qu&rsquo;Ann Sieben arrivait \u00e0 Ottawa et s&rsquo;arr\u00eatait faire une pause, le temps d&rsquo;une journ\u00e9e. Le p\u00e8lerinage d&rsquo;Ann avance bon train. Aujourd&rsquo;hui, 18 f\u00e9vrier, elle en est \u00e0 son 111i\u00e8me jour de marche.\u00a0 Le regard un peu fatigu\u00e9, elle semble n\u00e9anmoins garder un bon moral. The Society of Servant Pilgrims (SSP),&hellip;<\/p>\n","protected":false},"author":3,"featured_media":0,"comment_status":"open","ping_status":"open","sticky":false,"template":"","format":"standard","meta":{"jetpack_post_was_ever_published":false,"_jetpack_newsletter_access":"","_jetpack_dont_email_post_to_subs":false,"_jetpack_newsletter_tier_id":0,"_jetpack_memberships_contains_paywalled_content":false,"_jetpack_memberships_contains_paid_content":false,"footnotes":"","jetpack_publicize_message":"","jetpack_publicize_feature_enabled":true,"jetpack_social_post_already_shared":true,"jetpack_social_options":{"image_generator_settings":{"template":"highway","default_image_id":0,"font":"","enabled":false},"version":2}},"categories":[56,230],"tags":[315,317,334,364],"class_list":["post-2374","post","type-post","status-publish","format-standard","hentry","category-activites","category-histoire-de-pelerin","tag-ann-sieben","tag-the-society-of-servant-pilgrims","tag-the-winter-pilgrim","tag-zilong-wang"],"jetpack_publicize_connections":[],"jetpack_featured_media_url":"","jetpack_shortlink":"https:\/\/wp.me\/p4eY6z-Ci","jetpack_sharing_enabled":true,"jetpack_likes_enabled":true,"jetpack-related-posts":[],"_links":{"self":[{"href":"https:\/\/bottesetvelo.com\/blog\/wp-json\/wp\/v2\/posts\/2374","targetHints":{"allow":["GET"]}}],"collection":[{"href":"https:\/\/bottesetvelo.com\/blog\/wp-json\/wp\/v2\/posts"}],"about":[{"href":"https:\/\/bottesetvelo.com\/blog\/wp-json\/wp\/v2\/types\/post"}],"author":[{"embeddable":true,"href":"https:\/\/bottesetvelo.com\/blog\/wp-json\/wp\/v2\/users\/3"}],"replies":[{"embeddable":true,"href":"https:\/\/bottesetvelo.com\/blog\/wp-json\/wp\/v2\/comments?post=2374"}],"version-history":[{"count":5,"href":"https:\/\/bottesetvelo.com\/blog\/wp-json\/wp\/v2\/posts\/2374\/revisions"}],"predecessor-version":[{"id":2380,"href":"https:\/\/bottesetvelo.com\/blog\/wp-json\/wp\/v2\/posts\/2374\/revisions\/2380"}],"wp:attachment":[{"href":"https:\/\/bottesetvelo.com\/blog\/wp-json\/wp\/v2\/media?parent=2374"}],"wp:term":[{"taxonomy":"category","embeddable":true,"href":"https:\/\/bottesetvelo.com\/blog\/wp-json\/wp\/v2\/categories?post=2374"},{"taxonomy":"post_tag","embeddable":true,"href":"https:\/\/bottesetvelo.com\/blog\/wp-json\/wp\/v2\/tags?post=2374"}],"curies":[{"name":"wp","href":"https:\/\/api.w.org\/{rel}","templated":true}]}}