{"id":2358,"date":"2016-02-05T22:53:30","date_gmt":"2016-02-06T03:53:30","guid":{"rendered":"http:\/\/bottesetvelo.com\/blog\/?p=2358"},"modified":"2016-02-05T22:53:30","modified_gmt":"2016-02-06T03:53:30","slug":"prendre-le-risque-de-vivre","status":"publish","type":"post","link":"https:\/\/bottesetvelo.com\/blog\/2016\/02\/05\/prendre-le-risque-de-vivre\/","title":{"rendered":"Prendre le risque de vivre"},"content":{"rendered":"<h6 style=\"text-align: right;\"><strong><em>\u00ab La vie est p\u00e9rilleuse. \u00bb<\/em><\/strong><br \/>\n<strong><em>Richard Bergeron, La Vie \u00e0 tout prix!<\/em><\/strong><\/h6>\n<h5 style=\"text-align: justify;\"><span style=\"color: #003366;\">Chaque matin, nous sommes des milliards \u00e0 braver le seuil de notre porte pour risquer notre vie. Que ce soit pour nous aventurer dans le m\u00e9tro, au volant de notre voiture, en d\u00e9valant une pente de ski, en roulant \u00e0 bicyclette, en traversant la rue ou simplement en brandissant notre cellulaire : le moindre geste est un risque. M\u00eame mettre un pied devant l\u2019autre peut devenir p\u00e9rilleux par les temps qui courent! La vie est p\u00e9rilleuse \u00e0 bien des \u00e9gards dans le banal de notre quotidien. Et pourtant, chaque jour, nous risquons nos vies pour toutes ces banalit\u00e9s.<\/span><\/h5>\n<p style=\"text-align: justify;\">Vivre demande du courage, de l\u2019audace. Pourtant, et malgr\u00e9 toute l\u2019audace qu\u2019exige notre quotidien, bon nombre de gens s\u2019enferment dans un monde aseptis\u00e9 par crainte d\u2019\u00eatre bless\u00e9, de souffrir, voire de mourir. <img data-recalc-dims=\"1\" loading=\"lazy\" decoding=\"async\" data-attachment-id=\"2359\" data-permalink=\"https:\/\/bottesetvelo.com\/blog\/2016\/02\/05\/prendre-le-risque-de-vivre\/live-1003646_1920\/\" data-orig-file=\"https:\/\/i0.wp.com\/bottesetvelo.com\/blog\/wp-content\/uploads\/2016\/02\/live-1003646_1920.jpg?fit=1920%2C1281&amp;ssl=1\" data-orig-size=\"1920,1281\" data-comments-opened=\"1\" data-image-meta=\"{&quot;aperture&quot;:&quot;0&quot;,&quot;credit&quot;:&quot;&quot;,&quot;camera&quot;:&quot;&quot;,&quot;caption&quot;:&quot;&quot;,&quot;created_timestamp&quot;:&quot;0&quot;,&quot;copyright&quot;:&quot;&quot;,&quot;focal_length&quot;:&quot;0&quot;,&quot;iso&quot;:&quot;0&quot;,&quot;shutter_speed&quot;:&quot;0&quot;,&quot;title&quot;:&quot;&quot;,&quot;orientation&quot;:&quot;0&quot;}\" data-image-title=\"Saut de joie\" data-image-description=\"\" data-image-caption=\"\" data-large-file=\"https:\/\/i0.wp.com\/bottesetvelo.com\/blog\/wp-content\/uploads\/2016\/02\/live-1003646_1920.jpg?fit=1024%2C683&amp;ssl=1\" class=\"alignright wp-image-2359\" src=\"https:\/\/i0.wp.com\/bottesetvelo.com\/blog\/wp-content\/uploads\/2016\/02\/live-1003646_1920.jpg?resize=400%2C267&#038;ssl=1\" alt=\"Saut de joie\" width=\"400\" height=\"267\" srcset=\"https:\/\/i0.wp.com\/bottesetvelo.com\/blog\/wp-content\/uploads\/2016\/02\/live-1003646_1920.jpg?resize=500%2C334&amp;ssl=1 500w, https:\/\/i0.wp.com\/bottesetvelo.com\/blog\/wp-content\/uploads\/2016\/02\/live-1003646_1920.jpg?resize=768%2C512&amp;ssl=1 768w, https:\/\/i0.wp.com\/bottesetvelo.com\/blog\/wp-content\/uploads\/2016\/02\/live-1003646_1920.jpg?resize=1024%2C683&amp;ssl=1 1024w, https:\/\/i0.wp.com\/bottesetvelo.com\/blog\/wp-content\/uploads\/2016\/02\/live-1003646_1920.jpg?w=1920&amp;ssl=1 1920w\" sizes=\"auto, (max-width: 400px) 100vw, 400px\" \/>Comme si l\u2019effort de vivre \u00e9tait surhumain! Vivre est humain. Mourir aussi\u2026 <strong><span style=\"color: #003366;\">La vie est p\u00e9rilleuse : on en meurt tous!<\/span> <\/strong>Avons-nous seulement la force de vivre notre vie, la n\u00f4tre? Celle \u00e0 laquelle nous sommes appel\u00e9s?<\/p>\n<p style=\"text-align: justify;\">Supposons que vous n\u2019avez jamais mang\u00e9 de fraise et ne savez pas si vous y \u00eates allergique. Si l\u2019on vous offrait de choisir entre manger une vraie fraise et en faire l\u2019exp\u00e9rience \u00e0 travers une saveur artificielle qui \u00e9vite tout risque d\u2019allergie, que choisiriez-vous? La question peut vous sembler ridicule, mais elle ne l\u2019est pas. Au contraire, elle est tr\u00e8s r\u00e9aliste. Plusieurs personnes seraient tent\u00e9es de choisir la saveur artificielle pour ne pas prendre le risque. Maintenant, si je vous demande que pr\u00e9f\u00e9rez-vous : une vie v\u00e9cue sur \u00e9cran plat HD 54 pouces ou prendre le risque de vivre votre vie par vous-m\u00eame? L\u00e0 encore, la r\u00e9ponse pourrait \u00eatre triste \u00e0 mourir\u2026<\/p>\n<p style=\"text-align: justify;\">Certes, la vie exige un effort. Mais, avoir le courage de risquer sa vie demande \u00e0 chacun l\u2019effort qui convient : qu\u2019est-ce que faire un effort quand on aime ce que l\u2019on fait? <strong><span style=\"color: #003366;\">Chacun sait o\u00f9 il devient risqu\u00e9 pour lui de vivre.<\/span><\/strong> connaissons assez bien nos failles et nos carapaces. Chacun sait ce qu\u2019il doit d\u00e9passer pour \u00eatre en coh\u00e9rence avec la force intuitive qui l\u2019habite et qui n\u2019a rien \u00e0 foutre des qu\u2019en dira-t-on, des conditionnements, de toutes illusions sur la prestation d\u2019une vie bien remplie.<\/p>\n<p style=\"text-align: justify;\"><img data-recalc-dims=\"1\" loading=\"lazy\" decoding=\"async\" data-attachment-id=\"2360\" data-permalink=\"https:\/\/bottesetvelo.com\/blog\/2016\/02\/05\/prendre-le-risque-de-vivre\/wanderer-455338_1920\/\" data-orig-file=\"https:\/\/i0.wp.com\/bottesetvelo.com\/blog\/wp-content\/uploads\/2016\/02\/wanderer-455338_1920.jpg?fit=1920%2C1151&amp;ssl=1\" data-orig-size=\"1920,1151\" data-comments-opened=\"1\" data-image-meta=\"{&quot;aperture&quot;:&quot;0&quot;,&quot;credit&quot;:&quot;&quot;,&quot;camera&quot;:&quot;&quot;,&quot;caption&quot;:&quot;&quot;,&quot;created_timestamp&quot;:&quot;0&quot;,&quot;copyright&quot;:&quot;&quot;,&quot;focal_length&quot;:&quot;0&quot;,&quot;iso&quot;:&quot;0&quot;,&quot;shutter_speed&quot;:&quot;0&quot;,&quot;title&quot;:&quot;&quot;,&quot;orientation&quot;:&quot;0&quot;}\" data-image-title=\"randonneur\" data-image-description=\"\" data-image-caption=\"\" data-large-file=\"https:\/\/i0.wp.com\/bottesetvelo.com\/blog\/wp-content\/uploads\/2016\/02\/wanderer-455338_1920.jpg?fit=1024%2C614&amp;ssl=1\" class=\"alignright  wp-image-2360\" src=\"https:\/\/i0.wp.com\/bottesetvelo.com\/blog\/wp-content\/uploads\/2016\/02\/wanderer-455338_1920.jpg?resize=400%2C240&#038;ssl=1\" alt=\"randonneur\" width=\"400\" height=\"240\" srcset=\"https:\/\/i0.wp.com\/bottesetvelo.com\/blog\/wp-content\/uploads\/2016\/02\/wanderer-455338_1920.jpg?resize=500%2C300&amp;ssl=1 500w, https:\/\/i0.wp.com\/bottesetvelo.com\/blog\/wp-content\/uploads\/2016\/02\/wanderer-455338_1920.jpg?resize=768%2C460&amp;ssl=1 768w, https:\/\/i0.wp.com\/bottesetvelo.com\/blog\/wp-content\/uploads\/2016\/02\/wanderer-455338_1920.jpg?resize=1024%2C614&amp;ssl=1 1024w, https:\/\/i0.wp.com\/bottesetvelo.com\/blog\/wp-content\/uploads\/2016\/02\/wanderer-455338_1920.jpg?w=1920&amp;ssl=1 1920w\" sizes=\"auto, (max-width: 400px) 100vw, 400px\" \/>Pour risquer la vie, avons-nous le courage d\u2019\u00eatre l\u00e0 o\u00f9 elle nous appelle? Avons-nous le courage d\u2019\u00eatre spontan\u00e9? Le courage de d\u00e9faire nos plans si bien ordonn\u00e9s pour \u00e9couter cette intuition qui monte? Le courage de refuser la bonne offre parce qu\u2019elle ne correspond pas \u00e0 nos valeurs? Le courage de remettre en question notre mani\u00e8re de vivre? Le courage de perdre quand cela est n\u00e9cessaire? Le courage d\u2019\u00eatre ridicule? Le courage de ne pas \u00eatre toujours \u00e0 la hauteur? Le courage d\u2019\u00eatre vuln\u00e9rable? Le courage de ses talents, de ses qualit\u00e9s? Le courage d\u2019assumer ses erreurs? Le courage de bouger lorsque sa vie devient l\u00e9thargie? Le courage de ne pas briller? Le courage de s\u2019observer avec sinc\u00e9rit\u00e9? Le courage d\u2019\u00eatre transform\u00e9? Le courage de se laisser d\u00e9ranger, bousculer dans ses certitudes?<\/p>\n<p style=\"text-align: justify;\">Ce n\u2019est pas sans risque que le saumon remonte la rivi\u00e8re. Pourtant, c\u2019est tout le sens de sa vie qui se joue \u00e0 travers cette lutte \u00e0 contre-courant. Chaque jour de cette aventure en rivi\u00e8re, le saumon se d\u00e9m\u00e8ne pour remonter jusqu\u2019\u00e0 sa source. Ne faisant qu\u2019\u00e9couter l\u2019appel qui r\u00e9sonne au plus profond de lui, il avance, car il est dans sa nature de r\u00e9pondre \u00e0 cet appel et de tout mettre en \u0153uvre pour y arriver\u2026 jusqu\u2019\u00e0 en mourir.<\/p>\n<p style=\"text-align: justify;\">L\u2019\u00eatre humain qui se r\u00e9sout \u00e0 risquer sa vie, comme le saumon, se r\u00e9sout \u00e0 retrouver sa source, sa v\u00e9ritable nature, pour vivre en coh\u00e9rence avec celle-ci. Vivre en coh\u00e9rence avec cet \u00e9lan demande donc le courage de se visiter dans ses profondeurs. Mais, celui ou celle qui s\u2019y risque s\u2019engage aussi dans une folle aventure : celle de go\u00fbter la vie \u00e0 chaque instant, d\u00e8s maintenant; une vie qui s\u2019invente \u00e0 tout moment. En prenant le risque de vivre, on devient de plus en plus libre, de plus en plus vivant. Alors, seulement, la mort ne nous effraie plus.<img data-recalc-dims=\"1\" loading=\"lazy\" decoding=\"async\" data-attachment-id=\"14\" data-permalink=\"https:\/\/bottesetvelo.com\/blog\/bottes-et-velo-le-blog\/bottes-et-velo-embleme\/\" data-orig-file=\"https:\/\/i0.wp.com\/bottesetvelo.com\/blog\/wp-content\/uploads\/2014\/01\/Bottes-et-V%C3%A9lo-Embl%C3%AAme-e1454083414631.jpg?fit=100%2C79&amp;ssl=1\" data-orig-size=\"100,79\" data-comments-opened=\"1\" data-image-meta=\"{&quot;aperture&quot;:&quot;0&quot;,&quot;credit&quot;:&quot;&quot;,&quot;camera&quot;:&quot;&quot;,&quot;caption&quot;:&quot;&quot;,&quot;created_timestamp&quot;:&quot;0&quot;,&quot;copyright&quot;:&quot;&quot;,&quot;focal_length&quot;:&quot;0&quot;,&quot;iso&quot;:&quot;0&quot;,&quot;shutter_speed&quot;:&quot;0&quot;,&quot;title&quot;:&quot;&quot;}\" data-image-title=\"Bottes et V\u00e9lo &amp;#8211; Embl\u00eame\" data-image-description=\"\" data-image-caption=\"\" data-large-file=\"https:\/\/i0.wp.com\/bottesetvelo.com\/blog\/wp-content\/uploads\/2014\/01\/Bottes-et-V%C3%A9lo-Embl%C3%AAme-e1454083414631.jpg?fit=100%2C79&amp;ssl=1\" class=\"alignright  wp-image-14\" src=\"https:\/\/i0.wp.com\/bottesetvelo.com\/blog\/wp-content\/uploads\/2014\/01\/Bottes-et-V%C3%A9lo-Embl%C3%AAme.jpg?resize=74%2C58&#038;ssl=1\" alt=\"Bottes et V\u00e9lo - Embl\u00eame\" width=\"74\" height=\"58\" \/><\/p>\n<p style=\"text-align: justify;\">\u00c9ric Lalibert\u00e9<\/p>\n","protected":false},"excerpt":{"rendered":"<p>\u00ab La vie est p\u00e9rilleuse. \u00bb Richard Bergeron, La Vie \u00e0 tout prix! Chaque matin, nous sommes des milliards \u00e0 braver le seuil de notre porte pour risquer notre vie. Que ce soit pour nous aventurer dans le m\u00e9tro, au volant de notre voiture, en d\u00e9valant une pente de ski, en roulant \u00e0 bicyclette, en&hellip;<\/p>\n","protected":false},"author":3,"featured_media":0,"comment_status":"open","ping_status":"open","sticky":false,"template":"","format":"standard","meta":{"jetpack_post_was_ever_published":false,"_jetpack_newsletter_access":"","_jetpack_dont_email_post_to_subs":false,"_jetpack_newsletter_tier_id":0,"_jetpack_memberships_contains_paywalled_content":false,"_jetpack_memberships_contains_paid_content":false,"footnotes":"","jetpack_publicize_message":"","jetpack_publicize_feature_enabled":true,"jetpack_social_post_already_shared":true,"jetpack_social_options":{"image_generator_settings":{"template":"highway","default_image_id":0,"font":"","enabled":false},"version":2}},"categories":[50,166,37],"tags":[275,285,273,362,335,361,200],"class_list":["post-2358","post","type-post","status-publish","format-standard","hentry","category-art-de-vivre","category-demarche-du-pelerin","category-spiritualite-2","tag-art-de-vivre","tag-gout-de-vivre","tag-gouter-la-vie","tag-mourir","tag-resolution","tag-risquer-la-vie","tag-vivre"],"jetpack_publicize_connections":[],"jetpack_featured_media_url":"","jetpack_shortlink":"https:\/\/wp.me\/p4eY6z-C2","jetpack_sharing_enabled":true,"jetpack_likes_enabled":true,"jetpack-related-posts":[],"_links":{"self":[{"href":"https:\/\/bottesetvelo.com\/blog\/wp-json\/wp\/v2\/posts\/2358","targetHints":{"allow":["GET"]}}],"collection":[{"href":"https:\/\/bottesetvelo.com\/blog\/wp-json\/wp\/v2\/posts"}],"about":[{"href":"https:\/\/bottesetvelo.com\/blog\/wp-json\/wp\/v2\/types\/post"}],"author":[{"embeddable":true,"href":"https:\/\/bottesetvelo.com\/blog\/wp-json\/wp\/v2\/users\/3"}],"replies":[{"embeddable":true,"href":"https:\/\/bottesetvelo.com\/blog\/wp-json\/wp\/v2\/comments?post=2358"}],"version-history":[{"count":3,"href":"https:\/\/bottesetvelo.com\/blog\/wp-json\/wp\/v2\/posts\/2358\/revisions"}],"predecessor-version":[{"id":2363,"href":"https:\/\/bottesetvelo.com\/blog\/wp-json\/wp\/v2\/posts\/2358\/revisions\/2363"}],"wp:attachment":[{"href":"https:\/\/bottesetvelo.com\/blog\/wp-json\/wp\/v2\/media?parent=2358"}],"wp:term":[{"taxonomy":"category","embeddable":true,"href":"https:\/\/bottesetvelo.com\/blog\/wp-json\/wp\/v2\/categories?post=2358"},{"taxonomy":"post_tag","embeddable":true,"href":"https:\/\/bottesetvelo.com\/blog\/wp-json\/wp\/v2\/tags?post=2358"}],"curies":[{"name":"wp","href":"https:\/\/api.w.org\/{rel}","templated":true}]}}