{"id":2338,"date":"2016-01-29T17:05:16","date_gmt":"2016-01-29T22:05:16","guid":{"rendered":"http:\/\/bottesetvelo.com\/blog\/?p=2338"},"modified":"2016-01-29T17:05:16","modified_gmt":"2016-01-29T22:05:16","slug":"syntoniser-la-bonne-frequence-en-soi","status":"publish","type":"post","link":"https:\/\/bottesetvelo.com\/blog\/2016\/01\/29\/syntoniser-la-bonne-frequence-en-soi\/","title":{"rendered":"Syntoniser la bonne fr\u00e9quence\u2026 en soi."},"content":{"rendered":"<h6 style=\"text-align: right;\"><em><strong>Le bonheur vous appartient quand, ce que vous pensez, ce que vous dites<br \/>\net ce que vous faites sont en harmonie. <\/strong><\/em><br \/>\n<em><strong>Gandhi<\/strong><\/em><\/h6>\n<h5 style=\"text-align: justify;\"><span style=\"color: #003366;\">\u00ab\u00a0Feel the vibe!\u00a0\u00bb, c\u2019est-ce que me disait un vieil ami anglophone. Tout est dans le \u00ab feeling \u00bb, disait-il. C\u2019est dans le ressenti \u2013 le bon go\u00fbt que ce \u00ab\u00a0feeling\u00a0\u00bb portait en lui \u2013 qu\u2019il disait savoir sa vie en harmonie avec ce qui l\u2019habite et le transcende. Une onde d\u2019\u00e9nergie qui le traversait et le laissait dans un \u00e9tat de b\u00e9atitudes, lui faisant dire : \u00ab\u00a0Here I am!\u00a0\u00bb<br \/>\n<\/span><\/h5>\n<p style=\"text-align: justify;\"><img data-recalc-dims=\"1\" loading=\"lazy\" decoding=\"async\" data-attachment-id=\"2124\" data-permalink=\"https:\/\/bottesetvelo.com\/blog\/2015\/10\/16\/passer-a-travers-lhiver\/2015-02-22-13-03-10\/\" data-orig-file=\"https:\/\/i0.wp.com\/bottesetvelo.com\/blog\/wp-content\/uploads\/2015\/10\/2015-02-22-13.03.10.jpg?fit=3264%2C2448&amp;ssl=1\" data-orig-size=\"3264,2448\" data-comments-opened=\"1\" data-image-meta=\"{&quot;aperture&quot;:&quot;2.6&quot;,&quot;credit&quot;:&quot;&quot;,&quot;camera&quot;:&quot;SGH-I747M&quot;,&quot;caption&quot;:&quot;&quot;,&quot;created_timestamp&quot;:&quot;1424610190&quot;,&quot;copyright&quot;:&quot;&quot;,&quot;focal_length&quot;:&quot;3.7&quot;,&quot;iso&quot;:&quot;50&quot;,&quot;shutter_speed&quot;:&quot;0.000247524752475&quot;,&quot;title&quot;:&quot;&quot;,&quot;orientation&quot;:&quot;1&quot;}\" data-image-title=\"Pointe Amos &amp;#8211; St-Vallier\" data-image-description=\"\" data-image-caption=\"\" data-large-file=\"https:\/\/i0.wp.com\/bottesetvelo.com\/blog\/wp-content\/uploads\/2015\/10\/2015-02-22-13.03.10.jpg?fit=1024%2C768&amp;ssl=1\" class=\"alignright wp-image-2124\" src=\"https:\/\/i0.wp.com\/bottesetvelo.com\/blog\/wp-content\/uploads\/2015\/10\/2015-02-22-13.03.10.jpg?resize=300%2C225&#038;ssl=1\" alt=\"Pointe Amos - St-Vallier\" width=\"300\" height=\"225\" srcset=\"https:\/\/i0.wp.com\/bottesetvelo.com\/blog\/wp-content\/uploads\/2015\/10\/2015-02-22-13.03.10.jpg?resize=500%2C375&amp;ssl=1 500w, https:\/\/i0.wp.com\/bottesetvelo.com\/blog\/wp-content\/uploads\/2015\/10\/2015-02-22-13.03.10.jpg?resize=1024%2C768&amp;ssl=1 1024w, https:\/\/i0.wp.com\/bottesetvelo.com\/blog\/wp-content\/uploads\/2015\/10\/2015-02-22-13.03.10.jpg?w=2340&amp;ssl=1 2340w\" sizes=\"auto, (max-width: 300px) 100vw, 300px\" \/>Je le revois, sourire aux l\u00e8vres. Ce n\u2019\u00e9tait pas un hurluberlu, ni une esp\u00e8ce de gourou ou d\u2019adepte d\u2019un nouveau groupe exp\u00e9rimental. Au contraire, il n\u2019avait rien de tout cela. Je dirais m\u00eame qu\u2019il n\u2019avait rien de sp\u00e9cial, rien qui soit hors de l\u2019ordinaire. Il n\u2019avait que \u00e7a : ce \u00ab feeling \u00bb, cette \u00e9nergie qu\u2019il sentait venir du plus profond de lui et qui pourtant lui parlait de bien au-del\u00e0\u2026 <strong><span style=\"color: #003366;\">Une \u00e9nergie qui le saisissait par le c\u0153ur<\/span><\/strong>, \u00e0 lui en couper le souffle et qui le laissait le regard brillant. Je ne lui connaissais que ce regard d\u2019ailleurs.<\/p>\n<p style=\"text-align: justify;\">Mon ami \u00e9tait p\u00e8lerin dans l\u2019\u00e2me et jusque dans ses bottines. Il aimait la Vie plus que tout et s\u2019en remettait enti\u00e8rement \u00e0 Elle. Il y avait fort longtemps qu\u2019il avait fait siennes ces paroles de Lennon : <span style=\"color: #003366;\"><strong><em>\u00ab\u00a0Life is what happens while you are busy making other plans&#8230;\u00a0\u00bb<\/em><\/strong><\/span> Et jamais il ne manquait une occasion de remettre ses plans \u00e0 plus tard pour suivre cette voix int\u00e9rieure qui le menait, le guidait par le c\u0153ur.<\/p>\n<p style=\"text-align: justify;\">Ces moments d\u2019extase n\u2019avaient rien d\u2019un feu d\u2019artifice. Il les \u00e9prouvait en toute simplicit\u00e9, dans des moments de douceur et de calme int\u00e9rieur. C\u2019\u00e9tait un coucher de soleil, le chant d\u2019un oiseau, le parfum d\u2019une fleur, un sourire\u2026 Tout passait par ce ressenti, disait-il. Un ressenti qui harmonisait tout son \u00eatre et m\u00eame au-del\u00e0. Dans ces moments, <span style=\"color: #333333;\">il disait vibrer au m\u00eame diapason que tout l\u2019univers, avec Dieu. <\/span><img data-recalc-dims=\"1\" loading=\"lazy\" decoding=\"async\" data-attachment-id=\"2042\" data-permalink=\"https:\/\/bottesetvelo.com\/blog\/2015\/08\/28\/gouter-lexperience-du-chemin\/img_6964\/\" data-orig-file=\"https:\/\/i0.wp.com\/bottesetvelo.com\/blog\/wp-content\/uploads\/2015\/08\/IMG_6964.jpg?fit=3648%2C2736&amp;ssl=1\" data-orig-size=\"3648,2736\" data-comments-opened=\"1\" data-image-meta=\"{&quot;aperture&quot;:&quot;9&quot;,&quot;credit&quot;:&quot;&quot;,&quot;camera&quot;:&quot;Canon PowerShot SD890 IS&quot;,&quot;caption&quot;:&quot;&quot;,&quot;created_timestamp&quot;:&quot;1435653995&quot;,&quot;copyright&quot;:&quot;&quot;,&quot;focal_length&quot;:&quot;6.6&quot;,&quot;iso&quot;:&quot;80&quot;,&quot;shutter_speed&quot;:&quot;0.008&quot;,&quot;title&quot;:&quot;&quot;,&quot;orientation&quot;:&quot;1&quot;}\" data-image-title=\"La Voie du St-Laurent &amp;#8211; Ste-Flavie\" data-image-description=\"\" data-image-caption=\"\" data-large-file=\"https:\/\/i0.wp.com\/bottesetvelo.com\/blog\/wp-content\/uploads\/2015\/08\/IMG_6964.jpg?fit=1024%2C768&amp;ssl=1\" class=\"alignright wp-image-2042\" src=\"https:\/\/i0.wp.com\/bottesetvelo.com\/blog\/wp-content\/uploads\/2015\/08\/IMG_6964.jpg?resize=300%2C225&#038;ssl=1\" alt=\"La Voie du St-Laurent - Ste-Flavie\" width=\"300\" height=\"225\" srcset=\"https:\/\/i0.wp.com\/bottesetvelo.com\/blog\/wp-content\/uploads\/2015\/08\/IMG_6964.jpg?resize=500%2C375&amp;ssl=1 500w, https:\/\/i0.wp.com\/bottesetvelo.com\/blog\/wp-content\/uploads\/2015\/08\/IMG_6964.jpg?resize=1024%2C768&amp;ssl=1 1024w, https:\/\/i0.wp.com\/bottesetvelo.com\/blog\/wp-content\/uploads\/2015\/08\/IMG_6964.jpg?w=2340&amp;ssl=1 2340w, https:\/\/i0.wp.com\/bottesetvelo.com\/blog\/wp-content\/uploads\/2015\/08\/IMG_6964.jpg?w=3510&amp;ssl=1 3510w\" sizes=\"auto, (max-width: 300px) 100vw, 300px\" \/><strong><span style=\"color: #003366;\">Il avait syntonis\u00e9 la bonne fr\u00e9quence et tout trouvait son sens.<\/span><\/strong> Ses choix s\u2019\u00e9clairaient, tout devenait limpide, simple. Et au c\u0153ur de cette harmonisation, il percevait la pr\u00e9sence de Dieu. Il lui semblait qu\u2019il n\u2019y avait pas d\u2019autres mots pour dire ce qu\u2019il \u00e9prouvait.<\/p>\n<p style=\"text-align: justify;\">Qu\u2019est-ce que j\u2019aurais aim\u00e9 me glisser en lui pour comprendre ce dont il parlait. Que savait-il que je ne savais pas? Les Rousseau, Thoreau, Stendhal, Kerouac et autres bourlingueurs de ce monde, avaient certainement partag\u00e9 le m\u00eame sentiment que lui lors de leurs longues p\u00e9r\u00e9grinations. Que ce soit en for\u00eat, dans des parcs ou des jardins, en ville ou en campagne, ils savaient qu\u2019il y avait de ces moments d\u2019itin\u00e9rances qui nous laissent ivre de joie, <span style=\"color: #003366;\"><strong>gris\u00e9 par le sentiment de faire la bonne chose, d\u2019\u00eatre au bon endroit.<\/strong><\/span><\/p>\n<p style=\"text-align: justify;\">Ce sentiment,<strong><span style=\"color: #003366;\"> ce \u00ab feeling \u00bb, \u00e9prouv\u00e9s par bon nombre de p\u00e8lerins, donne de l\u2019assurance.<\/span><\/strong> Il laisse avec l\u2019intime conviction de suivre la bonne route, d\u2019\u00eatre sur la bonne voie. Un ressenti que nous n\u2019\u00e9coutons plus souvent aujourd\u2019hui, et que nous n\u2019enseignons pas \u00e0 reconna\u00eetre. Si chaque personne prenait le temps de se mettre au diapason de cette sensation qui nous traverse le corps; <strong><span style=\"color: #003366;\">si nous apprenions plus jeune \u00e0 reconna\u00eetre le bon go\u00fbt de notre vie, bien des parcours \u00e9volueraient diff\u00e9remment\u2026<\/span><\/strong><img data-recalc-dims=\"1\" loading=\"lazy\" decoding=\"async\" data-attachment-id=\"2037\" data-permalink=\"https:\/\/bottesetvelo.com\/blog\/2015\/08\/28\/gouter-lexperience-du-chemin\/2015-07-07-09-28-02\/\" data-orig-file=\"https:\/\/i0.wp.com\/bottesetvelo.com\/blog\/wp-content\/uploads\/2015\/08\/2015-07-07-09.28.02.jpg?fit=3264%2C2448&amp;ssl=1\" data-orig-size=\"3264,2448\" data-comments-opened=\"1\" data-image-meta=\"{&quot;aperture&quot;:&quot;2.6&quot;,&quot;credit&quot;:&quot;&quot;,&quot;camera&quot;:&quot;SGH-I747M&quot;,&quot;caption&quot;:&quot;&quot;,&quot;created_timestamp&quot;:&quot;1436261282&quot;,&quot;copyright&quot;:&quot;&quot;,&quot;focal_length&quot;:&quot;3.7&quot;,&quot;iso&quot;:&quot;50&quot;,&quot;shutter_speed&quot;:&quot;0.000865051903114&quot;,&quot;title&quot;:&quot;&quot;,&quot;orientation&quot;:&quot;1&quot;}\" data-image-title=\"La Voie du St-Laurent &amp;#8211; Ste-Anne-des-Monts\" data-image-description=\"\" data-image-caption=\"\" data-large-file=\"https:\/\/i0.wp.com\/bottesetvelo.com\/blog\/wp-content\/uploads\/2015\/08\/2015-07-07-09.28.02.jpg?fit=1024%2C768&amp;ssl=1\" class=\"alignright wp-image-2037\" src=\"https:\/\/i0.wp.com\/bottesetvelo.com\/blog\/wp-content\/uploads\/2015\/08\/2015-07-07-09.28.02.jpg?resize=300%2C225&#038;ssl=1\" alt=\"La Voie du St-Laurent - Ste-Anne-des-Monts\" width=\"300\" height=\"225\" srcset=\"https:\/\/i0.wp.com\/bottesetvelo.com\/blog\/wp-content\/uploads\/2015\/08\/2015-07-07-09.28.02.jpg?resize=500%2C375&amp;ssl=1 500w, https:\/\/i0.wp.com\/bottesetvelo.com\/blog\/wp-content\/uploads\/2015\/08\/2015-07-07-09.28.02.jpg?resize=1024%2C768&amp;ssl=1 1024w, https:\/\/i0.wp.com\/bottesetvelo.com\/blog\/wp-content\/uploads\/2015\/08\/2015-07-07-09.28.02.jpg?w=2340&amp;ssl=1 2340w\" sizes=\"auto, (max-width: 300px) 100vw, 300px\" \/><\/p>\n<p style=\"text-align: justify;\">La marche du p\u00e8lerin, dans toute sa simplicit\u00e9, enseigne \u00e0 syntoniser cette fr\u00e9quence : celle qui dit la v\u00e9rit\u00e9 \u00e0 propos de ce qui vaut la peine d\u2019\u00eatre v\u00e9cu. Le rythme naturel des pas du p\u00e8lerin le ram\u00e8ne au diapason de cette fr\u00e9quence et le place en voie de r\u00e9solution. \u00c0 travers cette m\u00e9lodie toute simple, et dont la saveur est si bonne que tout notre \u00eatre en frissonne d\u00e8s les premi\u00e8res notes,<strong><span style=\"color: #003366;\"> le p\u00e8lerin d\u00e9couvre qu\u2019il n\u2019y a rien d\u2019angoissant \u00e0 embrasser le chemin de la Vie.<\/span><\/strong><\/p>\n<p style=\"text-align: justify;\">La derni\u00e8re fois que mon ami m\u2019a \u00e9crit, il disait : <em>\u00ab <strong><span style=\"color: #003366;\">C\u2019est dans le silence de ma marche que j\u2019entends la musique qui se joue en moi.<\/span><\/strong> Celle qui parle \u00e0 travers moi, de bien au-del\u00e0 de moi et qui anime chacun de mes pas. Je n\u2019ai plus qu\u2019une envie : demeurer \u00e0 l\u2019\u00e9coute. C\u2019est en elle que tout s\u2019accomplit! \u00bb<\/em><img data-recalc-dims=\"1\" loading=\"lazy\" decoding=\"async\" data-attachment-id=\"14\" data-permalink=\"https:\/\/bottesetvelo.com\/blog\/bottes-et-velo-le-blog\/bottes-et-velo-embleme\/\" data-orig-file=\"https:\/\/i0.wp.com\/bottesetvelo.com\/blog\/wp-content\/uploads\/2014\/01\/Bottes-et-V%C3%A9lo-Embl%C3%AAme-e1454083414631.jpg?fit=100%2C79&amp;ssl=1\" data-orig-size=\"100,79\" data-comments-opened=\"1\" data-image-meta=\"{&quot;aperture&quot;:&quot;0&quot;,&quot;credit&quot;:&quot;&quot;,&quot;camera&quot;:&quot;&quot;,&quot;caption&quot;:&quot;&quot;,&quot;created_timestamp&quot;:&quot;0&quot;,&quot;copyright&quot;:&quot;&quot;,&quot;focal_length&quot;:&quot;0&quot;,&quot;iso&quot;:&quot;0&quot;,&quot;shutter_speed&quot;:&quot;0&quot;,&quot;title&quot;:&quot;&quot;}\" data-image-title=\"Bottes et V\u00e9lo &amp;#8211; Embl\u00eame\" data-image-description=\"\" data-image-caption=\"\" data-large-file=\"https:\/\/i0.wp.com\/bottesetvelo.com\/blog\/wp-content\/uploads\/2014\/01\/Bottes-et-V%C3%A9lo-Embl%C3%AAme-e1454083414631.jpg?fit=100%2C79&amp;ssl=1\" class=\"alignright wp-image-14\" src=\"https:\/\/i0.wp.com\/bottesetvelo.com\/blog\/wp-content\/uploads\/2014\/01\/Bottes-et-V%C3%A9lo-Embl%C3%AAme.jpg?resize=78%2C61&#038;ssl=1\" alt=\"Bottes et V\u00e9lo - Embl\u00eame\" width=\"78\" height=\"61\" \/><\/p>\n<p style=\"text-align: justify;\">\u00c9ric Lalibert\u00e9<\/p>\n","protected":false},"excerpt":{"rendered":"<p>Le bonheur vous appartient quand, ce que vous pensez, ce que vous dites et ce que vous faites sont en harmonie. Gandhi \u00ab\u00a0Feel the vibe!\u00a0\u00bb, c\u2019est-ce que me disait un vieil ami anglophone. Tout est dans le \u00ab feeling \u00bb, disait-il. C\u2019est dans le ressenti \u2013 le bon go\u00fbt que ce \u00ab\u00a0feeling\u00a0\u00bb portait en lui&hellip;<\/p>\n","protected":false},"author":3,"featured_media":0,"comment_status":"open","ping_status":"open","sticky":false,"template":"","format":"standard","meta":{"jetpack_post_was_ever_published":false,"_jetpack_newsletter_access":"","_jetpack_dont_email_post_to_subs":false,"_jetpack_newsletter_tier_id":0,"_jetpack_memberships_contains_paywalled_content":false,"_jetpack_memberships_contains_paid_content":false,"footnotes":"","jetpack_publicize_message":"Syntoniser la bonne fr\u00e9quence\u2026 en soi.","jetpack_publicize_feature_enabled":true,"jetpack_social_post_already_shared":true,"jetpack_social_options":{"image_generator_settings":{"template":"highway","default_image_id":0,"font":"","enabled":false},"version":2}},"categories":[50,37],"tags":[285,273,349,348,350,287,20],"class_list":["post-2338","post","type-post","status-publish","format-standard","hentry","category-art-de-vivre","category-spiritualite-2","tag-gout-de-vivre","tag-gouter-la-vie","tag-harmonisation","tag-intuition","tag-perception","tag-plaisir-des-sens","tag-spiritualite"],"jetpack_publicize_connections":[],"jetpack_featured_media_url":"","jetpack_shortlink":"https:\/\/wp.me\/p4eY6z-BI","jetpack_sharing_enabled":true,"jetpack_likes_enabled":true,"jetpack-related-posts":[],"_links":{"self":[{"href":"https:\/\/bottesetvelo.com\/blog\/wp-json\/wp\/v2\/posts\/2338","targetHints":{"allow":["GET"]}}],"collection":[{"href":"https:\/\/bottesetvelo.com\/blog\/wp-json\/wp\/v2\/posts"}],"about":[{"href":"https:\/\/bottesetvelo.com\/blog\/wp-json\/wp\/v2\/types\/post"}],"author":[{"embeddable":true,"href":"https:\/\/bottesetvelo.com\/blog\/wp-json\/wp\/v2\/users\/3"}],"replies":[{"embeddable":true,"href":"https:\/\/bottesetvelo.com\/blog\/wp-json\/wp\/v2\/comments?post=2338"}],"version-history":[{"count":3,"href":"https:\/\/bottesetvelo.com\/blog\/wp-json\/wp\/v2\/posts\/2338\/revisions"}],"predecessor-version":[{"id":2340,"href":"https:\/\/bottesetvelo.com\/blog\/wp-json\/wp\/v2\/posts\/2338\/revisions\/2340"}],"wp:attachment":[{"href":"https:\/\/bottesetvelo.com\/blog\/wp-json\/wp\/v2\/media?parent=2338"}],"wp:term":[{"taxonomy":"category","embeddable":true,"href":"https:\/\/bottesetvelo.com\/blog\/wp-json\/wp\/v2\/categories?post=2338"},{"taxonomy":"post_tag","embeddable":true,"href":"https:\/\/bottesetvelo.com\/blog\/wp-json\/wp\/v2\/tags?post=2338"}],"curies":[{"name":"wp","href":"https:\/\/api.w.org\/{rel}","templated":true}]}}