{"id":2321,"date":"2016-01-22T17:13:26","date_gmt":"2016-01-22T22:13:26","guid":{"rendered":"http:\/\/bottesetvelo.com\/blog\/?p=2321"},"modified":"2016-01-22T17:13:26","modified_gmt":"2016-01-22T22:13:26","slug":"vendeur-de-bonheur","status":"publish","type":"post","link":"https:\/\/bottesetvelo.com\/blog\/2016\/01\/22\/vendeur-de-bonheur\/","title":{"rendered":"Vendeur de bonheur"},"content":{"rendered":"<h6 style=\"text-align: right;\"><em>La plupart du temps, on est tellement focalis\u00e9s sur ce qu&rsquo;on croit vouloir qu&rsquo;on ne voit pas \u00e0 quel point on est d\u00e9j\u00e0 heureux. <\/em><br \/>\n<em>Glenn Beck<\/em><\/h6>\n<h5 style=\"text-align: justify;\"><span style=\"color: #003366;\">Notre quotidien est bombard\u00e9 de publicit\u00e9s qui, pour vendre un produit, nous en vantent les bienfaits : source de bonheur assur\u00e9. Chacun de nous tombe dans le pi\u00e8ge de la consommation et contribue \u00e0 ce mouvement en paradant avec sa derni\u00e8re acquisition ou en faisant l\u2019\u00e9loge de l\u2019aubaine \u00e0 ne pas manquer. Nous vivons dans une soci\u00e9t\u00e9 \u00ab money-th\u00e9iste \u00bb qui nous conditionne \u00e0 devenir d\u2019\u00e9ternels insatisfaits en cr\u00e9ant toujours plus de besoins. Le pr\u00e9sent perd de sa valeur au d\u00e9triment de l\u2019espoir d\u2019un avenir toujours meilleur.<\/span><\/h5>\n<p style=\"text-align: justify;\"><img data-recalc-dims=\"1\" loading=\"lazy\" decoding=\"async\" data-attachment-id=\"2322\" data-permalink=\"https:\/\/bottesetvelo.com\/blog\/2016\/01\/22\/vendeur-de-bonheur\/2015-07-05-14-27-16\/\" data-orig-file=\"https:\/\/i0.wp.com\/bottesetvelo.com\/blog\/wp-content\/uploads\/2016\/01\/2015-07-05-14.27.16.jpg?fit=2756%2C1821&amp;ssl=1\" data-orig-size=\"2756,1821\" data-comments-opened=\"1\" data-image-meta=\"{&quot;aperture&quot;:&quot;2.6&quot;,&quot;credit&quot;:&quot;&quot;,&quot;camera&quot;:&quot;SGH-I747M&quot;,&quot;caption&quot;:&quot;&quot;,&quot;created_timestamp&quot;:&quot;1436106436&quot;,&quot;copyright&quot;:&quot;&quot;,&quot;focal_length&quot;:&quot;3.7&quot;,&quot;iso&quot;:&quot;50&quot;,&quot;shutter_speed&quot;:&quot;0.00138121546961&quot;,&quot;title&quot;:&quot;&quot;,&quot;orientation&quot;:&quot;1&quot;}\" data-image-title=\"La Voie du St-Laurent\" data-image-description=\"\" data-image-caption=\"\" data-large-file=\"https:\/\/i0.wp.com\/bottesetvelo.com\/blog\/wp-content\/uploads\/2016\/01\/2015-07-05-14.27.16.jpg?fit=1024%2C677&amp;ssl=1\" class=\"alignright wp-image-2322\" src=\"https:\/\/i0.wp.com\/bottesetvelo.com\/blog\/wp-content\/uploads\/2016\/01\/2015-07-05-14.27.16.jpg?resize=300%2C198&#038;ssl=1\" alt=\"La Voie du St-Laurent\" width=\"300\" height=\"198\" srcset=\"https:\/\/i0.wp.com\/bottesetvelo.com\/blog\/wp-content\/uploads\/2016\/01\/2015-07-05-14.27.16.jpg?resize=500%2C330&amp;ssl=1 500w, https:\/\/i0.wp.com\/bottesetvelo.com\/blog\/wp-content\/uploads\/2016\/01\/2015-07-05-14.27.16.jpg?resize=768%2C507&amp;ssl=1 768w, https:\/\/i0.wp.com\/bottesetvelo.com\/blog\/wp-content\/uploads\/2016\/01\/2015-07-05-14.27.16.jpg?resize=1024%2C677&amp;ssl=1 1024w, https:\/\/i0.wp.com\/bottesetvelo.com\/blog\/wp-content\/uploads\/2016\/01\/2015-07-05-14.27.16.jpg?w=2340&amp;ssl=1 2340w\" sizes=\"auto, (max-width: 300px) 100vw, 300px\" \/>Un des privil\u00e8ges du p\u00e8lerin, c\u2019est de sortir de cette course vers la promesse du mieux-\u00eatre, sortir de ce d\u00e9bordement d\u2019achats impulsifs, compulsifs, superflus, sortir de cette pression sociale qui aveugle le jugement et \u00e9carte des r\u00e9els besoins de la vie. Sur le chemin, le temps change de dimension. Le pr\u00e9sent semble durer plus longtemps. L\u2019avenir, s\u2019il est une pr\u00e9occupation, est tr\u00e8s rapproch\u00e9. Ne manquant de rien pour bien vivre chaque journ\u00e9e, on r\u00e9alise tout l\u2019encombrement de nos vies modernes. D\u00e9lest\u00e9 de tout ce superflu, on d\u00e9couvre la l\u00e9g\u00e8ret\u00e9 de vivre simplement au gr\u00e9 de nos besoins et de nos d\u00e9sirs. Sans attaches. Sans obligations. Car plus nous poss\u00e9dons, et plus nous devenons esclaves de ces avoirs pour lesquels nous devrons travailler afin de les payer ou leur consacrer du temps pour les entretenir. Le p\u00e8lerin qui porte tout son avoir sur son dos prend le temps d\u2019\u00e9valuer chaque nouvelle acquisition : l\u2019espace occup\u00e9 et le poids ajout\u00e9 en regard de son utilit\u00e9. Le prix n\u2019est souvent pas sa premi\u00e8re pr\u00e9occupation!<\/p>\n<p style=\"text-align: justify;\">De nos jours, tout est mis en place pour que la consommation soit rapide. Pour permettre plus de consommation. Tout le plaisir qui nait de l\u2019attente et du d\u00e9sir d\u2019anticipation, qui pourtant donne toute sa valeur \u00e0 la nouveaut\u00e9, est escamot\u00e9. On vit dans un futur imm\u00e9diat. Toujours un peu en avant du maintenant. Toujours en projection de ce qui est \u00e0 venir. Oubliant de profiter du moment pr\u00e9sent. Un p\u00e8lerinage permet de d\u00e9conditionner ce comportement. Les premiers jours, tout change de rythme. Le temps se transforme lentement, passant du temps m\u00e9canique de l\u2019horloge qui vient dicter notre rythme de vie, au temps naturel dans lequel le p\u00e8lerin redevient ma\u00eetre de son horaire. <img data-recalc-dims=\"1\" loading=\"lazy\" decoding=\"async\" data-attachment-id=\"2323\" data-permalink=\"https:\/\/bottesetvelo.com\/blog\/2016\/01\/22\/vendeur-de-bonheur\/2015-07-11-14-22-58\/\" data-orig-file=\"https:\/\/i0.wp.com\/bottesetvelo.com\/blog\/wp-content\/uploads\/2016\/01\/2015-07-11-14.22.58.jpg?fit=3264%2C2448&amp;ssl=1\" data-orig-size=\"3264,2448\" data-comments-opened=\"1\" data-image-meta=\"{&quot;aperture&quot;:&quot;2.6&quot;,&quot;credit&quot;:&quot;&quot;,&quot;camera&quot;:&quot;SGH-I747M&quot;,&quot;caption&quot;:&quot;&quot;,&quot;created_timestamp&quot;:&quot;1436624578&quot;,&quot;copyright&quot;:&quot;&quot;,&quot;focal_length&quot;:&quot;3.7&quot;,&quot;iso&quot;:&quot;50&quot;,&quot;shutter_speed&quot;:&quot;0.00281690140845&quot;,&quot;title&quot;:&quot;&quot;,&quot;orientation&quot;:&quot;1&quot;}\" data-image-title=\"La Voie du St-Laurent\" data-image-description=\"\" data-image-caption=\"\" data-large-file=\"https:\/\/i0.wp.com\/bottesetvelo.com\/blog\/wp-content\/uploads\/2016\/01\/2015-07-11-14.22.58.jpg?fit=1024%2C768&amp;ssl=1\" class=\"alignright wp-image-2323\" src=\"https:\/\/i0.wp.com\/bottesetvelo.com\/blog\/wp-content\/uploads\/2016\/01\/2015-07-11-14.22.58.jpg?resize=300%2C225&#038;ssl=1\" alt=\"La Voie du St-Laurent\" width=\"300\" height=\"225\" srcset=\"https:\/\/i0.wp.com\/bottesetvelo.com\/blog\/wp-content\/uploads\/2016\/01\/2015-07-11-14.22.58.jpg?resize=500%2C375&amp;ssl=1 500w, https:\/\/i0.wp.com\/bottesetvelo.com\/blog\/wp-content\/uploads\/2016\/01\/2015-07-11-14.22.58.jpg?resize=768%2C576&amp;ssl=1 768w, https:\/\/i0.wp.com\/bottesetvelo.com\/blog\/wp-content\/uploads\/2016\/01\/2015-07-11-14.22.58.jpg?resize=1024%2C768&amp;ssl=1 1024w, https:\/\/i0.wp.com\/bottesetvelo.com\/blog\/wp-content\/uploads\/2016\/01\/2015-07-11-14.22.58.jpg?w=2340&amp;ssl=1 2340w\" sizes=\"auto, (max-width: 300px) 100vw, 300px\" \/>Graduellement, le p\u00e8lerin cheminera \u00e0 son rythme naturel, ponctuant ses journ\u00e9es de pauses, de siestes, de collations en fonction de ce que lui et son corps conviennent. Cheminant en marge de l\u2019influence des g\u00e9ants du marketing, il se r\u00e9approprie ses besoins de consommation et identifie ce qui est source de bonheur et de bien-\u00eatre pour lui.<\/p>\n<p style=\"text-align: justify;\">Le p\u00e8lerin se d\u00e9tache de l\u2019 \u00ab avoir \u00bb pour entrer dans l\u2019 \u00ab \u00eatre \u00bb. \u00catre c\u2019est reconna\u00eetre son identit\u00e9 propre, vivre en pleine conscience son pr\u00e9sent. Et c\u2019est dans cette conscience du maintenant que le p\u00e8lerin s\u2019arr\u00eate pour go\u00fbter la vie et qu\u2019il exp\u00e9rimente un sentiment de pl\u00e9nitude. C\u2019est ce bien-\u00eatre int\u00e9rieur qu\u2019il souhaite rapporter dans ses bagages. Cependant, le bonheur, contrairement \u00e0 tout ce que les commer\u00e7ants nous disent, n\u2019est pas dans l\u2019avoir mais dans l\u2019\u00eatre. Et cet \u00eatre, il est en nous. Plus le p\u00e8lerin prendra conscience de son \u00e9tat de bien-\u00eatre, de ce qu\u2019il vit d\u2019agr\u00e9able dans son corps, plus il sera en mesure d\u2019identifier les ingr\u00e9dients qui le composent.<\/p>\n<p style=\"text-align: justify;\">Le bonheur ne se vend pas, ne s\u2019ach\u00e8te pas. Vous le poss\u00e9dez d\u00e9j\u00e0. Prenez-le temps de le vivre. Soyez p\u00e8lerin au quotidien. Cessez de courir. Cessez d\u2019avoir h\u00e2te aux prochaines vacances, \u00e0 la retraite, \u00e0 la fin de semaine, \u00e0 la rel\u00e2che. Prenez le temps de vivre maintenant. Qu\u2019est-ce qui go\u00fbte bon dans votre vie?<img data-recalc-dims=\"1\" loading=\"lazy\" decoding=\"async\" data-attachment-id=\"14\" data-permalink=\"https:\/\/bottesetvelo.com\/blog\/bottes-et-velo-le-blog\/bottes-et-velo-embleme\/\" data-orig-file=\"https:\/\/i0.wp.com\/bottesetvelo.com\/blog\/wp-content\/uploads\/2014\/01\/Bottes-et-V%C3%A9lo-Embl%C3%AAme-e1454083414631.jpg?fit=100%2C79&amp;ssl=1\" data-orig-size=\"100,79\" data-comments-opened=\"1\" data-image-meta=\"{&quot;aperture&quot;:&quot;0&quot;,&quot;credit&quot;:&quot;&quot;,&quot;camera&quot;:&quot;&quot;,&quot;caption&quot;:&quot;&quot;,&quot;created_timestamp&quot;:&quot;0&quot;,&quot;copyright&quot;:&quot;&quot;,&quot;focal_length&quot;:&quot;0&quot;,&quot;iso&quot;:&quot;0&quot;,&quot;shutter_speed&quot;:&quot;0&quot;,&quot;title&quot;:&quot;&quot;}\" data-image-title=\"Bottes et V\u00e9lo &amp;#8211; Embl\u00eame\" data-image-description=\"\" data-image-caption=\"\" data-large-file=\"https:\/\/i0.wp.com\/bottesetvelo.com\/blog\/wp-content\/uploads\/2014\/01\/Bottes-et-V%C3%A9lo-Embl%C3%AAme-e1454083414631.jpg?fit=100%2C79&amp;ssl=1\" class=\"alignright  wp-image-14\" src=\"https:\/\/i0.wp.com\/bottesetvelo.com\/blog\/wp-content\/uploads\/2014\/01\/Bottes-et-V%C3%A9lo-Embl%C3%AAme.jpg?resize=81%2C64&#038;ssl=1\" alt=\"Bottes et V\u00e9lo - Embl\u00eame\" width=\"81\" height=\"64\" \/><\/p>\n<p style=\"text-align: justify;\">Brigitte Harouni<\/p>\n","protected":false},"excerpt":{"rendered":"<p>La plupart du temps, on est tellement focalis\u00e9s sur ce qu&rsquo;on croit vouloir qu&rsquo;on ne voit pas \u00e0 quel point on est d\u00e9j\u00e0 heureux. Glenn Beck Notre quotidien est bombard\u00e9 de publicit\u00e9s qui, pour vendre un produit, nous en vantent les bienfaits : source de bonheur assur\u00e9. Chacun de nous tombe dans le pi\u00e8ge de&hellip;<\/p>\n","protected":false},"author":2,"featured_media":0,"comment_status":"open","ping_status":"open","sticky":false,"template":"","format":"standard","meta":{"jetpack_post_was_ever_published":false,"_jetpack_newsletter_access":"","_jetpack_dont_email_post_to_subs":false,"_jetpack_newsletter_tier_id":0,"_jetpack_memberships_contains_paywalled_content":false,"_jetpack_memberships_contains_paid_content":false,"footnotes":"","jetpack_publicize_message":"","jetpack_publicize_feature_enabled":true,"jetpack_social_post_already_shared":true,"jetpack_social_options":{"image_generator_settings":{"template":"highway","default_image_id":0,"font":"","enabled":false},"version":2}},"categories":[52,50,345],"tags":[275,285,98,94],"class_list":["post-2321","post","type-post","status-publish","format-standard","hentry","category-alternatives-de-vie","category-art-de-vivre","category-culture-de-consommation","tag-art-de-vivre","tag-gout-de-vivre","tag-surconsommation","tag-vivre-simplement"],"jetpack_publicize_connections":[],"jetpack_featured_media_url":"","jetpack_shortlink":"https:\/\/wp.me\/p4eY6z-Br","jetpack_sharing_enabled":true,"jetpack_likes_enabled":true,"jetpack-related-posts":[],"_links":{"self":[{"href":"https:\/\/bottesetvelo.com\/blog\/wp-json\/wp\/v2\/posts\/2321","targetHints":{"allow":["GET"]}}],"collection":[{"href":"https:\/\/bottesetvelo.com\/blog\/wp-json\/wp\/v2\/posts"}],"about":[{"href":"https:\/\/bottesetvelo.com\/blog\/wp-json\/wp\/v2\/types\/post"}],"author":[{"embeddable":true,"href":"https:\/\/bottesetvelo.com\/blog\/wp-json\/wp\/v2\/users\/2"}],"replies":[{"embeddable":true,"href":"https:\/\/bottesetvelo.com\/blog\/wp-json\/wp\/v2\/comments?post=2321"}],"version-history":[{"count":1,"href":"https:\/\/bottesetvelo.com\/blog\/wp-json\/wp\/v2\/posts\/2321\/revisions"}],"predecessor-version":[{"id":2324,"href":"https:\/\/bottesetvelo.com\/blog\/wp-json\/wp\/v2\/posts\/2321\/revisions\/2324"}],"wp:attachment":[{"href":"https:\/\/bottesetvelo.com\/blog\/wp-json\/wp\/v2\/media?parent=2321"}],"wp:term":[{"taxonomy":"category","embeddable":true,"href":"https:\/\/bottesetvelo.com\/blog\/wp-json\/wp\/v2\/categories?post=2321"},{"taxonomy":"post_tag","embeddable":true,"href":"https:\/\/bottesetvelo.com\/blog\/wp-json\/wp\/v2\/tags?post=2321"}],"curies":[{"name":"wp","href":"https:\/\/api.w.org\/{rel}","templated":true}]}}