{"id":2310,"date":"2016-01-20T19:00:41","date_gmt":"2016-01-21T00:00:41","guid":{"rendered":"http:\/\/bottesetvelo.com\/blog\/?p=2310"},"modified":"2016-01-20T19:09:11","modified_gmt":"2016-01-21T00:09:11","slug":"ann-sieben-est-arrivee-au-canada","status":"publish","type":"post","link":"https:\/\/bottesetvelo.com\/blog\/2016\/01\/20\/ann-sieben-est-arrivee-au-canada\/","title":{"rendered":"Ann Sieben est arriv\u00e9e au Canada!"},"content":{"rendered":"<h5 style=\"text-align: justify;\"><span style=\"color: #003366;\">C\u2019est apr\u00e8s 71 jours de marche, le 10 janvier dernier, qu\u2019Ann Sieben \u2013 la p\u00e8lerine de l\u2019hiver &#8211; arrivait au Canada en franchissant le pont qui enjambe la rivi\u00e8re St Mary\u2019s pour faire son entr\u00e9e en sol canadien. Une entr\u00e9e qu\u2019elle n\u2019a pas pu faire \u00e0 pied car il est interdit de traverser le pont-fronti\u00e8re \u00e0 pied.<\/span><\/h5>\n<p style=\"text-align: justify;\"><img data-recalc-dims=\"1\" loading=\"lazy\" decoding=\"async\" data-attachment-id=\"2315\" data-permalink=\"https:\/\/bottesetvelo.com\/blog\/2016\/01\/20\/ann-sieben-est-arrivee-au-canada\/anne-sieben-arrivee-au-canada\/\" data-orig-file=\"https:\/\/i0.wp.com\/bottesetvelo.com\/blog\/wp-content\/uploads\/2016\/01\/Anne-Sieben-Arriv%C3%A9e-au-Canada.jpg?fit=1068%2C1600&amp;ssl=1\" data-orig-size=\"1068,1600\" data-comments-opened=\"1\" data-image-meta=\"{&quot;aperture&quot;:&quot;0&quot;,&quot;credit&quot;:&quot;&quot;,&quot;camera&quot;:&quot;&quot;,&quot;caption&quot;:&quot;&quot;,&quot;created_timestamp&quot;:&quot;0&quot;,&quot;copyright&quot;:&quot;&quot;,&quot;focal_length&quot;:&quot;0&quot;,&quot;iso&quot;:&quot;0&quot;,&quot;shutter_speed&quot;:&quot;0&quot;,&quot;title&quot;:&quot;&quot;,&quot;orientation&quot;:&quot;0&quot;}\" data-image-title=\"Anne Sieben &amp;#8211; Arriv\u00e9e au Canada\" data-image-description=\"\" data-image-caption=\"\" data-large-file=\"https:\/\/i0.wp.com\/bottesetvelo.com\/blog\/wp-content\/uploads\/2016\/01\/Anne-Sieben-Arriv%C3%A9e-au-Canada.jpg?fit=684%2C1024&amp;ssl=1\" class=\"alignright wp-image-2315\" src=\"https:\/\/i0.wp.com\/bottesetvelo.com\/blog\/wp-content\/uploads\/2016\/01\/Anne-Sieben-Arriv%C3%A9e-au-Canada.jpg?resize=228%2C341&#038;ssl=1\" alt=\"Anne Sieben - Arriv\u00e9e au Canada\" width=\"228\" height=\"341\" srcset=\"https:\/\/i0.wp.com\/bottesetvelo.com\/blog\/wp-content\/uploads\/2016\/01\/Anne-Sieben-Arriv%C3%A9e-au-Canada.jpg?resize=334%2C500&amp;ssl=1 334w, https:\/\/i0.wp.com\/bottesetvelo.com\/blog\/wp-content\/uploads\/2016\/01\/Anne-Sieben-Arriv%C3%A9e-au-Canada.jpg?resize=768%2C1151&amp;ssl=1 768w, https:\/\/i0.wp.com\/bottesetvelo.com\/blog\/wp-content\/uploads\/2016\/01\/Anne-Sieben-Arriv%C3%A9e-au-Canada.jpg?resize=684%2C1024&amp;ssl=1 684w, https:\/\/i0.wp.com\/bottesetvelo.com\/blog\/wp-content\/uploads\/2016\/01\/Anne-Sieben-Arriv%C3%A9e-au-Canada.jpg?w=1068&amp;ssl=1 1068w\" sizes=\"auto, (max-width: 228px) 100vw, 228px\" \/>Aujourd\u2019hui, Ann en est \u00e0 son <span style=\"color: #003366;\"><strong>82i\u00e8me jour de marche<\/strong><\/span>. La neige ayant fini par la rattraper, elle est bien heureuse d\u2019avoir sorti ses bottes de neige car elles commen\u00e7aient \u00e0 peser lourd dans son sac, dit-elle!<\/p>\n<p style=\"text-align: justify;\">Dans son dernier post, elle nous laisse entendre qu\u2019elle esp\u00e8re avoir rejoint, pour la fin janvier, le Sanctuaire des Martyres Canadiens \u00e0 Midland, en Ontario. La route lui semble toujours aussi g\u00e9n\u00e9reuse et \u00e0 voir son sourire tout se d\u00e9roule bien.<\/p>\n<p style=\"text-align: justify;\">Mais, quels chemins emprunte-t-elle pour faire ce parcours?<\/p>\n<p style=\"text-align: justify;\">Depuis son arriv\u00e9e au Canada, Ann nous dit que, pour \u00e9viter de se retrouver trop souvent sur des routes achaland\u00e9es, <span style=\"color: #003366;\"><strong>elle emprunte les sentiers de motoneiges <\/strong><\/span>qui lui offrent un environnement fort agr\u00e9able \u00e0 marcher. \u00c0 Sault-Ste-Marie, elle s\u2019est procur\u00e9e les cartes des sentiers de motoneiges ontariens et, \u00e0 l\u2019aide de celles-ci, trace son itin\u00e9raire jour apr\u00e8s jour.<\/p>\n<p style=\"text-align: justify;\">Son p\u00e9riple l\u2019am\u00e8ne en ce moment \u00e0 marcher en bordure du lac Huron en direction de Midland. Nous profitons de l\u2019occasion pour vous informer d\u2019<strong><span style=\"color: #003366;\">un nouveau chemin de p\u00e8lerinage<\/span><\/strong> d\u2019une longueur de 89 km, reliant la ville de Barrie au Sanctuaire des martyrs canadiens de Midland. Voici ce que le directeur du sanctuaire en dit :<\/p>\n<p style=\"padding-left: 30px; text-align: justify;\"><em>\u201cLe chemin permet \u00e0 quiconque de suivre la route tous les jours de l\u2019ann\u00e9e, seul ou avec des amis ou en famille, groupe paroissial, ou en tant que touriste pour explorer cette partie du Canada, d\u2019une fa\u00e7on hors route. Certaines personnes voudront peut-\u00eatre suivre la route de p\u00e8lerinage pour des raisons religieuses, d\u2019autres simplement pour se fixer un d\u00e9fi personnel, rencontrer d\u2019autres personnes, ou afin de faire l\u2019exp\u00e9rience de la beaut\u00e9 de cette r\u00e9gion.\u2019\u2019<\/em><a href=\"http:\/\/martyrs-shrine.com\/fr\/nous-visiter\/route-de-pelerinage-au-sanctuaire-des-martyrs\/\"><img data-recalc-dims=\"1\" loading=\"lazy\" decoding=\"async\" data-attachment-id=\"2312\" data-permalink=\"https:\/\/bottesetvelo.com\/blog\/2016\/01\/20\/ann-sieben-est-arrivee-au-canada\/pilgrim-route-logo-midland-ontario\/\" data-orig-file=\"https:\/\/i0.wp.com\/bottesetvelo.com\/blog\/wp-content\/uploads\/2016\/01\/Pilgrim-Route-logo-Midland-Ontario.png?fit=300%2C300&amp;ssl=1\" data-orig-size=\"300,300\" data-comments-opened=\"1\" data-image-meta=\"{&quot;aperture&quot;:&quot;0&quot;,&quot;credit&quot;:&quot;&quot;,&quot;camera&quot;:&quot;&quot;,&quot;caption&quot;:&quot;&quot;,&quot;created_timestamp&quot;:&quot;0&quot;,&quot;copyright&quot;:&quot;&quot;,&quot;focal_length&quot;:&quot;0&quot;,&quot;iso&quot;:&quot;0&quot;,&quot;shutter_speed&quot;:&quot;0&quot;,&quot;title&quot;:&quot;&quot;,&quot;orientation&quot;:&quot;0&quot;}\" data-image-title=\"Pilgrim-Route -logo &amp;#8211; Midland &amp;#8211; Ontario\" data-image-description=\"\" data-image-caption=\"\" data-large-file=\"https:\/\/i0.wp.com\/bottesetvelo.com\/blog\/wp-content\/uploads\/2016\/01\/Pilgrim-Route-logo-Midland-Ontario.png?fit=300%2C300&amp;ssl=1\" class=\"alignright wp-image-2312\" src=\"https:\/\/i0.wp.com\/bottesetvelo.com\/blog\/wp-content\/uploads\/2016\/01\/Pilgrim-Route-logo-Midland-Ontario.png?resize=194%2C194&#038;ssl=1\" alt=\"Pilgrim-Route -logo - Midland - Ontario\" width=\"194\" height=\"194\" srcset=\"https:\/\/i0.wp.com\/bottesetvelo.com\/blog\/wp-content\/uploads\/2016\/01\/Pilgrim-Route-logo-Midland-Ontario.png?w=300&amp;ssl=1 300w, https:\/\/i0.wp.com\/bottesetvelo.com\/blog\/wp-content\/uploads\/2016\/01\/Pilgrim-Route-logo-Midland-Ontario.png?resize=150%2C150&amp;ssl=1 150w\" sizes=\"auto, (max-width: 194px) 100vw, 194px\" \/><\/a><\/p>\n<p style=\"padding-left: 30px; text-align: right;\">\u2013 Fr. Bernard Carroll, SJ, Directeur du Sanctuaire des martyrs<\/p>\n<p style=\"text-align: justify;\">Un sentier qui est donc ouvert en permanence et dont le niveau de difficult\u00e9 est ais\u00e9. Voici le lien pour visiter le site du sanctuaire qui est aussi disponible en fran\u00e7ais : <a href=\"http:\/\/martyrs-shrine.com\/fr\/\" target=\"_blank\">http:\/\/martyrs-shrine.com\/fr\/ <\/a><\/p>\n<p style=\"text-align: justify;\">En terminant, nous vous donnons rendez-vous plus tard en f\u00e9vrier pour continuer de suivre le p\u00e8lerinage d\u2019Ann Sieben. Si vous d\u00e9sirez en apprendre davantage sur elle et suivre son blogue, voici l&rsquo;adresse: <a href=\"http:\/\/winterpilgrim.blogspot.ca\/\" target=\"_blank\">http:\/\/winterpilgrim.blogspot.ca\/<\/a>. <span style=\"color: #003366;\"><strong>Nous vous invitons \u00e9galement \u00e0 rester \u00e0 l\u2019affut car Bottes et V\u00e9lo, conjointement avec les grands sanctuaires de la r\u00e9gion de Qu\u00e9bec, pr\u00e9pare l\u2019arriv\u00e9e d\u2019Ann.<\/strong><\/span> Diff\u00e9rentes activit\u00e9s seront pr\u00e9vues pour l\u2019accueillir et souligner la r\u00e9alisation de cette grande p\u00e8lerine de l\u2019hiver. Nous vous rappelons que l\u2019arriv\u00e9e d\u2019Ann \u00e0 la basilique Ste-Anne est pr\u00e9vue pour la semaine sainte.<\/p>\n<p style=\"text-align: justify;\">Sur ce, bonne route Ann et <em>ultre\u00efa<\/em>!<img data-recalc-dims=\"1\" loading=\"lazy\" decoding=\"async\" data-attachment-id=\"14\" data-permalink=\"https:\/\/bottesetvelo.com\/blog\/bottes-et-velo-le-blog\/bottes-et-velo-embleme\/\" data-orig-file=\"https:\/\/i0.wp.com\/bottesetvelo.com\/blog\/wp-content\/uploads\/2014\/01\/Bottes-et-V%C3%A9lo-Embl%C3%AAme-e1454083414631.jpg?fit=100%2C79&amp;ssl=1\" data-orig-size=\"100,79\" data-comments-opened=\"1\" data-image-meta=\"{&quot;aperture&quot;:&quot;0&quot;,&quot;credit&quot;:&quot;&quot;,&quot;camera&quot;:&quot;&quot;,&quot;caption&quot;:&quot;&quot;,&quot;created_timestamp&quot;:&quot;0&quot;,&quot;copyright&quot;:&quot;&quot;,&quot;focal_length&quot;:&quot;0&quot;,&quot;iso&quot;:&quot;0&quot;,&quot;shutter_speed&quot;:&quot;0&quot;,&quot;title&quot;:&quot;&quot;}\" data-image-title=\"Bottes et V\u00e9lo &amp;#8211; Embl\u00eame\" data-image-description=\"\" data-image-caption=\"\" data-large-file=\"https:\/\/i0.wp.com\/bottesetvelo.com\/blog\/wp-content\/uploads\/2014\/01\/Bottes-et-V%C3%A9lo-Embl%C3%AAme-e1454083414631.jpg?fit=100%2C79&amp;ssl=1\" class=\"alignright wp-image-14\" src=\"https:\/\/i0.wp.com\/bottesetvelo.com\/blog\/wp-content\/uploads\/2014\/01\/Bottes-et-V%C3%A9lo-Embl%C3%AAme.jpg?resize=85%2C67&#038;ssl=1\" alt=\"Bottes et V\u00e9lo - Embl\u00eame\" width=\"85\" height=\"67\" \/><\/p>\n<p style=\"text-align: justify;\">\u00c9ric Lalibert\u00e9<\/p>\n","protected":false},"excerpt":{"rendered":"<p>C\u2019est apr\u00e8s 71 jours de marche, le 10 janvier dernier, qu\u2019Ann Sieben \u2013 la p\u00e8lerine de l\u2019hiver &#8211; arrivait au Canada en franchissant le pont qui enjambe la rivi\u00e8re St Mary\u2019s pour faire son entr\u00e9e en sol canadien. Une entr\u00e9e qu\u2019elle n\u2019a pas pu faire \u00e0 pied car il est interdit de traverser le pont-fronti\u00e8re&hellip;<\/p>\n","protected":false},"author":3,"featured_media":0,"comment_status":"open","ping_status":"open","sticky":false,"template":"","format":"standard","meta":{"jetpack_post_was_ever_published":false,"_jetpack_newsletter_access":"","_jetpack_dont_email_post_to_subs":false,"_jetpack_newsletter_tier_id":0,"_jetpack_memberships_contains_paywalled_content":false,"_jetpack_memberships_contains_paid_content":false,"footnotes":"","jetpack_publicize_message":"","jetpack_publicize_feature_enabled":true,"jetpack_social_post_already_shared":true,"jetpack_social_options":{"image_generator_settings":{"template":"highway","default_image_id":0,"font":"","enabled":false},"version":2}},"categories":[9,230,171],"tags":[315,344,295,334],"class_list":["post-2310","post","type-post","status-publish","format-standard","hentry","category-chemins-de-pelerinage","category-histoire-de-pelerin","category-pelerinage","tag-ann-sieben","tag-pelerine-de-lhiver","tag-sanctuaire","tag-the-winter-pilgrim"],"jetpack_publicize_connections":[],"jetpack_featured_media_url":"","jetpack_shortlink":"https:\/\/wp.me\/p4eY6z-Bg","jetpack_sharing_enabled":true,"jetpack_likes_enabled":true,"jetpack-related-posts":[],"_links":{"self":[{"href":"https:\/\/bottesetvelo.com\/blog\/wp-json\/wp\/v2\/posts\/2310","targetHints":{"allow":["GET"]}}],"collection":[{"href":"https:\/\/bottesetvelo.com\/blog\/wp-json\/wp\/v2\/posts"}],"about":[{"href":"https:\/\/bottesetvelo.com\/blog\/wp-json\/wp\/v2\/types\/post"}],"author":[{"embeddable":true,"href":"https:\/\/bottesetvelo.com\/blog\/wp-json\/wp\/v2\/users\/3"}],"replies":[{"embeddable":true,"href":"https:\/\/bottesetvelo.com\/blog\/wp-json\/wp\/v2\/comments?post=2310"}],"version-history":[{"count":7,"href":"https:\/\/bottesetvelo.com\/blog\/wp-json\/wp\/v2\/posts\/2310\/revisions"}],"predecessor-version":[{"id":2320,"href":"https:\/\/bottesetvelo.com\/blog\/wp-json\/wp\/v2\/posts\/2310\/revisions\/2320"}],"wp:attachment":[{"href":"https:\/\/bottesetvelo.com\/blog\/wp-json\/wp\/v2\/media?parent=2310"}],"wp:term":[{"taxonomy":"category","embeddable":true,"href":"https:\/\/bottesetvelo.com\/blog\/wp-json\/wp\/v2\/categories?post=2310"},{"taxonomy":"post_tag","embeddable":true,"href":"https:\/\/bottesetvelo.com\/blog\/wp-json\/wp\/v2\/tags?post=2310"}],"curies":[{"name":"wp","href":"https:\/\/api.w.org\/{rel}","templated":true}]}}