{"id":2252,"date":"2015-12-29T17:52:19","date_gmt":"2015-12-29T22:52:19","guid":{"rendered":"http:\/\/bottesetvelo.com\/blog\/?p=2252"},"modified":"2015-12-29T17:52:19","modified_gmt":"2015-12-29T22:52:19","slug":"ann-sieben-la-pelerine-de-lhiver-59ieme-jour-de-marche","status":"publish","type":"post","link":"https:\/\/bottesetvelo.com\/blog\/2015\/12\/29\/ann-sieben-la-pelerine-de-lhiver-59ieme-jour-de-marche\/","title":{"rendered":"Ann Sieben, la p\u00e8lerine de l&rsquo;hiver &#8211; 59i\u00e8me jour de marche"},"content":{"rendered":"<h5 style=\"text-align: justify;\"><span style=\"color: #003366;\">Ann Sieben, The Winter Pilgrim, en est \u00e0 son 59i\u00e8me jour de marche. Elle a entrepris son p\u00e8lerinage le 1er novembre dernier, depuis Denver au Colorado, et projette d&rsquo;arriver pour P\u00e2ques \u00e0 Ste-Anne-de-Beaupr\u00e9. Nous vous rappelons qu&rsquo;Ann est la premi\u00e8re p\u00e8lerine munie d&rsquo;une cr\u00e9dencial nord-am\u00e9ricaine, d\u00e9livr\u00e9e par l\u2019archev\u00eaque de Denver.<\/span><\/h5>\n<p style=\"text-align: justify;\"><img data-recalc-dims=\"1\" loading=\"lazy\" decoding=\"async\" data-attachment-id=\"2253\" data-permalink=\"https:\/\/bottesetvelo.com\/blog\/2015\/12\/29\/ann-sieben-la-pelerine-de-lhiver-59ieme-jour-de-marche\/anne-sieben-door-of-mercy\/\" data-orig-file=\"https:\/\/i0.wp.com\/bottesetvelo.com\/blog\/wp-content\/uploads\/2015\/12\/Anne-Sieben-Door-of-Mercy.jpg?fit=720%2C720&amp;ssl=1\" data-orig-size=\"720,720\" data-comments-opened=\"1\" data-image-meta=\"{&quot;aperture&quot;:&quot;0&quot;,&quot;credit&quot;:&quot;&quot;,&quot;camera&quot;:&quot;&quot;,&quot;caption&quot;:&quot;&quot;,&quot;created_timestamp&quot;:&quot;0&quot;,&quot;copyright&quot;:&quot;&quot;,&quot;focal_length&quot;:&quot;0&quot;,&quot;iso&quot;:&quot;0&quot;,&quot;shutter_speed&quot;:&quot;0&quot;,&quot;title&quot;:&quot;&quot;,&quot;orientation&quot;:&quot;0&quot;}\" data-image-title=\"Anne Sieben &amp;#8211; Door of Mercy\" data-image-description=\"\" data-image-caption=\"\" data-large-file=\"https:\/\/i0.wp.com\/bottesetvelo.com\/blog\/wp-content\/uploads\/2015\/12\/Anne-Sieben-Door-of-Mercy.jpg?fit=720%2C720&amp;ssl=1\" class=\"alignright wp-image-2253\" src=\"https:\/\/i0.wp.com\/bottesetvelo.com\/blog\/wp-content\/uploads\/2015\/12\/Anne-Sieben-Door-of-Mercy.jpg?resize=343%2C343&#038;ssl=1\" alt=\"Anne Sieben - Door of Mercy\" width=\"343\" height=\"343\" srcset=\"https:\/\/i0.wp.com\/bottesetvelo.com\/blog\/wp-content\/uploads\/2015\/12\/Anne-Sieben-Door-of-Mercy.jpg?resize=500%2C500&amp;ssl=1 500w, https:\/\/i0.wp.com\/bottesetvelo.com\/blog\/wp-content\/uploads\/2015\/12\/Anne-Sieben-Door-of-Mercy.jpg?resize=150%2C150&amp;ssl=1 150w, https:\/\/i0.wp.com\/bottesetvelo.com\/blog\/wp-content\/uploads\/2015\/12\/Anne-Sieben-Door-of-Mercy.jpg?w=720&amp;ssl=1 720w\" sizes=\"auto, (max-width: 343px) 100vw, 343px\" \/>La neige ayant tard\u00e9 cette ann\u00e9e, ce n&rsquo;est que depuis quelques jours qu&rsquo;Ann est confront\u00e9e \u00e0 l&rsquo;hiver. Les deux premiers mois de sa longue marche auront eu des airs d&rsquo;automne jusqu&rsquo;\u00e0 la fin d\u00e9cembre.<\/p>\n<p style=\"text-align: justify;\">Arriv\u00e9e depuis peu dans la r\u00e9gion de Green Bay, en bordure du lac Michigan, une fine pellicule de neige l&rsquo;attendait pour c\u00e9l\u00e9brer No\u00ebl. <strong><span style=\"color: #003366;\">Ann se trouvait alors au sanctuaire Our Lady of Good Help<\/span> <\/strong>(New Franken &#8211; Wisconsin) et, par la m\u00eame occasion, <strong><span style=\"color: #003366;\">franchissait sa troisi\u00e8me porte de la mis\u00e9ricorde<\/span><\/strong>. Le Pape Fran\u00e7ois ayant d\u00e9sign\u00e9 la pr\u00e9sente ann\u00e9e liturgique comme \u00e9tant celle de la Mis\u00e9ricorde, plusieurs de ces portes ont \u00e9t\u00e9 identifi\u00e9es \u00e0 cet effet dans les \u00e9glises du monde entier.<\/p>\n<p style=\"text-align: justify;\">\u00c9tant de passage dans le Wisconsin, elle a \u00e9galement pu emprunter le nouveau chemin de p\u00e8lerinage, <span style=\"color: #003366;\"><strong>\u00ab\u00a0The Wisconsin Way\u00a0\u00bb<\/strong><\/span>, mis sur pied pour relier les grands sanctuaires de cet \u00e9tat, et une section du <strong><span style=\"color: #003366;\">Ice Age Trail<\/span><\/strong>. Elle mentionne qu&rsquo;elle appr\u00e9cie bien les nombreux sentiers de montagne, ou simplement hors route, qui se trouvent tout le long du parcours et qui lui permettent de quitter r\u00e9guli\u00e8rement les routes pav\u00e9es pour se retrouver en pleine nature.<\/p>\n<p style=\"text-align: justify;\">Ann dit ne jamais avoir de difficult\u00e9s \u00e0 trouver d&rsquo;h\u00e9bergement. Les nombreux villages qui jalonnent le chemin lui rendent la vie facile et les paroisses y sont accueillantes, tout comme les diff\u00e9rents monast\u00e8res crois\u00e9s o\u00f9 <strong><span style=\"color: #003366;\">l&rsquo;exp\u00e9rience prend des airs de camino<\/span><\/strong>.<\/p>\n<p style=\"text-align: justify;\">Pour suivre le p\u00e8lerinage d&rsquo;Ann Sieben, rendez-vous sur son blogue: <a href=\"http:\/\/winterpilgrim.blogspot.ca\/\">http:\/\/winterpilgrim.blogspot.ca\/<img data-recalc-dims=\"1\" loading=\"lazy\" decoding=\"async\" data-attachment-id=\"14\" data-permalink=\"https:\/\/bottesetvelo.com\/blog\/bottes-et-velo-le-blog\/bottes-et-velo-embleme\/\" data-orig-file=\"https:\/\/i0.wp.com\/bottesetvelo.com\/blog\/wp-content\/uploads\/2014\/01\/Bottes-et-V%C3%A9lo-Embl%C3%AAme-e1454083414631.jpg?fit=100%2C79&amp;ssl=1\" data-orig-size=\"100,79\" data-comments-opened=\"1\" data-image-meta=\"{&quot;aperture&quot;:&quot;0&quot;,&quot;credit&quot;:&quot;&quot;,&quot;camera&quot;:&quot;&quot;,&quot;caption&quot;:&quot;&quot;,&quot;created_timestamp&quot;:&quot;0&quot;,&quot;copyright&quot;:&quot;&quot;,&quot;focal_length&quot;:&quot;0&quot;,&quot;iso&quot;:&quot;0&quot;,&quot;shutter_speed&quot;:&quot;0&quot;,&quot;title&quot;:&quot;&quot;}\" data-image-title=\"Bottes et V\u00e9lo &amp;#8211; Embl\u00eame\" data-image-description=\"\" data-image-caption=\"\" data-large-file=\"https:\/\/i0.wp.com\/bottesetvelo.com\/blog\/wp-content\/uploads\/2014\/01\/Bottes-et-V%C3%A9lo-Embl%C3%AAme-e1454083414631.jpg?fit=100%2C79&amp;ssl=1\" class=\"alignright wp-image-14\" src=\"https:\/\/i0.wp.com\/bottesetvelo.com\/blog\/wp-content\/uploads\/2014\/01\/Bottes-et-V%C3%A9lo-Embl%C3%AAme.jpg?resize=73%2C58&#038;ssl=1\" alt=\"Bottes et V\u00e9lo - Embl\u00eame\" width=\"73\" height=\"58\" \/><\/a>. Elle arrivera \u00e0 Sault-Ste-Marie, en Ontario, dans quelques jours.<\/p>\n<p style=\"text-align: justify;\">\u00c9ric Lalibert\u00e9<\/p>\n","protected":false},"excerpt":{"rendered":"<p>Ann Sieben, The Winter Pilgrim, en est \u00e0 son 59i\u00e8me jour de marche. Elle a entrepris son p\u00e8lerinage le 1er novembre dernier, depuis Denver au Colorado, et projette d&rsquo;arriver pour P\u00e2ques \u00e0 Ste-Anne-de-Beaupr\u00e9. Nous vous rappelons qu&rsquo;Ann est la premi\u00e8re p\u00e8lerine munie d&rsquo;une cr\u00e9dencial nord-am\u00e9ricaine, d\u00e9livr\u00e9e par l\u2019archev\u00eaque de Denver. La neige ayant tard\u00e9 cette&hellip;<\/p>\n","protected":false},"author":3,"featured_media":0,"comment_status":"open","ping_status":"open","sticky":false,"template":"","format":"standard","meta":{"jetpack_post_was_ever_published":false,"_jetpack_newsletter_access":"","_jetpack_dont_email_post_to_subs":false,"_jetpack_newsletter_tier_id":0,"_jetpack_memberships_contains_paywalled_content":false,"_jetpack_memberships_contains_paid_content":false,"footnotes":"","jetpack_publicize_message":"","jetpack_publicize_feature_enabled":true,"jetpack_social_post_already_shared":true,"jetpack_social_options":{"image_generator_settings":{"template":"highway","default_image_id":0,"font":"","enabled":false},"version":2}},"categories":[230],"tags":[315,208,248,334],"class_list":["post-2252","post","type-post","status-publish","format-standard","hentry","category-histoire-de-pelerin","tag-ann-sieben","tag-pelerinage-autonome","tag-recit-de-pelerinage","tag-the-winter-pilgrim"],"jetpack_publicize_connections":[],"jetpack_featured_media_url":"","jetpack_shortlink":"https:\/\/wp.me\/p4eY6z-Ak","jetpack_sharing_enabled":true,"jetpack_likes_enabled":true,"jetpack-related-posts":[],"_links":{"self":[{"href":"https:\/\/bottesetvelo.com\/blog\/wp-json\/wp\/v2\/posts\/2252","targetHints":{"allow":["GET"]}}],"collection":[{"href":"https:\/\/bottesetvelo.com\/blog\/wp-json\/wp\/v2\/posts"}],"about":[{"href":"https:\/\/bottesetvelo.com\/blog\/wp-json\/wp\/v2\/types\/post"}],"author":[{"embeddable":true,"href":"https:\/\/bottesetvelo.com\/blog\/wp-json\/wp\/v2\/users\/3"}],"replies":[{"embeddable":true,"href":"https:\/\/bottesetvelo.com\/blog\/wp-json\/wp\/v2\/comments?post=2252"}],"version-history":[{"count":4,"href":"https:\/\/bottesetvelo.com\/blog\/wp-json\/wp\/v2\/posts\/2252\/revisions"}],"predecessor-version":[{"id":2256,"href":"https:\/\/bottesetvelo.com\/blog\/wp-json\/wp\/v2\/posts\/2252\/revisions\/2256"}],"wp:attachment":[{"href":"https:\/\/bottesetvelo.com\/blog\/wp-json\/wp\/v2\/media?parent=2252"}],"wp:term":[{"taxonomy":"category","embeddable":true,"href":"https:\/\/bottesetvelo.com\/blog\/wp-json\/wp\/v2\/categories?post=2252"},{"taxonomy":"post_tag","embeddable":true,"href":"https:\/\/bottesetvelo.com\/blog\/wp-json\/wp\/v2\/tags?post=2252"}],"curies":[{"name":"wp","href":"https:\/\/api.w.org\/{rel}","templated":true}]}}