{"id":2246,"date":"2015-12-25T20:23:54","date_gmt":"2015-12-26T01:23:54","guid":{"rendered":"http:\/\/bottesetvelo.com\/blog\/?p=2246"},"modified":"2015-12-25T20:23:54","modified_gmt":"2015-12-26T01:23:54","slug":"avec-lautre-vers-la-lumiere","status":"publish","type":"post","link":"https:\/\/bottesetvelo.com\/blog\/2015\/12\/25\/avec-lautre-vers-la-lumiere\/","title":{"rendered":"Avec l\u2019autre vers la lumi\u00e8re"},"content":{"rendered":"<h6 style=\"text-align: right;\"><strong><em>Un sourire co\u00fbte moins cher que l&rsquo;\u00e9lectricit\u00e9, mais donne autant de lumi\u00e8re.<\/em><\/strong><br \/>\n<strong><em>Abb\u00e9 Pierre<\/em> <\/strong><\/h6>\n<h5 style=\"text-align: justify;\"><span style=\"color: #003366;\">Depuis les vacances d\u2019\u00e9t\u00e9, nous avons tous repris la routine du travail, v\u00e9cu la rentr\u00e9e scolaire et recommenc\u00e9 la course folle \u00e0 travers l\u2019agenda surcharg\u00e9 par des responsabilit\u00e9s et des obligations de tous genres. La nature a grisonn\u00e9. Puis graduellement sont arriv\u00e9s le froid, le vent, la neige et la noirceur. Les sons se sont assourdis, les odeurs refroidies, les couleurs ternies. Cependant, une lueur de renaissance scintille au loin comme une promesse d\u2019un retour de la vie : No\u00ebl! No\u00ebl : f\u00eate religieuse, f\u00eate des enfants, mais surtout, f\u00eate de la lumi\u00e8re!<\/span><\/h5>\n<p style=\"text-align: justify;\"><img data-recalc-dims=\"1\" loading=\"lazy\" decoding=\"async\" data-attachment-id=\"2247\" data-permalink=\"https:\/\/bottesetvelo.com\/blog\/2015\/12\/25\/avec-lautre-vers-la-lumiere\/2015-01-25-16-23-07-2\/\" data-orig-file=\"https:\/\/i0.wp.com\/bottesetvelo.com\/blog\/wp-content\/uploads\/2015\/12\/2015-01-25-16.23.07.jpg?fit=3054%2C2173&amp;ssl=1\" data-orig-size=\"3054,2173\" data-comments-opened=\"1\" data-image-meta=\"{&quot;aperture&quot;:&quot;2.6&quot;,&quot;credit&quot;:&quot;&quot;,&quot;camera&quot;:&quot;SGH-I747M&quot;,&quot;caption&quot;:&quot;&quot;,&quot;created_timestamp&quot;:&quot;1422202987&quot;,&quot;copyright&quot;:&quot;&quot;,&quot;focal_length&quot;:&quot;3.7&quot;,&quot;iso&quot;:&quot;50&quot;,&quot;shutter_speed&quot;:&quot;0.0045871559633&quot;,&quot;title&quot;:&quot;&quot;,&quot;orientation&quot;:&quot;1&quot;}\" data-image-title=\"Berthier-sur-Mer\" data-image-description=\"\" data-image-caption=\"\" data-large-file=\"https:\/\/i0.wp.com\/bottesetvelo.com\/blog\/wp-content\/uploads\/2015\/12\/2015-01-25-16.23.07.jpg?fit=1024%2C729&amp;ssl=1\" class=\"alignright wp-image-2247\" src=\"https:\/\/i0.wp.com\/bottesetvelo.com\/blog\/wp-content\/uploads\/2015\/12\/2015-01-25-16.23.07.jpg?resize=300%2C213&#038;ssl=1\" alt=\"Berthier-sur-Mer\" width=\"300\" height=\"213\" srcset=\"https:\/\/i0.wp.com\/bottesetvelo.com\/blog\/wp-content\/uploads\/2015\/12\/2015-01-25-16.23.07.jpg?resize=500%2C356&amp;ssl=1 500w, https:\/\/i0.wp.com\/bottesetvelo.com\/blog\/wp-content\/uploads\/2015\/12\/2015-01-25-16.23.07.jpg?resize=768%2C546&amp;ssl=1 768w, https:\/\/i0.wp.com\/bottesetvelo.com\/blog\/wp-content\/uploads\/2015\/12\/2015-01-25-16.23.07.jpg?resize=1024%2C729&amp;ssl=1 1024w, https:\/\/i0.wp.com\/bottesetvelo.com\/blog\/wp-content\/uploads\/2015\/12\/2015-01-25-16.23.07.jpg?w=2340&amp;ssl=1 2340w\" sizes=\"auto, (max-width: 300px) 100vw, 300px\" \/>No\u00ebl est un temps de retrouvailles en famille et entre amis. C\u2019est un temps d\u2019arr\u00eat mill\u00e9naire, in\u00e9branlable, dans les vies de chacun pour s\u2019offrir du bon temps entour\u00e9 d\u2019\u00eatres chers. Accolades et embrassades, rires et pleurs, saveurs et odeurs, chansons et jeux, chaque soir\u00e9e prend sa couleur, toujours teint\u00e9e d\u2019\u00e9motivit\u00e9. Annonciatrice de ce retour de la lumi\u00e8re, No\u00ebl invite \u00e0 un temps d\u2019introspection, de remise en question au niveau des \u00e9motions que nous vivons. Temps de r\u00e9jouissances parfois oblig\u00e9, \u00e9motions bouscul\u00e9es et tiraill\u00e9es, No\u00ebl nous am\u00e8ne \u00e0 trouver la lumi\u00e8re en soi pour \u00e9clairer nos zones plus obscures, tenter de comprendre ce qui nous \u00e9branle ou nous d\u00e9range. C\u2019est l\u2019occasion de faire la lumi\u00e8re sur certaines relations que nous entretenons ou sur le rapport que nous avons avec elles. Car <span style=\"color: #003366;\"><strong>No\u00ebl nous am\u00e8ne \u00e0 aller vers l\u2019autre<\/strong><\/span>, et comme il est question ici de famille, cet autre n\u2019est pas toujours choisi ou d\u00e9sir\u00e9. Ainsi, ce rassemblement impos\u00e9 incite et invite \u00e0 un moment de tr\u00eave pour le bonheur collectif. Cette contribution volontaire forc\u00e9e au bon d\u00e9roulement des festivit\u00e9s, nous fait d\u00e9couvrir nos limites et celles des autres. Elle met en lumi\u00e8re la zone de partage de vie et aiguise notre regard pour avoir une meilleure vision de l\u2019autre. Toute cette proximit\u00e9 et ce d\u00e9bordement d\u2019\u00e9motions nous d\u00e9place int\u00e9rieurement et nous fait cheminer un peu plus dans cette recherche d\u2019\u00e9quilibre sain entre soi et autrui.<\/p>\n<p style=\"text-align: justify;\"><img data-recalc-dims=\"1\" loading=\"lazy\" decoding=\"async\" data-attachment-id=\"2248\" data-permalink=\"https:\/\/bottesetvelo.com\/blog\/2015\/12\/25\/avec-lautre-vers-la-lumiere\/2015-01-09-13-59-24\/\" data-orig-file=\"https:\/\/i0.wp.com\/bottesetvelo.com\/blog\/wp-content\/uploads\/2015\/12\/2015-01-09-13.59.24.jpg?fit=3202%2C2362&amp;ssl=1\" data-orig-size=\"3202,2362\" data-comments-opened=\"1\" data-image-meta=\"{&quot;aperture&quot;:&quot;2.6&quot;,&quot;credit&quot;:&quot;&quot;,&quot;camera&quot;:&quot;SGH-I747M&quot;,&quot;caption&quot;:&quot;&quot;,&quot;created_timestamp&quot;:&quot;1420811964&quot;,&quot;copyright&quot;:&quot;&quot;,&quot;focal_length&quot;:&quot;3.7&quot;,&quot;iso&quot;:&quot;50&quot;,&quot;shutter_speed&quot;:&quot;0.00375939849624&quot;,&quot;title&quot;:&quot;&quot;,&quot;orientation&quot;:&quot;1&quot;}\" data-image-title=\"Vieux-Qu\u00e9bec\" data-image-description=\"\" data-image-caption=\"\" data-large-file=\"https:\/\/i0.wp.com\/bottesetvelo.com\/blog\/wp-content\/uploads\/2015\/12\/2015-01-09-13.59.24.jpg?fit=1024%2C755&amp;ssl=1\" class=\"alignright wp-image-2248\" src=\"https:\/\/i0.wp.com\/bottesetvelo.com\/blog\/wp-content\/uploads\/2015\/12\/2015-01-09-13.59.24.jpg?resize=300%2C221&#038;ssl=1\" alt=\"Vieux-Qu\u00e9bec\" width=\"300\" height=\"221\" srcset=\"https:\/\/i0.wp.com\/bottesetvelo.com\/blog\/wp-content\/uploads\/2015\/12\/2015-01-09-13.59.24.jpg?resize=500%2C369&amp;ssl=1 500w, https:\/\/i0.wp.com\/bottesetvelo.com\/blog\/wp-content\/uploads\/2015\/12\/2015-01-09-13.59.24.jpg?resize=768%2C567&amp;ssl=1 768w, https:\/\/i0.wp.com\/bottesetvelo.com\/blog\/wp-content\/uploads\/2015\/12\/2015-01-09-13.59.24.jpg?resize=1024%2C755&amp;ssl=1 1024w, https:\/\/i0.wp.com\/bottesetvelo.com\/blog\/wp-content\/uploads\/2015\/12\/2015-01-09-13.59.24.jpg?w=2340&amp;ssl=1 2340w\" sizes=\"auto, (max-width: 300px) 100vw, 300px\" \/>No\u00ebl c\u2019est aussi un temps pour donner. Rituel existant depuis la nuit des temps, le cadeau d\u2019aujourd\u2019hui a cependant perdu de sa valeur. Donner est un geste de gratuit\u00e9 et de plaisir qui sera pleinement combl\u00e9 par la r\u00e9ponse de celui qui re\u00e7oit. Donner consiste \u00e0 prendre conscience de l\u2019autre, de ce qui lui procure du plaisir. C\u2019est s\u2019attarder \u00e0 comprendre la r\u00e9alit\u00e9 de l\u2019autre en toute objectivit\u00e9. <span style=\"color: #003366;\"><strong>C\u2019est mettre l\u2019autre au premier plan, s\u2019oublier un peu durant quelques instants.<\/strong><\/span> La valeur du cadeau n\u2019est pas une question de prix. La valeur d\u00e9pendra de la justesse avec laquelle le donneur aura cern\u00e9 l\u2019autre. Le cadeau n\u2019est donc pas forc\u00e9ment mat\u00e9riel. Offrir du temps de complicit\u00e9, de qualit\u00e9, de l\u2019affection, du rire, de l\u2019\u00e9coute, de l\u2019attention sont autant de cadeaux de grande valeur qui peuvent d\u2019ailleurs s\u2019offrir \u00e0 chaque jour. Pas besoin d\u2019\u00eatre riche pour donner, il suffit simplement d\u2019\u00eatre tourn\u00e9 vers l\u2019autre.<\/p>\n<p style=\"text-align: justify;\">No\u00ebl est une f\u00eate d\u2019ouverture et de lumi\u00e8re. Ouverture sur l\u2019ext\u00e9rieur et lumi\u00e8re \u00e0 l\u2019int\u00e9rieur. Tous les ingr\u00e9dients sont pr\u00e9sents pour favoriser l\u2019apprentissage de soi et de l\u2019autre dans un contexte d\u2019\u00e9change, de partage et de qu\u00eate d\u2019un bien-\u00eatre collectif. C\u2019est dans la rencontre avec l\u2019autre que l\u2019on apprend le mieux \u00e0 se d\u00e9finir et c\u2019est vers les zones d\u2019ombre qu\u2019il faut diriger son faisceau de lumi\u00e8re pour se voir pleinement.<\/p>\n<p style=\"text-align: justify;\">Joyeux No\u00ebl!<img data-recalc-dims=\"1\" loading=\"lazy\" decoding=\"async\" data-attachment-id=\"14\" data-permalink=\"https:\/\/bottesetvelo.com\/blog\/bottes-et-velo-le-blog\/bottes-et-velo-embleme\/\" data-orig-file=\"https:\/\/i0.wp.com\/bottesetvelo.com\/blog\/wp-content\/uploads\/2014\/01\/Bottes-et-V%C3%A9lo-Embl%C3%AAme-e1454083414631.jpg?fit=100%2C79&amp;ssl=1\" data-orig-size=\"100,79\" data-comments-opened=\"1\" data-image-meta=\"{&quot;aperture&quot;:&quot;0&quot;,&quot;credit&quot;:&quot;&quot;,&quot;camera&quot;:&quot;&quot;,&quot;caption&quot;:&quot;&quot;,&quot;created_timestamp&quot;:&quot;0&quot;,&quot;copyright&quot;:&quot;&quot;,&quot;focal_length&quot;:&quot;0&quot;,&quot;iso&quot;:&quot;0&quot;,&quot;shutter_speed&quot;:&quot;0&quot;,&quot;title&quot;:&quot;&quot;}\" data-image-title=\"Bottes et V\u00e9lo &amp;#8211; Embl\u00eame\" data-image-description=\"\" data-image-caption=\"\" data-large-file=\"https:\/\/i0.wp.com\/bottesetvelo.com\/blog\/wp-content\/uploads\/2014\/01\/Bottes-et-V%C3%A9lo-Embl%C3%AAme-e1454083414631.jpg?fit=100%2C79&amp;ssl=1\" class=\"alignright wp-image-14\" src=\"https:\/\/i0.wp.com\/bottesetvelo.com\/blog\/wp-content\/uploads\/2014\/01\/Bottes-et-V%C3%A9lo-Embl%C3%AAme.jpg?resize=91%2C71&#038;ssl=1\" alt=\"Bottes et V\u00e9lo - Embl\u00eame\" width=\"91\" height=\"71\" \/><\/p>\n<p style=\"text-align: justify;\">Brigitte Harouni<\/p>\n","protected":false},"excerpt":{"rendered":"<p>Un sourire co\u00fbte moins cher que l&rsquo;\u00e9lectricit\u00e9, mais donne autant de lumi\u00e8re. Abb\u00e9 Pierre Depuis les vacances d\u2019\u00e9t\u00e9, nous avons tous repris la routine du travail, v\u00e9cu la rentr\u00e9e scolaire et recommenc\u00e9 la course folle \u00e0 travers l\u2019agenda surcharg\u00e9 par des responsabilit\u00e9s et des obligations de tous genres. La nature a grisonn\u00e9. Puis graduellement sont&hellip;<\/p>\n","protected":false},"author":2,"featured_media":0,"comment_status":"open","ping_status":"open","sticky":false,"template":"","format":"standard","meta":{"jetpack_post_was_ever_published":false,"_jetpack_newsletter_access":"","_jetpack_dont_email_post_to_subs":false,"_jetpack_newsletter_tier_id":0,"_jetpack_memberships_contains_paywalled_content":false,"_jetpack_memberships_contains_paid_content":false,"footnotes":"","jetpack_publicize_message":"","jetpack_publicize_feature_enabled":true,"jetpack_social_post_already_shared":true,"jetpack_social_options":{"image_generator_settings":{"template":"highway","default_image_id":0,"font":"","enabled":false},"version":2}},"categories":[166,3,37],"tags":[275,103,109,333,38],"class_list":["post-2246","post","type-post","status-publish","format-standard","hentry","category-demarche-du-pelerin","category-reflexions","category-spiritualite-2","tag-art-de-vivre","tag-bien-etre","tag-bonheur","tag-noel","tag-reflexion"],"jetpack_publicize_connections":[],"jetpack_featured_media_url":"","jetpack_shortlink":"https:\/\/wp.me\/p4eY6z-Ae","jetpack_sharing_enabled":true,"jetpack_likes_enabled":true,"jetpack-related-posts":[],"_links":{"self":[{"href":"https:\/\/bottesetvelo.com\/blog\/wp-json\/wp\/v2\/posts\/2246","targetHints":{"allow":["GET"]}}],"collection":[{"href":"https:\/\/bottesetvelo.com\/blog\/wp-json\/wp\/v2\/posts"}],"about":[{"href":"https:\/\/bottesetvelo.com\/blog\/wp-json\/wp\/v2\/types\/post"}],"author":[{"embeddable":true,"href":"https:\/\/bottesetvelo.com\/blog\/wp-json\/wp\/v2\/users\/2"}],"replies":[{"embeddable":true,"href":"https:\/\/bottesetvelo.com\/blog\/wp-json\/wp\/v2\/comments?post=2246"}],"version-history":[{"count":2,"href":"https:\/\/bottesetvelo.com\/blog\/wp-json\/wp\/v2\/posts\/2246\/revisions"}],"predecessor-version":[{"id":2250,"href":"https:\/\/bottesetvelo.com\/blog\/wp-json\/wp\/v2\/posts\/2246\/revisions\/2250"}],"wp:attachment":[{"href":"https:\/\/bottesetvelo.com\/blog\/wp-json\/wp\/v2\/media?parent=2246"}],"wp:term":[{"taxonomy":"category","embeddable":true,"href":"https:\/\/bottesetvelo.com\/blog\/wp-json\/wp\/v2\/categories?post=2246"},{"taxonomy":"post_tag","embeddable":true,"href":"https:\/\/bottesetvelo.com\/blog\/wp-json\/wp\/v2\/tags?post=2246"}],"curies":[{"name":"wp","href":"https:\/\/api.w.org\/{rel}","templated":true}]}}