{"id":2211,"date":"2015-12-04T17:07:41","date_gmt":"2015-12-04T22:07:41","guid":{"rendered":"http:\/\/bottesetvelo.com\/blog\/?p=2211"},"modified":"2015-12-04T17:07:41","modified_gmt":"2015-12-04T22:07:41","slug":"le-pelerin-comme-un-fromage","status":"publish","type":"post","link":"https:\/\/bottesetvelo.com\/blog\/2015\/12\/04\/le-pelerin-comme-un-fromage\/","title":{"rendered":"Le p\u00e8lerin, comme un fromage!"},"content":{"rendered":"<h6 style=\"text-align: right;\"><strong><em>Celui qui accepte son vide peut remplir sa vie.<\/em><\/strong><br \/>\n<strong><em>Catherine Enjolet<\/em><\/strong><\/h6>\n<h5 style=\"text-align: justify;\"><span style=\"color: #003366;\">Le p\u00e8lerin vieillit bien au c\u0153ur de son exp\u00e9rience p\u00e8lerine. Comme un fromage il m\u00fbrit, se raffine et prend du go\u00fbt. En ce sens, on aurait tout aussi bien pu dire que le p\u00e8lerin est comme un bon vin. Et il aurait \u00e9t\u00e9 facile de faire cette comparaison, car on sait tous que l\u2019un comme l\u2019autre coulent \u00e0 flot sur le camino! Le bon p\u00e8lerin, tout comme le bon vin, afflue sous le champ d\u2019\u00e9toiles. Seulement, ce n\u2019est pas l\u00e0 o\u00f9 je veux en venir. Le p\u00e8lerin qui vieillit bien est comme un fromage, c\u2019est-\u00e0-dire : plein de trous!<\/span><\/h5>\n<p style=\"text-align: justify;\">Savez-vous que c\u2019est l\u2019emmental qui offre la plus grosse meule? Jusqu\u2019\u00e0 100kg! C\u2019est \u00e9norme! De par sa taille, c\u2019est aussi celui qui poss\u00e8de les plus gros trous. <a href=\"https:\/\/i0.wp.com\/bottesetvelo.com\/blog\/wp-content\/uploads\/2015\/12\/2014-07-20-09.29.09.jpg?ssl=1\"><img data-recalc-dims=\"1\" loading=\"lazy\" decoding=\"async\" data-attachment-id=\"2212\" data-permalink=\"https:\/\/bottesetvelo.com\/blog\/2015\/12\/04\/le-pelerin-comme-un-fromage\/2014-07-20-09-29-09\/\" data-orig-file=\"https:\/\/i0.wp.com\/bottesetvelo.com\/blog\/wp-content\/uploads\/2015\/12\/2014-07-20-09.29.09.jpg?fit=2592%2C1936&amp;ssl=1\" data-orig-size=\"2592,1936\" data-comments-opened=\"1\" data-image-meta=\"{&quot;aperture&quot;:&quot;2.8&quot;,&quot;credit&quot;:&quot;&quot;,&quot;camera&quot;:&quot;iPhone 4&quot;,&quot;caption&quot;:&quot;&quot;,&quot;created_timestamp&quot;:&quot;1405848549&quot;,&quot;copyright&quot;:&quot;&quot;,&quot;focal_length&quot;:&quot;3.85&quot;,&quot;iso&quot;:&quot;80&quot;,&quot;shutter_speed&quot;:&quot;0.000563697857948&quot;,&quot;title&quot;:&quot;&quot;,&quot;orientation&quot;:&quot;1&quot;}\" data-image-title=\"La Voie du St-Laurent\" data-image-description=\"\" data-image-caption=\"\" data-large-file=\"https:\/\/i0.wp.com\/bottesetvelo.com\/blog\/wp-content\/uploads\/2015\/12\/2014-07-20-09.29.09.jpg?fit=1024%2C765&amp;ssl=1\" class=\"alignright wp-image-2212\" src=\"https:\/\/i0.wp.com\/bottesetvelo.com\/blog\/wp-content\/uploads\/2015\/12\/2014-07-20-09.29.09.jpg?resize=300%2C224&#038;ssl=1\" alt=\"La Voie du St-Laurent\" width=\"300\" height=\"224\" srcset=\"https:\/\/i0.wp.com\/bottesetvelo.com\/blog\/wp-content\/uploads\/2015\/12\/2014-07-20-09.29.09.jpg?resize=500%2C373&amp;ssl=1 500w, https:\/\/i0.wp.com\/bottesetvelo.com\/blog\/wp-content\/uploads\/2015\/12\/2014-07-20-09.29.09.jpg?resize=1024%2C765&amp;ssl=1 1024w, https:\/\/i0.wp.com\/bottesetvelo.com\/blog\/wp-content\/uploads\/2015\/12\/2014-07-20-09.29.09.jpg?w=2340&amp;ssl=1 2340w\" sizes=\"auto, (max-width: 300px) 100vw, 300px\" \/><\/a>L\u2019emmental est, de tous les fromages, celui qui poss\u00e8de le plus grand vide \u00e0 l\u2019int\u00e9rieur de lui. Et savez-vous ce qu\u2019on dit? Que ce sont ces trous qui lui donnent si bon go\u00fbt!<\/p>\n<p style=\"text-align: justify;\">Ah! Nous y voil\u00e0! Maintenant, nous avons mati\u00e8re \u00e0 r\u00e9flexion. N\u2019est-ce pas merveilleux? C\u2019est par ce vide en lui que l\u2019emmental prend de la saveur. C\u2019est dans l\u2019absence qu\u2019il fabrique son bon go\u00fbt&#8230; Int\u00e9ressant!<\/p>\n<p style=\"text-align: justify;\">Ce vide, ce passage par le vide, n\u2019est-ce pas l\u2019exp\u00e9rience premi\u00e8re du p\u00e8lerin? Vider son sac-\u00e0-dos de ses exc\u00e8s. Vider sa t\u00eate de toutes ses pr\u00e9occupations qui le retiennent, encore et malgr\u00e9 lui, \u00e0 la maison. Se d\u00e9faire de ses inqui\u00e9tudes, de ses id\u00e9es de performances, de ses qu\u2019en dira-t-on\u2026<\/p>\n<p style=\"text-align: justify;\">D\u00e8s les premiers jours de sa longue randonn\u00e9e, le p\u00e8lerin apprend \u00e0 faire le vide pour redonner de la saveur \u00e0 sa vie. Tout s\u2019aligne avec aisance; parfois, aussi, avec r\u00e9sistance. Mais, si nous r\u00e9sistons, l\u2019exp\u00e9rience devient souffrante et, son signal, de plus en plus intense jusqu\u2019\u00e0 ce que nous l\u00e2chions prise. Une fois parvenue-l\u00e0, \u00e0 cet instant de d\u00e9cisif du l\u00e2cher-prise, nous avons bien dix jours de marche dans le corps\u2026<\/p>\n<p style=\"text-align: justify;\">Ces fameux dix jours! \u00c9tape charni\u00e8re sur le chemin du p\u00e8lerin, \u00e9tape o\u00f9 il entre librement dans l\u2019exp\u00e9rience du p\u00e8lerinage, \u00e9tape o\u00f9 il entre dans ses profondeurs. Et qu\u2019est-ce que la profondeur, sinon un grand vide?<br \/>\n<a href=\"https:\/\/i0.wp.com\/bottesetvelo.com\/blog\/wp-content\/uploads\/2015\/12\/2014-08-04-09.03.12.jpg?ssl=1\"><img data-recalc-dims=\"1\" loading=\"lazy\" decoding=\"async\" data-attachment-id=\"2213\" data-permalink=\"https:\/\/bottesetvelo.com\/blog\/2015\/12\/04\/le-pelerin-comme-un-fromage\/2014-08-04-09-03-12-3\/\" data-orig-file=\"https:\/\/i0.wp.com\/bottesetvelo.com\/blog\/wp-content\/uploads\/2015\/12\/2014-08-04-09.03.12.jpg?fit=4368%2C992&amp;ssl=1\" data-orig-size=\"4368,992\" data-comments-opened=\"1\" data-image-meta=\"{&quot;aperture&quot;:&quot;0&quot;,&quot;credit&quot;:&quot;&quot;,&quot;camera&quot;:&quot;SGH-I747M&quot;,&quot;caption&quot;:&quot;&quot;,&quot;created_timestamp&quot;:&quot;1407142992&quot;,&quot;copyright&quot;:&quot;&quot;,&quot;focal_length&quot;:&quot;0&quot;,&quot;iso&quot;:&quot;0&quot;,&quot;shutter_speed&quot;:&quot;0&quot;,&quot;title&quot;:&quot;&quot;,&quot;orientation&quot;:&quot;1&quot;}\" data-image-title=\"La Voie du St-Laurent\" data-image-description=\"\" data-image-caption=\"\" data-large-file=\"https:\/\/i0.wp.com\/bottesetvelo.com\/blog\/wp-content\/uploads\/2015\/12\/2014-08-04-09.03.12.jpg?fit=1024%2C233&amp;ssl=1\" class=\"alignright wp-image-2213 \" src=\"https:\/\/i0.wp.com\/bottesetvelo.com\/blog\/wp-content\/uploads\/2015\/12\/2014-08-04-09.03.12.jpg?resize=822%2C187&#038;ssl=1\" alt=\"La Voie du St-Laurent\" width=\"822\" height=\"187\" srcset=\"https:\/\/i0.wp.com\/bottesetvelo.com\/blog\/wp-content\/uploads\/2015\/12\/2014-08-04-09.03.12.jpg?resize=1024%2C233&amp;ssl=1 1024w, https:\/\/i0.wp.com\/bottesetvelo.com\/blog\/wp-content\/uploads\/2015\/12\/2014-08-04-09.03.12.jpg?resize=500%2C114&amp;ssl=1 500w, https:\/\/i0.wp.com\/bottesetvelo.com\/blog\/wp-content\/uploads\/2015\/12\/2014-08-04-09.03.12.jpg?w=2340&amp;ssl=1 2340w, https:\/\/i0.wp.com\/bottesetvelo.com\/blog\/wp-content\/uploads\/2015\/12\/2014-08-04-09.03.12.jpg?w=3510&amp;ssl=1 3510w\" sizes=\"auto, (max-width: 822px) 100vw, 822px\" \/><\/a>Le p\u00e8lerin, parvenu \u00e0 cette \u00e9tape, go\u00fbte enfin cet espace dans lequel il se sent respirer librement. Il touche cet \u00e9tat d\u2019aisance physique, psychique et spirituelle qu\u2019il n\u2019exp\u00e9rimente que tr\u00e8s rarement dans son quotidien. Plus pr\u00e8s de son corps, de ses sens, de ses \u00e9motions, plus pr\u00e8s de ce qui donne bon go\u00fbt \u00e0 sa vie, de ce qui lui donne un sens. Il se sent l\u00e9ger, beaucoup plus l\u00e9ger\u2026<\/p>\n<p style=\"text-align: justify;\">Au fil des jours qui suivent, le p\u00e8lerin de longue randonn\u00e9e apprend et go\u00fbte avec d\u00e9lectation le plaisir de l\u2019espace retrouv\u00e9. Parmi les le\u00e7ons qui le feront cheminer, il en est une que le p\u00e8lerin assimilera d\u2019une mani\u00e8re quasi toute naturelle sur le chemin : l\u2019agenda du p\u00e8lerin est parsem\u00e9 de gros trous, de grands vides et ce sont eux qui donnent saveur \u00e0 chacune de ses journ\u00e9es.<\/p>\n<p style=\"text-align: justify;\">C\u2019est par le vide de mon agenda que je me sens respirer.<a href=\"https:\/\/i0.wp.com\/bottesetvelo.com\/blog\/wp-content\/uploads\/2015\/08\/IMG_7251.jpg?ssl=1\"><img data-recalc-dims=\"1\" loading=\"lazy\" decoding=\"async\" data-attachment-id=\"2018\" data-permalink=\"https:\/\/bottesetvelo.com\/blog\/2015\/08\/21\/mon-chemin-interieur\/img_7251\/\" data-orig-file=\"https:\/\/i0.wp.com\/bottesetvelo.com\/blog\/wp-content\/uploads\/2015\/08\/IMG_7251.jpg?fit=2426%2C3436&amp;ssl=1\" data-orig-size=\"2426,3436\" data-comments-opened=\"1\" data-image-meta=\"{&quot;aperture&quot;:&quot;11&quot;,&quot;credit&quot;:&quot;&quot;,&quot;camera&quot;:&quot;Canon PowerShot SD890 IS&quot;,&quot;caption&quot;:&quot;&quot;,&quot;created_timestamp&quot;:&quot;1436179967&quot;,&quot;copyright&quot;:&quot;&quot;,&quot;focal_length&quot;:&quot;11.922&quot;,&quot;iso&quot;:&quot;80&quot;,&quot;shutter_speed&quot;:&quot;0.008&quot;,&quot;title&quot;:&quot;&quot;,&quot;orientation&quot;:&quot;1&quot;}\" data-image-title=\"La Voie du St-Laurent &amp;#8211; Cap-Chat\" data-image-description=\"\" data-image-caption=\"\" data-large-file=\"https:\/\/i0.wp.com\/bottesetvelo.com\/blog\/wp-content\/uploads\/2015\/08\/IMG_7251.jpg?fit=723%2C1024&amp;ssl=1\" class=\"alignright wp-image-2018\" src=\"https:\/\/i0.wp.com\/bottesetvelo.com\/blog\/wp-content\/uploads\/2015\/08\/IMG_7251.jpg?resize=212%2C300&#038;ssl=1\" alt=\"La Voie du St-Laurent - Cap-Chat\" width=\"212\" height=\"300\" srcset=\"https:\/\/i0.wp.com\/bottesetvelo.com\/blog\/wp-content\/uploads\/2015\/08\/IMG_7251.jpg?resize=353%2C500&amp;ssl=1 353w, https:\/\/i0.wp.com\/bottesetvelo.com\/blog\/wp-content\/uploads\/2015\/08\/IMG_7251.jpg?w=2340&amp;ssl=1 2340w\" sizes=\"auto, (max-width: 212px) 100vw, 212px\" \/><\/a><br \/>\nC\u2019est par le vide que ma vie go\u00fbte bon. Se goinfr\u00e9 n\u2019a jamais \u00e9t\u00e9 preuve de bon go\u00fbt.<br \/>\n<strong><span style=\"color: #003366;\">Ma vie d\u00e9pend du vide, du temps que je lib\u00e8re, de l\u2019espace-temps que je m\u2019octroie.<\/span><\/strong><br \/>\nPour que la vie vive, elle a besoin de temps et d\u2019espace pour circuler et grandir.<br \/>\nTout comme la fl\u00fbte, la guitare, ou le violon,<br \/>\nc\u2019est par le vide en eux qu\u2019ils offrent leur musique.<br \/>\nAucune fleur ne peut grandir enferm\u00e9 sous un bocal, elle a besoin d\u2019espace.<br \/>\nAucune fleur ne grandira plus vite parce que je lui tire dessus, elle a besoin de temps.<br \/>\nDe m\u00eame que le poisson rouge sera de la grosseur de l\u2019aquarium dans lequel nous l\u2019aurons plong\u00e9, la Vie a besoin d\u2019espace et de temps pour s\u2019\u00e9panouir.<\/p>\n<p style=\"text-align: justify;\">Notre mode de vie valorise depuis tr\u00e8s longtemps une agitation excessive. Les plus occup\u00e9s, les plus actifs sont souvent les mieux per\u00e7us. Celui, celle, qui prend son temps passera souvent pour un paresseux. Pourtant, l\u2019art de l\u2019oisivet\u00e9 a permis de faire na\u00eetre de belles et grandes choses. N\u2019est-ce pas en dormant sous un arbre qu\u2019Isaac Newton re\u00e7u cette pomme sur la t\u00eate qui fit faire un bond \u00e0 notre compr\u00e9hension des lois de la physique?<\/p>\n<p style=\"text-align: justify;\">Depuis mon retour de p\u00e8lerinage, ma vie me semble souvent pr\u00e9cipit\u00e9e. Qu\u2019ai-je retenu de cette exp\u00e9rience qui m\u2019a boulevers\u00e9e? Ai-je pris le temps d\u2019en tirer quelques le\u00e7ons? Ai-je pris le temps de revoir ma mani\u00e8re de g\u00e9rer mon temps?<\/p>\n<p style=\"text-align: justify;\"><strong><span style=\"color: #003366;\">Le temps du p\u00e8lerin n\u2019est pas celui de la performance.<\/span><\/strong><\/p>\n<p style=\"text-align: justify;\">De plus en plus de psychologues remettent en question cette mani\u00e8re d\u2019alourdir l\u2019agenda de nos enfants en les inscrivant dans tout et partout. Ils doivent jouer de la musique, parler trois langues et savoir lire et \u00e9crire, tout cela avant 5 ans! Suis-je r\u00e9ellement en train d\u2019offrir la Vie \u00e0 mon enfant lorsque je me comporte ainsi avec lui? Suis-je r\u00e9ellement en train de m\u2019offrir la Vie lorsque je comble tous les trous de mon agenda?<a href=\"https:\/\/i0.wp.com\/bottesetvelo.com\/blog\/wp-content\/uploads\/2015\/12\/2014-08-01-05.16.03.jpg?ssl=1\"><img data-recalc-dims=\"1\" loading=\"lazy\" decoding=\"async\" data-attachment-id=\"2214\" data-permalink=\"https:\/\/bottesetvelo.com\/blog\/2015\/12\/04\/le-pelerin-comme-un-fromage\/2014-08-01-05-16-03-3\/\" data-orig-file=\"https:\/\/i0.wp.com\/bottesetvelo.com\/blog\/wp-content\/uploads\/2015\/12\/2014-08-01-05.16.03.jpg?fit=2584%2C1926&amp;ssl=1\" data-orig-size=\"2584,1926\" data-comments-opened=\"1\" data-image-meta=\"{&quot;aperture&quot;:&quot;2.8&quot;,&quot;credit&quot;:&quot;&quot;,&quot;camera&quot;:&quot;iPhone 4&quot;,&quot;caption&quot;:&quot;&quot;,&quot;created_timestamp&quot;:&quot;1406870163&quot;,&quot;copyright&quot;:&quot;&quot;,&quot;focal_length&quot;:&quot;3.85&quot;,&quot;iso&quot;:&quot;80&quot;,&quot;shutter_speed&quot;:&quot;0.000928505106778&quot;,&quot;title&quot;:&quot;&quot;,&quot;orientation&quot;:&quot;1&quot;}\" data-image-title=\"La Voie du St-Laurent\" data-image-description=\"\" data-image-caption=\"\" data-large-file=\"https:\/\/i0.wp.com\/bottesetvelo.com\/blog\/wp-content\/uploads\/2015\/12\/2014-08-01-05.16.03.jpg?fit=1024%2C763&amp;ssl=1\" class=\"alignright wp-image-2214\" src=\"https:\/\/i0.wp.com\/bottesetvelo.com\/blog\/wp-content\/uploads\/2015\/12\/2014-08-01-05.16.03.jpg?resize=300%2C224&#038;ssl=1\" alt=\"La Voie du St-Laurent\" width=\"300\" height=\"224\" srcset=\"https:\/\/i0.wp.com\/bottesetvelo.com\/blog\/wp-content\/uploads\/2015\/12\/2014-08-01-05.16.03.jpg?resize=500%2C373&amp;ssl=1 500w, https:\/\/i0.wp.com\/bottesetvelo.com\/blog\/wp-content\/uploads\/2015\/12\/2014-08-01-05.16.03.jpg?resize=1024%2C763&amp;ssl=1 1024w, https:\/\/i0.wp.com\/bottesetvelo.com\/blog\/wp-content\/uploads\/2015\/12\/2014-08-01-05.16.03.jpg?w=2340&amp;ssl=1 2340w\" sizes=\"auto, (max-width: 300px) 100vw, 300px\" \/><\/a><\/p>\n<p style=\"text-align: justify;\"><strong><span style=\"color: #003366;\">Dans notre p\u00e8lerinage, nous avons exp\u00e9riment\u00e9 le bon go\u00fbt de la Vie en apprenant \u00e0 aimer et choisir la Vie avant toute chose.<\/span> <span style=\"color: #003366;\">Nous avons d\u00e9velopp\u00e9 notre \u00eatre \u00ab biophile \u00bb, amoureux de la Vie.<\/span> <\/strong>Nous avons appris que cet amour de la Vie passe par un \u00ab prendre le temps, un \u00ab prendre plaisir \u00bb, un \u00ab prendre soin \u00bb de soi, des autres, de ce qui nous entoure, qu\u2019il par une \u00ab ouverture \u00e0 l\u2019autre et \u00e0 l\u2019autrement \u00bb. Des moments et des temps qui demandent de faire de l\u2019espace dans nos vies.<\/p>\n<p style=\"text-align: justify;\">L\u2019exp\u00e9rience du p\u00e8lerinage de longue randonn\u00e9e nous enseigne \u00e0 laisser des trous immenses dans nos vies pour que la Vie puisse y jaillir dans toute sa saveur. <strong><span style=\"color: #003366;\">Rappelons-nous que c\u2019est l\u2019espace-temps d\u00e9gag\u00e9 dans notre vie qui, \u00e0 la base, nous a permis de vivre l\u2019exp\u00e9rience du p\u00e8lerinage.<\/span> <\/strong>Sans d\u00e9gager ce temps et cet espace, je ne quitte pas mon travail et mon quotidien pour entrer en p\u00e8lerinage\u2026<\/p>\n<p style=\"text-align: justify;\">C\u2019est pourquoi le p\u00e8lerin revient de p\u00e8lerinage comme un bon fromage : plein d\u2019espace en lui, plein de go\u00fbt, plein du bon go\u00fbt de la Vie! Et c\u2019est tr\u00e8s certainement cet espace qui lui manque le plus \u00e0 son retour. Ne perdons donc pas ce sens, ou retrouvons-le, et laissons notre \u00eatre <span style=\"color: #333333;\">biophile<\/span> s\u2019exprimer dans tous nos choix. C\u2019est-\u00e0-dire aimer et agir, en priorit\u00e9, avec la Vie.<a href=\"https:\/\/i0.wp.com\/bottesetvelo.com\/blog\/wp-content\/uploads\/2014\/01\/Bottes-et-V%C3%A9lo-Embl%C3%AAme.jpg?ssl=1\"><img data-recalc-dims=\"1\" loading=\"lazy\" decoding=\"async\" data-attachment-id=\"14\" data-permalink=\"https:\/\/bottesetvelo.com\/blog\/bottes-et-velo-le-blog\/bottes-et-velo-embleme\/\" data-orig-file=\"https:\/\/i0.wp.com\/bottesetvelo.com\/blog\/wp-content\/uploads\/2014\/01\/Bottes-et-V%C3%A9lo-Embl%C3%AAme-e1454083414631.jpg?fit=100%2C79&amp;ssl=1\" data-orig-size=\"100,79\" data-comments-opened=\"1\" data-image-meta=\"{&quot;aperture&quot;:&quot;0&quot;,&quot;credit&quot;:&quot;&quot;,&quot;camera&quot;:&quot;&quot;,&quot;caption&quot;:&quot;&quot;,&quot;created_timestamp&quot;:&quot;0&quot;,&quot;copyright&quot;:&quot;&quot;,&quot;focal_length&quot;:&quot;0&quot;,&quot;iso&quot;:&quot;0&quot;,&quot;shutter_speed&quot;:&quot;0&quot;,&quot;title&quot;:&quot;&quot;}\" data-image-title=\"Bottes et V\u00e9lo &amp;#8211; Embl\u00eame\" data-image-description=\"\" data-image-caption=\"\" data-large-file=\"https:\/\/i0.wp.com\/bottesetvelo.com\/blog\/wp-content\/uploads\/2014\/01\/Bottes-et-V%C3%A9lo-Embl%C3%AAme-e1454083414631.jpg?fit=100%2C79&amp;ssl=1\" class=\"alignright wp-image-14\" src=\"https:\/\/i0.wp.com\/bottesetvelo.com\/blog\/wp-content\/uploads\/2014\/01\/Bottes-et-V%C3%A9lo-Embl%C3%AAme.jpg?resize=81%2C64&#038;ssl=1\" alt=\"Bottes et V\u00e9lo - Embl\u00eame\" width=\"81\" height=\"64\" \/><\/a><\/p>\n<p style=\"text-align: justify;\">\u00c9ric Lalibert\u00e9<\/p>\n","protected":false},"excerpt":{"rendered":"<p>Celui qui accepte son vide peut remplir sa vie. Catherine Enjolet Le p\u00e8lerin vieillit bien au c\u0153ur de son exp\u00e9rience p\u00e8lerine. Comme un fromage il m\u00fbrit, se raffine et prend du go\u00fbt. En ce sens, on aurait tout aussi bien pu dire que le p\u00e8lerin est comme un bon vin. Et il aurait \u00e9t\u00e9 facile&hellip;<\/p>\n","protected":false},"author":3,"featured_media":0,"comment_status":"open","ping_status":"open","sticky":false,"template":"","format":"standard","meta":{"jetpack_post_was_ever_published":false,"_jetpack_newsletter_access":"","_jetpack_dont_email_post_to_subs":false,"_jetpack_newsletter_tier_id":0,"_jetpack_memberships_contains_paywalled_content":false,"_jetpack_memberships_contains_paid_content":false,"footnotes":"","jetpack_publicize_message":"","jetpack_publicize_feature_enabled":true,"jetpack_social_post_already_shared":true,"jetpack_social_options":{"image_generator_settings":{"template":"highway","default_image_id":0,"font":"","enabled":false},"version":2}},"categories":[50,39,166,3,37],"tags":[328,275,40,302,168,285,151,20],"class_list":["post-2211","post","type-post","status-publish","format-standard","hentry","category-art-de-vivre","category-croissance-personnelle","category-demarche-du-pelerin","category-reflexions","category-spiritualite-2","tag-agitation","tag-art-de-vivre","tag-croissance-personnelle-2","tag-decroissance","tag-demarche-du-pelerin","tag-gout-de-vivre","tag-prendre-le-temps","tag-spiritualite"],"jetpack_publicize_connections":[],"jetpack_featured_media_url":"","jetpack_shortlink":"https:\/\/wp.me\/p4eY6z-zF","jetpack_sharing_enabled":true,"jetpack_likes_enabled":true,"jetpack-related-posts":[],"_links":{"self":[{"href":"https:\/\/bottesetvelo.com\/blog\/wp-json\/wp\/v2\/posts\/2211","targetHints":{"allow":["GET"]}}],"collection":[{"href":"https:\/\/bottesetvelo.com\/blog\/wp-json\/wp\/v2\/posts"}],"about":[{"href":"https:\/\/bottesetvelo.com\/blog\/wp-json\/wp\/v2\/types\/post"}],"author":[{"embeddable":true,"href":"https:\/\/bottesetvelo.com\/blog\/wp-json\/wp\/v2\/users\/3"}],"replies":[{"embeddable":true,"href":"https:\/\/bottesetvelo.com\/blog\/wp-json\/wp\/v2\/comments?post=2211"}],"version-history":[{"count":8,"href":"https:\/\/bottesetvelo.com\/blog\/wp-json\/wp\/v2\/posts\/2211\/revisions"}],"predecessor-version":[{"id":2222,"href":"https:\/\/bottesetvelo.com\/blog\/wp-json\/wp\/v2\/posts\/2211\/revisions\/2222"}],"wp:attachment":[{"href":"https:\/\/bottesetvelo.com\/blog\/wp-json\/wp\/v2\/media?parent=2211"}],"wp:term":[{"taxonomy":"category","embeddable":true,"href":"https:\/\/bottesetvelo.com\/blog\/wp-json\/wp\/v2\/categories?post=2211"},{"taxonomy":"post_tag","embeddable":true,"href":"https:\/\/bottesetvelo.com\/blog\/wp-json\/wp\/v2\/tags?post=2211"}],"curies":[{"name":"wp","href":"https:\/\/api.w.org\/{rel}","templated":true}]}}