{"id":2206,"date":"2015-11-27T16:53:40","date_gmt":"2015-11-27T21:53:40","guid":{"rendered":"http:\/\/bottesetvelo.com\/blog\/?p=2206"},"modified":"2015-11-27T16:53:40","modified_gmt":"2015-11-27T21:53:40","slug":"la-liberte-une-histoire-de-choix","status":"publish","type":"post","link":"https:\/\/bottesetvelo.com\/blog\/2015\/11\/27\/la-liberte-une-histoire-de-choix\/","title":{"rendered":"La libert\u00e9, une histoire de choix!"},"content":{"rendered":"<h6 style=\"text-align: right;\"><strong><em>\u00c0 l&rsquo;instant o\u00f9 l&rsquo;esclave d\u00e9cide qu&rsquo;il ne sera plus esclave, ses cha\u00eenes tombent.<br \/>\nGandhi<\/em> <\/strong><\/h6>\n<h5 style=\"text-align: justify;\"><span style=\"color: #003366;\">Le p\u00e8lerin qui avance sur sa route, son sac sur le dos, le pas l\u00e9ger apr\u00e8s tous ces kilom\u00e8tres d\u2019exp\u00e9rience, voyage avec l\u00e9g\u00e8ret\u00e9. Il croise sur sa route des villageois, des travailleurs, des vacanciers, des jeunes et des moins jeunes, et sans le savoir, il s\u00e8me la r\u00eaverie dans l\u2019esprit de chacun. Il vient chatouiller les pens\u00e9es de ceux qui le regardent et parfois l\u2019envient. Par sa marche, mais aussi par son allure intemporelle, il fait \u00e9merger une vague de questionnements et intrigue les plus press\u00e9s, les plus f\u00e9rus du monde moderne.<\/span><\/h5>\n<p style=\"text-align: justify;\"><a href=\"https:\/\/i0.wp.com\/bottesetvelo.com\/blog\/wp-content\/uploads\/2015\/09\/2015-07-07-09.16.23.jpg?ssl=1\"><img data-recalc-dims=\"1\" loading=\"lazy\" decoding=\"async\" data-attachment-id=\"2074\" data-permalink=\"https:\/\/bottesetvelo.com\/blog\/2015\/09\/11\/le-sanctuaire-cette-part-negligee-du-pelerinage\/2015-07-07-09-16-23\/\" data-orig-file=\"https:\/\/i0.wp.com\/bottesetvelo.com\/blog\/wp-content\/uploads\/2015\/09\/2015-07-07-09.16.23.jpg?fit=3264%2C2448&amp;ssl=1\" data-orig-size=\"3264,2448\" data-comments-opened=\"1\" data-image-meta=\"{&quot;aperture&quot;:&quot;2.6&quot;,&quot;credit&quot;:&quot;&quot;,&quot;camera&quot;:&quot;SGH-I747M&quot;,&quot;caption&quot;:&quot;&quot;,&quot;created_timestamp&quot;:&quot;1436260583&quot;,&quot;copyright&quot;:&quot;&quot;,&quot;focal_length&quot;:&quot;3.7&quot;,&quot;iso&quot;:&quot;50&quot;,&quot;shutter_speed&quot;:&quot;0.000783699059561&quot;,&quot;title&quot;:&quot;&quot;,&quot;orientation&quot;:&quot;1&quot;}\" data-image-title=\"La Voie du St-Laurent &amp;#8211; Ste-Anne-des-Monts\" data-image-description=\"\" data-image-caption=\"\" data-large-file=\"https:\/\/i0.wp.com\/bottesetvelo.com\/blog\/wp-content\/uploads\/2015\/09\/2015-07-07-09.16.23.jpg?fit=1024%2C768&amp;ssl=1\" class=\"alignright wp-image-2074\" src=\"https:\/\/i0.wp.com\/bottesetvelo.com\/blog\/wp-content\/uploads\/2015\/09\/2015-07-07-09.16.23.jpg?resize=300%2C225&#038;ssl=1\" alt=\"La Voie du St-Laurent - Ste-Anne-des-Monts\" width=\"300\" height=\"225\" srcset=\"https:\/\/i0.wp.com\/bottesetvelo.com\/blog\/wp-content\/uploads\/2015\/09\/2015-07-07-09.16.23.jpg?resize=500%2C375&amp;ssl=1 500w, https:\/\/i0.wp.com\/bottesetvelo.com\/blog\/wp-content\/uploads\/2015\/09\/2015-07-07-09.16.23.jpg?resize=1024%2C768&amp;ssl=1 1024w, https:\/\/i0.wp.com\/bottesetvelo.com\/blog\/wp-content\/uploads\/2015\/09\/2015-07-07-09.16.23.jpg?w=2340&amp;ssl=1 2340w\" sizes=\"auto, (max-width: 300px) 100vw, 300px\" \/><\/a>Pas de cravate, pas de talon aiguille, pas de veston ni d\u2019uniforme, le p\u00e8lerin est p\u00e8lerin! Il est cette page blanche qui attend de s\u2019\u00e9crire, cette toile avant d\u2019\u00eatre caress\u00e9e de couleurs, cette b\u00fbche qui ne laisse suspecter l\u2019\u0153uvre qu\u2019elle renferme sous son \u00e9corce. Le p\u00e8lerin est libre d\u2019\u00eatre. Ni patron, ni employ\u00e9 d\u00e9vou\u00e9, ni maman, ni ain\u00e9 de famille toujours \u00e0 la hauteur, ni conjoint, ni meilleure amie qui est toujours l\u00e0 pour aider. Le p\u00e8lerin se lib\u00e8re de tous ces chapeaux, de tous ces r\u00f4les qu\u2019il joue quotidiennement. Ces personnages dont il ma\u00eetrise parfois tellement bien le r\u00f4le qu\u2019il a de la difficult\u00e9 \u00e0 s\u2019en d\u00e9faire. Mais son public, ceux qui l\u2019entourent, l\u2019appr\u00e9cient dans ce r\u00f4le et l\u2019encouragent \u00e0 continuer cette performance. Maintenant p\u00e8lerin, il se permet de voyager sans toutes ces pressions externes, mais aussi sans celles que lui-m\u00eame s\u2019impose. D\u00e9pouill\u00e9 de son entourage, de son habitat social habituel, dans ce vide de d\u00e9finition hi\u00e9rarchique et social, il d\u00e9couvre la libert\u00e9 d\u2019\u00eatre.<strong><span style=\"color: #003366;\"> \u00catre tout simplement lui et l\u2019appr\u00e9cier<\/span><\/strong>. Sans artifice et sans maquillage.<\/p>\n<p style=\"text-align: justify;\"><a href=\"https:\/\/i0.wp.com\/bottesetvelo.com\/blog\/wp-content\/uploads\/2015\/08\/2015-07-12-15.18.46.jpg?ssl=1\"><img data-recalc-dims=\"1\" loading=\"lazy\" decoding=\"async\" data-attachment-id=\"2038\" data-permalink=\"https:\/\/bottesetvelo.com\/blog\/2015\/08\/28\/gouter-lexperience-du-chemin\/2015-07-12-15-18-46\/\" data-orig-file=\"https:\/\/i0.wp.com\/bottesetvelo.com\/blog\/wp-content\/uploads\/2015\/08\/2015-07-12-15.18.46.jpg?fit=3264%2C2448&amp;ssl=1\" data-orig-size=\"3264,2448\" data-comments-opened=\"1\" data-image-meta=\"{&quot;aperture&quot;:&quot;2.6&quot;,&quot;credit&quot;:&quot;&quot;,&quot;camera&quot;:&quot;SGH-I747M&quot;,&quot;caption&quot;:&quot;&quot;,&quot;created_timestamp&quot;:&quot;1436714326&quot;,&quot;copyright&quot;:&quot;&quot;,&quot;focal_length&quot;:&quot;3.7&quot;,&quot;iso&quot;:&quot;50&quot;,&quot;shutter_speed&quot;:&quot;0.000788643533123&quot;,&quot;title&quot;:&quot;&quot;,&quot;orientation&quot;:&quot;1&quot;}\" data-image-title=\"La Voie du St-Laurent &amp;#8211; Cloridorme\" data-image-description=\"\" data-image-caption=\"\" data-large-file=\"https:\/\/i0.wp.com\/bottesetvelo.com\/blog\/wp-content\/uploads\/2015\/08\/2015-07-12-15.18.46.jpg?fit=1024%2C768&amp;ssl=1\" class=\"wp-image-2038 alignleft\" src=\"https:\/\/i0.wp.com\/bottesetvelo.com\/blog\/wp-content\/uploads\/2015\/08\/2015-07-12-15.18.46.jpg?resize=300%2C225&#038;ssl=1\" alt=\"La Voie du St-Laurent - Cloridorme\" width=\"300\" height=\"225\" srcset=\"https:\/\/i0.wp.com\/bottesetvelo.com\/blog\/wp-content\/uploads\/2015\/08\/2015-07-12-15.18.46.jpg?resize=500%2C375&amp;ssl=1 500w, https:\/\/i0.wp.com\/bottesetvelo.com\/blog\/wp-content\/uploads\/2015\/08\/2015-07-12-15.18.46.jpg?resize=1024%2C768&amp;ssl=1 1024w, https:\/\/i0.wp.com\/bottesetvelo.com\/blog\/wp-content\/uploads\/2015\/08\/2015-07-12-15.18.46.jpg?w=2340&amp;ssl=1 2340w\" sizes=\"auto, (max-width: 300px) 100vw, 300px\" \/><\/a>Pas d\u2019obligations professionnelles, pas de contraintes d\u2019horaire, pas de compromis avec un autre, pas de planifications complexes en famille, le p\u00e8lerin n\u00e9gocie avec lui-m\u00eame. Il vit un retour aux sources d\u2019un mode de vie naturelle. Sa journ\u00e9e se dessine au gr\u00e9 du temps, des plaisirs et des besoins. Le temps m\u00e9canique est devenu un outil facultatif et le temps naturel a repris la place qui lui revient. Les effets de la soci\u00e9t\u00e9 de consommation s\u2019estompent et leurs relents deviennent inconcevables ou m\u00eame choquants. Le p\u00e8lerin r\u00e9apprend \u00e0 \u00e9couter ses \u00e9lans int\u00e9rieurs pour guider ses d\u00e9cisions. Loin des agressions de la civilisation, dans ce mode de vie d\u00e9sencombr\u00e9, le p\u00e8lerin savoure sa libert\u00e9 de mouvement. <strong><span style=\"color: #003366;\">Il reprend le contr\u00f4le sur sa vie, se r\u00e9approprie pleinement son pouvoir de d\u00e9cider.<\/span><\/strong> Il devient ma\u00eetre de ses pas et de la route qu\u2019il choisit de prendre. Comme le papillon qui d\u00e9ploie ses ailes apr\u00e8s plusieurs semaines, et parfois m\u00eame plusieurs mois de confinement dans le cocon, le p\u00e8lerin savoure ce plaisir enivrant d\u2019\u00eatre libre de toute attache.<\/p>\n<p style=\"text-align: justify;\">Le privil\u00e8ge du p\u00e8lerin r\u00e9side dans son pouvoir de choisir. Son nouveau statut lui octroie d\u2019office le plein pouvoir d\u00e9cisionnel sur sa personne. Il n\u2019en tient qu\u2019\u00e0 lui d\u2019en faire bon usage et d\u2019avoir le courage et la force d\u2019affronter les m\u00e9canismes de protection qu\u2019il porte en lui et qui lui nuisent. <a href=\"https:\/\/i0.wp.com\/bottesetvelo.com\/blog\/wp-content\/uploads\/2015\/06\/2010-481.jpg?ssl=1\"><img data-recalc-dims=\"1\" loading=\"lazy\" decoding=\"async\" data-attachment-id=\"1876\" data-permalink=\"https:\/\/bottesetvelo.com\/blog\/2015\/06\/19\/le-pelerin-cet-epicurien\/2010-481-3\/\" data-orig-file=\"https:\/\/i0.wp.com\/bottesetvelo.com\/blog\/wp-content\/uploads\/2015\/06\/2010-481.jpg?fit=3648%2C2736&amp;ssl=1\" data-orig-size=\"3648,2736\" data-comments-opened=\"1\" data-image-meta=\"{&quot;aperture&quot;:&quot;3.5&quot;,&quot;credit&quot;:&quot;&quot;,&quot;camera&quot;:&quot;Canon PowerShot SD890 IS&quot;,&quot;caption&quot;:&quot;&quot;,&quot;created_timestamp&quot;:&quot;1280939816&quot;,&quot;copyright&quot;:&quot;&quot;,&quot;focal_length&quot;:&quot;7.753&quot;,&quot;iso&quot;:&quot;80&quot;,&quot;shutter_speed&quot;:&quot;0.005&quot;,&quot;title&quot;:&quot;&quot;,&quot;orientation&quot;:&quot;1&quot;}\" data-image-title=\"La Voie du St-Laurent &amp;#8211; Toronto\" data-image-description=\"\" data-image-caption=\"\" data-large-file=\"https:\/\/i0.wp.com\/bottesetvelo.com\/blog\/wp-content\/uploads\/2015\/06\/2010-481.jpg?fit=1024%2C768&amp;ssl=1\" class=\"alignright wp-image-1876\" src=\"https:\/\/i0.wp.com\/bottesetvelo.com\/blog\/wp-content\/uploads\/2015\/06\/2010-481.jpg?resize=300%2C225&#038;ssl=1\" alt=\"La Voie du St-Laurent - Toronto\" width=\"300\" height=\"225\" srcset=\"https:\/\/i0.wp.com\/bottesetvelo.com\/blog\/wp-content\/uploads\/2015\/06\/2010-481.jpg?resize=500%2C375&amp;ssl=1 500w, https:\/\/i0.wp.com\/bottesetvelo.com\/blog\/wp-content\/uploads\/2015\/06\/2010-481.jpg?resize=1024%2C768&amp;ssl=1 1024w, https:\/\/i0.wp.com\/bottesetvelo.com\/blog\/wp-content\/uploads\/2015\/06\/2010-481.jpg?w=2340&amp;ssl=1 2340w, https:\/\/i0.wp.com\/bottesetvelo.com\/blog\/wp-content\/uploads\/2015\/06\/2010-481.jpg?w=3510&amp;ssl=1 3510w\" sizes=\"auto, (max-width: 300px) 100vw, 300px\" \/><\/a>Sentiment de culpabilit\u00e9, altruisme exacerb\u00e9, comp\u00e9titivit\u00e9, contr\u00f4le de l\u2019image de soi projet\u00e9e, devoirs int\u00e9rioris\u00e9s et peurs sont autant de barri\u00e8res personnelles qui viennent tenter de contrecarrer l\u2019expression spontan\u00e9e de ce que le p\u00e8lerin souhaite vivre. Le p\u00e8lerin lui-m\u00eame est la principale limite \u00e0 sa latitude de mouvement, \u00e0 sa libert\u00e9. Tous ces enfermements qu\u2019il traine avec lui dans son bagage de vie, il devra apprendre \u00e0 les reconna\u00eetre, puis choisir de s\u2019en d\u00e9tacher ou de s\u2019en d\u00e9partir s\u2019il veut exp\u00e9rimenter sereinement la l\u00e9g\u00e8ret\u00e9 d\u2019\u00eatre libre.<\/p>\n<p style=\"text-align: justify;\">Comme le skieur acrobatique qui s\u2019entraine sur un trampoline avec un harnais avant de s\u2019\u00e9lancer sur le tremplin enneig\u00e9 de haute voltige, le p\u00e8lerin, sur le chemin de p\u00e8lerinage, apprend \u00e0 d\u00e9velopper les habilet\u00e9s qu\u2019il lui faudra ma\u00eetriser pour atteindre son sanctuaire et atterrir sur ses deux pieds. Pour le p\u00e8lerin, le vrai d\u00e9fi, s\u2019il veut continuer de vivre avec ce sentiment de libert\u00e9, sera d\u2019harmoniser son monde int\u00e9rieur avec celui de l\u2019ext\u00e9rieur tout en faisant preuve de souplesse et d\u2019agilit\u00e9. Il devra se rappeler qu\u2019il est l\u2019agent de changement, celui qui cr\u00e9e le mouvement, celui qui a le pouvoir de choisir. <a href=\"https:\/\/i0.wp.com\/bottesetvelo.com\/blog\/wp-content\/uploads\/2014\/01\/Bottes-et-V%C3%A9lo-Embl%C3%AAme.jpg?ssl=1\"><img data-recalc-dims=\"1\" loading=\"lazy\" decoding=\"async\" data-attachment-id=\"14\" data-permalink=\"https:\/\/bottesetvelo.com\/blog\/bottes-et-velo-le-blog\/bottes-et-velo-embleme\/\" data-orig-file=\"https:\/\/i0.wp.com\/bottesetvelo.com\/blog\/wp-content\/uploads\/2014\/01\/Bottes-et-V%C3%A9lo-Embl%C3%AAme-e1454083414631.jpg?fit=100%2C79&amp;ssl=1\" data-orig-size=\"100,79\" data-comments-opened=\"1\" data-image-meta=\"{&quot;aperture&quot;:&quot;0&quot;,&quot;credit&quot;:&quot;&quot;,&quot;camera&quot;:&quot;&quot;,&quot;caption&quot;:&quot;&quot;,&quot;created_timestamp&quot;:&quot;0&quot;,&quot;copyright&quot;:&quot;&quot;,&quot;focal_length&quot;:&quot;0&quot;,&quot;iso&quot;:&quot;0&quot;,&quot;shutter_speed&quot;:&quot;0&quot;,&quot;title&quot;:&quot;&quot;}\" data-image-title=\"Bottes et V\u00e9lo &amp;#8211; Embl\u00eame\" data-image-description=\"\" data-image-caption=\"\" data-large-file=\"https:\/\/i0.wp.com\/bottesetvelo.com\/blog\/wp-content\/uploads\/2014\/01\/Bottes-et-V%C3%A9lo-Embl%C3%AAme-e1454083414631.jpg?fit=100%2C79&amp;ssl=1\" class=\"alignright wp-image-14\" src=\"https:\/\/i0.wp.com\/bottesetvelo.com\/blog\/wp-content\/uploads\/2014\/01\/Bottes-et-V%C3%A9lo-Embl%C3%AAme.jpg?resize=82%2C65&#038;ssl=1\" alt=\"Bottes et V\u00e9lo - Embl\u00eame\" width=\"82\" height=\"65\" \/><\/a><\/p>\n<p style=\"text-align: justify;\">Brigitte Harouni<\/p>\n","protected":false},"excerpt":{"rendered":"<p>\u00c0 l&rsquo;instant o\u00f9 l&rsquo;esclave d\u00e9cide qu&rsquo;il ne sera plus esclave, ses cha\u00eenes tombent. Gandhi Le p\u00e8lerin qui avance sur sa route, son sac sur le dos, le pas l\u00e9ger apr\u00e8s tous ces kilom\u00e8tres d\u2019exp\u00e9rience, voyage avec l\u00e9g\u00e8ret\u00e9. Il croise sur sa route des villageois, des travailleurs, des vacanciers, des jeunes et des moins jeunes, et&hellip;<\/p>\n","protected":false},"author":2,"featured_media":0,"comment_status":"open","ping_status":"open","sticky":false,"template":"","format":"standard","meta":{"jetpack_post_was_ever_published":false,"_jetpack_newsletter_access":"","_jetpack_dont_email_post_to_subs":false,"_jetpack_newsletter_tier_id":0,"_jetpack_memberships_contains_paywalled_content":false,"_jetpack_memberships_contains_paid_content":false,"footnotes":"","jetpack_publicize_message":"","jetpack_publicize_feature_enabled":true,"jetpack_social_post_already_shared":true,"jetpack_social_options":{"image_generator_settings":{"template":"highway","default_image_id":0,"font":"","enabled":false},"version":2}},"categories":[39,166,171,3],"tags":[275,103,40,96,94],"class_list":["post-2206","post","type-post","status-publish","format-standard","hentry","category-croissance-personnelle","category-demarche-du-pelerin","category-pelerinage","category-reflexions","tag-art-de-vivre","tag-bien-etre","tag-croissance-personnelle-2","tag-qualite-de-vie","tag-vivre-simplement"],"jetpack_publicize_connections":[],"jetpack_featured_media_url":"","jetpack_shortlink":"https:\/\/wp.me\/p4eY6z-zA","jetpack_sharing_enabled":true,"jetpack_likes_enabled":true,"jetpack-related-posts":[],"_links":{"self":[{"href":"https:\/\/bottesetvelo.com\/blog\/wp-json\/wp\/v2\/posts\/2206","targetHints":{"allow":["GET"]}}],"collection":[{"href":"https:\/\/bottesetvelo.com\/blog\/wp-json\/wp\/v2\/posts"}],"about":[{"href":"https:\/\/bottesetvelo.com\/blog\/wp-json\/wp\/v2\/types\/post"}],"author":[{"embeddable":true,"href":"https:\/\/bottesetvelo.com\/blog\/wp-json\/wp\/v2\/users\/2"}],"replies":[{"embeddable":true,"href":"https:\/\/bottesetvelo.com\/blog\/wp-json\/wp\/v2\/comments?post=2206"}],"version-history":[{"count":3,"href":"https:\/\/bottesetvelo.com\/blog\/wp-json\/wp\/v2\/posts\/2206\/revisions"}],"predecessor-version":[{"id":2209,"href":"https:\/\/bottesetvelo.com\/blog\/wp-json\/wp\/v2\/posts\/2206\/revisions\/2209"}],"wp:attachment":[{"href":"https:\/\/bottesetvelo.com\/blog\/wp-json\/wp\/v2\/media?parent=2206"}],"wp:term":[{"taxonomy":"category","embeddable":true,"href":"https:\/\/bottesetvelo.com\/blog\/wp-json\/wp\/v2\/categories?post=2206"},{"taxonomy":"post_tag","embeddable":true,"href":"https:\/\/bottesetvelo.com\/blog\/wp-json\/wp\/v2\/tags?post=2206"}],"curies":[{"name":"wp","href":"https:\/\/api.w.org\/{rel}","templated":true}]}}