{"id":2194,"date":"2015-11-26T18:56:49","date_gmt":"2015-11-26T23:56:49","guid":{"rendered":"http:\/\/bottesetvelo.com\/blog\/?p=2194"},"modified":"2015-11-26T18:56:49","modified_gmt":"2015-11-26T23:56:49","slug":"bottes-et-velo-programmation-2016","status":"publish","type":"post","link":"https:\/\/bottesetvelo.com\/blog\/2015\/11\/26\/bottes-et-velo-programmation-2016\/","title":{"rendered":"Bottes et V\u00e9lo &#8211; Programmation 2016"},"content":{"rendered":"<h4><em><span style=\"color: #003366;\">Bottes et V\u00e9lo &#8211; le p\u00e8lerin dans tous ses \u00e9tats, vous a mijot\u00e9 une ann\u00e9e riche en activit\u00e9s de toutes sortes!<\/span><\/em><\/h4>\n<h4 style=\"text-align: center;\"><span style=\"color: #003366;\"><span style=\"color: #808000;\"><em>D\u00e9couvrez les grandes lignes de notre programmation 2016.<\/em><\/span><\/span><\/h4>\n<h5 style=\"text-align: center;\"><span style=\"color: #003366;\"><span style=\"color: #808000;\">Pour en apprendre davantage, visualisez le calendrier complet<br \/>\ndes activit\u00e9s de<\/span> <a href=\"http:\/\/bottesetvelo.com\/bottes-et-v%C3%A9lo---calendrier\">Bottes et V\u00e9lo &#8211; Programmation 2016<\/a>.<\/span><\/h5>\n<h5 style=\"padding-left: 30px;\"><a href=\"http:\/\/bottesetvelo.com\/bottes-et-v%C3%A9lo-activites\"><img data-recalc-dims=\"1\" loading=\"lazy\" decoding=\"async\" data-attachment-id=\"1849\" data-permalink=\"https:\/\/bottesetvelo.com\/blog\/ressourcement-et-pelerinage-chemin-kamouraska\/2015-06-14-08-30-56\/\" data-orig-file=\"https:\/\/i0.wp.com\/bottesetvelo.com\/blog\/wp-content\/uploads\/2015\/06\/2015-06-14-08.30.56.jpg?fit=1797%2C917&amp;ssl=1\" data-orig-size=\"1797,917\" data-comments-opened=\"1\" data-image-meta=\"{&quot;aperture&quot;:&quot;2.6&quot;,&quot;credit&quot;:&quot;&quot;,&quot;camera&quot;:&quot;SGH-I747M&quot;,&quot;caption&quot;:&quot;&quot;,&quot;created_timestamp&quot;:&quot;1434270656&quot;,&quot;copyright&quot;:&quot;&quot;,&quot;focal_length&quot;:&quot;3.7&quot;,&quot;iso&quot;:&quot;50&quot;,&quot;shutter_speed&quot;:&quot;0.00107296137339&quot;,&quot;title&quot;:&quot;&quot;,&quot;orientation&quot;:&quot;1&quot;}\" data-image-title=\"Bottes et V\u00e9lo &amp;#8211; Chemin Kamouraska\" data-image-description=\"\" data-image-caption=\"&lt;p&gt;Bottes et V\u00e9lo &amp;#8211; Chemin Kamouraska&lt;\/p&gt;\n\" data-large-file=\"https:\/\/i0.wp.com\/bottesetvelo.com\/blog\/wp-content\/uploads\/2015\/06\/2015-06-14-08.30.56.jpg?fit=1024%2C523&amp;ssl=1\" class=\"alignleft wp-image-1849\" src=\"https:\/\/i0.wp.com\/bottesetvelo.com\/blog\/wp-content\/uploads\/2015\/06\/2015-06-14-08.30.56.jpg?resize=250%2C128&#038;ssl=1\" alt=\"Bottes et V\u00e9lo - Chemin Kamouraska\" width=\"250\" height=\"128\" srcset=\"https:\/\/i0.wp.com\/bottesetvelo.com\/blog\/wp-content\/uploads\/2015\/06\/2015-06-14-08.30.56.jpg?resize=500%2C255&amp;ssl=1 500w, https:\/\/i0.wp.com\/bottesetvelo.com\/blog\/wp-content\/uploads\/2015\/06\/2015-06-14-08.30.56.jpg?resize=1024%2C523&amp;ssl=1 1024w, https:\/\/i0.wp.com\/bottesetvelo.com\/blog\/wp-content\/uploads\/2015\/06\/2015-06-14-08.30.56.jpg?w=1797&amp;ssl=1 1797w\" sizes=\"auto, (max-width: 250px) 100vw, 250px\" \/><\/a><em><span style=\"color: #800000;\">S\u00e9jours de marche:<\/span><\/em><br \/>\n<em><span style=\"color: #800000;\">Voyages et ressourcement \u00e0 travers le p\u00e8lerinage<\/span><\/em><\/h5>\n<p style=\"padding-left: 30px;\">Vivez l&rsquo;exp\u00e9rience du p\u00e8lerinage de longue randonn\u00e9e soutenu par une d\u00e9marche permettant d&rsquo;approfondir l&rsquo;exercice, le tout dans une spiritualit\u00e9 la\u00efque.<br \/>\n&#8211; <span style=\"color: #993300;\"><strong>Voyages de 8 \u00e0 16 jours de marche au Qu\u00e9bec et en Ontario.<\/strong><\/span><br \/>\n&#8211; S\u00e9jours de ressourcement : 2 jours de marche (Du vendredi soir au dimanche apr\u00e8s-midi.)<\/p>\n<h5 style=\"padding-left: 30px;\">\u00a0<a href=\"http:\/\/bottesetvelo.com\/bottes-et-v%C3%A9lo-activites\"><img data-recalc-dims=\"1\" loading=\"lazy\" decoding=\"async\" data-attachment-id=\"2023\" data-permalink=\"https:\/\/bottesetvelo.com\/blog\/2015\/08\/25\/les-ateliers-du-pelerin\/2015-03-21-09-41-02-2\/\" data-orig-file=\"https:\/\/i0.wp.com\/bottesetvelo.com\/blog\/wp-content\/uploads\/2015\/08\/2015-03-21-09.41.02-2.jpg?fit=3264%2C2035&amp;ssl=1\" data-orig-size=\"3264,2035\" data-comments-opened=\"1\" data-image-meta=\"{&quot;aperture&quot;:&quot;2.6&quot;,&quot;credit&quot;:&quot;&quot;,&quot;camera&quot;:&quot;SGH-I747M&quot;,&quot;caption&quot;:&quot;&quot;,&quot;created_timestamp&quot;:&quot;1426930862&quot;,&quot;copyright&quot;:&quot;&quot;,&quot;focal_length&quot;:&quot;3.7&quot;,&quot;iso&quot;:&quot;400&quot;,&quot;shutter_speed&quot;:&quot;0.0333333333333&quot;,&quot;title&quot;:&quot;&quot;,&quot;orientation&quot;:&quot;1&quot;}\" data-image-title=\"Ateliers du p\u00e8lerin\" data-image-description=\"\" data-image-caption=\"\" data-large-file=\"https:\/\/i0.wp.com\/bottesetvelo.com\/blog\/wp-content\/uploads\/2015\/08\/2015-03-21-09.41.02-2.jpg?fit=1024%2C638&amp;ssl=1\" class=\"alignleft wp-image-2023\" src=\"https:\/\/i0.wp.com\/bottesetvelo.com\/blog\/wp-content\/uploads\/2015\/08\/2015-03-21-09.41.02-2.jpg?resize=250%2C156&#038;ssl=1\" alt=\"Ateliers du p\u00e8lerin\" width=\"250\" height=\"156\" srcset=\"https:\/\/i0.wp.com\/bottesetvelo.com\/blog\/wp-content\/uploads\/2015\/08\/2015-03-21-09.41.02-2.jpg?resize=500%2C312&amp;ssl=1 500w, https:\/\/i0.wp.com\/bottesetvelo.com\/blog\/wp-content\/uploads\/2015\/08\/2015-03-21-09.41.02-2.jpg?resize=1024%2C638&amp;ssl=1 1024w, https:\/\/i0.wp.com\/bottesetvelo.com\/blog\/wp-content\/uploads\/2015\/08\/2015-03-21-09.41.02-2.jpg?w=2340&amp;ssl=1 2340w\" sizes=\"auto, (max-width: 250px) 100vw, 250px\" \/><\/a><em><span style=\"color: #003366;\">Une d\u00e9marche sans marche: Les Ateliers du P\u00e8lerin et les Weekends P\u00e8lerins<\/span><\/em><\/h5>\n<p style=\"padding-left: 30px;\">Exp\u00e9rimentez la d\u00e9marche p\u00e8lerine sans prendre les grands chemin!<br \/>\n\u00c0\u00a0 travers des rencontres hebdomadaires, ou un weekend intensif, venez vivre le d\u00e9placement int\u00e9rieur suscit\u00e9 par le p\u00e8lerinage de longue randonn\u00e9e.<\/p>\n<h5 style=\"padding-left: 30px;\"><a href=\"http:\/\/bottesetvelo.com\/bottes-et-v%C3%A9lo-activites\"><img data-recalc-dims=\"1\" loading=\"lazy\" decoding=\"async\" data-attachment-id=\"2198\" data-permalink=\"https:\/\/bottesetvelo.com\/blog\/2015\/11\/26\/bottes-et-velo-programmation-2016\/2015-03-21-11-13-36-2\/\" data-orig-file=\"https:\/\/i0.wp.com\/bottesetvelo.com\/blog\/wp-content\/uploads\/2015\/11\/2015-03-21-11.13.36-2-e1448580923627.jpg?fit=1100%2C561&amp;ssl=1\" data-orig-size=\"1100,561\" data-comments-opened=\"1\" data-image-meta=\"{&quot;aperture&quot;:&quot;2.8&quot;,&quot;credit&quot;:&quot;&quot;,&quot;camera&quot;:&quot;iPhone 4&quot;,&quot;caption&quot;:&quot;&quot;,&quot;created_timestamp&quot;:&quot;1426936416&quot;,&quot;copyright&quot;:&quot;&quot;,&quot;focal_length&quot;:&quot;3.85&quot;,&quot;iso&quot;:&quot;100&quot;,&quot;shutter_speed&quot;:&quot;0.0666666666667&quot;,&quot;title&quot;:&quot;&quot;,&quot;orientation&quot;:&quot;1&quot;}\" data-image-title=\"D\u00e9jeuenr-causerie\" data-image-description=\"\" data-image-caption=\"\" data-large-file=\"https:\/\/i0.wp.com\/bottesetvelo.com\/blog\/wp-content\/uploads\/2015\/11\/2015-03-21-11.13.36-2-e1448580923627.jpg?fit=1024%2C522&amp;ssl=1\" class=\"alignleft wp-image-2198\" src=\"https:\/\/i0.wp.com\/bottesetvelo.com\/blog\/wp-content\/uploads\/2015\/11\/2015-03-21-11.13.36-2-e1448580923627-500x255.jpg?resize=250%2C128&#038;ssl=1\" alt=\"\" width=\"250\" height=\"128\" srcset=\"https:\/\/i0.wp.com\/bottesetvelo.com\/blog\/wp-content\/uploads\/2015\/11\/2015-03-21-11.13.36-2-e1448580923627.jpg?resize=500%2C255&amp;ssl=1 500w, https:\/\/i0.wp.com\/bottesetvelo.com\/blog\/wp-content\/uploads\/2015\/11\/2015-03-21-11.13.36-2-e1448580923627.jpg?resize=1024%2C522&amp;ssl=1 1024w, https:\/\/i0.wp.com\/bottesetvelo.com\/blog\/wp-content\/uploads\/2015\/11\/2015-03-21-11.13.36-2-e1448580923627.jpg?w=1100&amp;ssl=1 1100w\" sizes=\"auto, (max-width: 250px) 100vw, 250px\" \/><\/a><em><span style=\"color: #808000;\">D\u00e9jeuners-causeries<\/span><\/em><\/h5>\n<p style=\"padding-left: 300px;\">Un moment d&rsquo;\u00e9change convivial sur le p\u00e8lerinage \u00e0 travers diff\u00e9rents th\u00e8mes \u00e0 caract\u00e8res plus techniques ou encore sur le sens de la d\u00e9marche p\u00e8lerine.<br \/>\n&#8211; Planifier son p\u00e8lerinage.<br \/>\n&#8211; Mon sac \u00e0 dos&#8230; reflet de mes ins\u00e9curit\u00e9s.<br \/>\n&#8211; S&rsquo;outiller pour p\u00e8leriner.<br \/>\nUne fois par mois de janvier \u00e0 avril et de septembre \u00e0 d\u00e9cembre.<\/p>\n<h5><span style=\"color: #003366;\"><em>Au plaisir de faire un bout de route avec vous!<\/em><\/span><a href=\"https:\/\/i0.wp.com\/bottesetvelo.com\/blog\/wp-content\/uploads\/2014\/01\/Bottes-et-V%C3%A9lo-Embl%C3%AAme.jpg?ssl=1\"><img data-recalc-dims=\"1\" loading=\"lazy\" decoding=\"async\" data-attachment-id=\"14\" data-permalink=\"https:\/\/bottesetvelo.com\/blog\/bottes-et-velo-le-blog\/bottes-et-velo-embleme\/\" data-orig-file=\"https:\/\/i0.wp.com\/bottesetvelo.com\/blog\/wp-content\/uploads\/2014\/01\/Bottes-et-V%C3%A9lo-Embl%C3%AAme-e1454083414631.jpg?fit=100%2C79&amp;ssl=1\" data-orig-size=\"100,79\" data-comments-opened=\"1\" data-image-meta=\"{&quot;aperture&quot;:&quot;0&quot;,&quot;credit&quot;:&quot;&quot;,&quot;camera&quot;:&quot;&quot;,&quot;caption&quot;:&quot;&quot;,&quot;created_timestamp&quot;:&quot;0&quot;,&quot;copyright&quot;:&quot;&quot;,&quot;focal_length&quot;:&quot;0&quot;,&quot;iso&quot;:&quot;0&quot;,&quot;shutter_speed&quot;:&quot;0&quot;,&quot;title&quot;:&quot;&quot;}\" data-image-title=\"Bottes et V\u00e9lo &amp;#8211; Embl\u00eame\" data-image-description=\"\" data-image-caption=\"\" data-large-file=\"https:\/\/i0.wp.com\/bottesetvelo.com\/blog\/wp-content\/uploads\/2014\/01\/Bottes-et-V%C3%A9lo-Embl%C3%AAme-e1454083414631.jpg?fit=100%2C79&amp;ssl=1\" class=\"alignright wp-image-14\" src=\"https:\/\/i0.wp.com\/bottesetvelo.com\/blog\/wp-content\/uploads\/2014\/01\/Bottes-et-V%C3%A9lo-Embl%C3%AAme.jpg?resize=95%2C74&#038;ssl=1\" alt=\"Bottes et V\u00e9lo - Embl\u00eame\" width=\"95\" height=\"74\" \/><\/a><\/h5>\n<p>\u00c9ric Lalibert\u00e9 et Brigitte Harouni<\/p>\n<p>&nbsp;<\/p>\n","protected":false},"excerpt":{"rendered":"<p>Bottes et V\u00e9lo &#8211; le p\u00e8lerin dans tous ses \u00e9tats, vous a mijot\u00e9 une ann\u00e9e riche en activit\u00e9s de toutes sortes! D\u00e9couvrez les grandes lignes de notre programmation 2016. Pour en apprendre davantage, visualisez le calendrier complet des activit\u00e9s de Bottes et V\u00e9lo &#8211; Programmation 2016. S\u00e9jours de marche: Voyages et ressourcement \u00e0 travers le&hellip;<\/p>\n","protected":false},"author":1,"featured_media":0,"comment_status":"open","ping_status":"open","sticky":false,"template":"","format":"standard","meta":{"jetpack_post_was_ever_published":false,"_jetpack_newsletter_access":"","_jetpack_dont_email_post_to_subs":false,"_jetpack_newsletter_tier_id":0,"_jetpack_memberships_contains_paywalled_content":false,"_jetpack_memberships_contains_paid_content":false,"footnotes":"","jetpack_publicize_message":"","jetpack_publicize_feature_enabled":true,"jetpack_social_post_already_shared":true,"jetpack_social_options":{"image_generator_settings":{"template":"highway","default_image_id":0,"font":"","enabled":false},"version":2}},"categories":[56,161,166,6,74,171,37,326],"tags":[275,40,135,168,41,68,327,96,19,20],"class_list":["post-2194","post","type-post","status-publish","format-standard","hentry","category-activites","category-dejeuner-causerie","category-demarche-du-pelerin","category-formations","category-la-voie-du-st-laurent","category-pelerinage","category-spiritualite-2","category-weekends-pelerins","tag-art-de-vivre","tag-croissance-personnelle-2","tag-dejeuners-causerie","tag-demarche-du-pelerin","tag-formation","tag-la-voie-du-saint-laurent","tag-programmation-2016","tag-qualite-de-vie","tag-randonnee","tag-spiritualite"],"jetpack_publicize_connections":[],"jetpack_featured_media_url":"","jetpack_shortlink":"https:\/\/wp.me\/p4eY6z-zo","jetpack_sharing_enabled":true,"jetpack_likes_enabled":true,"jetpack-related-posts":[],"_links":{"self":[{"href":"https:\/\/bottesetvelo.com\/blog\/wp-json\/wp\/v2\/posts\/2194","targetHints":{"allow":["GET"]}}],"collection":[{"href":"https:\/\/bottesetvelo.com\/blog\/wp-json\/wp\/v2\/posts"}],"about":[{"href":"https:\/\/bottesetvelo.com\/blog\/wp-json\/wp\/v2\/types\/post"}],"author":[{"embeddable":true,"href":"https:\/\/bottesetvelo.com\/blog\/wp-json\/wp\/v2\/users\/1"}],"replies":[{"embeddable":true,"href":"https:\/\/bottesetvelo.com\/blog\/wp-json\/wp\/v2\/comments?post=2194"}],"version-history":[{"count":10,"href":"https:\/\/bottesetvelo.com\/blog\/wp-json\/wp\/v2\/posts\/2194\/revisions"}],"predecessor-version":[{"id":2205,"href":"https:\/\/bottesetvelo.com\/blog\/wp-json\/wp\/v2\/posts\/2194\/revisions\/2205"}],"wp:attachment":[{"href":"https:\/\/bottesetvelo.com\/blog\/wp-json\/wp\/v2\/media?parent=2194"}],"wp:term":[{"taxonomy":"category","embeddable":true,"href":"https:\/\/bottesetvelo.com\/blog\/wp-json\/wp\/v2\/categories?post=2194"},{"taxonomy":"post_tag","embeddable":true,"href":"https:\/\/bottesetvelo.com\/blog\/wp-json\/wp\/v2\/tags?post=2194"}],"curies":[{"name":"wp","href":"https:\/\/api.w.org\/{rel}","templated":true}]}}