{"id":2181,"date":"2015-11-20T17:13:39","date_gmt":"2015-11-20T22:13:39","guid":{"rendered":"http:\/\/bottesetvelo.com\/blog\/?p=2181"},"modified":"2015-11-20T18:04:51","modified_gmt":"2015-11-20T23:04:51","slug":"violence-et-souffrance-sur-le-chemin-les-attentats-de-paris","status":"publish","type":"post","link":"https:\/\/bottesetvelo.com\/blog\/2015\/11\/20\/violence-et-souffrance-sur-le-chemin-les-attentats-de-paris\/","title":{"rendered":"Violence et souffrance sur le chemin : les attentats de Paris"},"content":{"rendered":"<h6 style=\"text-align: right;\"><strong><em>Il y a un lieu au-del\u00e0 du bien et du mal, c&rsquo;est l\u00e0 que je vous attends.<\/em><\/strong><br \/>\n<strong><em>R\u00fbmi, mystique soufi<\/em><\/strong><\/h6>\n<h5 style=\"text-align: justify;\"><span style=\"color: #003366;\">J\u2019ai mis toute la semaine \u00e0 me d\u00e9cider d\u2019\u00e9crire sur le sujet. Toute cette violence est une horreur et la souffrance qu\u2019elle engendre, bien pire encore. La violence \u00e9clate apr\u00e8s une longue souffrance. Elle frappe d\u2019un coup. La souffrance, elle, semble toujours s\u2019\u00e9terniser&#8230; <\/span><\/h5>\n<h5 style=\"text-align: justify;\"><span style=\"color: #003366;\">Peut-il exister pire souffrance, pire violence, que celle de souffrir sans raison, sans comprendre pourquoi?<\/span><\/h5>\n<p style=\"text-align: justify;\"><a href=\"https:\/\/i0.wp.com\/bottesetvelo.com\/blog\/wp-content\/uploads\/2015\/11\/Peace-for-Paris.jpg?ssl=1\"><img data-recalc-dims=\"1\" loading=\"lazy\" decoding=\"async\" data-attachment-id=\"2183\" data-permalink=\"https:\/\/bottesetvelo.com\/blog\/2015\/11\/20\/violence-et-souffrance-sur-le-chemin-les-attentats-de-paris\/peace-for-paris\/\" data-orig-file=\"https:\/\/i0.wp.com\/bottesetvelo.com\/blog\/wp-content\/uploads\/2015\/11\/Peace-for-Paris.jpg?fit=640%2C640&amp;ssl=1\" data-orig-size=\"640,640\" data-comments-opened=\"1\" data-image-meta=\"{&quot;aperture&quot;:&quot;0&quot;,&quot;credit&quot;:&quot;&quot;,&quot;camera&quot;:&quot;&quot;,&quot;caption&quot;:&quot;&quot;,&quot;created_timestamp&quot;:&quot;0&quot;,&quot;copyright&quot;:&quot;&quot;,&quot;focal_length&quot;:&quot;0&quot;,&quot;iso&quot;:&quot;0&quot;,&quot;shutter_speed&quot;:&quot;0&quot;,&quot;title&quot;:&quot;&quot;,&quot;orientation&quot;:&quot;0&quot;}\" data-image-title=\"Peace for Paris\" data-image-description=\"\" data-image-caption=\"\" data-large-file=\"https:\/\/i0.wp.com\/bottesetvelo.com\/blog\/wp-content\/uploads\/2015\/11\/Peace-for-Paris.jpg?fit=640%2C640&amp;ssl=1\" class=\"alignright wp-image-2183\" src=\"https:\/\/i0.wp.com\/bottesetvelo.com\/blog\/wp-content\/uploads\/2015\/11\/Peace-for-Paris.jpg?resize=300%2C300&#038;ssl=1\" alt=\"Peace for Paris\" width=\"300\" height=\"300\" srcset=\"https:\/\/i0.wp.com\/bottesetvelo.com\/blog\/wp-content\/uploads\/2015\/11\/Peace-for-Paris.jpg?resize=500%2C500&amp;ssl=1 500w, https:\/\/i0.wp.com\/bottesetvelo.com\/blog\/wp-content\/uploads\/2015\/11\/Peace-for-Paris.jpg?resize=150%2C150&amp;ssl=1 150w, https:\/\/i0.wp.com\/bottesetvelo.com\/blog\/wp-content\/uploads\/2015\/11\/Peace-for-Paris.jpg?w=640&amp;ssl=1 640w\" sizes=\"auto, (max-width: 300px) 100vw, 300px\" \/><\/a>Une semaine plus tard, nous sommes encore sous le choc et dans l\u2019incompr\u00e9hension, partag\u00e9s entre l\u2019inqui\u00e9tude et l\u2019envie de tout casser, de r\u00e9pondre sur le m\u00eame ton&#8230;<\/p>\n<p style=\"text-align: justify;\">Que faire avec cette violence, cette souffrance? Comment les entendre?<\/p>\n<p style=\"text-align: justify;\">Que ce soit sur le chemin de p\u00e8lerinage ou sur le chemin de la vie, les p\u00e8lerins que nous sommes c\u00f4toient la souffrance r\u00e9guli\u00e8rement. Que ce soit une souffrance physique ou une souffrance \u00e9motive, la souffrance est pr\u00e9sente d\u2019une mani\u00e8re ou d\u2019une autre et, chaque fois elle nous parle. Elle sonne l\u2019alarme d\u2019un mal \u00eatre. Douleur \u00e0 la hanche ou r\u00e9action \u00e9motive d\u00e9mesur\u00e9e, cri de col\u00e8re, la souffrance nous dit quelque chose. Elle nous renseigne de mani\u00e8re pr\u00e9cieuse sur l\u2019\u00e9tat de notre vie, de notre \u00eatre ensemble.<\/p>\n<p style=\"text-align: justify;\">Notre humanit\u00e9 est avant toute chose une exp\u00e9rience sensible inscrite dans notre chair. La souffrance permet de sentir, dans notre corps, qu\u2019il y a quelque chose qui ne fonctionne pas, que nous ne sommes plus sur la bonne voie. Elle est le signal qu\u2019il faut changer notre mani\u00e8re d\u2019\u00eatre, d\u2019agir et de penser; qu\u2019il faut changer de pas, faire une pause, corriger notre route; qu\u2019il faut sortir de nos ent\u00eatements, de nos enfermements. Le p\u00e8lerin qui a mal aux pieds doit s\u2019arr\u00eater et prendre le temps de se soigner pour corriger la situation, sinon cela ne fera qu\u2019empirer.<\/p>\n<p style=\"text-align: justify;\"><a href=\"https:\/\/i0.wp.com\/bottesetvelo.com\/blog\/wp-content\/uploads\/2015\/11\/IMG_1325.jpg?ssl=1\"><img data-recalc-dims=\"1\" loading=\"lazy\" decoding=\"async\" data-attachment-id=\"2184\" data-permalink=\"https:\/\/bottesetvelo.com\/blog\/2015\/11\/20\/violence-et-souffrance-sur-le-chemin-les-attentats-de-paris\/img_1325\/\" data-orig-file=\"https:\/\/i0.wp.com\/bottesetvelo.com\/blog\/wp-content\/uploads\/2015\/11\/IMG_1325.jpg?fit=2592%2C1936&amp;ssl=1\" data-orig-size=\"2592,1936\" data-comments-opened=\"1\" data-image-meta=\"{&quot;aperture&quot;:&quot;2.8&quot;,&quot;credit&quot;:&quot;&quot;,&quot;camera&quot;:&quot;iPhone 4&quot;,&quot;caption&quot;:&quot;&quot;,&quot;created_timestamp&quot;:&quot;1374658461&quot;,&quot;copyright&quot;:&quot;&quot;,&quot;focal_length&quot;:&quot;3.85&quot;,&quot;iso&quot;:&quot;80&quot;,&quot;shutter_speed&quot;:&quot;0.000596658711217&quot;,&quot;title&quot;:&quot;&quot;,&quot;orientation&quot;:&quot;1&quot;}\" data-image-title=\"Compostelle &amp;#8211; Camino Frances\" data-image-description=\"\" data-image-caption=\"\" data-large-file=\"https:\/\/i0.wp.com\/bottesetvelo.com\/blog\/wp-content\/uploads\/2015\/11\/IMG_1325.jpg?fit=1024%2C765&amp;ssl=1\" class=\"alignright wp-image-2184\" src=\"https:\/\/i0.wp.com\/bottesetvelo.com\/blog\/wp-content\/uploads\/2015\/11\/IMG_1325.jpg?resize=300%2C224&#038;ssl=1\" alt=\"Compostelle - Camino Frances\" width=\"300\" height=\"224\" srcset=\"https:\/\/i0.wp.com\/bottesetvelo.com\/blog\/wp-content\/uploads\/2015\/11\/IMG_1325.jpg?resize=500%2C373&amp;ssl=1 500w, https:\/\/i0.wp.com\/bottesetvelo.com\/blog\/wp-content\/uploads\/2015\/11\/IMG_1325.jpg?resize=1024%2C765&amp;ssl=1 1024w, https:\/\/i0.wp.com\/bottesetvelo.com\/blog\/wp-content\/uploads\/2015\/11\/IMG_1325.jpg?w=2340&amp;ssl=1 2340w\" sizes=\"auto, (max-width: 300px) 100vw, 300px\" \/><\/a>En ce moment, la souffrance qui se vit ne se compare pas du tout avec un mal de pied. Loin de l\u00e0! Mais ce n\u2019en est pas moins une souffrance. C\u2019est toute la France qui re\u00e7oit ce coup, sans comprendre, et la r\u00e9volte gronde en elle. C\u2019est normal! <strong>Ce qui est arriv\u00e9 est <em>inacceptable<\/em>!<\/strong><\/p>\n<p style=\"text-align: justify;\">En contrepartie, il y a tout un groupe d\u2019Islamistes qui se r\u00e9pand et s\u2019attise en violence parce qu\u2019ils souffrent aussi. On ne se comporte pas comme ils le font sans souffrance! Mais, ils souffrent de quoi? Nous ne le savons pas! Et c\u2019est l\u00e0 tout le probl\u00e8me! On n\u2019y comprend rien. On n\u2019y voit que violence et souffrance. L\u2019Islam nous appara\u00eet comme un fanatique, fou furieux, psychopathe. Pourtant, j\u2019ai plusieurs amis musulmans, vous en avez-vous aussi, et ils n\u2019ont pas du tout ces traits. Ce sont de bons amis, plein d\u2019amour et de g\u00e9n\u00e9rosit\u00e9, avec qui on rigole bien, sur qui on peut compter. L\u2019Islam que je connais est souriant et joyeux. Cette branche de l\u2019Islam, celle que nous voyons r\u00e9guli\u00e8rement au bulletin de nouvelles, nous renvoie un visage des musulmans qui n\u2019est pas celui de l\u2019Islam. <strong>L\u2019Islam bien portant ne se comporte pas ainsi. L\u2019Islam heureux ne s\u2019emporte pas avec une telle violence.<\/strong> Le mystique soufi, Hazrat Inayat Khan, nous dit : <span style=\"color: #003366;\"><em>\u00ab Ce n&rsquo;est pas notre situation dans la vie, mais notre attitude envers la vie qui nous rend heureux ou malheureux. \u00bb<\/em> <\/span><\/p>\n<p style=\"text-align: justify;\"><a href=\"https:\/\/i0.wp.com\/bottesetvelo.com\/blog\/wp-content\/uploads\/2015\/11\/IMG_1280-5.jpg?ssl=1\"><img data-recalc-dims=\"1\" loading=\"lazy\" decoding=\"async\" data-attachment-id=\"2185\" data-permalink=\"https:\/\/bottesetvelo.com\/blog\/2015\/11\/20\/violence-et-souffrance-sur-le-chemin-les-attentats-de-paris\/img_1280-5\/\" data-orig-file=\"https:\/\/i0.wp.com\/bottesetvelo.com\/blog\/wp-content\/uploads\/2015\/11\/IMG_1280-5.jpg?fit=3648%2C2736&amp;ssl=1\" data-orig-size=\"3648,2736\" data-comments-opened=\"1\" data-image-meta=\"{&quot;aperture&quot;:&quot;3.2&quot;,&quot;credit&quot;:&quot;&quot;,&quot;camera&quot;:&quot;Canon PowerShot SD890 IS&quot;,&quot;caption&quot;:&quot;&quot;,&quot;created_timestamp&quot;:&quot;1374563276&quot;,&quot;copyright&quot;:&quot;&quot;,&quot;focal_length&quot;:&quot;6.6&quot;,&quot;iso&quot;:&quot;250&quot;,&quot;shutter_speed&quot;:&quot;0.0166666666667&quot;,&quot;title&quot;:&quot;&quot;,&quot;orientation&quot;:&quot;1&quot;}\" data-image-title=\"Compostelle &amp;#8211; La croix de fer\" data-image-description=\"\" data-image-caption=\"\" data-large-file=\"https:\/\/i0.wp.com\/bottesetvelo.com\/blog\/wp-content\/uploads\/2015\/11\/IMG_1280-5.jpg?fit=1024%2C768&amp;ssl=1\" class=\"alignright wp-image-2185\" src=\"https:\/\/i0.wp.com\/bottesetvelo.com\/blog\/wp-content\/uploads\/2015\/11\/IMG_1280-5.jpg?resize=300%2C225&#038;ssl=1\" alt=\"Compostelle - La croix de fer\" width=\"300\" height=\"225\" srcset=\"https:\/\/i0.wp.com\/bottesetvelo.com\/blog\/wp-content\/uploads\/2015\/11\/IMG_1280-5.jpg?resize=500%2C375&amp;ssl=1 500w, https:\/\/i0.wp.com\/bottesetvelo.com\/blog\/wp-content\/uploads\/2015\/11\/IMG_1280-5.jpg?resize=1024%2C768&amp;ssl=1 1024w, https:\/\/i0.wp.com\/bottesetvelo.com\/blog\/wp-content\/uploads\/2015\/11\/IMG_1280-5.jpg?w=2340&amp;ssl=1 2340w, https:\/\/i0.wp.com\/bottesetvelo.com\/blog\/wp-content\/uploads\/2015\/11\/IMG_1280-5.jpg?w=3510&amp;ssl=1 3510w\" sizes=\"auto, (max-width: 300px) 100vw, 300px\" \/><\/a>Nos souffrances, nos col\u00e8res, nos violences nous parlent. Elles nous disent que nous ne sommes pas \u00e0 l\u2019\u00e9coute, que nous sommes en train de manquer le bateau, de passer \u00e0 c\u00f4t\u00e9 de la Vie. Celui qui entre en violence n\u2019entend plus la voix du Vivant qui murmure en lui. Le Dieu de l\u2019Islam n\u2019est pas un dieu de violence, c\u2019est le m\u00eame Dieu que celui des chr\u00e9tiens et des juifs. Le Dieu de l\u2019Islam est un Dieu d\u2019amour. Aujourd\u2019hui, avec l\u2019Islam, nous devons nous rappeler les paroles d\u2019amour de notre Dieu &#8211; qu\u2019on le nomme Allah, Yahv\u00e9 ou Adona\u00ef.<\/p>\n<p style=\"text-align: justify;\">Mettons-nous \u00e0 l\u2019\u00e9coute. Il n\u2019y a rien d\u2019autre \u00e0 faire, puisqu\u2019il n\u2019y a rien \u00e0 comprendre mais qu&rsquo;il y a tout \u00e0 entendre. Musulmans, juifs et chr\u00e9tiens doivent se mettre \u00e0 l\u2019\u00e9coute les uns des autres pour s\u2019opposer \u00e0 toute cette violence qui n\u2019est pas dans la volont\u00e9 de Dieu, de notre Dieu.<\/p>\n<p style=\"text-align: justify;\">\u00c0 la fin de sa vie, R\u00fbmi, un mystique persan et musulman, en arrivait \u00e0 cette conclusion : <span style=\"color: #003366;\"><em>\u00ab Hier, j&rsquo;\u00e9tais intelligent et je voulais changer le monde. Aujourd&rsquo;hui, je suis sage et je me change moi-m\u00eame. \u00bb<\/em><\/span> Soyons tous sage.<a href=\"https:\/\/i0.wp.com\/bottesetvelo.com\/blog\/wp-content\/uploads\/2014\/01\/Bottes-et-V%C3%A9lo-Embl%C3%AAme.jpg?ssl=1\"><img data-recalc-dims=\"1\" loading=\"lazy\" decoding=\"async\" data-attachment-id=\"14\" data-permalink=\"https:\/\/bottesetvelo.com\/blog\/bottes-et-velo-le-blog\/bottes-et-velo-embleme\/\" data-orig-file=\"https:\/\/i0.wp.com\/bottesetvelo.com\/blog\/wp-content\/uploads\/2014\/01\/Bottes-et-V%C3%A9lo-Embl%C3%AAme-e1454083414631.jpg?fit=100%2C79&amp;ssl=1\" data-orig-size=\"100,79\" data-comments-opened=\"1\" data-image-meta=\"{&quot;aperture&quot;:&quot;0&quot;,&quot;credit&quot;:&quot;&quot;,&quot;camera&quot;:&quot;&quot;,&quot;caption&quot;:&quot;&quot;,&quot;created_timestamp&quot;:&quot;0&quot;,&quot;copyright&quot;:&quot;&quot;,&quot;focal_length&quot;:&quot;0&quot;,&quot;iso&quot;:&quot;0&quot;,&quot;shutter_speed&quot;:&quot;0&quot;,&quot;title&quot;:&quot;&quot;}\" data-image-title=\"Bottes et V\u00e9lo &amp;#8211; Embl\u00eame\" data-image-description=\"\" data-image-caption=\"\" data-large-file=\"https:\/\/i0.wp.com\/bottesetvelo.com\/blog\/wp-content\/uploads\/2014\/01\/Bottes-et-V%C3%A9lo-Embl%C3%AAme-e1454083414631.jpg?fit=100%2C79&amp;ssl=1\" class=\"alignright wp-image-14\" src=\"https:\/\/i0.wp.com\/bottesetvelo.com\/blog\/wp-content\/uploads\/2014\/01\/Bottes-et-V%C3%A9lo-Embl%C3%AAme.jpg?resize=78%2C61&#038;ssl=1\" alt=\"Bottes et V\u00e9lo - Embl\u00eame\" width=\"78\" height=\"61\" \/><\/a><\/p>\n<p style=\"text-align: justify;\">\u00c9ric Lalibert\u00e9<\/p>\n","protected":false},"excerpt":{"rendered":"<p>Il y a un lieu au-del\u00e0 du bien et du mal, c&rsquo;est l\u00e0 que je vous attends. R\u00fbmi, mystique soufi J\u2019ai mis toute la semaine \u00e0 me d\u00e9cider d\u2019\u00e9crire sur le sujet. Toute cette violence est une horreur et la souffrance qu\u2019elle engendre, bien pire encore. La violence \u00e9clate apr\u00e8s une longue souffrance. Elle frappe&hellip;<\/p>\n","protected":false},"author":3,"featured_media":0,"comment_status":"open","ping_status":"open","sticky":false,"template":"","format":"standard","meta":{"jetpack_post_was_ever_published":false,"_jetpack_newsletter_access":"","_jetpack_dont_email_post_to_subs":false,"_jetpack_newsletter_tier_id":0,"_jetpack_memberships_contains_paywalled_content":false,"_jetpack_memberships_contains_paid_content":false,"footnotes":"","jetpack_publicize_message":"","jetpack_publicize_feature_enabled":true,"jetpack_social_post_already_shared":true,"jetpack_social_options":{"image_generator_settings":{"template":"highway","default_image_id":0,"font":"","enabled":false},"version":2}},"categories":[3],"tags":[323,103,109,324,124,325],"class_list":["post-2181","post","type-post","status-publish","format-standard","hentry","category-reflexions","tag-attentats-de-paris","tag-bien-etre","tag-bonheur","tag-islam","tag-souffrance","tag-violence"],"jetpack_publicize_connections":[],"jetpack_featured_media_url":"","jetpack_shortlink":"https:\/\/wp.me\/p4eY6z-zb","jetpack_sharing_enabled":true,"jetpack_likes_enabled":true,"jetpack-related-posts":[],"_links":{"self":[{"href":"https:\/\/bottesetvelo.com\/blog\/wp-json\/wp\/v2\/posts\/2181","targetHints":{"allow":["GET"]}}],"collection":[{"href":"https:\/\/bottesetvelo.com\/blog\/wp-json\/wp\/v2\/posts"}],"about":[{"href":"https:\/\/bottesetvelo.com\/blog\/wp-json\/wp\/v2\/types\/post"}],"author":[{"embeddable":true,"href":"https:\/\/bottesetvelo.com\/blog\/wp-json\/wp\/v2\/users\/3"}],"replies":[{"embeddable":true,"href":"https:\/\/bottesetvelo.com\/blog\/wp-json\/wp\/v2\/comments?post=2181"}],"version-history":[{"count":7,"href":"https:\/\/bottesetvelo.com\/blog\/wp-json\/wp\/v2\/posts\/2181\/revisions"}],"predecessor-version":[{"id":2192,"href":"https:\/\/bottesetvelo.com\/blog\/wp-json\/wp\/v2\/posts\/2181\/revisions\/2192"}],"wp:attachment":[{"href":"https:\/\/bottesetvelo.com\/blog\/wp-json\/wp\/v2\/media?parent=2181"}],"wp:term":[{"taxonomy":"category","embeddable":true,"href":"https:\/\/bottesetvelo.com\/blog\/wp-json\/wp\/v2\/categories?post=2181"},{"taxonomy":"post_tag","embeddable":true,"href":"https:\/\/bottesetvelo.com\/blog\/wp-json\/wp\/v2\/tags?post=2181"}],"curies":[{"name":"wp","href":"https:\/\/api.w.org\/{rel}","templated":true}]}}