{"id":2160,"date":"2015-11-06T17:00:37","date_gmt":"2015-11-06T22:00:37","guid":{"rendered":"http:\/\/bottesetvelo.com\/blog\/?p=2160"},"modified":"2015-11-06T17:05:01","modified_gmt":"2015-11-06T22:05:01","slug":"que-reste-t-il-de-compostelle","status":"publish","type":"post","link":"https:\/\/bottesetvelo.com\/blog\/2015\/11\/06\/que-reste-t-il-de-compostelle\/","title":{"rendered":"Que reste-t-il de Compostelle?"},"content":{"rendered":"<h6 class=\"figsco__fake__col-9\" style=\"text-align: right;\"><strong><em>Rien n&rsquo;est plus vivant qu&rsquo;un souvenir.<\/em><\/strong><br \/>\n<strong><em>Federico Garcia Lorca<\/em><\/strong><\/h6>\n<h5 style=\"text-align: justify;\"><span style=\"color: #003366;\">La saison du p\u00e8lerinage tire \u00e0 sa fin et la plupart des p\u00e8lerins sont de retour de Compostelle ou des autres chemins. Mis \u00e0 part quelques t\u00e9m\u00e9raires qui affronteront les premi\u00e8res neiges sur le Camino, la majorit\u00e9 est rentr\u00e9e et a d\u00e9j\u00e0 racont\u00e9 mille fois son odyss\u00e9e. Les yeux encore brillants, la t\u00eate charg\u00e9e de souvenirs, elle a rang\u00e9 son sac \u00e0 dos, tri\u00e9 ses photos, repris contact avec certains p\u00e8lerins, l\u2019\u00e9tincelle dans les yeux&#8230; le c\u0153ur nostalgique.<\/span><\/h5>\n<p style=\"text-align: justify;\">Puis, lentement, la vie a repris son cours. Le r\u00e9veil nous a rappel\u00e9 que ce n\u2019\u00e9tait plus le soleil qui rythmait nos journ\u00e9es, qu\u2019il y avait un horaire \u00e0 respecter et que mille corv\u00e9es nous attendaient. <a href=\"https:\/\/i0.wp.com\/bottesetvelo.com\/blog\/wp-content\/uploads\/2015\/11\/IMG_0987.jpg?ssl=1\"><img data-recalc-dims=\"1\" loading=\"lazy\" decoding=\"async\" data-attachment-id=\"2161\" data-permalink=\"https:\/\/bottesetvelo.com\/blog\/2015\/11\/06\/que-reste-t-il-de-compostelle\/img_0987-2\/\" data-orig-file=\"https:\/\/i0.wp.com\/bottesetvelo.com\/blog\/wp-content\/uploads\/2015\/11\/IMG_0987.jpg?fit=2592%2C1936&amp;ssl=1\" data-orig-size=\"2592,1936\" data-comments-opened=\"1\" data-image-meta=\"{&quot;aperture&quot;:&quot;2.8&quot;,&quot;credit&quot;:&quot;&quot;,&quot;camera&quot;:&quot;iPhone 4&quot;,&quot;caption&quot;:&quot;&quot;,&quot;created_timestamp&quot;:&quot;1373208533&quot;,&quot;copyright&quot;:&quot;&quot;,&quot;focal_length&quot;:&quot;3.85&quot;,&quot;iso&quot;:&quot;80&quot;,&quot;shutter_speed&quot;:&quot;0.000431034482759&quot;,&quot;title&quot;:&quot;&quot;,&quot;orientation&quot;:&quot;1&quot;}\" data-image-title=\"Compostelle &amp;#8211; Camino Frances\" data-image-description=\"\" data-image-caption=\"\" data-large-file=\"https:\/\/i0.wp.com\/bottesetvelo.com\/blog\/wp-content\/uploads\/2015\/11\/IMG_0987.jpg?fit=1024%2C765&amp;ssl=1\" class=\"alignright wp-image-2161\" src=\"https:\/\/i0.wp.com\/bottesetvelo.com\/blog\/wp-content\/uploads\/2015\/11\/IMG_0987.jpg?resize=300%2C224&#038;ssl=1\" alt=\"Compostelle - Camino Frances\" width=\"300\" height=\"224\" srcset=\"https:\/\/i0.wp.com\/bottesetvelo.com\/blog\/wp-content\/uploads\/2015\/11\/IMG_0987.jpg?resize=500%2C373&amp;ssl=1 500w, https:\/\/i0.wp.com\/bottesetvelo.com\/blog\/wp-content\/uploads\/2015\/11\/IMG_0987.jpg?resize=1024%2C765&amp;ssl=1 1024w, https:\/\/i0.wp.com\/bottesetvelo.com\/blog\/wp-content\/uploads\/2015\/11\/IMG_0987.jpg?w=2340&amp;ssl=1 2340w\" sizes=\"auto, (max-width: 300px) 100vw, 300px\" \/><\/a>Machinalement dans certains cas, difficilement pour quelques-uns, avec langueur pour plusieurs, nous avons r\u00e9int\u00e9gr\u00e9 la routine quotidienne mais le c\u0153ur n\u2019y \u00e9tait pas, n\u2019y \u00e9tait plus. Plus comme avant en tout cas\u2026 Comme si cette exp\u00e9rience du Camino avait r\u00e9v\u00e9l\u00e9 quelque chose de soi qui ne corresponde plus \u00e0 ce mode de vie, \u00e0 ce rythme.<\/p>\n<p style=\"text-align: justify;\">Plusieurs semaines se sont \u00e9coul\u00e9es maintenant et, malgr\u00e9 tout, la nostalgie nous rattrape \u00e0 l\u2019occasion. Elle nous surprend en ouvrant ce placard o\u00f9 nous avons rang\u00e9 nos b\u00e2tons ou, encore, lorsque nous passons devant cette photo, suspendue au mur, et que notre regard s\u2019y perd. Un simple regard et c\u2019est tout notre corps qui reprend la route.<\/p>\n<p style=\"text-align: justify;\">Ce chemin de terre sous ce ciel si bleu&#8230; <a href=\"https:\/\/i0.wp.com\/bottesetvelo.com\/blog\/wp-content\/uploads\/2015\/11\/IMG_1287-1.jpg?ssl=1\"><img data-recalc-dims=\"1\" loading=\"lazy\" decoding=\"async\" data-attachment-id=\"2167\" data-permalink=\"https:\/\/bottesetvelo.com\/blog\/2015\/11\/06\/que-reste-t-il-de-compostelle\/img_1287-1-2\/\" data-orig-file=\"https:\/\/i0.wp.com\/bottesetvelo.com\/blog\/wp-content\/uploads\/2015\/11\/IMG_1287-1.jpg?fit=3207%2C2316&amp;ssl=1\" data-orig-size=\"3207,2316\" data-comments-opened=\"1\" data-image-meta=\"{&quot;aperture&quot;:&quot;3.2&quot;,&quot;credit&quot;:&quot;&quot;,&quot;camera&quot;:&quot;Canon PowerShot SD890 IS&quot;,&quot;caption&quot;:&quot;&quot;,&quot;created_timestamp&quot;:&quot;1374570565&quot;,&quot;copyright&quot;:&quot;&quot;,&quot;focal_length&quot;:&quot;6.6&quot;,&quot;iso&quot;:&quot;100&quot;,&quot;shutter_speed&quot;:&quot;0.002&quot;,&quot;title&quot;:&quot;&quot;,&quot;orientation&quot;:&quot;1&quot;}\" data-image-title=\"Compsotelle &amp;#8211; Camino Frances\" data-image-description=\"\" data-image-caption=\"\" data-large-file=\"https:\/\/i0.wp.com\/bottesetvelo.com\/blog\/wp-content\/uploads\/2015\/11\/IMG_1287-1.jpg?fit=1024%2C740&amp;ssl=1\" class=\"alignright wp-image-2167\" src=\"https:\/\/i0.wp.com\/bottesetvelo.com\/blog\/wp-content\/uploads\/2015\/11\/IMG_1287-1.jpg?resize=300%2C217&#038;ssl=1\" alt=\"Compsotelle - Camino Frances\" width=\"300\" height=\"217\" srcset=\"https:\/\/i0.wp.com\/bottesetvelo.com\/blog\/wp-content\/uploads\/2015\/11\/IMG_1287-1.jpg?resize=500%2C361&amp;ssl=1 500w, https:\/\/i0.wp.com\/bottesetvelo.com\/blog\/wp-content\/uploads\/2015\/11\/IMG_1287-1.jpg?w=2340&amp;ssl=1 2340w\" sizes=\"auto, (max-width: 300px) 100vw, 300px\" \/><\/a><br \/>\nJe revois les vignes et les maisons aux toits d\u2019ardoises noires. J\u2019entends encore le bruit de mes pas sur la terre battue. Ma peau se rappelle les cuisants rayons du soleil et la sueur qui glissait sur ma nuque. Les champs, les montagnes, les villages, les couleurs, les fleurs, les gens, les sourires, tout me revient. Mes yeux n\u2019en finissent plus de tout avaler du regard, \u00e9blouis, \u00e9merveill\u00e9s. M\u00eame l\u2019odeur de Compostelle me monte au nez sans effort\u2026<\/p>\n<p style=\"text-align: justify;\">L\u2019envie de reprendre la route me revient aussit\u00f4t. Tout \u00e9tait si simple l\u00e0-bas!<br \/>\nPourquoi l\u00e0-bas et pas ici?<\/p>\n<p style=\"text-align: justify;\">Que me reste-t-il de cette longue marche, de ce moment qui a boulevers\u00e9 ma vie? O\u00f9 en suis-je aujourd\u2019hui? Ai-je r\u00e9ellement \u00e9t\u00e9 transform\u00e9 par le chemin? Me suis-je illusionn\u00e9, berc\u00e9 par l\u2019absence d\u2019obligation et l\u2019insouciance de ces journ\u00e9es sous le champ d\u2019\u00e9toiles ?<\/p>\n<p style=\"text-align: justify;\">Certainement pas! Ce que nous avons v\u00e9cu sur le Camino est bien r\u00e9el.<\/p>\n<p style=\"text-align: justify;\"><a href=\"https:\/\/i0.wp.com\/bottesetvelo.com\/blog\/wp-content\/uploads\/2015\/11\/IMG_1298.jpg?ssl=1\"><img data-recalc-dims=\"1\" loading=\"lazy\" decoding=\"async\" data-attachment-id=\"2168\" data-permalink=\"https:\/\/bottesetvelo.com\/blog\/2015\/11\/06\/que-reste-t-il-de-compostelle\/img_1298\/\" data-orig-file=\"https:\/\/i0.wp.com\/bottesetvelo.com\/blog\/wp-content\/uploads\/2015\/11\/IMG_1298.jpg?fit=2588%2C1935&amp;ssl=1\" data-orig-size=\"2588,1935\" data-comments-opened=\"1\" data-image-meta=\"{&quot;aperture&quot;:&quot;2.8&quot;,&quot;credit&quot;:&quot;&quot;,&quot;camera&quot;:&quot;iPhone 4&quot;,&quot;caption&quot;:&quot;&quot;,&quot;created_timestamp&quot;:&quot;1374579069&quot;,&quot;copyright&quot;:&quot;&quot;,&quot;focal_length&quot;:&quot;3.85&quot;,&quot;iso&quot;:&quot;80&quot;,&quot;shutter_speed&quot;:&quot;0.000895255147717&quot;,&quot;title&quot;:&quot;&quot;,&quot;orientation&quot;:&quot;1&quot;}\" data-image-title=\"Compostelle &amp;#8211; Camino Frances\" data-image-description=\"\" data-image-caption=\"\" data-large-file=\"https:\/\/i0.wp.com\/bottesetvelo.com\/blog\/wp-content\/uploads\/2015\/11\/IMG_1298.jpg?fit=1024%2C766&amp;ssl=1\" class=\"alignright wp-image-2168\" src=\"https:\/\/i0.wp.com\/bottesetvelo.com\/blog\/wp-content\/uploads\/2015\/11\/IMG_1298.jpg?resize=300%2C224&#038;ssl=1\" alt=\"Compostelle - Camino Frances\" width=\"300\" height=\"224\" srcset=\"https:\/\/i0.wp.com\/bottesetvelo.com\/blog\/wp-content\/uploads\/2015\/11\/IMG_1298.jpg?resize=500%2C374&amp;ssl=1 500w, https:\/\/i0.wp.com\/bottesetvelo.com\/blog\/wp-content\/uploads\/2015\/11\/IMG_1298.jpg?resize=1024%2C766&amp;ssl=1 1024w, https:\/\/i0.wp.com\/bottesetvelo.com\/blog\/wp-content\/uploads\/2015\/11\/IMG_1298.jpg?w=2340&amp;ssl=1 2340w\" sizes=\"auto, (max-width: 300px) 100vw, 300px\" \/><\/a>Le p\u00e8lerinage demande un effort, vous le savez. Il a fallu faire l\u2019effort de d\u00e9gager l\u2019espace, le temps n\u00e9cessaire pour partir. Et \u00e7a n\u2019a pas \u00e9t\u00e9 facile! On a mis parfois des ann\u00e9es avant de se d\u00e9cider, avant de trouver le moyen de passer \u00e0 l\u2019action. Il nous a fallu d\u00e9gager une plage horaire pour quitter \u2013 cinq semaines \u2013 le travail, la maison, les enfants, les obligations. Ce n\u2019est pas rien! Mais nous y sommes pourtant parvenus. Nous avons trouv\u00e9 l\u2019espace-temps n\u00e9cessaire pour r\u00e9pondre \u00e0 cet appel qui nous pressait de l\u2019int\u00e9rieur. Nous avons fait l\u2019effort et c\u2019est cet effort qui a fait en sorte que l\u2019exp\u00e9rience est devenue r\u00e9alit\u00e9. C\u2019est cet effort qui nous a transform\u00e9s. Ce n\u2019est pas arriv\u00e9 tout seul! C\u2019est arriv\u00e9 parce que j\u2019ai fait de la place dans ma vie pour que \u00e7a puisse arriver.<\/p>\n<p style=\"text-align: justify;\">Maintenant que nous sommes revenus, c\u2019est le m\u00eame effort qu\u2019il nous est demand\u00e9 de faire. Au retour, nous devons aussi faire de la place dans nos vies. Nous devons faire l\u2019effort de d\u00e9gager l\u2019espace et le temps n\u00e9cessaire pour que puisse germer la nouveaut\u00e9 que le chemin a sem\u00e9 en nous. Et cet effort pourrait demander autant d\u2019\u00e9nergie que ce qu\u2019il m\u2019a fallu pour me d\u00e9cider \u00e0 partir et me lancer sur le Camino\u2026 Mais \u00e7a en valait le coup! N\u2019est-ce pas?<\/p>\n<p style=\"text-align: justify;\"><a href=\"https:\/\/i0.wp.com\/bottesetvelo.com\/blog\/wp-content\/uploads\/2015\/11\/IMG_1266.jpg?ssl=1\"><img data-recalc-dims=\"1\" loading=\"lazy\" decoding=\"async\" data-attachment-id=\"2165\" data-permalink=\"https:\/\/bottesetvelo.com\/blog\/2015\/11\/06\/que-reste-t-il-de-compostelle\/img_1266-2\/\" data-orig-file=\"https:\/\/i0.wp.com\/bottesetvelo.com\/blog\/wp-content\/uploads\/2015\/11\/IMG_1266.jpg?fit=2592%2C1936&amp;ssl=1\" data-orig-size=\"2592,1936\" data-comments-opened=\"1\" data-image-meta=\"{&quot;aperture&quot;:&quot;2.8&quot;,&quot;credit&quot;:&quot;&quot;,&quot;camera&quot;:&quot;iPhone 4&quot;,&quot;caption&quot;:&quot;&quot;,&quot;created_timestamp&quot;:&quot;1374497476&quot;,&quot;copyright&quot;:&quot;&quot;,&quot;focal_length&quot;:&quot;3.85&quot;,&quot;iso&quot;:&quot;80&quot;,&quot;shutter_speed&quot;:&quot;0.00109409190372&quot;,&quot;title&quot;:&quot;&quot;,&quot;orientation&quot;:&quot;1&quot;}\" data-image-title=\"Compostelle &amp;#8211; Camino Frances\" data-image-description=\"\" data-image-caption=\"\" data-large-file=\"https:\/\/i0.wp.com\/bottesetvelo.com\/blog\/wp-content\/uploads\/2015\/11\/IMG_1266.jpg?fit=1024%2C765&amp;ssl=1\" class=\"alignright wp-image-2165\" src=\"https:\/\/i0.wp.com\/bottesetvelo.com\/blog\/wp-content\/uploads\/2015\/11\/IMG_1266.jpg?resize=300%2C224&#038;ssl=1\" alt=\"Compostelle - Camino Frances\" width=\"300\" height=\"224\" srcset=\"https:\/\/i0.wp.com\/bottesetvelo.com\/blog\/wp-content\/uploads\/2015\/11\/IMG_1266.jpg?resize=500%2C373&amp;ssl=1 500w, https:\/\/i0.wp.com\/bottesetvelo.com\/blog\/wp-content\/uploads\/2015\/11\/IMG_1266.jpg?resize=1024%2C765&amp;ssl=1 1024w, https:\/\/i0.wp.com\/bottesetvelo.com\/blog\/wp-content\/uploads\/2015\/11\/IMG_1266.jpg?w=2340&amp;ssl=1 2340w\" sizes=\"auto, (max-width: 300px) 100vw, 300px\" \/><\/a>Sur le chemin, mon corps a appris ce qu\u2019il d\u00e9sire, ce qui est bon pour lui, autant physiquement qu\u2019\u00e9motivement. Sur le chemin, nous \u00e9coutions ce qui se jouait en nous. Nous avons exp\u00e9riment\u00e9, go\u00fbt\u00e9 et ajust\u00e9 le tir en fonction de ce ressenti. Jour apr\u00e8s jour, nous avons pris le temps de nous harmoniser au rythme de la nature et de nos rencontres. Aujourd\u2019hui, ce ressenti je le connais, j\u2019en connais la saveur. Suis-je pr\u00eat \u00e0 faire confiance \u00e0 ce go\u00fbt que j\u2019ai d\u00e9velopp\u00e9 pour mon bien-\u00eatre? Suis-je pr\u00eat \u00e0 faire en sorte que chaque jour devienne une occasion de faire quelques pas dans la direction de ce mieux-\u00eatre que je d\u00e9sire pour ma vie?<\/p>\n<p style=\"text-align: justify;\"><strong><em>Prenons le temps de nous questionner\u2026<\/em><\/strong><br \/>\nAujourd\u2019hui, qu\u2019ai-je fait pour prendre soin de moi et g\u00e9rer mon temps de mani\u00e8re agr\u00e9able? Le matin, sur le camino, j\u2019appr\u00e9ciais le premier caf\u00e9 au coin de la premi\u00e8re terrasse; le lever du soleil dans le chant des oiseaux, les bains de pieds dans le ruisseau. Ici, ai-je fait de la place dans mon agenda pour tous ces petits plaisirs qui me rendent la vie agr\u00e9able ou si je les n\u00e9glige?<a href=\"https:\/\/i0.wp.com\/bottesetvelo.com\/blog\/wp-content\/uploads\/2015\/11\/IMG_1264.jpg?ssl=1\"><img data-recalc-dims=\"1\" loading=\"lazy\" decoding=\"async\" data-attachment-id=\"2163\" data-permalink=\"https:\/\/bottesetvelo.com\/blog\/2015\/11\/06\/que-reste-t-il-de-compostelle\/img_1264\/\" data-orig-file=\"https:\/\/i0.wp.com\/bottesetvelo.com\/blog\/wp-content\/uploads\/2015\/11\/IMG_1264.jpg?fit=2592%2C1936&amp;ssl=1\" data-orig-size=\"2592,1936\" data-comments-opened=\"1\" data-image-meta=\"{&quot;aperture&quot;:&quot;2.8&quot;,&quot;credit&quot;:&quot;&quot;,&quot;camera&quot;:&quot;iPhone 4&quot;,&quot;caption&quot;:&quot;&quot;,&quot;created_timestamp&quot;:&quot;1374487428&quot;,&quot;copyright&quot;:&quot;&quot;,&quot;focal_length&quot;:&quot;3.85&quot;,&quot;iso&quot;:&quot;80&quot;,&quot;shutter_speed&quot;:&quot;0.00205338809035&quot;,&quot;title&quot;:&quot;&quot;,&quot;orientation&quot;:&quot;1&quot;}\" data-image-title=\"Compostelle &amp;#8211; Camino Frances\" data-image-description=\"\" data-image-caption=\"\" data-large-file=\"https:\/\/i0.wp.com\/bottesetvelo.com\/blog\/wp-content\/uploads\/2015\/11\/IMG_1264.jpg?fit=1024%2C765&amp;ssl=1\" class=\"alignright wp-image-2163\" src=\"https:\/\/i0.wp.com\/bottesetvelo.com\/blog\/wp-content\/uploads\/2015\/11\/IMG_1264.jpg?resize=300%2C224&#038;ssl=1\" alt=\"Compostelle - Camino Frances\" width=\"300\" height=\"224\" srcset=\"https:\/\/i0.wp.com\/bottesetvelo.com\/blog\/wp-content\/uploads\/2015\/11\/IMG_1264.jpg?resize=500%2C373&amp;ssl=1 500w, https:\/\/i0.wp.com\/bottesetvelo.com\/blog\/wp-content\/uploads\/2015\/11\/IMG_1264.jpg?resize=1024%2C765&amp;ssl=1 1024w, https:\/\/i0.wp.com\/bottesetvelo.com\/blog\/wp-content\/uploads\/2015\/11\/IMG_1264.jpg?w=2340&amp;ssl=1 2340w\" sizes=\"auto, (max-width: 300px) 100vw, 300px\" \/><\/a><\/p>\n<p style=\"text-align: justify;\">Ai-je pris le temps d\u2019all\u00e9ger mon sac de vie de ce qui me p\u00e8se inutilement? C\u2019est bien beau vider son sac \u00e0 dos, mais mon sac de vie est souvent lourd lui aussi. Cette culpabilit\u00e9, ces jugements, ces vieilles histoires que je tra\u00eene pour rien. Ai-je pris le temps de faire le m\u00e9nage l\u00e0 aussi?<\/p>\n<p style=\"text-align: justify;\">Ai-je fait confiance \u00e0 mes capacit\u00e9s pour r\u00e9pondre \u00e0 mes besoins? Apr\u00e8s quelques jours sur le chemin, malgr\u00e9 la nouveaut\u00e9 des lieux et les difficult\u00e9s de la langue, j\u2019ai pu prendre conscience que je ne manquerais de rien et qu\u2019il y aurait toujours quelqu\u2019un pour m\u2019aider en cas de besoin. Ai-je la m\u00eame confiance envers la vie, ici?<\/p>\n<p style=\"text-align: justify;\"><a href=\"https:\/\/i0.wp.com\/bottesetvelo.com\/blog\/wp-content\/uploads\/2015\/11\/IMG_1280-6.jpg?ssl=1\"><img data-recalc-dims=\"1\" loading=\"lazy\" decoding=\"async\" data-attachment-id=\"2166\" data-permalink=\"https:\/\/bottesetvelo.com\/blog\/2015\/11\/06\/que-reste-t-il-de-compostelle\/img_1280-6-3\/\" data-orig-file=\"https:\/\/i0.wp.com\/bottesetvelo.com\/blog\/wp-content\/uploads\/2015\/11\/IMG_1280-6.jpg?fit=3648%2C2736&amp;ssl=1\" data-orig-size=\"3648,2736\" data-comments-opened=\"1\" data-image-meta=\"{&quot;aperture&quot;:&quot;3.2&quot;,&quot;credit&quot;:&quot;&quot;,&quot;camera&quot;:&quot;Canon PowerShot SD890 IS&quot;,&quot;caption&quot;:&quot;&quot;,&quot;created_timestamp&quot;:&quot;1374563302&quot;,&quot;copyright&quot;:&quot;&quot;,&quot;focal_length&quot;:&quot;6.6&quot;,&quot;iso&quot;:&quot;200&quot;,&quot;shutter_speed&quot;:&quot;0.0166666666667&quot;,&quot;title&quot;:&quot;&quot;,&quot;orientation&quot;:&quot;1&quot;}\" data-image-title=\"Compostelle &amp;#8211; Camino Frances\" data-image-description=\"\" data-image-caption=\"\" data-large-file=\"https:\/\/i0.wp.com\/bottesetvelo.com\/blog\/wp-content\/uploads\/2015\/11\/IMG_1280-6.jpg?fit=1024%2C768&amp;ssl=1\" class=\"alignright wp-image-2166\" src=\"https:\/\/i0.wp.com\/bottesetvelo.com\/blog\/wp-content\/uploads\/2015\/11\/IMG_1280-6.jpg?resize=300%2C225&#038;ssl=1\" alt=\"Compostelle - Camino Frances\" width=\"300\" height=\"225\" srcset=\"https:\/\/i0.wp.com\/bottesetvelo.com\/blog\/wp-content\/uploads\/2015\/11\/IMG_1280-6.jpg?resize=500%2C375&amp;ssl=1 500w, https:\/\/i0.wp.com\/bottesetvelo.com\/blog\/wp-content\/uploads\/2015\/11\/IMG_1280-6.jpg?resize=1024%2C768&amp;ssl=1 1024w, https:\/\/i0.wp.com\/bottesetvelo.com\/blog\/wp-content\/uploads\/2015\/11\/IMG_1280-6.jpg?w=2340&amp;ssl=1 2340w, https:\/\/i0.wp.com\/bottesetvelo.com\/blog\/wp-content\/uploads\/2015\/11\/IMG_1280-6.jpg?w=3510&amp;ssl=1 3510w\" sizes=\"auto, (max-width: 300px) 100vw, 300px\" \/><\/a>Ai-je \u00e9tabli de nouveaux rep\u00e8res ou suis-je revenu sur mes vieux sentiers? Sur le chemin, je n\u2019h\u00e9sitais pourtant pas \u00e0 changer de direction lorsque je r\u00e9alisais que je faisais fausse route. Qu\u2019en est-il de ma vie ici? Est-ce que je m\u2019ent\u00eate sur un chemin qui ne me m\u00e8ne pas l\u00e0 o\u00f9 je voudrais aller?<\/p>\n<p style=\"text-align: justify;\">Quel est l\u2019horizon de cette nouvelle vie que je veux tracer? Quelle promesse porte-t-elle? Ai-je pris le temps de formuler ma nouvelle destination de vie suite \u00e0 mon p\u00e8lerinage? Suis-je toujours en coh\u00e9rence avec l\u2019\u00e9lan de vie qui m\u2019habitait sur le chemin?<\/p>\n<p style=\"text-align: justify;\">Prenons le temps d\u2019y r\u00e9fl\u00e9chir. Prenons le temps d\u2019y mettre le temps. \u00c7a vaut le coup! C\u2019est tout de m\u00eame pour une vie meilleure\u2026<a href=\"https:\/\/i0.wp.com\/bottesetvelo.com\/blog\/wp-content\/uploads\/2014\/01\/Bottes-et-V%C3%A9lo-Embl%C3%AAme.jpg?ssl=1\"><img data-recalc-dims=\"1\" loading=\"lazy\" decoding=\"async\" data-attachment-id=\"14\" data-permalink=\"https:\/\/bottesetvelo.com\/blog\/bottes-et-velo-le-blog\/bottes-et-velo-embleme\/\" data-orig-file=\"https:\/\/i0.wp.com\/bottesetvelo.com\/blog\/wp-content\/uploads\/2014\/01\/Bottes-et-V%C3%A9lo-Embl%C3%AAme-e1454083414631.jpg?fit=100%2C79&amp;ssl=1\" data-orig-size=\"100,79\" data-comments-opened=\"1\" data-image-meta=\"{&quot;aperture&quot;:&quot;0&quot;,&quot;credit&quot;:&quot;&quot;,&quot;camera&quot;:&quot;&quot;,&quot;caption&quot;:&quot;&quot;,&quot;created_timestamp&quot;:&quot;0&quot;,&quot;copyright&quot;:&quot;&quot;,&quot;focal_length&quot;:&quot;0&quot;,&quot;iso&quot;:&quot;0&quot;,&quot;shutter_speed&quot;:&quot;0&quot;,&quot;title&quot;:&quot;&quot;}\" data-image-title=\"Bottes et V\u00e9lo &amp;#8211; Embl\u00eame\" data-image-description=\"\" data-image-caption=\"\" data-large-file=\"https:\/\/i0.wp.com\/bottesetvelo.com\/blog\/wp-content\/uploads\/2014\/01\/Bottes-et-V%C3%A9lo-Embl%C3%AAme-e1454083414631.jpg?fit=100%2C79&amp;ssl=1\" class=\"alignright wp-image-14\" src=\"https:\/\/i0.wp.com\/bottesetvelo.com\/blog\/wp-content\/uploads\/2014\/01\/Bottes-et-V%C3%A9lo-Embl%C3%AAme.jpg?resize=90%2C71&#038;ssl=1\" alt=\"Bottes et V\u00e9lo - Embl\u00eame\" width=\"90\" height=\"71\" \/><\/a><\/p>\n<p style=\"text-align: justify;\">\u00c9ric Lalibert\u00e9<\/p>\n","protected":false},"excerpt":{"rendered":"<p>Rien n&rsquo;est plus vivant qu&rsquo;un souvenir. Federico Garcia Lorca La saison du p\u00e8lerinage tire \u00e0 sa fin et la plupart des p\u00e8lerins sont de retour de Compostelle ou des autres chemins. Mis \u00e0 part quelques t\u00e9m\u00e9raires qui affronteront les premi\u00e8res neiges sur le Camino, la majorit\u00e9 est rentr\u00e9e et a d\u00e9j\u00e0 racont\u00e9 mille fois son&hellip;<\/p>\n","protected":false},"author":3,"featured_media":0,"comment_status":"open","ping_status":"open","sticky":false,"template":"","format":"standard","meta":{"jetpack_post_was_ever_published":false,"_jetpack_newsletter_access":"","_jetpack_dont_email_post_to_subs":false,"_jetpack_newsletter_tier_id":0,"_jetpack_memberships_contains_paywalled_content":false,"_jetpack_memberships_contains_paid_content":false,"footnotes":"","jetpack_publicize_message":"","jetpack_publicize_feature_enabled":true,"jetpack_social_post_already_shared":true,"jetpack_social_options":{"image_generator_settings":{"template":"highway","default_image_id":0,"font":"","enabled":false},"version":2}},"categories":[50,282,39,166,3,37],"tags":[320,80,40,168,13,151,96,20,321],"class_list":["post-2160","post","type-post","status-publish","format-standard","hentry","category-art-de-vivre","category-ateliers-du-pelerin","category-croissance-personnelle","category-demarche-du-pelerin","category-reflexions","category-spiritualite-2","tag-camino","tag-compostelle","tag-croissance-personnelle-2","tag-demarche-du-pelerin","tag-pelerinage","tag-prendre-le-temps","tag-qualite-de-vie","tag-spiritualite","tag-vivre-sa-vie"],"jetpack_publicize_connections":[],"jetpack_featured_media_url":"","jetpack_shortlink":"https:\/\/wp.me\/p4eY6z-yQ","jetpack_sharing_enabled":true,"jetpack_likes_enabled":true,"jetpack-related-posts":[],"_links":{"self":[{"href":"https:\/\/bottesetvelo.com\/blog\/wp-json\/wp\/v2\/posts\/2160","targetHints":{"allow":["GET"]}}],"collection":[{"href":"https:\/\/bottesetvelo.com\/blog\/wp-json\/wp\/v2\/posts"}],"about":[{"href":"https:\/\/bottesetvelo.com\/blog\/wp-json\/wp\/v2\/types\/post"}],"author":[{"embeddable":true,"href":"https:\/\/bottesetvelo.com\/blog\/wp-json\/wp\/v2\/users\/3"}],"replies":[{"embeddable":true,"href":"https:\/\/bottesetvelo.com\/blog\/wp-json\/wp\/v2\/comments?post=2160"}],"version-history":[{"count":2,"href":"https:\/\/bottesetvelo.com\/blog\/wp-json\/wp\/v2\/posts\/2160\/revisions"}],"predecessor-version":[{"id":2171,"href":"https:\/\/bottesetvelo.com\/blog\/wp-json\/wp\/v2\/posts\/2160\/revisions\/2171"}],"wp:attachment":[{"href":"https:\/\/bottesetvelo.com\/blog\/wp-json\/wp\/v2\/media?parent=2160"}],"wp:term":[{"taxonomy":"category","embeddable":true,"href":"https:\/\/bottesetvelo.com\/blog\/wp-json\/wp\/v2\/categories?post=2160"},{"taxonomy":"post_tag","embeddable":true,"href":"https:\/\/bottesetvelo.com\/blog\/wp-json\/wp\/v2\/tags?post=2160"}],"curies":[{"name":"wp","href":"https:\/\/api.w.org\/{rel}","templated":true}]}}