{"id":2142,"date":"2015-10-30T18:08:49","date_gmt":"2015-10-30T22:08:49","guid":{"rendered":"http:\/\/bottesetvelo.com\/blog\/?p=2142"},"modified":"2015-10-30T18:08:49","modified_gmt":"2015-10-30T22:08:49","slug":"marcher-pour-sapprendre","status":"publish","type":"post","link":"https:\/\/bottesetvelo.com\/blog\/2015\/10\/30\/marcher-pour-sapprendre\/","title":{"rendered":"Marcher pour s\u2019apprendre"},"content":{"rendered":"<h6 style=\"text-align: right;\"><em>Dans ma vie, j\u2019ai beaucoup appris par les livres.<br \/>\nJe ne pensais pas qu\u2019on pouvait en apprendre autant par les pieds,<\/em><br \/>\n<em> par ce mouvement si simple et r\u00e9p\u00e9titif des pieds!<\/em><br \/>\n<em> l\u2019abb\u00e9 G\u00e9rard Marier<\/em><\/h6>\n<h5 style=\"text-align: justify;\"><span style=\"color: #003366;\">Le p\u00e8lerin, celui qui s\u2019engage sur un chemin de Compostelle, souvent apr\u00e8s une longue p\u00e9riode d\u2019h\u00e9sitation et de n\u00e9gociations int\u00e9rieures, s\u2019engage autant dans une marche que dans une d\u00e9marche. Se lancer dans une telle aventure, c\u2019est accepter de l\u00e2cher prise sur son monde de connus et s\u2019engager, un pas \u00e0 la fois, sur le chemin de la d\u00e9couverte.<\/span><\/h5>\n<p style=\"text-align: justify;\"><a href=\"https:\/\/i0.wp.com\/bottesetvelo.com\/blog\/wp-content\/uploads\/2015\/10\/IMG_0991.jpg?ssl=1\"><img data-recalc-dims=\"1\" loading=\"lazy\" decoding=\"async\" data-attachment-id=\"2143\" data-permalink=\"https:\/\/bottesetvelo.com\/blog\/2015\/10\/30\/marcher-pour-sapprendre\/img_0991\/\" data-orig-file=\"https:\/\/i0.wp.com\/bottesetvelo.com\/blog\/wp-content\/uploads\/2015\/10\/IMG_0991.jpg?fit=1849%2C1945&amp;ssl=1\" data-orig-size=\"1849,1945\" data-comments-opened=\"1\" data-image-meta=\"{&quot;aperture&quot;:&quot;2.8&quot;,&quot;credit&quot;:&quot;&quot;,&quot;camera&quot;:&quot;iPhone 4&quot;,&quot;caption&quot;:&quot;&quot;,&quot;created_timestamp&quot;:&quot;1373209866&quot;,&quot;copyright&quot;:&quot;&quot;,&quot;focal_length&quot;:&quot;3.85&quot;,&quot;iso&quot;:&quot;80&quot;,&quot;shutter_speed&quot;:&quot;0.00149253731343&quot;,&quot;title&quot;:&quot;&quot;,&quot;orientation&quot;:&quot;1&quot;}\" data-image-title=\"Chemin de Compostelle &amp;#8211; Camino Frances\" data-image-description=\"\" data-image-caption=\"\" data-large-file=\"https:\/\/i0.wp.com\/bottesetvelo.com\/blog\/wp-content\/uploads\/2015\/10\/IMG_0991.jpg?fit=973%2C1024&amp;ssl=1\" class=\"alignright wp-image-2143\" src=\"https:\/\/i0.wp.com\/bottesetvelo.com\/blog\/wp-content\/uploads\/2015\/10\/IMG_0991.jpg?resize=285%2C300&#038;ssl=1\" alt=\"Chemin de Compostelle - Camino Frances\" width=\"285\" height=\"300\" srcset=\"https:\/\/i0.wp.com\/bottesetvelo.com\/blog\/wp-content\/uploads\/2015\/10\/IMG_0991.jpg?resize=475%2C500&amp;ssl=1 475w, https:\/\/i0.wp.com\/bottesetvelo.com\/blog\/wp-content\/uploads\/2015\/10\/IMG_0991.jpg?resize=973%2C1024&amp;ssl=1 973w, https:\/\/i0.wp.com\/bottesetvelo.com\/blog\/wp-content\/uploads\/2015\/10\/IMG_0991.jpg?w=1849&amp;ssl=1 1849w\" sizes=\"auto, (max-width: 285px) 100vw, 285px\" \/><\/a>Cette exp\u00e9rience de vie qu\u2019offre le p\u00e8lerinage am\u00e8ne l\u2019individu \u00e0 quitter presque l\u2019enti\u00e8ret\u00e9 de sa zone de confort. Tous ses rep\u00e8res sont \u00e0 red\u00e9finir. Il se retrouve entour\u00e9 de paysages nouveaux, baign\u00e9 dans une population ayant des habitudes de vie qui lui sont \u00e9trang\u00e8res, confront\u00e9 \u00e0 communiquer dans une langue qu\u2019il ne ma\u00eetrise pas, et d\u00e9termin\u00e9 \u00e0 voyager \u00e0 pied, activit\u00e9 qu\u2019il ne faisait pas aussi intens\u00e9ment avant. Cette \u00e9preuve que le p\u00e8lerin s\u2019impose est grande et les \u00e9tats \u00e9motionnels qu\u2019il traversera seront profonds et vari\u00e9s. Transportant avec lui un simple bagage, seule trace de son monde ant\u00e9rieur, il part affronter ses craintes et d\u00e9couvrir les plaisirs d\u2019une autre vie. Comme tout bon explorateur qui s\u2019appr\u00eate \u00e0 vivre une exp\u00e9dition parsem\u00e9e d\u2019impr\u00e9vus, le p\u00e8lerin a soigneusement r\u00e9fl\u00e9chi son bagage.<a href=\"https:\/\/i0.wp.com\/bottesetvelo.com\/blog\/wp-content\/uploads\/2015\/10\/IMG_1031.jpg?ssl=1\"><img data-recalc-dims=\"1\" loading=\"lazy\" decoding=\"async\" data-attachment-id=\"2144\" data-permalink=\"https:\/\/bottesetvelo.com\/blog\/2015\/10\/30\/marcher-pour-sapprendre\/img_1031\/\" data-orig-file=\"https:\/\/i0.wp.com\/bottesetvelo.com\/blog\/wp-content\/uploads\/2015\/10\/IMG_1031.jpg?fit=2572%2C1910&amp;ssl=1\" data-orig-size=\"2572,1910\" data-comments-opened=\"1\" data-image-meta=\"{&quot;aperture&quot;:&quot;2.8&quot;,&quot;credit&quot;:&quot;&quot;,&quot;camera&quot;:&quot;iPhone 4&quot;,&quot;caption&quot;:&quot;&quot;,&quot;created_timestamp&quot;:&quot;1373355426&quot;,&quot;copyright&quot;:&quot;&quot;,&quot;focal_length&quot;:&quot;3.85&quot;,&quot;iso&quot;:&quot;80&quot;,&quot;shutter_speed&quot;:&quot;0.000895255147717&quot;,&quot;title&quot;:&quot;&quot;,&quot;orientation&quot;:&quot;1&quot;}\" data-image-title=\"Chemin de Compostelle &amp;#8211; Camino Frances\" data-image-description=\"\" data-image-caption=\"\" data-large-file=\"https:\/\/i0.wp.com\/bottesetvelo.com\/blog\/wp-content\/uploads\/2015\/10\/IMG_1031.jpg?fit=1024%2C760&amp;ssl=1\" class=\"wp-image-2144 alignleft\" src=\"https:\/\/i0.wp.com\/bottesetvelo.com\/blog\/wp-content\/uploads\/2015\/10\/IMG_1031.jpg?resize=300%2C223&#038;ssl=1\" alt=\"Chemin de Compostelle - Camino Frances\" width=\"300\" height=\"223\" srcset=\"https:\/\/i0.wp.com\/bottesetvelo.com\/blog\/wp-content\/uploads\/2015\/10\/IMG_1031.jpg?resize=500%2C371&amp;ssl=1 500w, https:\/\/i0.wp.com\/bottesetvelo.com\/blog\/wp-content\/uploads\/2015\/10\/IMG_1031.jpg?resize=1024%2C760&amp;ssl=1 1024w, https:\/\/i0.wp.com\/bottesetvelo.com\/blog\/wp-content\/uploads\/2015\/10\/IMG_1031.jpg?w=2340&amp;ssl=1 2340w\" sizes=\"auto, (max-width: 300px) 100vw, 300px\" \/><\/a> Son sac \u00e0 dos contient ce qui \u00e0 prime abord lui semble \u00eatre l\u2019essentiel pour bien vivre l\u2019aventure et faire face aux al\u00e9as du chemin. <strong>Ce qu\u2019il d\u00e9couvrira en chemin, c\u2019est que ce sac \u00e0 dos n\u2019est pas bien diff\u00e9rent de l\u2019ourson en peluche que l\u2019enfant traine avec lui comme son meilleur ami.<\/strong> Car ce bagage n\u2019est qu\u2019une s\u00e9curit\u00e9 mat\u00e9rielle. Le meilleur bagage du p\u00e8lerin est en lui.<\/p>\n<p style=\"text-align: justify;\"><a href=\"https:\/\/i0.wp.com\/bottesetvelo.com\/blog\/wp-content\/uploads\/2015\/10\/IMG_1229-1.jpg?ssl=1\"><img data-recalc-dims=\"1\" loading=\"lazy\" decoding=\"async\" data-attachment-id=\"2145\" data-permalink=\"https:\/\/bottesetvelo.com\/blog\/2015\/10\/30\/marcher-pour-sapprendre\/img_1229-1\/\" data-orig-file=\"https:\/\/i0.wp.com\/bottesetvelo.com\/blog\/wp-content\/uploads\/2015\/10\/IMG_1229-1.jpg?fit=2604%2C3552&amp;ssl=1\" data-orig-size=\"2604,3552\" data-comments-opened=\"1\" data-image-meta=\"{&quot;aperture&quot;:&quot;5.6&quot;,&quot;credit&quot;:&quot;&quot;,&quot;camera&quot;:&quot;Canon PowerShot SD890 IS&quot;,&quot;caption&quot;:&quot;&quot;,&quot;created_timestamp&quot;:&quot;1374398794&quot;,&quot;copyright&quot;:&quot;&quot;,&quot;focal_length&quot;:&quot;27.969&quot;,&quot;iso&quot;:&quot;80&quot;,&quot;shutter_speed&quot;:&quot;0.0015625&quot;,&quot;title&quot;:&quot;&quot;,&quot;orientation&quot;:&quot;1&quot;}\" data-image-title=\"Chemin de Compostelle &amp;#8211; Camino Frances\" data-image-description=\"\" data-image-caption=\"\" data-large-file=\"https:\/\/i0.wp.com\/bottesetvelo.com\/blog\/wp-content\/uploads\/2015\/10\/IMG_1229-1.jpg?fit=751%2C1024&amp;ssl=1\" class=\"alignright wp-image-2145\" src=\"https:\/\/i0.wp.com\/bottesetvelo.com\/blog\/wp-content\/uploads\/2015\/10\/IMG_1229-1.jpg?resize=220%2C300&#038;ssl=1\" alt=\"Chemin de Compostelle - Camino Frances\" width=\"220\" height=\"300\" srcset=\"https:\/\/i0.wp.com\/bottesetvelo.com\/blog\/wp-content\/uploads\/2015\/10\/IMG_1229-1.jpg?resize=367%2C500&amp;ssl=1 367w, https:\/\/i0.wp.com\/bottesetvelo.com\/blog\/wp-content\/uploads\/2015\/10\/IMG_1229-1.jpg?resize=751%2C1024&amp;ssl=1 751w, https:\/\/i0.wp.com\/bottesetvelo.com\/blog\/wp-content\/uploads\/2015\/10\/IMG_1229-1.jpg?w=2340&amp;ssl=1 2340w\" sizes=\"auto, (max-width: 220px) 100vw, 220px\" \/><\/a>Le p\u00e8lerinage est un long stage d\u2019apprentissage, une mise en situation pour vivre un changement. Le p\u00e8lerin qui semble pourtant voyager l\u00e9ger, transporte en lui tout un bagage d\u2019exp\u00e9riences de vie, de connaissances, d\u2019aptitudes et de qualit\u00e9s. Autant d\u2019outils qui lui seront utiles tout au long de sa marche. Le p\u00e8lerin, se retrouvant dans un contexte particuli\u00e8rement d\u00e9routant, n\u2019a d\u2019autre choix que de faire appel \u00e0 ses ressources int\u00e9rieures. Chaque journ\u00e9e apportant son lot d\u2019\u00e9preuves, grandes ou petites, le p\u00e8lerin d\u00e9couvre l\u2019\u00e9tendue et l\u2019\u00e9ventail de ses capacit\u00e9s. Certaines forces \u00e9taient d\u00e9j\u00e0 bien pr\u00e9sentes et connues dans son autre monde, mais d\u2019autres l\u2019\u00e9taient moins, voire m\u00eame pas du tout, le contexte de vie permettant moins leur actualisation. Seul, sans pour autant \u00eatre isol\u00e9 des autres, le p\u00e8lerin apprend \u00e0 compter sur lui-m\u00eame. Au fil des jours, le p\u00e8lerin commence \u00e0 se red\u00e9finir une nouvelle zone de confort. Comme tout individu confront\u00e9 \u00e0 un changement, comme tout apprenant face \u00e0 un nouveau concept, le p\u00e8lerin \u00e9volue, un pas \u00e0 la fois, vers la ma\u00eetrise des nouveaux param\u00e8tres de cette r\u00e9alit\u00e9. Il observe, exp\u00e9rimente, analyse, vit des r\u00e9ussites et des \u00e9checs. Et malgr\u00e9 les d\u00e9fis, il avance sur sa route, se consolide, prend de l\u2019assurance et prend plaisir \u00e0 savourer son nouveau confort.<\/p>\n<p style=\"text-align: justify;\"><a href=\"https:\/\/i0.wp.com\/bottesetvelo.com\/blog\/wp-content\/uploads\/2015\/10\/IMG_1370-6.jpg?ssl=1\"><img data-recalc-dims=\"1\" loading=\"lazy\" decoding=\"async\" data-attachment-id=\"2146\" data-permalink=\"https:\/\/bottesetvelo.com\/blog\/2015\/10\/30\/marcher-pour-sapprendre\/img_1370-6\/\" data-orig-file=\"https:\/\/i0.wp.com\/bottesetvelo.com\/blog\/wp-content\/uploads\/2015\/10\/IMG_1370-6.jpg?fit=2117%2C3126&amp;ssl=1\" data-orig-size=\"2117,3126\" data-comments-opened=\"1\" data-image-meta=\"{&quot;aperture&quot;:&quot;3.2&quot;,&quot;credit&quot;:&quot;&quot;,&quot;camera&quot;:&quot;Canon PowerShot SD890 IS&quot;,&quot;caption&quot;:&quot;&quot;,&quot;created_timestamp&quot;:&quot;1374836265&quot;,&quot;copyright&quot;:&quot;&quot;,&quot;focal_length&quot;:&quot;6.6&quot;,&quot;iso&quot;:&quot;400&quot;,&quot;shutter_speed&quot;:&quot;0.0166666666667&quot;,&quot;title&quot;:&quot;&quot;,&quot;orientation&quot;:&quot;1&quot;}\" data-image-title=\"Chemin de Compostelle &amp;#8211; Camino Frances\" data-image-description=\"\" data-image-caption=\"\" data-large-file=\"https:\/\/i0.wp.com\/bottesetvelo.com\/blog\/wp-content\/uploads\/2015\/10\/IMG_1370-6.jpg?fit=693%2C1024&amp;ssl=1\" class=\"alignleft wp-image-2146\" src=\"https:\/\/i0.wp.com\/bottesetvelo.com\/blog\/wp-content\/uploads\/2015\/10\/IMG_1370-6.jpg?resize=203%2C300&#038;ssl=1\" alt=\"Chemin de Compostelle - Camino Frances\" width=\"203\" height=\"300\" srcset=\"https:\/\/i0.wp.com\/bottesetvelo.com\/blog\/wp-content\/uploads\/2015\/10\/IMG_1370-6.jpg?resize=339%2C500&amp;ssl=1 339w, https:\/\/i0.wp.com\/bottesetvelo.com\/blog\/wp-content\/uploads\/2015\/10\/IMG_1370-6.jpg?resize=693%2C1024&amp;ssl=1 693w\" sizes=\"auto, (max-width: 203px) 100vw, 203px\" \/><\/a>Au terme de cette exp\u00e9rience de vie, le p\u00e8lerin revient grandit. Au-del\u00e0 des apprentissages concrets, le p\u00e8lerin revient plus conscient de son potentiel de r\u00e9alisation. Ce p\u00e9riple permet \u00e0 l\u2019individu de constater ses capacit\u00e9s \u00e0 survivre \u00e0 un tumulte dans sa vie, lui montre qu\u2019il a tout ce qu\u2019il faut dans son bagage int\u00e9rieur pour passer \u00e0 travers les \u00e9preuves de la vie, l\u2019outille pour faire face au changement avec confiance. Le p\u00e8lerin rapporte certes beaucoup de photos et de souvenirs de son voyage, mais il rapporte aussi une panoplie d\u2019habilet\u00e9s, d\u2019aptitudes et d\u2019exp\u00e9riences qui s\u2019ajoutent \u00e0 son bagage personnel d\u2019avant-p\u00e8lerinage et enrichissent sa personne d\u2019une richesse sans prix!<a href=\"https:\/\/i0.wp.com\/bottesetvelo.com\/blog\/wp-content\/uploads\/2014\/01\/Bottes-et-V%C3%A9lo-Embl%C3%AAme.jpg?ssl=1\"><img data-recalc-dims=\"1\" loading=\"lazy\" decoding=\"async\" data-attachment-id=\"14\" data-permalink=\"https:\/\/bottesetvelo.com\/blog\/bottes-et-velo-le-blog\/bottes-et-velo-embleme\/\" data-orig-file=\"https:\/\/i0.wp.com\/bottesetvelo.com\/blog\/wp-content\/uploads\/2014\/01\/Bottes-et-V%C3%A9lo-Embl%C3%AAme-e1454083414631.jpg?fit=100%2C79&amp;ssl=1\" data-orig-size=\"100,79\" data-comments-opened=\"1\" data-image-meta=\"{&quot;aperture&quot;:&quot;0&quot;,&quot;credit&quot;:&quot;&quot;,&quot;camera&quot;:&quot;&quot;,&quot;caption&quot;:&quot;&quot;,&quot;created_timestamp&quot;:&quot;0&quot;,&quot;copyright&quot;:&quot;&quot;,&quot;focal_length&quot;:&quot;0&quot;,&quot;iso&quot;:&quot;0&quot;,&quot;shutter_speed&quot;:&quot;0&quot;,&quot;title&quot;:&quot;&quot;}\" data-image-title=\"Bottes et V\u00e9lo &amp;#8211; Embl\u00eame\" data-image-description=\"\" data-image-caption=\"\" data-large-file=\"https:\/\/i0.wp.com\/bottesetvelo.com\/blog\/wp-content\/uploads\/2014\/01\/Bottes-et-V%C3%A9lo-Embl%C3%AAme-e1454083414631.jpg?fit=100%2C79&amp;ssl=1\" class=\"alignright wp-image-14\" src=\"https:\/\/i0.wp.com\/bottesetvelo.com\/blog\/wp-content\/uploads\/2014\/01\/Bottes-et-V%C3%A9lo-Embl%C3%AAme.jpg?resize=60%2C47&#038;ssl=1\" alt=\"Bottes et V\u00e9lo - Embl\u00eame\" width=\"60\" height=\"47\" \/><\/a><\/p>\n<p>Brigitte Harouni<\/p>\n","protected":false},"excerpt":{"rendered":"<p>Dans ma vie, j\u2019ai beaucoup appris par les livres. Je ne pensais pas qu\u2019on pouvait en apprendre autant par les pieds, par ce mouvement si simple et r\u00e9p\u00e9titif des pieds! l\u2019abb\u00e9 G\u00e9rard Marier Le p\u00e8lerin, celui qui s\u2019engage sur un chemin de Compostelle, souvent apr\u00e8s une longue p\u00e9riode d\u2019h\u00e9sitation et de n\u00e9gociations int\u00e9rieures, s\u2019engage autant&hellip;<\/p>\n","protected":false},"author":2,"featured_media":0,"comment_status":"open","ping_status":"open","sticky":false,"template":"","format":"standard","meta":{"jetpack_post_was_ever_published":false,"_jetpack_newsletter_access":"","_jetpack_dont_email_post_to_subs":false,"_jetpack_newsletter_tier_id":0,"_jetpack_memberships_contains_paywalled_content":false,"_jetpack_memberships_contains_paid_content":false,"footnotes":"","jetpack_publicize_message":"","jetpack_publicize_feature_enabled":true,"jetpack_social_post_already_shared":true,"jetpack_social_options":{"image_generator_settings":{"template":"highway","default_image_id":0,"font":"","enabled":false},"version":2}},"categories":[50,39,166],"tags":[275,40,168,314,121],"class_list":["post-2142","post","type-post","status-publish","format-standard","hentry","category-art-de-vivre","category-croissance-personnelle","category-demarche-du-pelerin","tag-art-de-vivre","tag-croissance-personnelle-2","tag-demarche-du-pelerin","tag-epanouissement","tag-zone-de-confort"],"jetpack_publicize_connections":[],"jetpack_featured_media_url":"","jetpack_shortlink":"https:\/\/wp.me\/p4eY6z-yy","jetpack_sharing_enabled":true,"jetpack_likes_enabled":true,"jetpack-related-posts":[],"_links":{"self":[{"href":"https:\/\/bottesetvelo.com\/blog\/wp-json\/wp\/v2\/posts\/2142","targetHints":{"allow":["GET"]}}],"collection":[{"href":"https:\/\/bottesetvelo.com\/blog\/wp-json\/wp\/v2\/posts"}],"about":[{"href":"https:\/\/bottesetvelo.com\/blog\/wp-json\/wp\/v2\/types\/post"}],"author":[{"embeddable":true,"href":"https:\/\/bottesetvelo.com\/blog\/wp-json\/wp\/v2\/users\/2"}],"replies":[{"embeddable":true,"href":"https:\/\/bottesetvelo.com\/blog\/wp-json\/wp\/v2\/comments?post=2142"}],"version-history":[{"count":7,"href":"https:\/\/bottesetvelo.com\/blog\/wp-json\/wp\/v2\/posts\/2142\/revisions"}],"predecessor-version":[{"id":2153,"href":"https:\/\/bottesetvelo.com\/blog\/wp-json\/wp\/v2\/posts\/2142\/revisions\/2153"}],"wp:attachment":[{"href":"https:\/\/bottesetvelo.com\/blog\/wp-json\/wp\/v2\/media?parent=2142"}],"wp:term":[{"taxonomy":"category","embeddable":true,"href":"https:\/\/bottesetvelo.com\/blog\/wp-json\/wp\/v2\/categories?post=2142"},{"taxonomy":"post_tag","embeddable":true,"href":"https:\/\/bottesetvelo.com\/blog\/wp-json\/wp\/v2\/tags?post=2142"}],"curies":[{"name":"wp","href":"https:\/\/api.w.org\/{rel}","templated":true}]}}