{"id":2129,"date":"2015-10-23T17:30:06","date_gmt":"2015-10-23T21:30:06","guid":{"rendered":"http:\/\/bottesetvelo.com\/blog\/?p=2129"},"modified":"2015-10-23T17:30:06","modified_gmt":"2015-10-23T21:30:06","slug":"mener-sa-vie-avec-sensualite","status":"publish","type":"post","link":"https:\/\/bottesetvelo.com\/blog\/2015\/10\/23\/mener-sa-vie-avec-sensualite\/","title":{"rendered":"Mener sa vie avec sensualit\u00e9"},"content":{"rendered":"<h6 style=\"text-align: right;\"><em>La lucidit\u00e9 est le lieu de rencontre de la conscience et de la sensualit\u00e9.<\/em><br \/>\n<em>Norman Mailer<\/em><\/h6>\n<h5 style=\"text-align: justify;\"><span style=\"color: #003366;\">La vie est sensuelle. Ma vie prend du go\u00fbt parce qu\u2019elle appr\u00e9cie, saisie l\u2019exp\u00e9rience de vivre, par tous ses sens. L\u2019exp\u00e9rience humaine passe par les sens! Le plaisir de vivre, la joie d\u2019\u00eatre en vie, nous vient de ce que nous ressentons la vie dans notre corps.\u00a0<\/span><\/h5>\n<h5 style=\"text-align: justify;\"><span style=\"color: #003366;\"><a href=\"https:\/\/i0.wp.com\/bottesetvelo.com\/blog\/wp-content\/uploads\/2015\/10\/2015-07-02-09.37.14-2.jpg?ssl=1\"><img data-recalc-dims=\"1\" loading=\"lazy\" decoding=\"async\" data-attachment-id=\"2135\" data-permalink=\"https:\/\/bottesetvelo.com\/blog\/2015\/10\/23\/mener-sa-vie-avec-sensualite\/2015-07-02-09-37-14-2\/\" data-orig-file=\"https:\/\/i0.wp.com\/bottesetvelo.com\/blog\/wp-content\/uploads\/2015\/10\/2015-07-02-09.37.14-2.jpg?fit=2136%2C1581&amp;ssl=1\" data-orig-size=\"2136,1581\" data-comments-opened=\"1\" data-image-meta=\"{&quot;aperture&quot;:&quot;2.6&quot;,&quot;credit&quot;:&quot;&quot;,&quot;camera&quot;:&quot;SGH-I747M&quot;,&quot;caption&quot;:&quot;&quot;,&quot;created_timestamp&quot;:&quot;1435829834&quot;,&quot;copyright&quot;:&quot;&quot;,&quot;focal_length&quot;:&quot;3.7&quot;,&quot;iso&quot;:&quot;50&quot;,&quot;shutter_speed&quot;:&quot;0.000459558823529&quot;,&quot;title&quot;:&quot;&quot;,&quot;orientation&quot;:&quot;1&quot;}\" data-image-title=\"La Voie du St-Laurent &amp;#8211; Petit-Matane\" data-image-description=\"\" data-image-caption=\"\" data-large-file=\"https:\/\/i0.wp.com\/bottesetvelo.com\/blog\/wp-content\/uploads\/2015\/10\/2015-07-02-09.37.14-2.jpg?fit=1024%2C758&amp;ssl=1\" class=\"alignright wp-image-2135\" src=\"https:\/\/i0.wp.com\/bottesetvelo.com\/blog\/wp-content\/uploads\/2015\/10\/2015-07-02-09.37.14-2.jpg?resize=300%2C222&#038;ssl=1\" alt=\"La Voie du St-Laurent - Petit-Matane\" width=\"300\" height=\"222\" srcset=\"https:\/\/i0.wp.com\/bottesetvelo.com\/blog\/wp-content\/uploads\/2015\/10\/2015-07-02-09.37.14-2.jpg?resize=500%2C370&amp;ssl=1 500w, https:\/\/i0.wp.com\/bottesetvelo.com\/blog\/wp-content\/uploads\/2015\/10\/2015-07-02-09.37.14-2.jpg?resize=1024%2C758&amp;ssl=1 1024w\" sizes=\"auto, (max-width: 300px) 100vw, 300px\" \/><\/a><\/span><\/h5>\n<p style=\"text-align: justify;\">C\u2019est l\u2019odeur d\u2019une fleur, la vue d\u2019un coucher de soleil, le go\u00fbt du fruit cueilli, la caresse du vent sur ma peau, le chant d\u2019un oiseau, le rire d\u2019un enfant, une main qui caresse mes cheveux, un repas dont l\u2019odeur embaume la maison, la tendresse d\u2019une m\u00e8re, les encouragements d\u2019un p\u00e8re, le plaisir de se retrouver entre amis\u2026 Tous ces moments se ressentent dans notre corps. C\u2019est notre corps qui nous dit combien chacun de ces \u00e9v\u00e9nements go\u00fbte bon.<\/p>\n<p style=\"text-align: justify;\"><a href=\"https:\/\/i0.wp.com\/bottesetvelo.com\/blog\/wp-content\/uploads\/2015\/09\/IMG_7245.jpg?ssl=1\"><img data-recalc-dims=\"1\" loading=\"lazy\" decoding=\"async\" data-attachment-id=\"2091\" data-permalink=\"https:\/\/bottesetvelo.com\/blog\/2015\/09\/18\/sur-le-chemin-cest-chacun-sa-merde\/img_7245-2\/\" data-orig-file=\"https:\/\/i0.wp.com\/bottesetvelo.com\/blog\/wp-content\/uploads\/2015\/09\/IMG_7245.jpg?fit=3608%2C2682&amp;ssl=1\" data-orig-size=\"3608,2682\" data-comments-opened=\"1\" data-image-meta=\"{&quot;aperture&quot;:&quot;5&quot;,&quot;credit&quot;:&quot;&quot;,&quot;camera&quot;:&quot;Canon PowerShot SD890 IS&quot;,&quot;caption&quot;:&quot;&quot;,&quot;created_timestamp&quot;:&quot;1436176271&quot;,&quot;copyright&quot;:&quot;&quot;,&quot;focal_length&quot;:&quot;20.423&quot;,&quot;iso&quot;:&quot;80&quot;,&quot;shutter_speed&quot;:&quot;0.001&quot;,&quot;title&quot;:&quot;&quot;,&quot;orientation&quot;:&quot;1&quot;}\" data-image-title=\"La Voie du St-Laurent &amp;#8211; 2015\" data-image-description=\"\" data-image-caption=\"\" data-large-file=\"https:\/\/i0.wp.com\/bottesetvelo.com\/blog\/wp-content\/uploads\/2015\/09\/IMG_7245.jpg?fit=1024%2C761&amp;ssl=1\" class=\"alignleft wp-image-2091\" src=\"https:\/\/i0.wp.com\/bottesetvelo.com\/blog\/wp-content\/uploads\/2015\/09\/IMG_7245.jpg?resize=235%2C175&#038;ssl=1\" alt=\"La Voie du St-Laurent - 2015\" width=\"235\" height=\"175\" srcset=\"https:\/\/i0.wp.com\/bottesetvelo.com\/blog\/wp-content\/uploads\/2015\/09\/IMG_7245.jpg?resize=500%2C372&amp;ssl=1 500w, https:\/\/i0.wp.com\/bottesetvelo.com\/blog\/wp-content\/uploads\/2015\/09\/IMG_7245.jpg?resize=1024%2C761&amp;ssl=1 1024w, https:\/\/i0.wp.com\/bottesetvelo.com\/blog\/wp-content\/uploads\/2015\/09\/IMG_7245.jpg?w=2340&amp;ssl=1 2340w, https:\/\/i0.wp.com\/bottesetvelo.com\/blog\/wp-content\/uploads\/2015\/09\/IMG_7245.jpg?w=3510&amp;ssl=1 3510w\" sizes=\"auto, (max-width: 235px) 100vw, 235px\" \/><\/a>Le bon go\u00fbt de la Vie n\u2019a rien d\u2019illusoire ou d\u2019imaginaire. Il fait partie des rares, mais tr\u00e8s grandes v\u00e9rit\u00e9s que nous pouvons saisir. Des v\u00e9rit\u00e9s auxquelles nous accordons cependant trop peu d\u2019importance. Nous ne sommes pas \u00e9duqu\u00e9s \u00e0 porter attention \u00e0 ce ressenti. Nous raisonnons nos vies avant de les go\u00fbter, alors que c\u2019est le go\u00fbt qui devrait guider notre raisonnement.<\/p>\n<p style=\"text-align: justify;\">Comment je le sens dans mon corps? Cette approche sensitive est l\u2019exp\u00e9rience la plus r\u00e9elle de notre humanit\u00e9. C\u2019est ce ressenti qui me donne l\u2019heure juste sur mon d\u00e9sir de vivre. <a href=\"https:\/\/i0.wp.com\/bottesetvelo.com\/blog\/wp-content\/uploads\/2015\/10\/IMG_7720.jpg?ssl=1\"><img data-recalc-dims=\"1\" loading=\"lazy\" decoding=\"async\" data-attachment-id=\"2134\" data-permalink=\"https:\/\/bottesetvelo.com\/blog\/2015\/10\/23\/mener-sa-vie-avec-sensualite\/img_7720-2\/\" data-orig-file=\"https:\/\/i0.wp.com\/bottesetvelo.com\/blog\/wp-content\/uploads\/2015\/10\/IMG_7720.jpg?fit=3648%2C2736&amp;ssl=1\" data-orig-size=\"3648,2736\" data-comments-opened=\"1\" data-image-meta=\"{&quot;aperture&quot;:&quot;9&quot;,&quot;credit&quot;:&quot;&quot;,&quot;camera&quot;:&quot;Canon PowerShot SD890 IS&quot;,&quot;caption&quot;:&quot;&quot;,&quot;created_timestamp&quot;:&quot;1436789791&quot;,&quot;copyright&quot;:&quot;&quot;,&quot;focal_length&quot;:&quot;6.6&quot;,&quot;iso&quot;:&quot;80&quot;,&quot;shutter_speed&quot;:&quot;0.008&quot;,&quot;title&quot;:&quot;&quot;,&quot;orientation&quot;:&quot;1&quot;}\" data-image-title=\"IMG_7720\" data-image-description=\"\" data-image-caption=\"\" data-large-file=\"https:\/\/i0.wp.com\/bottesetvelo.com\/blog\/wp-content\/uploads\/2015\/10\/IMG_7720.jpg?fit=1024%2C768&amp;ssl=1\" class=\"alignright wp-image-2134\" src=\"https:\/\/i0.wp.com\/bottesetvelo.com\/blog\/wp-content\/uploads\/2015\/10\/IMG_7720.jpg?resize=233%2C175&#038;ssl=1\" alt=\"IMG_7720\" width=\"233\" height=\"175\" srcset=\"https:\/\/i0.wp.com\/bottesetvelo.com\/blog\/wp-content\/uploads\/2015\/10\/IMG_7720.jpg?resize=500%2C375&amp;ssl=1 500w, https:\/\/i0.wp.com\/bottesetvelo.com\/blog\/wp-content\/uploads\/2015\/10\/IMG_7720.jpg?resize=1024%2C768&amp;ssl=1 1024w, https:\/\/i0.wp.com\/bottesetvelo.com\/blog\/wp-content\/uploads\/2015\/10\/IMG_7720.jpg?w=2340&amp;ssl=1 2340w, https:\/\/i0.wp.com\/bottesetvelo.com\/blog\/wp-content\/uploads\/2015\/10\/IMG_7720.jpg?w=3510&amp;ssl=1 3510w\" sizes=\"auto, (max-width: 233px) 100vw, 233px\" \/><\/a>Il m\u2019en apprend beaucoup sur moi, sur mon rapport aux autres, sur mon rapport \u00e0 la vie. Et si je me laisse guider par ce bon go\u00fbt, il devient alors ais\u00e9 d\u2019orienter ma vie, de lui donner du sens.<\/p>\n<p style=\"text-align: justify;\">La marche du p\u00e8lerin met en \u00e9vidence cette dimension de notre humanit\u00e9, d\u00e8s nos premiers pas sur le chemin.<\/p>\n<p style=\"text-align: justify;\">Le p\u00e8lerinage nous plonge dans un milieu \u00e9tranger, dans un contexte diff\u00e9rent, qui met tous nos sens en \u00e9veil: je go\u00fbte plus, je sens plus, je vois plus, j\u2019entends plus, je ressens plus! Tout est accentu\u00e9 par l\u2019exp\u00e9rience du p\u00e8lerinage. Ce n\u2019est peut-\u00eatre pas pour rien que nous parlons de notre d\u00e9sir d\u2019avoir une vie qui a du \u00ab sens \u00bb? Lui donner du sens, c\u2019est lui donner une direction. <a href=\"https:\/\/i0.wp.com\/bottesetvelo.com\/blog\/wp-content\/uploads\/2015\/10\/2015-07-17-13.08.39.jpg?ssl=1\"><img data-recalc-dims=\"1\" loading=\"lazy\" decoding=\"async\" data-attachment-id=\"2133\" data-permalink=\"https:\/\/bottesetvelo.com\/blog\/2015\/10\/23\/mener-sa-vie-avec-sensualite\/2015-07-17-13-08-39-2\/\" data-orig-file=\"https:\/\/i0.wp.com\/bottesetvelo.com\/blog\/wp-content\/uploads\/2015\/10\/2015-07-17-13.08.39.jpg?fit=3264%2C2448&amp;ssl=1\" data-orig-size=\"3264,2448\" data-comments-opened=\"1\" data-image-meta=\"{&quot;aperture&quot;:&quot;2.6&quot;,&quot;credit&quot;:&quot;&quot;,&quot;camera&quot;:&quot;SGH-I747M&quot;,&quot;caption&quot;:&quot;&quot;,&quot;created_timestamp&quot;:&quot;1437138519&quot;,&quot;copyright&quot;:&quot;&quot;,&quot;focal_length&quot;:&quot;3.7&quot;,&quot;iso&quot;:&quot;50&quot;,&quot;shutter_speed&quot;:&quot;0.000493096646943&quot;,&quot;title&quot;:&quot;&quot;,&quot;orientation&quot;:&quot;1&quot;}\" data-image-title=\"2015-07-17 13.08.39\" data-image-description=\"\" data-image-caption=\"\" data-large-file=\"https:\/\/i0.wp.com\/bottesetvelo.com\/blog\/wp-content\/uploads\/2015\/10\/2015-07-17-13.08.39.jpg?fit=1024%2C768&amp;ssl=1\" class=\"alignleft wp-image-2133\" src=\"https:\/\/i0.wp.com\/bottesetvelo.com\/blog\/wp-content\/uploads\/2015\/10\/2015-07-17-13.08.39.jpg?resize=251%2C188&#038;ssl=1\" alt=\"2015-07-17 13.08.39\" width=\"251\" height=\"188\" srcset=\"https:\/\/i0.wp.com\/bottesetvelo.com\/blog\/wp-content\/uploads\/2015\/10\/2015-07-17-13.08.39.jpg?resize=500%2C375&amp;ssl=1 500w, https:\/\/i0.wp.com\/bottesetvelo.com\/blog\/wp-content\/uploads\/2015\/10\/2015-07-17-13.08.39.jpg?w=2340&amp;ssl=1 2340w\" sizes=\"auto, (max-width: 251px) 100vw, 251px\" \/><\/a>Et cette direction s\u2019apprend par sensibilit\u00e9, par exp\u00e9rience des sens : \u00e7a br\u00fble, c\u2019est doux, \u00e7a pu, c\u2019est amer, c\u2019est chaud, \u00e7a fait mal, c\u2019est beau, c\u2019est bon, etc. Tous des mots que nous employons pour dire comment nous appr\u00e9hendons le monde, comment nous le percevons\u2026 et la r\u00e9alit\u00e9 de mon \u00eatre s\u2019apprend l\u00e0!<\/p>\n<p style=\"text-align: justify;\"><a href=\"https:\/\/i0.wp.com\/bottesetvelo.com\/blog\/wp-content\/uploads\/2015\/10\/IMG_8122.jpg?ssl=1\"><img data-recalc-dims=\"1\" loading=\"lazy\" decoding=\"async\" data-attachment-id=\"2131\" data-permalink=\"https:\/\/bottesetvelo.com\/blog\/2015\/10\/23\/mener-sa-vie-avec-sensualite\/img_8122\/\" data-orig-file=\"https:\/\/i0.wp.com\/bottesetvelo.com\/blog\/wp-content\/uploads\/2015\/10\/IMG_8122.jpg?fit=3648%2C2565&amp;ssl=1\" data-orig-size=\"3648,2565\" data-comments-opened=\"1\" data-image-meta=\"{&quot;aperture&quot;:&quot;3.2&quot;,&quot;credit&quot;:&quot;&quot;,&quot;camera&quot;:&quot;Canon PowerShot SD890 IS&quot;,&quot;caption&quot;:&quot;&quot;,&quot;created_timestamp&quot;:&quot;1437311311&quot;,&quot;copyright&quot;:&quot;&quot;,&quot;focal_length&quot;:&quot;6.6&quot;,&quot;iso&quot;:&quot;200&quot;,&quot;shutter_speed&quot;:&quot;0.0166666666667&quot;,&quot;title&quot;:&quot;&quot;,&quot;orientation&quot;:&quot;1&quot;}\" data-image-title=\"IMG_8122\" data-image-description=\"\" data-image-caption=\"\" data-large-file=\"https:\/\/i0.wp.com\/bottesetvelo.com\/blog\/wp-content\/uploads\/2015\/10\/IMG_8122.jpg?fit=1024%2C720&amp;ssl=1\" class=\"alignright wp-image-2131\" src=\"https:\/\/i0.wp.com\/bottesetvelo.com\/blog\/wp-content\/uploads\/2015\/10\/IMG_8122.jpg?resize=220%2C155&#038;ssl=1\" alt=\"IMG_8122\" width=\"220\" height=\"155\" srcset=\"https:\/\/i0.wp.com\/bottesetvelo.com\/blog\/wp-content\/uploads\/2015\/10\/IMG_8122.jpg?resize=500%2C352&amp;ssl=1 500w, https:\/\/i0.wp.com\/bottesetvelo.com\/blog\/wp-content\/uploads\/2015\/10\/IMG_8122.jpg?resize=1024%2C720&amp;ssl=1 1024w, https:\/\/i0.wp.com\/bottesetvelo.com\/blog\/wp-content\/uploads\/2015\/10\/IMG_8122.jpg?w=2340&amp;ssl=1 2340w, https:\/\/i0.wp.com\/bottesetvelo.com\/blog\/wp-content\/uploads\/2015\/10\/IMG_8122.jpg?w=3510&amp;ssl=1 3510w\" sizes=\"auto, (max-width: 220px) 100vw, 220px\" \/><\/a>La Vie est simple. Elle n\u2019attend rien de bien particulier de notre part, sinon\u2026 d\u2019\u00eatre sens\u00e9! Et d\u2019utiliser nos sens \u00e0 bon escient. Je sais ce qui est bon pour moi, parce que \u00e7a go\u00fbte bon, que \u00e7a fait du bien, que je me sens bien.<\/p>\n<p style=\"text-align: justify;\">Cette exp\u00e9rience sensible me permet de b\u00e2tir avec la Vie une relation de confiance. M\u00eame si je quitte mes rep\u00e8res, que je sors de ma zone de confort, mon corps me guidera au c\u0153ur de cette exp\u00e9rience vivante. Mon corps me guide et \u00e0 travers lui je suis capable de reconna\u00eetre le bon go\u00fbt de ma vie et d\u2019en \u00e9largir ses facettes. <a href=\"https:\/\/i0.wp.com\/bottesetvelo.com\/blog\/wp-content\/uploads\/2015\/10\/2015-07-20-07.24.18.jpg?ssl=1\"><img data-recalc-dims=\"1\" loading=\"lazy\" decoding=\"async\" data-attachment-id=\"2132\" data-permalink=\"https:\/\/bottesetvelo.com\/blog\/2015\/10\/23\/mener-sa-vie-avec-sensualite\/2015-07-20-07-24-18-3\/\" data-orig-file=\"https:\/\/i0.wp.com\/bottesetvelo.com\/blog\/wp-content\/uploads\/2015\/10\/2015-07-20-07.24.18.jpg?fit=1280%2C960&amp;ssl=1\" data-orig-size=\"1280,960\" data-comments-opened=\"1\" data-image-meta=\"{&quot;aperture&quot;:&quot;2.8&quot;,&quot;credit&quot;:&quot;&quot;,&quot;camera&quot;:&quot;SGH-I747M&quot;,&quot;caption&quot;:&quot;&quot;,&quot;created_timestamp&quot;:&quot;1437377058&quot;,&quot;copyright&quot;:&quot;&quot;,&quot;focal_length&quot;:&quot;2.7&quot;,&quot;iso&quot;:&quot;100&quot;,&quot;shutter_speed&quot;:&quot;0.00606060606061&quot;,&quot;title&quot;:&quot;&quot;,&quot;orientation&quot;:&quot;1&quot;}\" data-image-title=\"2015-07-20 07.24.18\" data-image-description=\"\" data-image-caption=\"\" data-large-file=\"https:\/\/i0.wp.com\/bottesetvelo.com\/blog\/wp-content\/uploads\/2015\/10\/2015-07-20-07.24.18.jpg?fit=1024%2C768&amp;ssl=1\" class=\"alignright wp-image-2132\" src=\"https:\/\/i0.wp.com\/bottesetvelo.com\/blog\/wp-content\/uploads\/2015\/10\/2015-07-20-07.24.18.jpg?resize=220%2C165&#038;ssl=1\" alt=\"2015-07-20 07.24.18\" width=\"220\" height=\"165\" srcset=\"https:\/\/i0.wp.com\/bottesetvelo.com\/blog\/wp-content\/uploads\/2015\/10\/2015-07-20-07.24.18.jpg?resize=500%2C375&amp;ssl=1 500w, https:\/\/i0.wp.com\/bottesetvelo.com\/blog\/wp-content\/uploads\/2015\/10\/2015-07-20-07.24.18.jpg?resize=1024%2C768&amp;ssl=1 1024w, https:\/\/i0.wp.com\/bottesetvelo.com\/blog\/wp-content\/uploads\/2015\/10\/2015-07-20-07.24.18.jpg?w=1280&amp;ssl=1 1280w\" sizes=\"auto, (max-width: 220px) 100vw, 220px\" \/><\/a>Il me donne l\u2019assurance et la confiance au point de pouvoir quitter momentan\u00e9ment le bon go\u00fbt de certaines choses que j\u2019appr\u00e9cie pour en d\u00e9couvrir de nouvelles. Mon corps me permet d\u2019explorer tout en me guidant. Il me permet aussi d\u2019identifier ce bon go\u00fbt qui persiste et qui est le fil conducteur de ma vie. Il m\u2019apprend \u00e0 rep\u00e9rer ce qui me fait vivre, ce qui me permet de m\u2019\u00e9panouir. Il m\u2019apprend finalement \u00e0 choisir la Vie. Car choisir la Vie, c\u2019est choisir ce qui a bon go\u00fbt, me fait vivre et me permet de grandir sur tous les plans.<\/p>\n<p>Et vous, qu\u2019est-ce qui go\u00fbte bon dans votre vie?<a href=\"https:\/\/i0.wp.com\/bottesetvelo.com\/blog\/wp-content\/uploads\/2014\/01\/Bottes-et-V%C3%A9lo-Embl%C3%AAme.jpg?ssl=1\"><img data-recalc-dims=\"1\" loading=\"lazy\" decoding=\"async\" data-attachment-id=\"14\" data-permalink=\"https:\/\/bottesetvelo.com\/blog\/bottes-et-velo-le-blog\/bottes-et-velo-embleme\/\" data-orig-file=\"https:\/\/i0.wp.com\/bottesetvelo.com\/blog\/wp-content\/uploads\/2014\/01\/Bottes-et-V%C3%A9lo-Embl%C3%AAme-e1454083414631.jpg?fit=100%2C79&amp;ssl=1\" data-orig-size=\"100,79\" data-comments-opened=\"1\" data-image-meta=\"{&quot;aperture&quot;:&quot;0&quot;,&quot;credit&quot;:&quot;&quot;,&quot;camera&quot;:&quot;&quot;,&quot;caption&quot;:&quot;&quot;,&quot;created_timestamp&quot;:&quot;0&quot;,&quot;copyright&quot;:&quot;&quot;,&quot;focal_length&quot;:&quot;0&quot;,&quot;iso&quot;:&quot;0&quot;,&quot;shutter_speed&quot;:&quot;0&quot;,&quot;title&quot;:&quot;&quot;}\" data-image-title=\"Bottes et V\u00e9lo &amp;#8211; Embl\u00eame\" data-image-description=\"\" data-image-caption=\"\" data-large-file=\"https:\/\/i0.wp.com\/bottesetvelo.com\/blog\/wp-content\/uploads\/2014\/01\/Bottes-et-V%C3%A9lo-Embl%C3%AAme-e1454083414631.jpg?fit=100%2C79&amp;ssl=1\" class=\"alignright wp-image-14\" src=\"https:\/\/i0.wp.com\/bottesetvelo.com\/blog\/wp-content\/uploads\/2014\/01\/Bottes-et-V%C3%A9lo-Embl%C3%AAme.jpg?resize=76%2C60&#038;ssl=1\" alt=\"Bottes et V\u00e9lo - Embl\u00eame\" width=\"76\" height=\"60\" \/><\/a><\/p>\n<p style=\"text-align: justify;\">\u00c9ric Lalibert\u00e9<\/p>\n","protected":false},"excerpt":{"rendered":"<p>La lucidit\u00e9 est le lieu de rencontre de la conscience et de la sensualit\u00e9. Norman Mailer La vie est sensuelle. Ma vie prend du go\u00fbt parce qu\u2019elle appr\u00e9cie, saisie l\u2019exp\u00e9rience de vivre, par tous ses sens. L\u2019exp\u00e9rience humaine passe par les sens! Le plaisir de vivre, la joie d\u2019\u00eatre en vie, nous vient de ce&hellip;<\/p>\n","protected":false},"author":3,"featured_media":0,"comment_status":"open","ping_status":"open","sticky":false,"template":"","format":"standard","meta":{"jetpack_post_was_ever_published":false,"_jetpack_newsletter_access":"","_jetpack_dont_email_post_to_subs":false,"_jetpack_newsletter_tier_id":0,"_jetpack_memberships_contains_paywalled_content":false,"_jetpack_memberships_contains_paid_content":false,"footnotes":"","jetpack_publicize_message":"","jetpack_publicize_feature_enabled":true,"jetpack_social_post_already_shared":true,"jetpack_social_options":{"image_generator_settings":{"template":"highway","default_image_id":0,"font":"","enabled":false},"version":2}},"categories":[50,11,39,166],"tags":[312,221,285,313,288,121],"class_list":["post-2129","post","type-post","status-publish","format-standard","hentry","category-art-de-vivre","category-bien-etre-physique","category-croissance-personnelle","category-demarche-du-pelerin","tag-confiance","tag-conscience","tag-gout-de-vivre","tag-plaisir-de-vivre","tag-sensualite","tag-zone-de-confort"],"jetpack_publicize_connections":[],"jetpack_featured_media_url":"","jetpack_shortlink":"https:\/\/wp.me\/p4eY6z-yl","jetpack_sharing_enabled":true,"jetpack_likes_enabled":true,"jetpack-related-posts":[],"_links":{"self":[{"href":"https:\/\/bottesetvelo.com\/blog\/wp-json\/wp\/v2\/posts\/2129","targetHints":{"allow":["GET"]}}],"collection":[{"href":"https:\/\/bottesetvelo.com\/blog\/wp-json\/wp\/v2\/posts"}],"about":[{"href":"https:\/\/bottesetvelo.com\/blog\/wp-json\/wp\/v2\/types\/post"}],"author":[{"embeddable":true,"href":"https:\/\/bottesetvelo.com\/blog\/wp-json\/wp\/v2\/users\/3"}],"replies":[{"embeddable":true,"href":"https:\/\/bottesetvelo.com\/blog\/wp-json\/wp\/v2\/comments?post=2129"}],"version-history":[{"count":5,"href":"https:\/\/bottesetvelo.com\/blog\/wp-json\/wp\/v2\/posts\/2129\/revisions"}],"predecessor-version":[{"id":2140,"href":"https:\/\/bottesetvelo.com\/blog\/wp-json\/wp\/v2\/posts\/2129\/revisions\/2140"}],"wp:attachment":[{"href":"https:\/\/bottesetvelo.com\/blog\/wp-json\/wp\/v2\/media?parent=2129"}],"wp:term":[{"taxonomy":"category","embeddable":true,"href":"https:\/\/bottesetvelo.com\/blog\/wp-json\/wp\/v2\/categories?post=2129"},{"taxonomy":"post_tag","embeddable":true,"href":"https:\/\/bottesetvelo.com\/blog\/wp-json\/wp\/v2\/tags?post=2129"}],"curies":[{"name":"wp","href":"https:\/\/api.w.org\/{rel}","templated":true}]}}