{"id":2112,"date":"2015-10-09T19:54:37","date_gmt":"2015-10-09T23:54:37","guid":{"rendered":"http:\/\/bottesetvelo.com\/blog\/?p=2112"},"modified":"2015-10-09T19:54:37","modified_gmt":"2015-10-09T23:54:37","slug":"soyez-vigilant-vous-pourriez-vous-casser-la-gueule","status":"publish","type":"post","link":"https:\/\/bottesetvelo.com\/blog\/2015\/10\/09\/soyez-vigilant-vous-pourriez-vous-casser-la-gueule\/","title":{"rendered":"Soyez vigilant! Vous pourriez vous casser la gueule."},"content":{"rendered":"<h6 style=\"text-align: right;\"><em>N&rsquo;attends pas que les \u00e9v\u00e9nements arrivent comme tu le souhaites. <\/em><br \/>\n<em>D\u00e9cide de vouloir ce qui arrive&#8230; Et tu seras heureux.<\/em><br \/>\n<em>\u00c9pict\u00e8te<\/em><\/h6>\n<h5 style=\"text-align: justify;\"><span style=\"color: #003366;\">Un sentier aux racines d\u00e9nud\u00e9es, une piste rocailleuse, un lit de ruisseau dess\u00e9ch\u00e9, une route boueuse&#8230; Les chemins de p\u00e8lerinage ne sont pas toujours faciles. Nous avons tous de ces sentiers en m\u00e9moire. Pour ma part, j\u2019en ai quelques-uns, que ce soit certaines plages d\u2019ici, ou encore ces chemins de Compostelle; tout particuli\u00e8rement ce sentier qui descend du Alto del Perd\u00f3n, dans le Navarre, juste apr\u00e8s Pampelune\u2026 Vous vous rappelez? Ils ont bien marqu\u00e9 notre m\u00e9moire ces chemins qui demandent une attention particuli\u00e8re et sur lesquels on a tous failli se casser la gueule!<\/span><a href=\"https:\/\/i0.wp.com\/bottesetvelo.com\/blog\/wp-content\/uploads\/2015\/10\/IMG_0960.jpg?ssl=1\"><img data-recalc-dims=\"1\" loading=\"lazy\" decoding=\"async\" data-attachment-id=\"2113\" data-permalink=\"https:\/\/bottesetvelo.com\/blog\/2015\/10\/09\/soyez-vigilant-vous-pourriez-vous-casser-la-gueule\/img_0960\/\" data-orig-file=\"https:\/\/i0.wp.com\/bottesetvelo.com\/blog\/wp-content\/uploads\/2015\/10\/IMG_0960.jpg?fit=2592%2C1936&amp;ssl=1\" data-orig-size=\"2592,1936\" data-comments-opened=\"1\" data-image-meta=\"{&quot;aperture&quot;:&quot;2.8&quot;,&quot;credit&quot;:&quot;&quot;,&quot;camera&quot;:&quot;iPhone 4&quot;,&quot;caption&quot;:&quot;&quot;,&quot;created_timestamp&quot;:&quot;1373186609&quot;,&quot;copyright&quot;:&quot;&quot;,&quot;focal_length&quot;:&quot;3.85&quot;,&quot;iso&quot;:&quot;80&quot;,&quot;shutter_speed&quot;:&quot;0.000563697857948&quot;,&quot;title&quot;:&quot;&quot;,&quot;orientation&quot;:&quot;1&quot;}\" data-image-title=\"Compostelle &amp;#8211; Alto del Perdon\" data-image-description=\"\" data-image-caption=\"\" data-large-file=\"https:\/\/i0.wp.com\/bottesetvelo.com\/blog\/wp-content\/uploads\/2015\/10\/IMG_0960.jpg?fit=1024%2C765&amp;ssl=1\" class=\"alignright wp-image-2113\" src=\"https:\/\/i0.wp.com\/bottesetvelo.com\/blog\/wp-content\/uploads\/2015\/10\/IMG_0960.jpg?resize=300%2C224&#038;ssl=1\" alt=\"Compostelle - Alto del Perdon\" width=\"300\" height=\"224\" srcset=\"https:\/\/i0.wp.com\/bottesetvelo.com\/blog\/wp-content\/uploads\/2015\/10\/IMG_0960.jpg?resize=500%2C373&amp;ssl=1 500w, https:\/\/i0.wp.com\/bottesetvelo.com\/blog\/wp-content\/uploads\/2015\/10\/IMG_0960.jpg?resize=1024%2C765&amp;ssl=1 1024w, https:\/\/i0.wp.com\/bottesetvelo.com\/blog\/wp-content\/uploads\/2015\/10\/IMG_0960.jpg?w=2340&amp;ssl=1 2340w\" sizes=\"auto, (max-width: 300px) 100vw, 300px\" \/><\/a><\/h5>\n<p style=\"text-align: justify;\">Ces chemins aux pierres qui roulent sous chacun de nos pas, aux racines tendues comme des pi\u00e8ges, ils nous occupent tout entier. Les yeux riv\u00e9s sur le sol, on ne peut se permettre de le quitter des yeux ne serait-ce qu\u2019une seconde. Suffit de lever la t\u00eate pour que nous buttions sur cette pierre qui n\u2019attendait que ce moment d\u2019inattention.<\/p>\n<p style=\"text-align: justify;\">Derni\u00e8rement, en marchant sur la plage de St-Michel, j\u2019ai eu \u00e0 franchir un secteur qui m\u2019a tenu en alerte et m\u2019a rappel\u00e9 un de ces chemins. Des rochers qui se dressent comme la tranche d\u2019un livre, des pierres verd\u00e2tres et luisantes, d\u2019autres \u00e0 l\u2019\u00e9quilibre pr\u00e9caire, chacun de mes pas demandaient assurance et vigilance. Je ne faisais que regarder le sol, concentr\u00e9, absorb\u00e9 par la difficult\u00e9, cherchant le bon endroit o\u00f9 poser le pied.<\/p>\n<p>J\u2019avan\u00e7ais ainsi depuis une bonne heure, sans me rendre compte du temps qui passait, ni de la distance que je franchissais. \u00c0 un certain moment, je me suis arr\u00eat\u00e9 pour reprendre mon souffle et mon \u00e9quilibre. J\u2019ai pu alors relever la t\u00eate\u2026<a href=\"https:\/\/i0.wp.com\/bottesetvelo.com\/blog\/wp-content\/uploads\/2015\/10\/2009-Compostelle-et-Barcelone-504.jpg?ssl=1\"><img data-recalc-dims=\"1\" loading=\"lazy\" decoding=\"async\" data-attachment-id=\"2115\" data-permalink=\"https:\/\/bottesetvelo.com\/blog\/2015\/10\/09\/soyez-vigilant-vous-pourriez-vous-casser-la-gueule\/2009-compostelle-et-barcelone-504\/\" data-orig-file=\"https:\/\/i0.wp.com\/bottesetvelo.com\/blog\/wp-content\/uploads\/2015\/10\/2009-Compostelle-et-Barcelone-504.jpg?fit=1600%2C1200&amp;ssl=1\" data-orig-size=\"1600,1200\" data-comments-opened=\"1\" data-image-meta=\"{&quot;aperture&quot;:&quot;3.2&quot;,&quot;credit&quot;:&quot;&quot;,&quot;camera&quot;:&quot;Canon PowerShot SD890 IS&quot;,&quot;caption&quot;:&quot;&quot;,&quot;created_timestamp&quot;:&quot;1253522982&quot;,&quot;copyright&quot;:&quot;&quot;,&quot;focal_length&quot;:&quot;6.6&quot;,&quot;iso&quot;:&quot;3200&quot;,&quot;shutter_speed&quot;:&quot;0.01&quot;,&quot;title&quot;:&quot;&quot;,&quot;orientation&quot;:&quot;6&quot;}\" data-image-title=\"Compostelle &amp;#8211; Ronceveaux\" data-image-description=\"\" data-image-caption=\"\" data-large-file=\"https:\/\/i0.wp.com\/bottesetvelo.com\/blog\/wp-content\/uploads\/2015\/10\/2009-Compostelle-et-Barcelone-504.jpg?fit=1024%2C768&amp;ssl=1\" class=\"alignright wp-image-2115\" src=\"https:\/\/i0.wp.com\/bottesetvelo.com\/blog\/wp-content\/uploads\/2015\/10\/2009-Compostelle-et-Barcelone-504.jpg?resize=299%2C224&#038;ssl=1\" alt=\"Compostelle - Ronceveaux\" width=\"299\" height=\"224\" srcset=\"https:\/\/i0.wp.com\/bottesetvelo.com\/blog\/wp-content\/uploads\/2015\/10\/2009-Compostelle-et-Barcelone-504.jpg?resize=500%2C375&amp;ssl=1 500w, https:\/\/i0.wp.com\/bottesetvelo.com\/blog\/wp-content\/uploads\/2015\/10\/2009-Compostelle-et-Barcelone-504.jpg?resize=1024%2C768&amp;ssl=1 1024w, https:\/\/i0.wp.com\/bottesetvelo.com\/blog\/wp-content\/uploads\/2015\/10\/2009-Compostelle-et-Barcelone-504.jpg?w=1600&amp;ssl=1 1600w\" sizes=\"auto, (max-width: 299px) 100vw, 299px\" \/><\/a><\/p>\n<p style=\"text-align: justify;\">Quelle sensation \u00e9trange! L\u2019impression de basculer dans une autre dimension. \u00c0 quelques m\u00e8tres de moi, un h\u00e9ron prenait son envol et s\u2019\u00e9lan\u00e7ait au-dessus du fleuve. Je l\u2019ai suivi du regard. Au loin, l\u2019Ile d\u2019Orl\u00e9ans se profilait avec ses carr\u00e9s de verdures. Le ciel, un peu maussade, me renvoyait un vent ti\u00e8de et le fleuve dansait dans un doux clapotis. Appuy\u00e9 sur mes b\u00e2tons, j\u2019\u00e9tais sous le charme.<\/p>\n<p>Dire que je marchais depuis une bonne heure et que je n\u2019avais rien remarqu\u00e9 de ce spectacle.<\/p>\n<p style=\"text-align: justify;\">Lorsque le h\u00e9ron eut disparu de mon champ de vision, je me suis repench\u00e9 et j\u2019ai repris ma route. Si je voulais poursuivre sans me casser la gueule, je n\u2019avais pas le choix, il me fallait pencher la t\u00eate et demeurer vigilant. Je ne pouvais avoir les yeux au ciel avec une route pareille!<\/p>\n<p style=\"text-align: justify;\"><a href=\"https:\/\/i0.wp.com\/bottesetvelo.com\/blog\/wp-content\/uploads\/2015\/10\/2014-07-27-10.51.59.jpg?ssl=1\"><img data-recalc-dims=\"1\" loading=\"lazy\" decoding=\"async\" data-attachment-id=\"2114\" data-permalink=\"https:\/\/bottesetvelo.com\/blog\/2015\/10\/09\/soyez-vigilant-vous-pourriez-vous-casser-la-gueule\/2014-07-27-10-51-59\/\" data-orig-file=\"https:\/\/i0.wp.com\/bottesetvelo.com\/blog\/wp-content\/uploads\/2015\/10\/2014-07-27-10.51.59.jpg?fit=2642%2C1808&amp;ssl=1\" data-orig-size=\"2642,1808\" data-comments-opened=\"1\" data-image-meta=\"{&quot;aperture&quot;:&quot;2.6&quot;,&quot;credit&quot;:&quot;&quot;,&quot;camera&quot;:&quot;SGH-I747M&quot;,&quot;caption&quot;:&quot;&quot;,&quot;created_timestamp&quot;:&quot;1406458319&quot;,&quot;copyright&quot;:&quot;&quot;,&quot;focal_length&quot;:&quot;3.7&quot;,&quot;iso&quot;:&quot;50&quot;,&quot;shutter_speed&quot;:&quot;0.000538793103448&quot;,&quot;title&quot;:&quot;&quot;,&quot;orientation&quot;:&quot;1&quot;}\" data-image-title=\"La Voie du St-Laurent &amp;#8211; Ste-Anne-des-Monts\" data-image-description=\"\" data-image-caption=\"\" data-large-file=\"https:\/\/i0.wp.com\/bottesetvelo.com\/blog\/wp-content\/uploads\/2015\/10\/2014-07-27-10.51.59.jpg?fit=1024%2C701&amp;ssl=1\" class=\"alignright wp-image-2114\" src=\"https:\/\/i0.wp.com\/bottesetvelo.com\/blog\/wp-content\/uploads\/2015\/10\/2014-07-27-10.51.59.jpg?resize=300%2C205&#038;ssl=1\" alt=\"La Voie du St-Laurent - Ste-Anne-des-Monts\" width=\"300\" height=\"205\" srcset=\"https:\/\/i0.wp.com\/bottesetvelo.com\/blog\/wp-content\/uploads\/2015\/10\/2014-07-27-10.51.59.jpg?resize=500%2C342&amp;ssl=1 500w, https:\/\/i0.wp.com\/bottesetvelo.com\/blog\/wp-content\/uploads\/2015\/10\/2014-07-27-10.51.59.jpg?resize=1024%2C701&amp;ssl=1 1024w, https:\/\/i0.wp.com\/bottesetvelo.com\/blog\/wp-content\/uploads\/2015\/10\/2014-07-27-10.51.59.jpg?w=2340&amp;ssl=1 2340w\" sizes=\"auto, (max-width: 300px) 100vw, 300px\" \/><\/a>Me cramponnant fermement \u00e0 mes b\u00e2tons, j\u2019avan\u00e7ais consciencieusement, lorsqu\u2019il me vint \u00e0 l\u2019esprit que, malgr\u00e9 la difficult\u00e9 du chemin, j\u2019avais pu go\u00fbter un moment de pur plaisir. Je n\u2019avais eu qu\u2019\u00e0 m\u2019arr\u00eater&#8230;<\/p>\n<p>Berc\u00e9 par cette id\u00e9e, je fis quelques pas de plus et allai m\u2019asseoir sur un rocher, face au fleuve.<\/p>\n<p style=\"text-align: justify;\">Comment est-ce que je traverse les jours rocailleux de ma vie? Est-ce que je m\u2019accorde du temps? Est-ce que je prends le temps de faire cette pause qui me permettra de reprendre mon souffle, qui rendra mon chemin agr\u00e9able? Quelle attitude ai-je face \u00e0 ce chemin qui n\u2019en finit plus de difficult\u00e9s, de pierres sur lesquels je butte, de racines sur lesquelles je tr\u00e9buche? L\u2019ai-je seulement maudit ou ai-je pris le temps de m\u2019arr\u00eater et de relever la t\u00eate?<\/p>\n<p style=\"text-align: justify;\"><a href=\"https:\/\/i0.wp.com\/bottesetvelo.com\/blog\/wp-content\/uploads\/2015\/10\/2015-07-15-13.32.31.jpg?ssl=1\"><img data-recalc-dims=\"1\" loading=\"lazy\" decoding=\"async\" data-attachment-id=\"2117\" data-permalink=\"https:\/\/bottesetvelo.com\/blog\/2015\/10\/09\/soyez-vigilant-vous-pourriez-vous-casser-la-gueule\/2015-07-15-13-32-31\/\" data-orig-file=\"https:\/\/i0.wp.com\/bottesetvelo.com\/blog\/wp-content\/uploads\/2015\/10\/2015-07-15-13.32.31.jpg?fit=3264%2C2448&amp;ssl=1\" data-orig-size=\"3264,2448\" data-comments-opened=\"1\" data-image-meta=\"{&quot;aperture&quot;:&quot;2.6&quot;,&quot;credit&quot;:&quot;&quot;,&quot;camera&quot;:&quot;SGH-I747M&quot;,&quot;caption&quot;:&quot;&quot;,&quot;created_timestamp&quot;:&quot;1436967151&quot;,&quot;copyright&quot;:&quot;&quot;,&quot;focal_length&quot;:&quot;3.7&quot;,&quot;iso&quot;:&quot;50&quot;,&quot;shutter_speed&quot;:&quot;0.0062893081761&quot;,&quot;title&quot;:&quot;&quot;,&quot;orientation&quot;:&quot;1&quot;}\" data-image-title=\"La Voie du St-Laurent &amp;#8211; Cap-Bon-Ami\" data-image-description=\"\" data-image-caption=\"\" data-large-file=\"https:\/\/i0.wp.com\/bottesetvelo.com\/blog\/wp-content\/uploads\/2015\/10\/2015-07-15-13.32.31.jpg?fit=1024%2C768&amp;ssl=1\" class=\"alignright wp-image-2117\" src=\"https:\/\/i0.wp.com\/bottesetvelo.com\/blog\/wp-content\/uploads\/2015\/10\/2015-07-15-13.32.31.jpg?resize=300%2C225&#038;ssl=1\" alt=\"La Voie du St-Laurent - Cap-Bon-Ami\" width=\"300\" height=\"225\" srcset=\"https:\/\/i0.wp.com\/bottesetvelo.com\/blog\/wp-content\/uploads\/2015\/10\/2015-07-15-13.32.31.jpg?resize=500%2C375&amp;ssl=1 500w, https:\/\/i0.wp.com\/bottesetvelo.com\/blog\/wp-content\/uploads\/2015\/10\/2015-07-15-13.32.31.jpg?w=2340&amp;ssl=1 2340w\" sizes=\"auto, (max-width: 300px) 100vw, 300px\" \/><\/a>Chacun de nos jours peut avoir son lot de difficult\u00e9s, il n\u2019en tient qu\u2019\u00e0 nous de savoir puiser dans les bonnes choses de la vie. Et pour cela, il suffit de savoir relever la t\u00eate pour sortir du tumulte. De savoir s\u2019arr\u00eater et mettre ses pr\u00e9occupations de c\u00f4t\u00e9 pour quelques temps. M\u00eame au milieu de l\u2019adversit\u00e9, les beaut\u00e9s demeurent. Mon plaisir demeure! Il suffit de le cueillir. Je devrais mettre autant d\u2019\u00e9nergie \u00e0 cueillir tous ces moments de plaisir que j\u2019en mets \u00e0 franchir les difficult\u00e9s du chemin. Ma vie a besoin de ce bon go\u00fbt. Je ne peux pas vivre dans une perp\u00e9tuelle course \u00e0 obstacles, sans jamais relever la t\u00eate. Il est important de savoir jalonner son parcours de pauses qui rendent la route agr\u00e9able.<\/p>\n<p style=\"text-align: justify;\">Soyez vigilant! Vous pourriez vous casser la gueule. Surtout si vous ne relevez jamais la t\u00eate! \u00c0 ne penser qu\u2019\u00e0 avancer, il pourrait vous arriver bien pire que de tomber. La chute est souvent plus grande lorsqu\u2019on r\u00e9alise tout ce qu\u2019on a manqu\u00e9 \u00e0 force de ne penser qu\u2019\u00e0 arriver\u2026<\/p>\n<p>\u00c9ric Lalibert\u00e9<\/p>\n","protected":false},"excerpt":{"rendered":"<p>N&rsquo;attends pas que les \u00e9v\u00e9nements arrivent comme tu le souhaites. D\u00e9cide de vouloir ce qui arrive&#8230; Et tu seras heureux. \u00c9pict\u00e8te Un sentier aux racines d\u00e9nud\u00e9es, une piste rocailleuse, un lit de ruisseau dess\u00e9ch\u00e9, une route boueuse&#8230; Les chemins de p\u00e8lerinage ne sont pas toujours faciles. Nous avons tous de ces sentiers en m\u00e9moire. Pour&hellip;<\/p>\n","protected":false},"author":3,"featured_media":0,"comment_status":"open","ping_status":"open","sticky":false,"template":"","format":"standard","meta":{"jetpack_post_was_ever_published":false,"_jetpack_newsletter_access":"","_jetpack_dont_email_post_to_subs":false,"_jetpack_newsletter_tier_id":0,"_jetpack_memberships_contains_paywalled_content":false,"_jetpack_memberships_contains_paid_content":false,"footnotes":"","jetpack_publicize_message":"","jetpack_publicize_feature_enabled":true,"jetpack_social_post_already_shared":true,"jetpack_social_options":{"image_generator_settings":{"template":"highway","default_image_id":0,"font":"","enabled":false},"version":2}},"categories":[39,166,3],"tags":[309,306,275,103,80,168,308,43,310,307],"class_list":["post-2112","post","type-post","status-publish","format-standard","hentry","category-croissance-personnelle","category-demarche-du-pelerin","category-reflexions","tag-adversite","tag-alto-del-perdon","tag-art-de-vivre","tag-bien-etre","tag-compostelle","tag-demarche-du-pelerin","tag-difficulte","tag-faire-confiance-a-la-vie","tag-relever-la-tete","tag-sentier"],"jetpack_publicize_connections":[],"jetpack_featured_media_url":"","jetpack_shortlink":"https:\/\/wp.me\/p4eY6z-y4","jetpack_sharing_enabled":true,"jetpack_likes_enabled":true,"jetpack-related-posts":[],"_links":{"self":[{"href":"https:\/\/bottesetvelo.com\/blog\/wp-json\/wp\/v2\/posts\/2112","targetHints":{"allow":["GET"]}}],"collection":[{"href":"https:\/\/bottesetvelo.com\/blog\/wp-json\/wp\/v2\/posts"}],"about":[{"href":"https:\/\/bottesetvelo.com\/blog\/wp-json\/wp\/v2\/types\/post"}],"author":[{"embeddable":true,"href":"https:\/\/bottesetvelo.com\/blog\/wp-json\/wp\/v2\/users\/3"}],"replies":[{"embeddable":true,"href":"https:\/\/bottesetvelo.com\/blog\/wp-json\/wp\/v2\/comments?post=2112"}],"version-history":[{"count":3,"href":"https:\/\/bottesetvelo.com\/blog\/wp-json\/wp\/v2\/posts\/2112\/revisions"}],"predecessor-version":[{"id":2120,"href":"https:\/\/bottesetvelo.com\/blog\/wp-json\/wp\/v2\/posts\/2112\/revisions\/2120"}],"wp:attachment":[{"href":"https:\/\/bottesetvelo.com\/blog\/wp-json\/wp\/v2\/media?parent=2112"}],"wp:term":[{"taxonomy":"category","embeddable":true,"href":"https:\/\/bottesetvelo.com\/blog\/wp-json\/wp\/v2\/categories?post=2112"},{"taxonomy":"post_tag","embeddable":true,"href":"https:\/\/bottesetvelo.com\/blog\/wp-json\/wp\/v2\/tags?post=2112"}],"curies":[{"name":"wp","href":"https:\/\/api.w.org\/{rel}","templated":true}]}}