{"id":2082,"date":"2015-09-14T13:42:20","date_gmt":"2015-09-14T17:42:20","guid":{"rendered":"http:\/\/bottesetvelo.com\/blog\/?p=2082"},"modified":"2015-09-14T22:12:30","modified_gmt":"2015-09-15T02:12:30","slug":"ressourcement-et-pelerinage-dernier-sejour-saison-2015","status":"publish","type":"post","link":"https:\/\/bottesetvelo.com\/blog\/2015\/09\/14\/ressourcement-et-pelerinage-dernier-sejour-saison-2015\/","title":{"rendered":"Ressourcement et P\u00e8lerinage &#8211; Dernier s\u00e9jour saison 2015"},"content":{"rendered":"<h5><em><span style=\"color: #003366;\">Ressourcement et P\u00e8lerinage &#8211; Dernier s\u00e9jour de la saison 2015 <\/span><\/em><br \/>\n<em><span style=\"color: #003366;\"> les 2-3-4 octobre prochain, sur le Chemin de la Traverse, <\/span><\/em><br \/>\n<em><span style=\"color: #003366;\"> entre Charny et Qu\u00e9bec &#8211; 38 km (19 km \/jour)<\/span><\/em><br \/>\n<em><span style=\"color: #003366;\"> Vous avez jusqu&rsquo;au 26 septembre pour vous inscrire. Tarif: 275$<\/span><\/em><\/h5>\n<h3><a href=\"http:\/\/bottesetvelo.com\/bottes-et-v\u00e9lo---ressourcement-et-p\u00e8lerinage\">Inscription &#8211; ressourcement et p\u00e8lerinage<\/a><a href=\"http:\/\/bottesetvelo.com\/bottes-et-v%C3%A9lo---ressourcement-et-p%C3%A8lerinage\"><img data-recalc-dims=\"1\" loading=\"lazy\" decoding=\"async\" data-attachment-id=\"2083\" data-permalink=\"https:\/\/bottesetvelo.com\/blog\/2015\/09\/14\/ressourcement-et-pelerinage-dernier-sejour-saison-2015\/ressourcement-et-pelerinage-octobre-2015\/\" data-orig-file=\"https:\/\/i0.wp.com\/bottesetvelo.com\/blog\/wp-content\/uploads\/2015\/09\/Ressourcement-et-p%C3%A8lerinage-octobre-2015.png?fit=2592%2C1936&amp;ssl=1\" data-orig-size=\"2592,1936\" data-comments-opened=\"1\" data-image-meta=\"{&quot;aperture&quot;:&quot;0&quot;,&quot;credit&quot;:&quot;&quot;,&quot;camera&quot;:&quot;&quot;,&quot;caption&quot;:&quot;&quot;,&quot;created_timestamp&quot;:&quot;0&quot;,&quot;copyright&quot;:&quot;&quot;,&quot;focal_length&quot;:&quot;0&quot;,&quot;iso&quot;:&quot;0&quot;,&quot;shutter_speed&quot;:&quot;0&quot;,&quot;title&quot;:&quot;&quot;,&quot;orientation&quot;:&quot;0&quot;}\" data-image-title=\"Ressourcement et p\u00e8lerinage &amp;#8211; octobre 2015\" data-image-description=\"\" data-image-caption=\"\" data-large-file=\"https:\/\/i0.wp.com\/bottesetvelo.com\/blog\/wp-content\/uploads\/2015\/09\/Ressourcement-et-p%C3%A8lerinage-octobre-2015.png?fit=1024%2C765&amp;ssl=1\" class=\"alignleft wp-image-2083 size-large\" src=\"https:\/\/i0.wp.com\/bottesetvelo.com\/blog\/wp-content\/uploads\/2015\/09\/Ressourcement-et-p%C3%A8lerinage-octobre-2015.png?resize=690%2C515&#038;ssl=1\" alt=\"Ressourcement et p\u00e8lerinage - octobre 2015\" width=\"690\" height=\"515\" srcset=\"https:\/\/i0.wp.com\/bottesetvelo.com\/blog\/wp-content\/uploads\/2015\/09\/Ressourcement-et-p%C3%A8lerinage-octobre-2015.png?resize=1024%2C765&amp;ssl=1 1024w, https:\/\/i0.wp.com\/bottesetvelo.com\/blog\/wp-content\/uploads\/2015\/09\/Ressourcement-et-p%C3%A8lerinage-octobre-2015.png?resize=500%2C373&amp;ssl=1 500w, https:\/\/i0.wp.com\/bottesetvelo.com\/blog\/wp-content\/uploads\/2015\/09\/Ressourcement-et-p%C3%A8lerinage-octobre-2015.png?w=2340&amp;ssl=1 2340w\" sizes=\"auto, (max-width: 690px) 100vw, 690px\" \/><\/a><\/h3>\n","protected":false},"excerpt":{"rendered":"<p>Ressourcement et P\u00e8lerinage &#8211; Dernier s\u00e9jour de la saison 2015 les 2-3-4 octobre prochain, sur le Chemin de la Traverse, entre Charny et Qu\u00e9bec &#8211; 38 km (19 km \/jour) Vous avez jusqu&rsquo;au 26 septembre pour vous inscrire. Tarif: 275$ Inscription &#8211; ressourcement et p\u00e8lerinage<\/p>\n","protected":false},"author":1,"featured_media":0,"comment_status":"open","ping_status":"open","sticky":false,"template":"","format":"standard","meta":{"jetpack_post_was_ever_published":false,"_jetpack_newsletter_access":"","_jetpack_dont_email_post_to_subs":false,"_jetpack_newsletter_tier_id":0,"_jetpack_memberships_contains_paywalled_content":false,"_jetpack_memberships_contains_paid_content":false,"footnotes":"","jetpack_publicize_message":"","jetpack_publicize_feature_enabled":true,"jetpack_social_post_already_shared":true,"jetpack_social_options":{"image_generator_settings":{"template":"highway","default_image_id":0,"font":"","enabled":false},"version":2}},"categories":[56,6],"tags":[16,19,238],"class_list":["post-2082","post","type-post","status-publish","format-standard","hentry","category-activites","category-formations","tag-quebec","tag-randonnee","tag-ressourcement-et-pelerinage"],"jetpack_publicize_connections":[],"jetpack_featured_media_url":"","jetpack_shortlink":"https:\/\/wp.me\/p4eY6z-xA","jetpack_sharing_enabled":true,"jetpack_likes_enabled":true,"jetpack-related-posts":[],"_links":{"self":[{"href":"https:\/\/bottesetvelo.com\/blog\/wp-json\/wp\/v2\/posts\/2082","targetHints":{"allow":["GET"]}}],"collection":[{"href":"https:\/\/bottesetvelo.com\/blog\/wp-json\/wp\/v2\/posts"}],"about":[{"href":"https:\/\/bottesetvelo.com\/blog\/wp-json\/wp\/v2\/types\/post"}],"author":[{"embeddable":true,"href":"https:\/\/bottesetvelo.com\/blog\/wp-json\/wp\/v2\/users\/1"}],"replies":[{"embeddable":true,"href":"https:\/\/bottesetvelo.com\/blog\/wp-json\/wp\/v2\/comments?post=2082"}],"version-history":[{"count":4,"href":"https:\/\/bottesetvelo.com\/blog\/wp-json\/wp\/v2\/posts\/2082\/revisions"}],"predecessor-version":[{"id":2087,"href":"https:\/\/bottesetvelo.com\/blog\/wp-json\/wp\/v2\/posts\/2082\/revisions\/2087"}],"wp:attachment":[{"href":"https:\/\/bottesetvelo.com\/blog\/wp-json\/wp\/v2\/media?parent=2082"}],"wp:term":[{"taxonomy":"category","embeddable":true,"href":"https:\/\/bottesetvelo.com\/blog\/wp-json\/wp\/v2\/categories?post=2082"},{"taxonomy":"post_tag","embeddable":true,"href":"https:\/\/bottesetvelo.com\/blog\/wp-json\/wp\/v2\/tags?post=2082"}],"curies":[{"name":"wp","href":"https:\/\/api.w.org\/{rel}","templated":true}]}}