{"id":2072,"date":"2015-09-11T20:01:17","date_gmt":"2015-09-12T00:01:17","guid":{"rendered":"http:\/\/bottesetvelo.com\/blog\/?p=2072"},"modified":"2015-09-11T20:01:17","modified_gmt":"2015-09-12T00:01:17","slug":"le-sanctuaire-cette-part-negligee-du-pelerinage","status":"publish","type":"post","link":"https:\/\/bottesetvelo.com\/blog\/2015\/09\/11\/le-sanctuaire-cette-part-negligee-du-pelerinage\/","title":{"rendered":"Le sanctuaire, cette part n\u00e9glig\u00e9e du p\u00e8lerinage."},"content":{"rendered":"<p style=\"text-align: right;\"><em>Si tu dois vivre parmi le tumulte, ne lui livre jamais ton corps. Garde ton \u00e2me calme et retir\u00e9e.<br \/>\nC&rsquo;est un sanctuaire o\u00f9 tu trouveras, quand tu le voudras,le bonheur.<\/em><br \/>\n<em>Alexandra David-N\u00e9el<\/em><\/p>\n<h5 style=\"text-align: justify;\"><a href=\"https:\/\/i0.wp.com\/bottesetvelo.com\/blog\/wp-content\/uploads\/2015\/09\/IMG_7667.jpg?ssl=1\"><img data-recalc-dims=\"1\" loading=\"lazy\" decoding=\"async\" data-attachment-id=\"2073\" data-permalink=\"https:\/\/bottesetvelo.com\/blog\/2015\/09\/11\/le-sanctuaire-cette-part-negligee-du-pelerinage\/img_7667\/\" data-orig-file=\"https:\/\/i0.wp.com\/bottesetvelo.com\/blog\/wp-content\/uploads\/2015\/09\/IMG_7667.jpg?fit=3648%2C2736&amp;ssl=1\" data-orig-size=\"3648,2736\" data-comments-opened=\"1\" data-image-meta=\"{&quot;aperture&quot;:&quot;4.5&quot;,&quot;credit&quot;:&quot;&quot;,&quot;camera&quot;:&quot;Canon PowerShot SD890 IS&quot;,&quot;caption&quot;:&quot;&quot;,&quot;created_timestamp&quot;:&quot;1436711249&quot;,&quot;copyright&quot;:&quot;&quot;,&quot;focal_length&quot;:&quot;17.703&quot;,&quot;iso&quot;:&quot;80&quot;,&quot;shutter_speed&quot;:&quot;0.002&quot;,&quot;title&quot;:&quot;&quot;,&quot;orientation&quot;:&quot;1&quot;}\" data-image-title=\"La Voie du St-Laurent &amp;#8211; Pointe-\u00e0-la-Fr\u00e9gate\" data-image-description=\"\" data-image-caption=\"\" data-large-file=\"https:\/\/i0.wp.com\/bottesetvelo.com\/blog\/wp-content\/uploads\/2015\/09\/IMG_7667.jpg?fit=1024%2C768&amp;ssl=1\" class=\" wp-image-2073 alignright\" src=\"https:\/\/i0.wp.com\/bottesetvelo.com\/blog\/wp-content\/uploads\/2015\/09\/IMG_7667.jpg?resize=300%2C225&#038;ssl=1\" alt=\"La Voie du St-Laurent - Pointe-\u00e0-la-Fr\u00e9gate\" width=\"300\" height=\"225\" srcset=\"https:\/\/i0.wp.com\/bottesetvelo.com\/blog\/wp-content\/uploads\/2015\/09\/IMG_7667.jpg?resize=500%2C375&amp;ssl=1 500w, https:\/\/i0.wp.com\/bottesetvelo.com\/blog\/wp-content\/uploads\/2015\/09\/IMG_7667.jpg?resize=1024%2C768&amp;ssl=1 1024w, https:\/\/i0.wp.com\/bottesetvelo.com\/blog\/wp-content\/uploads\/2015\/09\/IMG_7667.jpg?w=2340&amp;ssl=1 2340w, https:\/\/i0.wp.com\/bottesetvelo.com\/blog\/wp-content\/uploads\/2015\/09\/IMG_7667.jpg?w=3510&amp;ssl=1 3510w\" sizes=\"auto, (max-width: 300px) 100vw, 300px\" \/><\/a>On a souvent entendu l\u2019expression\u00a0: \u00ab\u00a0Ce n\u2019est pas le p\u00e8lerin qui fait le chemin, mais le chemin qui fait le p\u00e8lerin!\u00a0\u00bb \u00c0 la lueur des r\u00e9cits de p\u00e8lerinages, p\u00e8lerin et chemin semblent former un duo qui dessine une relation beaucoup plus profonde qu\u2019il ne le para\u00eet. Une relation presque romantique, avec ses joies, ses crises et ses peines. Dans presque tous les r\u00e9cits de p\u00e8lerins le chemin semble prendre vie et devenir compagnon de voyage. Plus qu\u2019un compagnon m\u00eame, \u00e0 certains moments il devient un ma\u00eetre&#8230;<\/h5>\n<p style=\"text-align: justify;\">Le chemin enseigne le p\u00e8lerin. Il le r\u00e9conforte, le console, mais parfois&#8230; le malm\u00e8ne et le bouscule aussi. Le chemin met le p\u00e8lerin \u00e0 l\u2019\u00e9preuve, le poussant parfois jusque dans ses retranchements. Il l\u2019\u00e9branle jusque dans ses convictions, l\u2019amenant \u00e0 reconsid\u00e9rer sa vision du monde et de la vie, \u00e0 la reformuler. \u00c0 travers lui, le p\u00e8lerin se d\u00e9couvre une force et une capacit\u00e9 de r\u00e9silience qu\u2019il ne se connaissait pas. Il se d\u00e9couvre un go\u00fbt nouveau pour la vie, une mani\u00e8re diff\u00e9rente de l\u2019appr\u00e9cier et de la savourer. Le chemin se fait alors rassurant, mettant sur le passage du p\u00e8lerin ce dont il a besoin au moment qui convient.<\/p>\n<p style=\"text-align: justify;\">\u00c0 travers le chemin le p\u00e8lerin apprend la confiance, le l\u00e2cher prise, l\u2019abandon. \u00ab\u00a0\u00c0 chaque jour suffit sa peine!\u00a0\u00bb, nous enseigne le dicton. Le chemin, lui, nous le fait \u00e9prouver dans tout notre corps. Mais il nous apprend aussi qu\u2019il n\u2019y a nul besoin de s\u2019inqui\u00e9ter pour demain! Le chemin est bienveillant. Il me m\u00e8ne au premier caf\u00e9, \u00e0 la premi\u00e8re fontaine. Il m\u2019offre un banc dans ce parc, de l\u2019ombre au pied d\u2019un marronnier pour me reposer. \u00c0 l\u2019entr\u00e9e de ce village, il aura ce sourire accueillant. Dans mes moments de d\u00e9couragements, il me tendra la main et se fera rassurant.<\/p>\n<p style=\"text-align: justify;\"><img data-recalc-dims=\"1\" loading=\"lazy\" decoding=\"async\" data-attachment-id=\"2074\" data-permalink=\"https:\/\/bottesetvelo.com\/blog\/2015\/09\/11\/le-sanctuaire-cette-part-negligee-du-pelerinage\/2015-07-07-09-16-23\/\" data-orig-file=\"https:\/\/i0.wp.com\/bottesetvelo.com\/blog\/wp-content\/uploads\/2015\/09\/2015-07-07-09.16.23.jpg?fit=3264%2C2448&amp;ssl=1\" data-orig-size=\"3264,2448\" data-comments-opened=\"1\" data-image-meta=\"{&quot;aperture&quot;:&quot;2.6&quot;,&quot;credit&quot;:&quot;&quot;,&quot;camera&quot;:&quot;SGH-I747M&quot;,&quot;caption&quot;:&quot;&quot;,&quot;created_timestamp&quot;:&quot;1436260583&quot;,&quot;copyright&quot;:&quot;&quot;,&quot;focal_length&quot;:&quot;3.7&quot;,&quot;iso&quot;:&quot;50&quot;,&quot;shutter_speed&quot;:&quot;0.000783699059561&quot;,&quot;title&quot;:&quot;&quot;,&quot;orientation&quot;:&quot;1&quot;}\" data-image-title=\"La Voie du St-Laurent &amp;#8211; Ste-Anne-des-Monts\" data-image-description=\"\" data-image-caption=\"\" data-large-file=\"https:\/\/i0.wp.com\/bottesetvelo.com\/blog\/wp-content\/uploads\/2015\/09\/2015-07-07-09.16.23.jpg?fit=1024%2C768&amp;ssl=1\" class=\" wp-image-2074 alignright\" src=\"https:\/\/i0.wp.com\/bottesetvelo.com\/blog\/wp-content\/uploads\/2015\/09\/2015-07-07-09.16.23.jpg?resize=300%2C225&#038;ssl=1\" alt=\"La Voie du St-Laurent - Ste-Anne-des-Monts\" width=\"300\" height=\"225\" srcset=\"https:\/\/i0.wp.com\/bottesetvelo.com\/blog\/wp-content\/uploads\/2015\/09\/2015-07-07-09.16.23.jpg?resize=500%2C375&amp;ssl=1 500w, https:\/\/i0.wp.com\/bottesetvelo.com\/blog\/wp-content\/uploads\/2015\/09\/2015-07-07-09.16.23.jpg?resize=1024%2C768&amp;ssl=1 1024w, https:\/\/i0.wp.com\/bottesetvelo.com\/blog\/wp-content\/uploads\/2015\/09\/2015-07-07-09.16.23.jpg?w=2340&amp;ssl=1 2340w\" sizes=\"auto, (max-width: 300px) 100vw, 300px\" \/>Tout au long de cette route, parfois pav\u00e9e, parfois rocailleuse, parfois sinueuse, le\u00a0 p\u00e8lerin se d\u00e9couvre, s\u2019apprend, s\u2019approfondit en relation avec le \u00ab\u00a0chemin\u00a0\u00bb. On oublie souvent cependant de quoi est fait\u00a0ce \u00ab\u00a0chemin\u00a0\u00bb. Le chemin, comme dirait le sage, n\u2019est que le doigt qui pointe vers la lune. Celui qui montre la direction. L\u2019horizon du p\u00e8lerinage est beaucoup plus large. Le limiter au seul chemin serait en restreindre l\u2019exp\u00e9rience.<\/p>\n<p style=\"text-align: justify;\">P\u00e8lerin et chemin ne sont rien s\u2019ils ne vont nulle part, ce ne seraient plus que de l\u2019errance. C\u2019est donc d\u2019une \u00e9vidence limpide\u00a0: on se met en route pour aller quelque part! Le chemin n\u2019est pas seul garant de la qualit\u00e9 de cette exp\u00e9rience inoubliable, la direction ou l\u2019orientation qui l\u2019anime aussi. Se rendre au village de notre enfance pour des retrouvailles entre amis, rendra le chemin fort diff\u00e9rent que de s\u2019y rendre pour des fun\u00e9railles&#8230; L\u2019intention que porte notre voyage change tout, m\u00eame notre rapport au chemin.<\/p>\n<p style=\"text-align: justify;\">En ce qui a trait au p\u00e8lerinage, la situation est \u00e0 peu pr\u00e8s la m\u00eame, mais n\u2019est pas aussi claire cependant. \u00c0 l\u2019origine, et par d\u00e9finition, le p\u00e8lerinage d\u00e9signait un p\u00e8lerin qui prenait la route pour se rendre dans un sanctuaire. C\u2019est le sanctuaire qui interpelait le p\u00e8lerin et le chemin devenait le meilleur moyen pour s\u2019y rendre. Aujourd\u2019hui, il en va de m\u00eame, seulement, il arrive que l\u2019on confonde moyen avec finalit\u00e9 et que le p\u00e8lerin se sente plus interpel\u00e9 par le chemin. Trop concentr\u00e9, ou trop heureux de vivre le chemin, nous oublions qu\u2019il a un but, une destination. Nous oublions que le p\u00e8lerinage s\u2019articule entre p\u00e8lerin, chemin et sanctuaire, et que c\u2019est dans cette articulation qu\u2019il prend toute sa signification.<a href=\"https:\/\/i0.wp.com\/bottesetvelo.com\/blog\/wp-content\/uploads\/2015\/09\/IMG_8102.jpg?ssl=1\"><img data-recalc-dims=\"1\" loading=\"lazy\" decoding=\"async\" data-attachment-id=\"2075\" data-permalink=\"https:\/\/bottesetvelo.com\/blog\/2015\/09\/11\/le-sanctuaire-cette-part-negligee-du-pelerinage\/img_8102\/\" data-orig-file=\"https:\/\/i0.wp.com\/bottesetvelo.com\/blog\/wp-content\/uploads\/2015\/09\/IMG_8102.jpg?fit=3648%2C2736&amp;ssl=1\" data-orig-size=\"3648,2736\" data-comments-opened=\"1\" data-image-meta=\"{&quot;aperture&quot;:&quot;4&quot;,&quot;credit&quot;:&quot;&quot;,&quot;camera&quot;:&quot;Canon PowerShot SD890 IS&quot;,&quot;caption&quot;:&quot;&quot;,&quot;created_timestamp&quot;:&quot;1437304513&quot;,&quot;copyright&quot;:&quot;&quot;,&quot;focal_length&quot;:&quot;11.922&quot;,&quot;iso&quot;:&quot;80&quot;,&quot;shutter_speed&quot;:&quot;0.0015625&quot;,&quot;title&quot;:&quot;&quot;,&quot;orientation&quot;:&quot;1&quot;}\" data-image-title=\"La Voie du St-Laurent &amp;#8211; Coin du Banc\" data-image-description=\"\" data-image-caption=\"\" data-large-file=\"https:\/\/i0.wp.com\/bottesetvelo.com\/blog\/wp-content\/uploads\/2015\/09\/IMG_8102.jpg?fit=1024%2C768&amp;ssl=1\" class=\"wp-image-2075 alignright\" src=\"https:\/\/i0.wp.com\/bottesetvelo.com\/blog\/wp-content\/uploads\/2015\/09\/IMG_8102.jpg?resize=300%2C225&#038;ssl=1\" alt=\"La Voie du St-Laurent - Coin du Banc\" width=\"300\" height=\"225\" srcset=\"https:\/\/i0.wp.com\/bottesetvelo.com\/blog\/wp-content\/uploads\/2015\/09\/IMG_8102.jpg?resize=500%2C375&amp;ssl=1 500w, https:\/\/i0.wp.com\/bottesetvelo.com\/blog\/wp-content\/uploads\/2015\/09\/IMG_8102.jpg?resize=1024%2C768&amp;ssl=1 1024w, https:\/\/i0.wp.com\/bottesetvelo.com\/blog\/wp-content\/uploads\/2015\/09\/IMG_8102.jpg?w=2340&amp;ssl=1 2340w, https:\/\/i0.wp.com\/bottesetvelo.com\/blog\/wp-content\/uploads\/2015\/09\/IMG_8102.jpg?w=3510&amp;ssl=1 3510w\" sizes=\"auto, (max-width: 300px) 100vw, 300px\" \/><\/a><\/p>\n<p style=\"text-align: justify;\">D\u00e8s l\u2019instant o\u00f9 je commence \u00e0 formuler le projet d\u2019un p\u00e8lerinage, commence \u00e0 se dessiner en moi l\u2019horizon de ma qu\u00eate\u00a0: le sanctuaire. Je dis bien commence, car cet horizon sera appel\u00e9 \u00e0 se d\u00e9finir tout au long de mon chemin. Il ne faut pas oublier que ce qui met le p\u00e8lerin en route n\u2019est pas seulement le plaisir de la randonn\u00e9e sinon ce n\u2019est plus du p\u00e8lerinage. Le p\u00e8lerinage a une fonction et le p\u00e8lerin voit dans celle-ci un exercice spirituel qui lui permette d\u2019approfondir un moment charni\u00e8re de sa vie. Le p\u00e8lerin se met en route \u00e9veill\u00e9 par une remise en question, ou un malaise\/mal-\u00eatre, lui indiquant qu\u2019il aspire \u00e0 un meilleur. Un meilleur qu\u2019il ne peut pas encore nommer, il en a une petite id\u00e9e, mais qu&rsquo;il apprendra \u00e0 formuler en cours de route&#8230; sur le chemin.<\/p>\n<p style=\"text-align: justify;\">Le sanctuaire qui pointe donc \u00e0 l\u2019horizon de notre chemin de p\u00e8lerin est celui-l\u00e0 m\u00eame qui nous met en route. Il est le moteur de notre p\u00e8lerinage. C\u2019est lui qui nous entra\u00eene hors de nos sentiers battus. Le sanctuaire d\u00e9signe un espace de sanctification et sanctification renvoie \u00e0 ce qui est bon. Le sanctuaire appelle donc ce qu\u2019il y a de meilleur en chacun de nous. Il nous invite \u00e0 le laisser jaillir en nous sortant de nos enfermements.<\/p>\n<p style=\"text-align: justify;\"><a href=\"https:\/\/i0.wp.com\/bottesetvelo.com\/blog\/wp-content\/uploads\/2015\/09\/IMG_7848.jpg?ssl=1\"><img data-recalc-dims=\"1\" loading=\"lazy\" decoding=\"async\" data-attachment-id=\"2076\" data-permalink=\"https:\/\/bottesetvelo.com\/blog\/2015\/09\/11\/le-sanctuaire-cette-part-negligee-du-pelerinage\/img_7848\/\" data-orig-file=\"https:\/\/i0.wp.com\/bottesetvelo.com\/blog\/wp-content\/uploads\/2015\/09\/IMG_7848.jpg?fit=3648%2C2736&amp;ssl=1\" data-orig-size=\"3648,2736\" data-comments-opened=\"1\" data-image-meta=\"{&quot;aperture&quot;:&quot;3.5&quot;,&quot;credit&quot;:&quot;&quot;,&quot;camera&quot;:&quot;Canon PowerShot SD890 IS&quot;,&quot;caption&quot;:&quot;&quot;,&quot;created_timestamp&quot;:&quot;1436966651&quot;,&quot;copyright&quot;:&quot;&quot;,&quot;focal_length&quot;:&quot;8.96&quot;,&quot;iso&quot;:&quot;80&quot;,&quot;shutter_speed&quot;:&quot;0.005&quot;,&quot;title&quot;:&quot;&quot;,&quot;orientation&quot;:&quot;1&quot;}\" data-image-title=\"La Voie du St-Laurent &amp;#8211; Cap-Bon-Ami\" data-image-description=\"\" data-image-caption=\"\" data-large-file=\"https:\/\/i0.wp.com\/bottesetvelo.com\/blog\/wp-content\/uploads\/2015\/09\/IMG_7848.jpg?fit=1024%2C768&amp;ssl=1\" class=\"alignright wp-image-2076\" src=\"https:\/\/i0.wp.com\/bottesetvelo.com\/blog\/wp-content\/uploads\/2015\/09\/IMG_7848.jpg?resize=300%2C225&#038;ssl=1\" alt=\"La Voie du St-Laurent - Cap-Bon-Ami\" width=\"300\" height=\"225\" srcset=\"https:\/\/i0.wp.com\/bottesetvelo.com\/blog\/wp-content\/uploads\/2015\/09\/IMG_7848.jpg?resize=500%2C375&amp;ssl=1 500w, https:\/\/i0.wp.com\/bottesetvelo.com\/blog\/wp-content\/uploads\/2015\/09\/IMG_7848.jpg?resize=1024%2C768&amp;ssl=1 1024w, https:\/\/i0.wp.com\/bottesetvelo.com\/blog\/wp-content\/uploads\/2015\/09\/IMG_7848.jpg?w=2340&amp;ssl=1 2340w, https:\/\/i0.wp.com\/bottesetvelo.com\/blog\/wp-content\/uploads\/2015\/09\/IMG_7848.jpg?w=3510&amp;ssl=1 3510w\" sizes=\"auto, (max-width: 300px) 100vw, 300px\" \/><\/a>En acceptant de quitter ma demeure, mon chez-moi, mes routines, mes id\u00e9es toutes faites, le sanctuaire m\u2019invite \u00e0 l\u2019ouverture. Il m\u2019invite \u00e0 revoir le contenu mon sac de vie, \u00e0 me d\u00e9faire de mon trop-plein, \u00e0 me lib\u00e9rer de mes attachements, pour voir la v\u00e9rit\u00e9 de ce qui m\u2019habite et parvenir, enfin, \u00e0 la nommer.\u00a0 Le sanctuaire est le point d\u2019horizon et le point d\u2019int\u00e9riorisation du p\u00e8lerin. Tout au long de sa marche, le p\u00e8lerin sera appel\u00e9 \u00e0 formuler et reformuler ce sanctuaire \u00e0 travers l\u2019exp\u00e9rience du chemin. \u00c0 mettre des mots sur sa qu\u00eate.<\/p>\n<p style=\"text-align: justify;\">Le chemin est fait de mille choses, de milles rencontres, qui interpellent le p\u00e8lerin dans sa longue marche. C\u2019est \u00e0 travers elles que se dessine le sanctuaire et qu\u2019il prend forme; que le p\u00e8lerin parvient \u00e0 nommer le sanctuaire qui l\u2019habite. Chemin et sanctuaire travaillent de concert pour lib\u00e9rer le meilleur en chacun de nous.<img data-recalc-dims=\"1\" loading=\"lazy\" decoding=\"async\" data-attachment-id=\"14\" data-permalink=\"https:\/\/bottesetvelo.com\/blog\/bottes-et-velo-le-blog\/bottes-et-velo-embleme\/\" data-orig-file=\"https:\/\/i0.wp.com\/bottesetvelo.com\/blog\/wp-content\/uploads\/2014\/01\/Bottes-et-V%C3%A9lo-Embl%C3%AAme-e1454083414631.jpg?fit=100%2C79&amp;ssl=1\" data-orig-size=\"100,79\" data-comments-opened=\"1\" data-image-meta=\"{&quot;aperture&quot;:&quot;0&quot;,&quot;credit&quot;:&quot;&quot;,&quot;camera&quot;:&quot;&quot;,&quot;caption&quot;:&quot;&quot;,&quot;created_timestamp&quot;:&quot;0&quot;,&quot;copyright&quot;:&quot;&quot;,&quot;focal_length&quot;:&quot;0&quot;,&quot;iso&quot;:&quot;0&quot;,&quot;shutter_speed&quot;:&quot;0&quot;,&quot;title&quot;:&quot;&quot;}\" data-image-title=\"Bottes et V\u00e9lo &amp;#8211; Embl\u00eame\" data-image-description=\"\" data-image-caption=\"\" data-large-file=\"https:\/\/i0.wp.com\/bottesetvelo.com\/blog\/wp-content\/uploads\/2014\/01\/Bottes-et-V%C3%A9lo-Embl%C3%AAme-e1454083414631.jpg?fit=100%2C79&amp;ssl=1\" class=\" wp-image-14 alignright\" src=\"https:\/\/i0.wp.com\/bottesetvelo.com\/blog\/wp-content\/uploads\/2014\/01\/Bottes-et-V%C3%A9lo-Embl%C3%AAme.jpg?resize=97%2C77&#038;ssl=1\" alt=\"Bottes et V\u00e9lo - Embl\u00eame\" width=\"97\" height=\"77\" \/><\/p>\n<p style=\"text-align: justify;\">\u00c9ric Lalibert\u00e9<\/p>\n","protected":false},"excerpt":{"rendered":"<p>Si tu dois vivre parmi le tumulte, ne lui livre jamais ton corps. Garde ton \u00e2me calme et retir\u00e9e. C&rsquo;est un sanctuaire o\u00f9 tu trouveras, quand tu le voudras,le bonheur. Alexandra David-N\u00e9el On a souvent entendu l\u2019expression\u00a0: \u00ab\u00a0Ce n\u2019est pas le p\u00e8lerin qui fait le chemin, mais le chemin qui fait le p\u00e8lerin!\u00a0\u00bb \u00c0 la&hellip;<\/p>\n","protected":false},"author":3,"featured_media":0,"comment_status":"open","ping_status":"open","sticky":false,"template":"","format":"standard","meta":{"jetpack_post_was_ever_published":false,"_jetpack_newsletter_access":"","_jetpack_dont_email_post_to_subs":false,"_jetpack_newsletter_tier_id":0,"_jetpack_memberships_contains_paywalled_content":false,"_jetpack_memberships_contains_paid_content":false,"footnotes":"","jetpack_publicize_message":"","jetpack_publicize_feature_enabled":true,"jetpack_social_post_already_shared":true,"jetpack_social_options":{"image_generator_settings":{"template":"highway","default_image_id":0,"font":"","enabled":false},"version":2}},"categories":[39,166,37],"tags":[203,297,168,296,13,295],"class_list":["post-2072","post","type-post","status-publish","format-standard","hentry","category-croissance-personnelle","category-demarche-du-pelerin","category-spiritualite-2","tag-chemin","tag-chemin-de-pelerinage","tag-demarche-du-pelerin","tag-pelerin","tag-pelerinage","tag-sanctuaire"],"jetpack_publicize_connections":[],"jetpack_featured_media_url":"","jetpack_shortlink":"https:\/\/wp.me\/p4eY6z-xq","jetpack_sharing_enabled":true,"jetpack_likes_enabled":true,"jetpack-related-posts":[],"_links":{"self":[{"href":"https:\/\/bottesetvelo.com\/blog\/wp-json\/wp\/v2\/posts\/2072","targetHints":{"allow":["GET"]}}],"collection":[{"href":"https:\/\/bottesetvelo.com\/blog\/wp-json\/wp\/v2\/posts"}],"about":[{"href":"https:\/\/bottesetvelo.com\/blog\/wp-json\/wp\/v2\/types\/post"}],"author":[{"embeddable":true,"href":"https:\/\/bottesetvelo.com\/blog\/wp-json\/wp\/v2\/users\/3"}],"replies":[{"embeddable":true,"href":"https:\/\/bottesetvelo.com\/blog\/wp-json\/wp\/v2\/comments?post=2072"}],"version-history":[{"count":4,"href":"https:\/\/bottesetvelo.com\/blog\/wp-json\/wp\/v2\/posts\/2072\/revisions"}],"predecessor-version":[{"id":2080,"href":"https:\/\/bottesetvelo.com\/blog\/wp-json\/wp\/v2\/posts\/2072\/revisions\/2080"}],"wp:attachment":[{"href":"https:\/\/bottesetvelo.com\/blog\/wp-json\/wp\/v2\/media?parent=2072"}],"wp:term":[{"taxonomy":"category","embeddable":true,"href":"https:\/\/bottesetvelo.com\/blog\/wp-json\/wp\/v2\/categories?post=2072"},{"taxonomy":"post_tag","embeddable":true,"href":"https:\/\/bottesetvelo.com\/blog\/wp-json\/wp\/v2\/tags?post=2072"}],"curies":[{"name":"wp","href":"https:\/\/api.w.org\/{rel}","templated":true}]}}